{"id":27601,"date":"2014-11-09T20:45:59","date_gmt":"2014-11-09T23:45:59","guid":{"rendered":"http:\/\/www.notibras.com\/site\/?p=27601"},"modified":"2014-11-09T20:45:59","modified_gmt":"2014-11-09T23:45:59","slug":"guerrero-volta-marca-e-corinthians-passa-pelo-santos","status":"publish","type":"post","link":"https:\/\/www.notibras.com\/site\/guerrero-volta-marca-e-corinthians-passa-pelo-santos\/","title":{"rendered":"Guerrero volta, marca e Corinthians passa pelo Santos"},"content":{"rendered":"<p class=\"text\">Guerrero voltou ao Corinthians e n\u00e3o decepcionou. Ap\u00f3s suspens\u00e3o de tr\u00eas jogos o peruano retornou ao time titular da equipe do Parque S\u00e3o Jorge na noite deste domingo e foi o respons\u00e1vel direto pela vit\u00f3ria sobre o Santos, no primeiro cl\u00e1ssico das duas equipes na Arena em Itaquera.<\/p>\n<p class=\"text\">Com gol do atacante, o clube da capital bateu o rival por 1 a 0 e manteve-se vivo na luta pelo G-4. Ademais, fez a trinca nos cl\u00e1ssicos de estreia no novo est\u00e1dio, visto que j\u00e1 havia vencido Palmeiras e S\u00e3o Paulo no local.<\/p>\n<p class=\"text\">Sem Guerrero, o Corinthians fez tr\u00eas jogos, conquistando uma vit\u00f3ria e dois empates, com cinco gols marcados. O peruano foi um dos melhores em campo neste domingo e deu trabalho a todo momento para a defesa advers\u00e1ria.<\/p>\n<blockquote>\n<p class=\"text\">A vit\u00f3ria deixa a equipe de S\u00e3o Paulo\u00a0com 57 pontos, em quinto lugar, fora do G-4 por crit\u00e9rios de desempate. J\u00e1 o time da Baixada Santista, que teve em Lucas Lima um dos poucos destaques no jogo, segue sem ter o que brigar no Brasileiro: \u00e9 o oitavo, com 46 pontos.<\/p>\n<\/blockquote>\n<p class=\"text\">Eliminados da Copa do Brasil, os dois clubes ter\u00e3o uma semana para se preparar para o pr\u00f3ximo jogo pelo Brasileiro. No pr\u00f3ximo domingo, o Corinthians visita o quase rebaixado Bahia na Fonte Nova, \u00e0s 17h (de Bras\u00edlia) do domingo, e tentar\u00e1 n\u00e3o repetir a \u201cs\u00edndrome de Robin Hood\u201d. O Santos, por sua vez, pega o l\u00edder Cruzeiro no mesmo dia e hor\u00e1rio para tentar se vingar da elimina\u00e7\u00e3o na Copa do Brasil.<\/p>\n","protected":false},"excerpt":{"rendered":"<p>Guerrero voltou ao Corinthians e n\u00e3o decepcionou. Ap\u00f3s suspens\u00e3o de tr\u00eas jogos o peruano retornou ao time titular da equipe do Parque S\u00e3o Jorge na noite deste domingo e foi o respons\u00e1vel direto pela vit\u00f3ria sobre o Santos, no primeiro cl\u00e1ssico das duas equipes na Arena em Itaquera. Com gol do atacante, o clube da [&hellip;]<\/p>\n","protected":false},"author":2,"featured_media":27602,"comment_status":"open","ping_status":"closed","sticky":false,"template":"","format":"standard","meta":{"_acf_changed":false,"footnotes":""},"categories":[19,29],"tags":[],"class_list":["post-27601","post","type-post","status-publish","format-standard","has-post-thumbnail","hentry","category-esportes","category-futebol"],"acf":[],"yoast_head":"<!-- This site is optimized with the Yoast SEO plugin v27.2 - https:\/\/yoast.com\/product\/yoast-seo-wordpress\/ -->\n<title>Guerrero volta, marca e Corinthians passa pelo Santos - Notibras<\/title>\n<meta name=\"robots\" content=\"index, follow, max-snippet:-1, max-image-preview:large, max-video-preview:-1\" \/>\n<link rel=\"canonical\" href=\"https:\/\/www.notibras.com\/site\/guerrero-volta-marca-e-corinthians-passa-pelo-santos\/\" \/>\n<meta property=\"og:locale\" content=\"pt_BR\" \/>\n<meta property=\"og:type\" content=\"article\" \/>\n<meta property=\"og:title\" content=\"Guerrero volta, marca e Corinthians passa pelo Santos - Notibras\" \/>\n<meta property=\"og:description\" content=\"Guerrero voltou ao Corinthians e n\u00e3o decepcionou. Ap\u00f3s suspens\u00e3o de tr\u00eas jogos o peruano retornou ao time titular da equipe do Parque S\u00e3o Jorge na noite deste domingo e foi o respons\u00e1vel direto pela vit\u00f3ria sobre o Santos, no primeiro cl\u00e1ssico das duas equipes na Arena em Itaquera. Com gol do atacante, o clube da [&hellip;]\" \/>\n<meta property=\"og:url\" content=\"https:\/\/www.notibras.com\/site\/guerrero-volta-marca-e-corinthians-passa-pelo-santos\/\" \/>\n<meta property=\"og:site_name\" content=\"Notibras\" \/>\n<meta property=\"article:publisher\" content=\"https:\/\/www.facebook.com\/notibras\/\" \/>\n<meta property=\"article:published_time\" content=\"2014-11-09T23:45:59+00:00\" \/>\n<meta property=\"og:image\" content=\"https:\/\/www.notibras.com\/site\/wp-content\/uploads\/2014\/11\/cor.jpg\" \/>\n\t<meta property=\"og:image:width\" content=\"645\" \/>\n\t<meta property=\"og:image:height\" content=\"500\" \/>\n\t<meta property=\"og:image:type\" content=\"image\/jpeg\" \/>\n<meta name=\"author\" content=\"Reda\u00e7\u00e3o\" \/>\n<meta name=\"twitter:card\" content=\"summary_large_image\" \/>\n<meta name=\"twitter:creator\" content=\"@Notibras\" \/>\n<meta name=\"twitter:site\" content=\"@Notibras\" \/>\n<meta name=\"twitter:label1\" content=\"Escrito por\" \/>\n\t<meta name=\"twitter:data1\" content=\"Reda\u00e7\u00e3o\" \/>\n\t<meta name=\"twitter:label2\" content=\"Est. tempo de leitura\" \/>\n\t<meta name=\"twitter:data2\" content=\"1 minuto\" \/>\n<script type=\"application\/ld+json\" class=\"yoast-schema-graph\">{\"@context\":\"https:\/\/schema.org\",\"@graph\":[{\"@type\":\"Article\",\"@id\":\"https:\/\/www.notibras.com\/site\/guerrero-volta-marca-e-corinthians-passa-pelo-santos\/#article\",\"isPartOf\":{\"@id\":\"https:\/\/www.notibras.com\/site\/guerrero-volta-marca-e-corinthians-passa-pelo-santos\/\"},\"author\":{\"name\":\"Reda\u00e7\u00e3o\",\"@id\":\"https:\/\/www.notibras.com\/site\/#\/schema\/person\/36ab0979449956132d3e5b517ea76ac8\"},\"headline\":\"Guerrero volta, marca e Corinthians passa pelo Santos\",\"datePublished\":\"2014-11-09T23:45:59+00:00\",\"mainEntityOfPage\":{\"@id\":\"https:\/\/www.notibras.com\/site\/guerrero-volta-marca-e-corinthians-passa-pelo-santos\/\"},\"wordCount\":282,\"commentCount\":0,\"publisher\":{\"@id\":\"https:\/\/www.notibras.com\/site\/#organization\"},\"image\":{\"@id\":\"https:\/\/www.notibras.com\/site\/guerrero-volta-marca-e-corinthians-passa-pelo-santos\/#primaryimage\"},\"thumbnailUrl\":\"https:\/\/www.notibras.com\/site\/wp-content\/uploads\/2014\/11\/cor.jpg\",\"articleSection\":[\"Esportes\",\"Futebol\"],\"inLanguage\":\"pt-BR\",\"potentialAction\":[{\"@type\":\"CommentAction\",\"name\":\"Comment\",\"target\":[\"https:\/\/www.notibras.com\/site\/guerrero-volta-marca-e-corinthians-passa-pelo-santos\/#respond\"]}]},{\"@type\":\"WebPage\",\"@id\":\"https:\/\/www.notibras.com\/site\/guerrero-volta-marca-e-corinthians-passa-pelo-santos\/\",\"url\":\"https:\/\/www.notibras.com\/site\/guerrero-volta-marca-e-corinthians-passa-pelo-santos\/\",\"name\":\"Guerrero volta, marca e Corinthians passa pelo Santos - Notibras\",\"isPartOf\":{\"@id\":\"https:\/\/www.notibras.com\/site\/#website\"},\"primaryImageOfPage\":{\"@id\":\"https:\/\/www.notibras.com\/site\/guerrero-volta-marca-e-corinthians-passa-pelo-santos\/#primaryimage\"},\"image\":{\"@id\":\"https:\/\/www.notibras.com\/site\/guerrero-volta-marca-e-corinthians-passa-pelo-santos\/#primaryimage\"},\"thumbnailUrl\":\"https:\/\/www.notibras.com\/site\/wp-content\/uploads\/2014\/11\/cor.jpg\",\"datePublished\":\"2014-11-09T23:45:59+00:00\",\"breadcrumb\":{\"@id\":\"https:\/\/www.notibras.com\/site\/guerrero-volta-marca-e-corinthians-passa-pelo-santos\/#breadcrumb\"},\"inLanguage\":\"pt-BR\",\"potentialAction\":[{\"@type\":\"ReadAction\",\"target\":[\"https:\/\/www.notibras.com\/site\/guerrero-volta-marca-e-corinthians-passa-pelo-santos\/\"]}]},{\"@type\":\"ImageObject\",\"inLanguage\":\"pt-BR\",\"@id\":\"https:\/\/www.notibras.com\/site\/guerrero-volta-marca-e-corinthians-passa-pelo-santos\/#primaryimage\",\"url\":\"https:\/\/www.notibras.com\/site\/wp-content\/uploads\/2014\/11\/cor.jpg\",\"contentUrl\":\"https:\/\/www.notibras.com\/site\/wp-content\/uploads\/2014\/11\/cor.jpg\",\"width\":645,\"height\":500},{\"@type\":\"BreadcrumbList\",\"@id\":\"https:\/\/www.notibras.com\/site\/guerrero-volta-marca-e-corinthians-passa-pelo-santos\/#breadcrumb\",\"itemListElement\":[{\"@type\":\"ListItem\",\"position\":1,\"name\":\"In\u00edcio\",\"item\":\"https:\/\/www.notibras.com\/site\/\"},{\"@type\":\"ListItem\",\"position\":2,\"name\":\"Guerrero volta, marca e Corinthians passa pelo Santos\"}]},{\"@type\":\"WebSite\",\"@id\":\"https:\/\/www.notibras.com\/site\/#website\",\"url\":\"https:\/\/www.notibras.com\/site\/\",\"name\":\"Notibras\",\"description\":\"Not\u00edcias de Bras\u00edlia, do Brasil e do Mundo\",\"publisher\":{\"@id\":\"https:\/\/www.notibras.com\/site\/#organization\"},\"potentialAction\":[{\"@type\":\"SearchAction\",\"target\":{\"@type\":\"EntryPoint\",\"urlTemplate\":\"https:\/\/www.notibras.com\/site\/?s={search_term_string}\"},\"query-input\":{\"@type\":\"PropertyValueSpecification\",\"valueRequired\":true,\"valueName\":\"search_term_string\"}}],\"inLanguage\":\"pt-BR\"},{\"@type\":\"Organization\",\"@id\":\"https:\/\/www.notibras.com\/site\/#organization\",\"name\":\"Grupo Notibras de Comunica\u00e7\u00e3o\",\"url\":\"https:\/\/www.notibras.com\/site\/\",\"logo\":{\"@type\":\"ImageObject\",\"inLanguage\":\"pt-BR\",\"@id\":\"https:\/\/www.notibras.com\/site\/#\/schema\/logo\/image\/\",\"url\":\"https:\/\/www.notibras.com\/site\/wp-content\/uploads\/2023\/01\/notibras23.png\",\"contentUrl\":\"https:\/\/www.notibras.com\/site\/wp-content\/uploads\/2023\/01\/notibras23.png\",\"width\":350,\"height\":87,\"caption\":\"Grupo Notibras de Comunica\u00e7\u00e3o\"},\"image\":{\"@id\":\"https:\/\/www.notibras.com\/site\/#\/schema\/logo\/image\/\"},\"sameAs\":[\"https:\/\/www.facebook.com\/notibras\/\",\"https:\/\/x.com\/Notibras\",\"https:\/\/www.instagram.com\/notibras\/\"]},{\"@type\":\"Person\",\"@id\":\"https:\/\/www.notibras.com\/site\/#\/schema\/person\/36ab0979449956132d3e5b517ea76ac8\",\"name\":\"Reda\u00e7\u00e3o\",\"image\":{\"@type\":\"ImageObject\",\"inLanguage\":\"pt-BR\",\"@id\":\"https:\/\/secure.gravatar.com\/avatar\/e0a867bdedb85fd243eadf09663511f96fc81e0720a4a42581f334ad4303aa6b?s=96&d=mm&r=g\",\"url\":\"https:\/\/secure.gravatar.com\/avatar\/e0a867bdedb85fd243eadf09663511f96fc81e0720a4a42581f334ad4303aa6b?s=96&d=mm&r=g\",\"contentUrl\":\"https:\/\/secure.gravatar.com\/avatar\/e0a867bdedb85fd243eadf09663511f96fc81e0720a4a42581f334ad4303aa6b?s=96&d=mm&r=g\",\"caption\":\"Reda\u00e7\u00e3o\"}}]}<\/script>\n<!-- \/ Yoast SEO plugin. -->","yoast_head_json":{"title":"Guerrero volta, marca e Corinthians passa pelo Santos - Notibras","robots":{"index":"index","follow":"follow","max-snippet":"max-snippet:-1","max-image-preview":"max-image-preview:large","max-video-preview":"max-video-preview:-1"},"canonical":"https:\/\/www.notibras.com\/site\/guerrero-volta-marca-e-corinthians-passa-pelo-santos\/","og_locale":"pt_BR","og_type":"article","og_title":"Guerrero volta, marca e Corinthians passa pelo Santos - Notibras","og_description":"Guerrero voltou ao Corinthians e n\u00e3o decepcionou. Ap\u00f3s suspens\u00e3o de tr\u00eas jogos o peruano retornou ao time titular da equipe do Parque S\u00e3o Jorge na noite deste domingo e foi o respons\u00e1vel direto pela vit\u00f3ria sobre o Santos, no primeiro cl\u00e1ssico das duas equipes na Arena em Itaquera. Com gol do atacante, o clube da [&hellip;]","og_url":"https:\/\/www.notibras.com\/site\/guerrero-volta-marca-e-corinthians-passa-pelo-santos\/","og_site_name":"Notibras","article_publisher":"https:\/\/www.facebook.com\/notibras\/","article_published_time":"2014-11-09T23:45:59+00:00","og_image":[{"width":645,"height":500,"url":"https:\/\/www.notibras.com\/site\/wp-content\/uploads\/2014\/11\/cor.jpg","type":"image\/jpeg"}],"author":"Reda\u00e7\u00e3o","twitter_card":"summary_large_image","twitter_creator":"@Notibras","twitter_site":"@Notibras","twitter_misc":{"Escrito por":"Reda\u00e7\u00e3o","Est. tempo de leitura":"1 minuto"},"schema":{"@context":"https:\/\/schema.org","@graph":[{"@type":"Article","@id":"https:\/\/www.notibras.com\/site\/guerrero-volta-marca-e-corinthians-passa-pelo-santos\/#article","isPartOf":{"@id":"https:\/\/www.notibras.com\/site\/guerrero-volta-marca-e-corinthians-passa-pelo-santos\/"},"author":{"name":"Reda\u00e7\u00e3o","@id":"https:\/\/www.notibras.com\/site\/#\/schema\/person\/36ab0979449956132d3e5b517ea76ac8"},"headline":"Guerrero volta, marca e Corinthians passa pelo Santos","datePublished":"2014-11-09T23:45:59+00:00","mainEntityOfPage":{"@id":"https:\/\/www.notibras.com\/site\/guerrero-volta-marca-e-corinthians-passa-pelo-santos\/"},"wordCount":282,"commentCount":0,"publisher":{"@id":"https:\/\/www.notibras.com\/site\/#organization"},"image":{"@id":"https:\/\/www.notibras.com\/site\/guerrero-volta-marca-e-corinthians-passa-pelo-santos\/#primaryimage"},"thumbnailUrl":"https:\/\/www.notibras.com\/site\/wp-content\/uploads\/2014\/11\/cor.jpg","articleSection":["Esportes","Futebol"],"inLanguage":"pt-BR","potentialAction":[{"@type":"CommentAction","name":"Comment","target":["https:\/\/www.notibras.com\/site\/guerrero-volta-marca-e-corinthians-passa-pelo-santos\/#respond"]}]},{"@type":"WebPage","@id":"https:\/\/www.notibras.com\/site\/guerrero-volta-marca-e-corinthians-passa-pelo-santos\/","url":"https:\/\/www.notibras.com\/site\/guerrero-volta-marca-e-corinthians-passa-pelo-santos\/","name":"Guerrero volta, marca e Corinthians passa pelo Santos - Notibras","isPartOf":{"@id":"https:\/\/www.notibras.com\/site\/#website"},"primaryImageOfPage":{"@id":"https:\/\/www.notibras.com\/site\/guerrero-volta-marca-e-corinthians-passa-pelo-santos\/#primaryimage"},"image":{"@id":"https:\/\/www.notibras.com\/site\/guerrero-volta-marca-e-corinthians-passa-pelo-santos\/#primaryimage"},"thumbnailUrl":"https:\/\/www.notibras.com\/site\/wp-content\/uploads\/2014\/11\/cor.jpg","datePublished":"2014-11-09T23:45:59+00:00","breadcrumb":{"@id":"https:\/\/www.notibras.com\/site\/guerrero-volta-marca-e-corinthians-passa-pelo-santos\/#breadcrumb"},"inLanguage":"pt-BR","potentialAction":[{"@type":"ReadAction","target":["https:\/\/www.notibras.com\/site\/guerrero-volta-marca-e-corinthians-passa-pelo-santos\/"]}]},{"@type":"ImageObject","inLanguage":"pt-BR","@id":"https:\/\/www.notibras.com\/site\/guerrero-volta-marca-e-corinthians-passa-pelo-santos\/#primaryimage","url":"https:\/\/www.notibras.com\/site\/wp-content\/uploads\/2014\/11\/cor.jpg","contentUrl":"https:\/\/www.notibras.com\/site\/wp-content\/uploads\/2014\/11\/cor.jpg","width":645,"height":500},{"@type":"BreadcrumbList","@id":"https:\/\/www.notibras.com\/site\/guerrero-volta-marca-e-corinthians-passa-pelo-santos\/#breadcrumb","itemListElement":[{"@type":"ListItem","position":1,"name":"In\u00edcio","item":"https:\/\/www.notibras.com\/site\/"},{"@type":"ListItem","position":2,"name":"Guerrero volta, marca e Corinthians passa pelo Santos"}]},{"@type":"WebSite","@id":"https:\/\/www.notibras.com\/site\/#website","url":"https:\/\/www.notibras.com\/site\/","name":"Notibras","description":"Not\u00edcias de Bras\u00edlia, do Brasil e do Mundo","publisher":{"@id":"https:\/\/www.notibras.com\/site\/#organization"},"potentialAction":[{"@type":"SearchAction","target":{"@type":"EntryPoint","urlTemplate":"https:\/\/www.notibras.com\/site\/?s={search_term_string}"},"query-input":{"@type":"PropertyValueSpecification","valueRequired":true,"valueName":"search_term_string"}}],"inLanguage":"pt-BR"},{"@type":"Organization","@id":"https:\/\/www.notibras.com\/site\/#organization","name":"Grupo Notibras de Comunica\u00e7\u00e3o","url":"https:\/\/www.notibras.com\/site\/","logo":{"@type":"ImageObject","inLanguage":"pt-BR","@id":"https:\/\/www.notibras.com\/site\/#\/schema\/logo\/image\/","url":"https:\/\/www.notibras.com\/site\/wp-content\/uploads\/2023\/01\/notibras23.png","contentUrl":"https:\/\/www.notibras.com\/site\/wp-content\/uploads\/2023\/01\/notibras23.png","width":350,"height":87,"caption":"Grupo Notibras de Comunica\u00e7\u00e3o"},"image":{"@id":"https:\/\/www.notibras.com\/site\/#\/schema\/logo\/image\/"},"sameAs":["https:\/\/www.facebook.com\/notibras\/","https:\/\/x.com\/Notibras","https:\/\/www.instagram.com\/notibras\/"]},{"@type":"Person","@id":"https:\/\/www.notibras.com\/site\/#\/schema\/person\/36ab0979449956132d3e5b517ea76ac8","name":"Reda\u00e7\u00e3o","image":{"@type":"ImageObject","inLanguage":"pt-BR","@id":"https:\/\/secure.gravatar.com\/avatar\/e0a867bdedb85fd243eadf09663511f96fc81e0720a4a42581f334ad4303aa6b?s=96&d=mm&r=g","url":"https:\/\/secure.gravatar.com\/avatar\/e0a867bdedb85fd243eadf09663511f96fc81e0720a4a42581f334ad4303aa6b?s=96&d=mm&r=g","contentUrl":"https:\/\/secure.gravatar.com\/avatar\/e0a867bdedb85fd243eadf09663511f96fc81e0720a4a42581f334ad4303aa6b?s=96&d=mm&r=g","caption":"Reda\u00e7\u00e3o"}}]}},"amp_enabled":true,"_links":{"self":[{"href":"https:\/\/www.notibras.com\/site\/wp-json\/wp\/v2\/posts\/27601","targetHints":{"allow":["GET"]}}],"collection":[{"href":"https:\/\/www.notibras.com\/site\/wp-json\/wp\/v2\/posts"}],"about":[{"href":"https:\/\/www.notibras.com\/site\/wp-json\/wp\/v2\/types\/post"}],"author":[{"embeddable":true,"href":"https:\/\/www.notibras.com\/site\/wp-json\/wp\/v2\/users\/2"}],"replies":[{"embeddable":true,"href":"https:\/\/www.notibras.com\/site\/wp-json\/wp\/v2\/comments?post=27601"}],"version-history":[{"count":0,"href":"https:\/\/www.notibras.com\/site\/wp-json\/wp\/v2\/posts\/27601\/revisions"}],"wp:featuredmedia":[{"embeddable":true,"href":"https:\/\/www.notibras.com\/site\/wp-json\/wp\/v2\/media\/27602"}],"wp:attachment":[{"href":"https:\/\/www.notibras.com\/site\/wp-json\/wp\/v2\/media?parent=27601"}],"wp:term":[{"taxonomy":"category","embeddable":true,"href":"https:\/\/www.notibras.com\/site\/wp-json\/wp\/v2\/categories?post=27601"},{"taxonomy":"post_tag","embeddable":true,"href":"https:\/\/www.notibras.com\/site\/wp-json\/wp\/v2\/tags?post=27601"}],"curies":[{"name":"wp","href":"https:\/\/api.w.org\/{rel}","templated":true}]}}