{"id":27676,"date":"2014-11-10T17:44:59","date_gmt":"2014-11-10T20:44:59","guid":{"rendered":"http:\/\/www.notibras.com\/site\/?p=27676"},"modified":"2014-11-10T22:24:12","modified_gmt":"2014-11-11T01:24:12","slug":"stf-autoriza-mais-um-mensaleiro-a-cumprir-o-restante-da-pena-em-casa","status":"publish","type":"post","link":"https:\/\/www.notibras.com\/site\/stf-autoriza-mais-um-mensaleiro-a-cumprir-o-restante-da-pena-em-casa\/","title":{"rendered":"STF autoriza mais um mensaleiro a cumprir o restante da pena em casa"},"content":{"rendered":"<p>O ministro do Supremo Tribunal Federal (STF) Lu\u00eds Roberto Barroso autorizou nesta segunda-feira (10) que o ex-deputado federal Valdemar da Costa Neto (PR-SP) cumpra o restante de sua pena em casa.<\/p>\n<p>Condenado a 7 anos e 10 meses de pris\u00e3o por corrup\u00e7\u00e3o passiva e lavagem de dinheiro, o ex-parlamentar paulista foi preso em dezembro de 2013. Atualmente, ele est\u00e1 detido no Centro de Progress\u00e3o Penitenci\u00e1ria do Distrito Federal, no qual trabalha durante o dia e volta para a cadeia \u00e0 noite.<\/p>\n<p>Com a autoriza\u00e7\u00e3o para pris\u00e3o domiciliar, a Vara de Execu\u00e7\u00f5es Penais do Tribunal de Justi\u00e7a do Distrito Federal (VEP) dever\u00e1 agora notificar a Vara de Execu\u00e7\u00f5es de Penas e Medidas Alternativas (Vepema), do mesmo tribunal, para marcar uma audi\u00eancia, em que Valdemar assina um termo de compromissos, com as condi\u00e7\u00f5es da pris\u00e3o domiciliar, para ser solto. Em geral, essas audi\u00eancias ocorrem \u00e0s ter\u00e7as.<\/p>\n<p>A decis\u00e3o de Barroso, relator da execu\u00e7\u00e3o penal dos condenados no mensal\u00e3o, segue parecer enviado na \u00faltima sexta (7) da procuradora-geral da Rep\u00fablica em exerc\u00edcio, Ela Wiecko, a favor da pris\u00e3o domiciliar. Em seu despacho, Barroso tamb\u00e9m confirma n\u00e3o haver problemas disciplinares durante a pris\u00e3o \u2013 o bom comportamento \u00e9 requisito para a progress\u00e3o de regime.<\/p>\n<blockquote><p>\u201cTenho por satisfeito o requisito subjetivo exigido pelo art. 112 da Lei de Execu\u00e7\u00f5es Penais, na medida em que, conforme j\u00e1 referido, h\u00e1 nos autos o atestado de bom comportamento carcer\u00e1rio e inexistem anota\u00e7\u00f5es de pr\u00e1tica de infra\u00e7\u00e3o disciplinar de natureza grave pelo condenado\u201d, diz a decis\u00e3o.<\/p><\/blockquote>\n<p>No dia 22 de outubro, Costa Neto pediu autoriza\u00e7\u00e3o ao Supremo para cumprir o restante da pena em casa. O ex-deputado teve 155 dias descontados da condena\u00e7\u00e3o devido ao fato de ter trabalhado e estudado na cadeia. Segundo c\u00e1lculos do Tribunal de Justi\u00e7a do Distrito Federal, ele obteve direito a progress\u00e3o de regime em 20 de outubro deste ano.<\/p>\n<p>Na opini\u00e3o da procuradora-geral em exerc\u00edcio, Costa Neto j\u00e1 cumpriu um sexto da pena e preencheu o requisito de bom comportamento dentro da pris\u00e3o. Por esses motivos, alegou Ela Wiecko, ele pode ser transferido do regime semiaberto, onde est\u00e1 atualmente, para o aberto, que no Distrito Federal \u00e9 sempre cumprido em pris\u00e3o domiciliar.<\/p>\n","protected":false},"excerpt":{"rendered":"<p>O ministro do Supremo Tribunal Federal (STF) Lu\u00eds Roberto Barroso autorizou nesta segunda-feira (10) que o ex-deputado federal Valdemar da Costa Neto (PR-SP) cumpra o restante de sua pena em casa. Condenado a 7 anos e 10 meses de pris\u00e3o por corrup\u00e7\u00e3o passiva e lavagem de dinheiro, o ex-parlamentar paulista foi preso em dezembro de [&hellip;]<\/p>\n","protected":false},"author":1,"featured_media":27678,"comment_status":"open","ping_status":"closed","sticky":false,"template":"","format":"standard","meta":{"_acf_changed":false,"footnotes":""},"categories":[16],"tags":[],"class_list":["post-27676","post","type-post","status-publish","format-standard","has-post-thumbnail","hentry","category-brasil"],"acf":[],"yoast_head":"<!-- This site is optimized with the Yoast SEO plugin v27.2 - https:\/\/yoast.com\/product\/yoast-seo-wordpress\/ -->\n<title>STF autoriza mais um mensaleiro a cumprir o restante da pena em casa - Notibras<\/title>\n<meta name=\"robots\" content=\"index, follow, max-snippet:-1, max-image-preview:large, max-video-preview:-1\" \/>\n<link rel=\"canonical\" href=\"https:\/\/www.notibras.com\/site\/stf-autoriza-mais-um-mensaleiro-a-cumprir-o-restante-da-pena-em-casa\/\" \/>\n<meta property=\"og:locale\" content=\"pt_BR\" \/>\n<meta property=\"og:type\" content=\"article\" \/>\n<meta property=\"og:title\" content=\"STF autoriza mais um mensaleiro a cumprir o restante da pena em casa - Notibras\" \/>\n<meta property=\"og:description\" content=\"O ministro do Supremo Tribunal Federal (STF) Lu\u00eds Roberto Barroso autorizou nesta segunda-feira (10) que o ex-deputado federal Valdemar da Costa Neto (PR-SP) cumpra o restante de sua pena em casa. Condenado a 7 anos e 10 meses de pris\u00e3o por corrup\u00e7\u00e3o passiva e lavagem de dinheiro, o ex-parlamentar paulista foi preso em dezembro de [&hellip;]\" \/>\n<meta property=\"og:url\" content=\"https:\/\/www.notibras.com\/site\/stf-autoriza-mais-um-mensaleiro-a-cumprir-o-restante-da-pena-em-casa\/\" \/>\n<meta property=\"og:site_name\" content=\"Notibras\" \/>\n<meta property=\"article:publisher\" content=\"https:\/\/www.facebook.com\/notibras\/\" \/>\n<meta property=\"article:published_time\" content=\"2014-11-10T20:44:59+00:00\" \/>\n<meta property=\"article:modified_time\" content=\"2014-11-11T01:24:12+00:00\" \/>\n<meta property=\"og:image\" content=\"https:\/\/www.notibras.com\/site\/wp-content\/uploads\/2014\/11\/Sem-t\u00edtulo-150.jpg\" \/>\n\t<meta property=\"og:image:width\" content=\"350\" \/>\n\t<meta property=\"og:image:height\" content=\"263\" \/>\n\t<meta property=\"og:image:type\" content=\"image\/jpeg\" \/>\n<meta name=\"author\" content=\"Reda\u00e7\u00e3o\" \/>\n<meta name=\"twitter:card\" content=\"summary_large_image\" \/>\n<meta name=\"twitter:creator\" content=\"@Notibras\" \/>\n<meta name=\"twitter:site\" content=\"@Notibras\" \/>\n<meta name=\"twitter:label1\" content=\"Escrito por\" \/>\n\t<meta name=\"twitter:data1\" content=\"Reda\u00e7\u00e3o\" \/>\n\t<meta name=\"twitter:label2\" content=\"Est. tempo de leitura\" \/>\n\t<meta name=\"twitter:data2\" content=\"2 minutos\" \/>\n<script type=\"application\/ld+json\" class=\"yoast-schema-graph\">{\"@context\":\"https:\/\/schema.org\",\"@graph\":[{\"@type\":\"Article\",\"@id\":\"https:\/\/www.notibras.com\/site\/stf-autoriza-mais-um-mensaleiro-a-cumprir-o-restante-da-pena-em-casa\/#article\",\"isPartOf\":{\"@id\":\"https:\/\/www.notibras.com\/site\/stf-autoriza-mais-um-mensaleiro-a-cumprir-o-restante-da-pena-em-casa\/\"},\"author\":{\"name\":\"Reda\u00e7\u00e3o\",\"@id\":\"https:\/\/www.notibras.com\/site\/#\/schema\/person\/00b8e1aa08f9ef6563e878c5159d01cf\"},\"headline\":\"STF autoriza mais um mensaleiro a cumprir o restante da pena em casa\",\"datePublished\":\"2014-11-10T20:44:59+00:00\",\"dateModified\":\"2014-11-11T01:24:12+00:00\",\"mainEntityOfPage\":{\"@id\":\"https:\/\/www.notibras.com\/site\/stf-autoriza-mais-um-mensaleiro-a-cumprir-o-restante-da-pena-em-casa\/\"},\"wordCount\":399,\"commentCount\":0,\"publisher\":{\"@id\":\"https:\/\/www.notibras.com\/site\/#organization\"},\"image\":{\"@id\":\"https:\/\/www.notibras.com\/site\/stf-autoriza-mais-um-mensaleiro-a-cumprir-o-restante-da-pena-em-casa\/#primaryimage\"},\"thumbnailUrl\":\"https:\/\/www.notibras.com\/site\/wp-content\/uploads\/2014\/11\/Sem-t\u00edtulo-150.jpg\",\"articleSection\":[\"Brasil\"],\"inLanguage\":\"pt-BR\",\"potentialAction\":[{\"@type\":\"CommentAction\",\"name\":\"Comment\",\"target\":[\"https:\/\/www.notibras.com\/site\/stf-autoriza-mais-um-mensaleiro-a-cumprir-o-restante-da-pena-em-casa\/#respond\"]}]},{\"@type\":\"WebPage\",\"@id\":\"https:\/\/www.notibras.com\/site\/stf-autoriza-mais-um-mensaleiro-a-cumprir-o-restante-da-pena-em-casa\/\",\"url\":\"https:\/\/www.notibras.com\/site\/stf-autoriza-mais-um-mensaleiro-a-cumprir-o-restante-da-pena-em-casa\/\",\"name\":\"STF autoriza mais um mensaleiro a cumprir o restante da pena em casa - Notibras\",\"isPartOf\":{\"@id\":\"https:\/\/www.notibras.com\/site\/#website\"},\"primaryImageOfPage\":{\"@id\":\"https:\/\/www.notibras.com\/site\/stf-autoriza-mais-um-mensaleiro-a-cumprir-o-restante-da-pena-em-casa\/#primaryimage\"},\"image\":{\"@id\":\"https:\/\/www.notibras.com\/site\/stf-autoriza-mais-um-mensaleiro-a-cumprir-o-restante-da-pena-em-casa\/#primaryimage\"},\"thumbnailUrl\":\"https:\/\/www.notibras.com\/site\/wp-content\/uploads\/2014\/11\/Sem-t\u00edtulo-150.jpg\",\"datePublished\":\"2014-11-10T20:44:59+00:00\",\"dateModified\":\"2014-11-11T01:24:12+00:00\",\"breadcrumb\":{\"@id\":\"https:\/\/www.notibras.com\/site\/stf-autoriza-mais-um-mensaleiro-a-cumprir-o-restante-da-pena-em-casa\/#breadcrumb\"},\"inLanguage\":\"pt-BR\",\"potentialAction\":[{\"@type\":\"ReadAction\",\"target\":[\"https:\/\/www.notibras.com\/site\/stf-autoriza-mais-um-mensaleiro-a-cumprir-o-restante-da-pena-em-casa\/\"]}]},{\"@type\":\"ImageObject\",\"inLanguage\":\"pt-BR\",\"@id\":\"https:\/\/www.notibras.com\/site\/stf-autoriza-mais-um-mensaleiro-a-cumprir-o-restante-da-pena-em-casa\/#primaryimage\",\"url\":\"https:\/\/www.notibras.com\/site\/wp-content\/uploads\/2014\/11\/Sem-t\u00edtulo-150.jpg\",\"contentUrl\":\"https:\/\/www.notibras.com\/site\/wp-content\/uploads\/2014\/11\/Sem-t\u00edtulo-150.jpg\",\"width\":350,\"height\":263},{\"@type\":\"BreadcrumbList\",\"@id\":\"https:\/\/www.notibras.com\/site\/stf-autoriza-mais-um-mensaleiro-a-cumprir-o-restante-da-pena-em-casa\/#breadcrumb\",\"itemListElement\":[{\"@type\":\"ListItem\",\"position\":1,\"name\":\"In\u00edcio\",\"item\":\"https:\/\/www.notibras.com\/site\/\"},{\"@type\":\"ListItem\",\"position\":2,\"name\":\"STF autoriza mais um mensaleiro a cumprir o restante da pena em casa\"}]},{\"@type\":\"WebSite\",\"@id\":\"https:\/\/www.notibras.com\/site\/#website\",\"url\":\"https:\/\/www.notibras.com\/site\/\",\"name\":\"Notibras\",\"description\":\"Not\u00edcias de Bras\u00edlia, do Brasil e do Mundo\",\"publisher\":{\"@id\":\"https:\/\/www.notibras.com\/site\/#organization\"},\"potentialAction\":[{\"@type\":\"SearchAction\",\"target\":{\"@type\":\"EntryPoint\",\"urlTemplate\":\"https:\/\/www.notibras.com\/site\/?s={search_term_string}\"},\"query-input\":{\"@type\":\"PropertyValueSpecification\",\"valueRequired\":true,\"valueName\":\"search_term_string\"}}],\"inLanguage\":\"pt-BR\"},{\"@type\":\"Organization\",\"@id\":\"https:\/\/www.notibras.com\/site\/#organization\",\"name\":\"Grupo Notibras de Comunica\u00e7\u00e3o\",\"url\":\"https:\/\/www.notibras.com\/site\/\",\"logo\":{\"@type\":\"ImageObject\",\"inLanguage\":\"pt-BR\",\"@id\":\"https:\/\/www.notibras.com\/site\/#\/schema\/logo\/image\/\",\"url\":\"https:\/\/www.notibras.com\/site\/wp-content\/uploads\/2023\/01\/notibras23.png\",\"contentUrl\":\"https:\/\/www.notibras.com\/site\/wp-content\/uploads\/2023\/01\/notibras23.png\",\"width\":350,\"height\":87,\"caption\":\"Grupo Notibras de Comunica\u00e7\u00e3o\"},\"image\":{\"@id\":\"https:\/\/www.notibras.com\/site\/#\/schema\/logo\/image\/\"},\"sameAs\":[\"https:\/\/www.facebook.com\/notibras\/\",\"https:\/\/x.com\/Notibras\",\"https:\/\/www.instagram.com\/notibras\/\"]},{\"@type\":\"Person\",\"@id\":\"https:\/\/www.notibras.com\/site\/#\/schema\/person\/00b8e1aa08f9ef6563e878c5159d01cf\",\"name\":\"Reda\u00e7\u00e3o\",\"image\":{\"@type\":\"ImageObject\",\"inLanguage\":\"pt-BR\",\"@id\":\"https:\/\/secure.gravatar.com\/avatar\/ac5a707d5b47784a5ed426c6e213e201423c750890f64e4c379114dade67dfb9?s=96&d=mm&r=g\",\"url\":\"https:\/\/secure.gravatar.com\/avatar\/ac5a707d5b47784a5ed426c6e213e201423c750890f64e4c379114dade67dfb9?s=96&d=mm&r=g\",\"contentUrl\":\"https:\/\/secure.gravatar.com\/avatar\/ac5a707d5b47784a5ed426c6e213e201423c750890f64e4c379114dade67dfb9?s=96&d=mm&r=g\",\"caption\":\"Reda\u00e7\u00e3o\"}}]}<\/script>\n<!-- \/ Yoast SEO plugin. -->","yoast_head_json":{"title":"STF autoriza mais um mensaleiro a cumprir o restante da pena em casa - Notibras","robots":{"index":"index","follow":"follow","max-snippet":"max-snippet:-1","max-image-preview":"max-image-preview:large","max-video-preview":"max-video-preview:-1"},"canonical":"https:\/\/www.notibras.com\/site\/stf-autoriza-mais-um-mensaleiro-a-cumprir-o-restante-da-pena-em-casa\/","og_locale":"pt_BR","og_type":"article","og_title":"STF autoriza mais um mensaleiro a cumprir o restante da pena em casa - Notibras","og_description":"O ministro do Supremo Tribunal Federal (STF) Lu\u00eds Roberto Barroso autorizou nesta segunda-feira (10) que o ex-deputado federal Valdemar da Costa Neto (PR-SP) cumpra o restante de sua pena em casa. Condenado a 7 anos e 10 meses de pris\u00e3o por corrup\u00e7\u00e3o passiva e lavagem de dinheiro, o ex-parlamentar paulista foi preso em dezembro de [&hellip;]","og_url":"https:\/\/www.notibras.com\/site\/stf-autoriza-mais-um-mensaleiro-a-cumprir-o-restante-da-pena-em-casa\/","og_site_name":"Notibras","article_publisher":"https:\/\/www.facebook.com\/notibras\/","article_published_time":"2014-11-10T20:44:59+00:00","article_modified_time":"2014-11-11T01:24:12+00:00","og_image":[{"width":350,"height":263,"url":"https:\/\/www.notibras.com\/site\/wp-content\/uploads\/2014\/11\/Sem-t\u00edtulo-150.jpg","type":"image\/jpeg"}],"author":"Reda\u00e7\u00e3o","twitter_card":"summary_large_image","twitter_creator":"@Notibras","twitter_site":"@Notibras","twitter_misc":{"Escrito por":"Reda\u00e7\u00e3o","Est. tempo de leitura":"2 minutos"},"schema":{"@context":"https:\/\/schema.org","@graph":[{"@type":"Article","@id":"https:\/\/www.notibras.com\/site\/stf-autoriza-mais-um-mensaleiro-a-cumprir-o-restante-da-pena-em-casa\/#article","isPartOf":{"@id":"https:\/\/www.notibras.com\/site\/stf-autoriza-mais-um-mensaleiro-a-cumprir-o-restante-da-pena-em-casa\/"},"author":{"name":"Reda\u00e7\u00e3o","@id":"https:\/\/www.notibras.com\/site\/#\/schema\/person\/00b8e1aa08f9ef6563e878c5159d01cf"},"headline":"STF autoriza mais um mensaleiro a cumprir o restante da pena em casa","datePublished":"2014-11-10T20:44:59+00:00","dateModified":"2014-11-11T01:24:12+00:00","mainEntityOfPage":{"@id":"https:\/\/www.notibras.com\/site\/stf-autoriza-mais-um-mensaleiro-a-cumprir-o-restante-da-pena-em-casa\/"},"wordCount":399,"commentCount":0,"publisher":{"@id":"https:\/\/www.notibras.com\/site\/#organization"},"image":{"@id":"https:\/\/www.notibras.com\/site\/stf-autoriza-mais-um-mensaleiro-a-cumprir-o-restante-da-pena-em-casa\/#primaryimage"},"thumbnailUrl":"https:\/\/www.notibras.com\/site\/wp-content\/uploads\/2014\/11\/Sem-t\u00edtulo-150.jpg","articleSection":["Brasil"],"inLanguage":"pt-BR","potentialAction":[{"@type":"CommentAction","name":"Comment","target":["https:\/\/www.notibras.com\/site\/stf-autoriza-mais-um-mensaleiro-a-cumprir-o-restante-da-pena-em-casa\/#respond"]}]},{"@type":"WebPage","@id":"https:\/\/www.notibras.com\/site\/stf-autoriza-mais-um-mensaleiro-a-cumprir-o-restante-da-pena-em-casa\/","url":"https:\/\/www.notibras.com\/site\/stf-autoriza-mais-um-mensaleiro-a-cumprir-o-restante-da-pena-em-casa\/","name":"STF autoriza mais um mensaleiro a cumprir o restante da pena em casa - Notibras","isPartOf":{"@id":"https:\/\/www.notibras.com\/site\/#website"},"primaryImageOfPage":{"@id":"https:\/\/www.notibras.com\/site\/stf-autoriza-mais-um-mensaleiro-a-cumprir-o-restante-da-pena-em-casa\/#primaryimage"},"image":{"@id":"https:\/\/www.notibras.com\/site\/stf-autoriza-mais-um-mensaleiro-a-cumprir-o-restante-da-pena-em-casa\/#primaryimage"},"thumbnailUrl":"https:\/\/www.notibras.com\/site\/wp-content\/uploads\/2014\/11\/Sem-t\u00edtulo-150.jpg","datePublished":"2014-11-10T20:44:59+00:00","dateModified":"2014-11-11T01:24:12+00:00","breadcrumb":{"@id":"https:\/\/www.notibras.com\/site\/stf-autoriza-mais-um-mensaleiro-a-cumprir-o-restante-da-pena-em-casa\/#breadcrumb"},"inLanguage":"pt-BR","potentialAction":[{"@type":"ReadAction","target":["https:\/\/www.notibras.com\/site\/stf-autoriza-mais-um-mensaleiro-a-cumprir-o-restante-da-pena-em-casa\/"]}]},{"@type":"ImageObject","inLanguage":"pt-BR","@id":"https:\/\/www.notibras.com\/site\/stf-autoriza-mais-um-mensaleiro-a-cumprir-o-restante-da-pena-em-casa\/#primaryimage","url":"https:\/\/www.notibras.com\/site\/wp-content\/uploads\/2014\/11\/Sem-t\u00edtulo-150.jpg","contentUrl":"https:\/\/www.notibras.com\/site\/wp-content\/uploads\/2014\/11\/Sem-t\u00edtulo-150.jpg","width":350,"height":263},{"@type":"BreadcrumbList","@id":"https:\/\/www.notibras.com\/site\/stf-autoriza-mais-um-mensaleiro-a-cumprir-o-restante-da-pena-em-casa\/#breadcrumb","itemListElement":[{"@type":"ListItem","position":1,"name":"In\u00edcio","item":"https:\/\/www.notibras.com\/site\/"},{"@type":"ListItem","position":2,"name":"STF autoriza mais um mensaleiro a cumprir o restante da pena em casa"}]},{"@type":"WebSite","@id":"https:\/\/www.notibras.com\/site\/#website","url":"https:\/\/www.notibras.com\/site\/","name":"Notibras","description":"Not\u00edcias de Bras\u00edlia, do Brasil e do Mundo","publisher":{"@id":"https:\/\/www.notibras.com\/site\/#organization"},"potentialAction":[{"@type":"SearchAction","target":{"@type":"EntryPoint","urlTemplate":"https:\/\/www.notibras.com\/site\/?s={search_term_string}"},"query-input":{"@type":"PropertyValueSpecification","valueRequired":true,"valueName":"search_term_string"}}],"inLanguage":"pt-BR"},{"@type":"Organization","@id":"https:\/\/www.notibras.com\/site\/#organization","name":"Grupo Notibras de Comunica\u00e7\u00e3o","url":"https:\/\/www.notibras.com\/site\/","logo":{"@type":"ImageObject","inLanguage":"pt-BR","@id":"https:\/\/www.notibras.com\/site\/#\/schema\/logo\/image\/","url":"https:\/\/www.notibras.com\/site\/wp-content\/uploads\/2023\/01\/notibras23.png","contentUrl":"https:\/\/www.notibras.com\/site\/wp-content\/uploads\/2023\/01\/notibras23.png","width":350,"height":87,"caption":"Grupo Notibras de Comunica\u00e7\u00e3o"},"image":{"@id":"https:\/\/www.notibras.com\/site\/#\/schema\/logo\/image\/"},"sameAs":["https:\/\/www.facebook.com\/notibras\/","https:\/\/x.com\/Notibras","https:\/\/www.instagram.com\/notibras\/"]},{"@type":"Person","@id":"https:\/\/www.notibras.com\/site\/#\/schema\/person\/00b8e1aa08f9ef6563e878c5159d01cf","name":"Reda\u00e7\u00e3o","image":{"@type":"ImageObject","inLanguage":"pt-BR","@id":"https:\/\/secure.gravatar.com\/avatar\/ac5a707d5b47784a5ed426c6e213e201423c750890f64e4c379114dade67dfb9?s=96&d=mm&r=g","url":"https:\/\/secure.gravatar.com\/avatar\/ac5a707d5b47784a5ed426c6e213e201423c750890f64e4c379114dade67dfb9?s=96&d=mm&r=g","contentUrl":"https:\/\/secure.gravatar.com\/avatar\/ac5a707d5b47784a5ed426c6e213e201423c750890f64e4c379114dade67dfb9?s=96&d=mm&r=g","caption":"Reda\u00e7\u00e3o"}}]}},"amp_enabled":true,"_links":{"self":[{"href":"https:\/\/www.notibras.com\/site\/wp-json\/wp\/v2\/posts\/27676","targetHints":{"allow":["GET"]}}],"collection":[{"href":"https:\/\/www.notibras.com\/site\/wp-json\/wp\/v2\/posts"}],"about":[{"href":"https:\/\/www.notibras.com\/site\/wp-json\/wp\/v2\/types\/post"}],"author":[{"embeddable":true,"href":"https:\/\/www.notibras.com\/site\/wp-json\/wp\/v2\/users\/1"}],"replies":[{"embeddable":true,"href":"https:\/\/www.notibras.com\/site\/wp-json\/wp\/v2\/comments?post=27676"}],"version-history":[{"count":0,"href":"https:\/\/www.notibras.com\/site\/wp-json\/wp\/v2\/posts\/27676\/revisions"}],"wp:featuredmedia":[{"embeddable":true,"href":"https:\/\/www.notibras.com\/site\/wp-json\/wp\/v2\/media\/27678"}],"wp:attachment":[{"href":"https:\/\/www.notibras.com\/site\/wp-json\/wp\/v2\/media?parent=27676"}],"wp:term":[{"taxonomy":"category","embeddable":true,"href":"https:\/\/www.notibras.com\/site\/wp-json\/wp\/v2\/categories?post=27676"},{"taxonomy":"post_tag","embeddable":true,"href":"https:\/\/www.notibras.com\/site\/wp-json\/wp\/v2\/tags?post=27676"}],"curies":[{"name":"wp","href":"https:\/\/api.w.org\/{rel}","templated":true}]}}