{"id":27903,"date":"2014-11-12T08:04:43","date_gmt":"2014-11-12T11:04:43","guid":{"rendered":"http:\/\/www.notibras.com\/site\/?p=27903"},"modified":"2014-11-12T08:04:43","modified_gmt":"2014-11-12T11:04:43","slug":"berlim-caiu-mas-ainda-existem-cinco-muros-da-vergonha","status":"publish","type":"post","link":"https:\/\/www.notibras.com\/site\/berlim-caiu-mas-ainda-existem-cinco-muros-da-vergonha\/","title":{"rendered":"Berlim caiu, mas ainda existem cinco muros da vergonha"},"content":{"rendered":"<p>H\u00e1 25 anos, ca\u00eda na Alemanha o Muro de Berlim. Para muitos, o epis\u00f3dio sinalizava o in\u00edcio de uma nova era, de expans\u00e3o da globaliza\u00e7\u00e3o e diminui\u00e7\u00e3o das fronteiras \u2014 simb\u00f3licas e reais. Um quarto de s\u00e9culo ap\u00f3s a queda deste \u00edcone da Guerra Fria, ainda persiste, espalhada pelo mundo, uma s\u00e9rie de fronteiras muradas constru\u00eddas para separar povos.<\/p>\n<p>Abaixo, selecionamos cinco desses &#8220;muros contempor\u00e2neos&#8221;:<\/p>\n<blockquote><p><strong>1) CISJORD\u00c2NIA-ISRAEL<\/strong><\/p>\n<p>O Muro da Cisjord\u00e2nia \u2014 ou &#8216;Muro da Vergonha&#8217;, como \u00e9 chamado pelos cr\u00edticos da ocupa\u00e7\u00e3o israelense \u2014 come\u00e7ou a ser constru\u00eddo em 2002, per\u00edodo da Segunda Intifada, e separa Israel do territ\u00f3rio palestino da Cisjord\u00e2nia. Na \u00e9poca, foi dito que o intuito era impedir a entrada de palestinos para prevenir atos de terrorismo. Os que se op\u00f5em \u00e0 barreira denunciam que o muro \u00e9 uma ferramenta utilizada por Israel para, al\u00e9m de interditar as negocia\u00e7\u00f5es de paz por estabelecer unilateralmente novas fronteiras, tamb\u00e9m anexar gradualmente por\u00e7\u00f5es do territ\u00f3rio palestino, muitas das quais passaram a abrigar assentamentos israelenses. Atualmente, a parede de concreto, ferro e arame farpado tem cerca de 440 quil\u00f4metros de extens\u00e3o \u2014 se a constru\u00e7\u00e3o da barreira for finalizada, cercando todo o territ\u00f3rio da Cisjord\u00e2nia, o muro se estender\u00e1 para aproximadamente 700 quil\u00f4metros.<\/p>\n<p><strong>2) ESPANHA-MARROCOS: MUROS DE CEUTA E MELILLA<\/strong><\/p>\n<p>Ceuta e Melilla s\u00e3o o enclave espanhol na \u00c1frica e representam o resqu\u00edcio do colonialismo europeu no continente africano. Sob o dom\u00ednio espanhol, as duas cidades fazem divisa com o Marrocos e est\u00e3o muito pr\u00f3ximas do Estreito de Gibraltar, pequeno intervalo oce\u00e2nico que separa os dois continentes. At\u00e9 os anos 1990, a divis\u00e3o entre os territ\u00f3rios espanhol e marroquino era pouco percept\u00edvel, e o tr\u00e2nsito de pessoas de um local para o outro era comum. Com a institucionaliza\u00e7\u00e3o da Uni\u00e3o Europeia e a pol\u00edtica de livre-circula\u00e7\u00e3o dos cidad\u00e3os europeus, a Espanha foi incentivada a apertar o cerco em suas zonas fronteiri\u00e7as. Assim, foram erguidos os muros, que chegam, juntos, a 20 quil\u00f4metros de extens\u00e3o, com o objetivo de impedir a imigra\u00e7\u00e3o de africanos para a Europa.<\/p>\n<p><strong>3) EUA-M\u00c9XICO<\/strong><\/p>\n<p>O muro constru\u00eddo pelos Estados Unidos na fronteira com o M\u00e9xico \u00e9 o s\u00edmbolo da pol\u00edtica anti-imigra\u00e7\u00e3o norte-americana. Num esfor\u00e7o contra os chamados &#8220;coiotes&#8221;, respons\u00e1veis por atravessar clandestinamente pessoas pela fronteira, Washington come\u00e7ou estabeler barreiras f\u00edsicas entre as cidades de El Paso e Ciudad Ju\u00e1rez, e tamb\u00e9m entre San Diego e Tijuana. Com os ataques de 11 de Setembro de 2001, os EUA apertaram ainda mais o cerco, temendo que terroristas pudessem entrar em territ\u00f3rio norte-americano via M\u00e9xico.<\/p>\n<p><strong>4) GR\u00c9CIA-TURQUIA: MURO DE EVROS<\/strong><\/p>\n<p>A fronteira entre a Turquia e a Gr\u00e9cia era tida pela UE como a &#8220;porta dos fundos&#8221; para a entrada de imigrantes na Europa. Por esse motivo, a Gr\u00e9cia, o pa\u00eds europeu mais afetado pela crise econ\u00f4mica de 2008 e alvo de severas medidas de austeridade, resolveu investir \u20ac 3,2 milh\u00f5es (R$ 10,15 milh\u00f5es) para erguer em 2012 um muro de mais de 10 quil\u00f4metros de extens\u00e3o ao longo de um trecho da margem do rio Evros, fronteira natural que separa a o territ\u00f3rio europeu dos vizinhos turcos.<\/p>\n<p><strong>5) COREIA DO NORTE-COREIA DO SUL<\/strong><\/p>\n<p>Percorrida ao longo do Paralelo 38, a faixa de terra que divide a pen\u00ednsula coreana em dois pa\u00edses tem 250 quil\u00f4metros de comprimento. Ap\u00f3s o armist\u00edcio que interrompeu sem p\u00f4r fim formal \u00e0 guerra entre os dois lados \u2014 s\u00edmbolo do embate entre as duas superpot\u00eancias durante a Guerra Fria: o norte comunista, e o sul capitalista \u2014, a por\u00e7\u00e3o de territ\u00f3rio foi transformada em uma zona desmilitarizada. Ou seja, uma faixa &#8220;neutra&#8221; onde militares das duas Coreias podem transitar, mas sem cruzar a linha que demarca o territ\u00f3rio de cada um dos pa\u00edses.<\/p><\/blockquote>\n<p><strong>Felipe Amorim<\/strong><\/p>\n","protected":false},"excerpt":{"rendered":"<p>H\u00e1 25 anos, ca\u00eda na Alemanha o Muro de Berlim. Para muitos, o epis\u00f3dio sinalizava o in\u00edcio de uma nova era, de expans\u00e3o da globaliza\u00e7\u00e3o e diminui\u00e7\u00e3o das fronteiras \u2014 simb\u00f3licas e reais. Um quarto de s\u00e9culo ap\u00f3s a queda deste \u00edcone da Guerra Fria, ainda persiste, espalhada pelo mundo, uma s\u00e9rie de fronteiras muradas [&hellip;]<\/p>\n","protected":false},"author":2,"featured_media":27904,"comment_status":"open","ping_status":"closed","sticky":false,"template":"","format":"standard","meta":{"_acf_changed":false,"footnotes":""},"categories":[25],"tags":[],"class_list":["post-27903","post","type-post","status-publish","format-standard","has-post-thumbnail","hentry","category-opina-ai"],"acf":[],"yoast_head":"<!-- This site is optimized with the Yoast SEO plugin v27.2 - https:\/\/yoast.com\/product\/yoast-seo-wordpress\/ -->\n<title>Berlim caiu, mas ainda existem cinco muros da vergonha - Notibras<\/title>\n<meta name=\"robots\" content=\"index, follow, max-snippet:-1, max-image-preview:large, max-video-preview:-1\" \/>\n<link rel=\"canonical\" href=\"https:\/\/www.notibras.com\/site\/berlim-caiu-mas-ainda-existem-cinco-muros-da-vergonha\/\" \/>\n<meta property=\"og:locale\" content=\"pt_BR\" \/>\n<meta property=\"og:type\" content=\"article\" \/>\n<meta property=\"og:title\" content=\"Berlim caiu, mas ainda existem cinco muros da vergonha - Notibras\" \/>\n<meta property=\"og:description\" content=\"H\u00e1 25 anos, ca\u00eda na Alemanha o Muro de Berlim. Para muitos, o epis\u00f3dio sinalizava o in\u00edcio de uma nova era, de expans\u00e3o da globaliza\u00e7\u00e3o e diminui\u00e7\u00e3o das fronteiras \u2014 simb\u00f3licas e reais. Um quarto de s\u00e9culo ap\u00f3s a queda deste \u00edcone da Guerra Fria, ainda persiste, espalhada pelo mundo, uma s\u00e9rie de fronteiras muradas [&hellip;]\" \/>\n<meta property=\"og:url\" content=\"https:\/\/www.notibras.com\/site\/berlim-caiu-mas-ainda-existem-cinco-muros-da-vergonha\/\" \/>\n<meta property=\"og:site_name\" content=\"Notibras\" \/>\n<meta property=\"article:publisher\" content=\"https:\/\/www.facebook.com\/notibras\/\" \/>\n<meta property=\"article:published_time\" content=\"2014-11-12T11:04:43+00:00\" \/>\n<meta property=\"og:image\" content=\"https:\/\/www.notibras.com\/site\/wp-content\/uploads\/2014\/11\/op.gif\" \/>\n\t<meta property=\"og:image:width\" content=\"660\" \/>\n\t<meta property=\"og:image:height\" content=\"390\" \/>\n\t<meta property=\"og:image:type\" content=\"image\/gif\" \/>\n<meta name=\"author\" content=\"Reda\u00e7\u00e3o\" \/>\n<meta name=\"twitter:card\" content=\"summary_large_image\" \/>\n<meta name=\"twitter:creator\" content=\"@Notibras\" \/>\n<meta name=\"twitter:site\" content=\"@Notibras\" \/>\n<meta name=\"twitter:label1\" content=\"Escrito por\" \/>\n\t<meta name=\"twitter:data1\" content=\"Reda\u00e7\u00e3o\" \/>\n\t<meta name=\"twitter:label2\" content=\"Est. tempo de leitura\" \/>\n\t<meta name=\"twitter:data2\" content=\"3 minutos\" \/>\n<script type=\"application\/ld+json\" class=\"yoast-schema-graph\">{\"@context\":\"https:\/\/schema.org\",\"@graph\":[{\"@type\":\"Article\",\"@id\":\"https:\/\/www.notibras.com\/site\/berlim-caiu-mas-ainda-existem-cinco-muros-da-vergonha\/#article\",\"isPartOf\":{\"@id\":\"https:\/\/www.notibras.com\/site\/berlim-caiu-mas-ainda-existem-cinco-muros-da-vergonha\/\"},\"author\":{\"name\":\"Reda\u00e7\u00e3o\",\"@id\":\"https:\/\/www.notibras.com\/site\/#\/schema\/person\/36ab0979449956132d3e5b517ea76ac8\"},\"headline\":\"Berlim caiu, mas ainda existem cinco muros da vergonha\",\"datePublished\":\"2014-11-12T11:04:43+00:00\",\"mainEntityOfPage\":{\"@id\":\"https:\/\/www.notibras.com\/site\/berlim-caiu-mas-ainda-existem-cinco-muros-da-vergonha\/\"},\"wordCount\":676,\"commentCount\":0,\"publisher\":{\"@id\":\"https:\/\/www.notibras.com\/site\/#organization\"},\"image\":{\"@id\":\"https:\/\/www.notibras.com\/site\/berlim-caiu-mas-ainda-existem-cinco-muros-da-vergonha\/#primaryimage\"},\"thumbnailUrl\":\"https:\/\/www.notibras.com\/site\/wp-content\/uploads\/2014\/11\/op.gif\",\"articleSection\":[\"Opina a\u00ed\"],\"inLanguage\":\"pt-BR\",\"potentialAction\":[{\"@type\":\"CommentAction\",\"name\":\"Comment\",\"target\":[\"https:\/\/www.notibras.com\/site\/berlim-caiu-mas-ainda-existem-cinco-muros-da-vergonha\/#respond\"]}]},{\"@type\":\"WebPage\",\"@id\":\"https:\/\/www.notibras.com\/site\/berlim-caiu-mas-ainda-existem-cinco-muros-da-vergonha\/\",\"url\":\"https:\/\/www.notibras.com\/site\/berlim-caiu-mas-ainda-existem-cinco-muros-da-vergonha\/\",\"name\":\"Berlim caiu, mas ainda existem cinco muros da vergonha - Notibras\",\"isPartOf\":{\"@id\":\"https:\/\/www.notibras.com\/site\/#website\"},\"primaryImageOfPage\":{\"@id\":\"https:\/\/www.notibras.com\/site\/berlim-caiu-mas-ainda-existem-cinco-muros-da-vergonha\/#primaryimage\"},\"image\":{\"@id\":\"https:\/\/www.notibras.com\/site\/berlim-caiu-mas-ainda-existem-cinco-muros-da-vergonha\/#primaryimage\"},\"thumbnailUrl\":\"https:\/\/www.notibras.com\/site\/wp-content\/uploads\/2014\/11\/op.gif\",\"datePublished\":\"2014-11-12T11:04:43+00:00\",\"breadcrumb\":{\"@id\":\"https:\/\/www.notibras.com\/site\/berlim-caiu-mas-ainda-existem-cinco-muros-da-vergonha\/#breadcrumb\"},\"inLanguage\":\"pt-BR\",\"potentialAction\":[{\"@type\":\"ReadAction\",\"target\":[\"https:\/\/www.notibras.com\/site\/berlim-caiu-mas-ainda-existem-cinco-muros-da-vergonha\/\"]}]},{\"@type\":\"ImageObject\",\"inLanguage\":\"pt-BR\",\"@id\":\"https:\/\/www.notibras.com\/site\/berlim-caiu-mas-ainda-existem-cinco-muros-da-vergonha\/#primaryimage\",\"url\":\"https:\/\/www.notibras.com\/site\/wp-content\/uploads\/2014\/11\/op.gif\",\"contentUrl\":\"https:\/\/www.notibras.com\/site\/wp-content\/uploads\/2014\/11\/op.gif\",\"width\":660,\"height\":390},{\"@type\":\"BreadcrumbList\",\"@id\":\"https:\/\/www.notibras.com\/site\/berlim-caiu-mas-ainda-existem-cinco-muros-da-vergonha\/#breadcrumb\",\"itemListElement\":[{\"@type\":\"ListItem\",\"position\":1,\"name\":\"In\u00edcio\",\"item\":\"https:\/\/www.notibras.com\/site\/\"},{\"@type\":\"ListItem\",\"position\":2,\"name\":\"Berlim caiu, mas ainda existem cinco muros da vergonha\"}]},{\"@type\":\"WebSite\",\"@id\":\"https:\/\/www.notibras.com\/site\/#website\",\"url\":\"https:\/\/www.notibras.com\/site\/\",\"name\":\"Notibras\",\"description\":\"Not\u00edcias de Bras\u00edlia, do Brasil e do Mundo\",\"publisher\":{\"@id\":\"https:\/\/www.notibras.com\/site\/#organization\"},\"potentialAction\":[{\"@type\":\"SearchAction\",\"target\":{\"@type\":\"EntryPoint\",\"urlTemplate\":\"https:\/\/www.notibras.com\/site\/?s={search_term_string}\"},\"query-input\":{\"@type\":\"PropertyValueSpecification\",\"valueRequired\":true,\"valueName\":\"search_term_string\"}}],\"inLanguage\":\"pt-BR\"},{\"@type\":\"Organization\",\"@id\":\"https:\/\/www.notibras.com\/site\/#organization\",\"name\":\"Grupo Notibras de Comunica\u00e7\u00e3o\",\"url\":\"https:\/\/www.notibras.com\/site\/\",\"logo\":{\"@type\":\"ImageObject\",\"inLanguage\":\"pt-BR\",\"@id\":\"https:\/\/www.notibras.com\/site\/#\/schema\/logo\/image\/\",\"url\":\"https:\/\/www.notibras.com\/site\/wp-content\/uploads\/2023\/01\/notibras23.png\",\"contentUrl\":\"https:\/\/www.notibras.com\/site\/wp-content\/uploads\/2023\/01\/notibras23.png\",\"width\":350,\"height\":87,\"caption\":\"Grupo Notibras de Comunica\u00e7\u00e3o\"},\"image\":{\"@id\":\"https:\/\/www.notibras.com\/site\/#\/schema\/logo\/image\/\"},\"sameAs\":[\"https:\/\/www.facebook.com\/notibras\/\",\"https:\/\/x.com\/Notibras\",\"https:\/\/www.instagram.com\/notibras\/\"]},{\"@type\":\"Person\",\"@id\":\"https:\/\/www.notibras.com\/site\/#\/schema\/person\/36ab0979449956132d3e5b517ea76ac8\",\"name\":\"Reda\u00e7\u00e3o\",\"image\":{\"@type\":\"ImageObject\",\"inLanguage\":\"pt-BR\",\"@id\":\"https:\/\/secure.gravatar.com\/avatar\/e0a867bdedb85fd243eadf09663511f96fc81e0720a4a42581f334ad4303aa6b?s=96&d=mm&r=g\",\"url\":\"https:\/\/secure.gravatar.com\/avatar\/e0a867bdedb85fd243eadf09663511f96fc81e0720a4a42581f334ad4303aa6b?s=96&d=mm&r=g\",\"contentUrl\":\"https:\/\/secure.gravatar.com\/avatar\/e0a867bdedb85fd243eadf09663511f96fc81e0720a4a42581f334ad4303aa6b?s=96&d=mm&r=g\",\"caption\":\"Reda\u00e7\u00e3o\"}}]}<\/script>\n<!-- \/ Yoast SEO plugin. -->","yoast_head_json":{"title":"Berlim caiu, mas ainda existem cinco muros da vergonha - Notibras","robots":{"index":"index","follow":"follow","max-snippet":"max-snippet:-1","max-image-preview":"max-image-preview:large","max-video-preview":"max-video-preview:-1"},"canonical":"https:\/\/www.notibras.com\/site\/berlim-caiu-mas-ainda-existem-cinco-muros-da-vergonha\/","og_locale":"pt_BR","og_type":"article","og_title":"Berlim caiu, mas ainda existem cinco muros da vergonha - Notibras","og_description":"H\u00e1 25 anos, ca\u00eda na Alemanha o Muro de Berlim. Para muitos, o epis\u00f3dio sinalizava o in\u00edcio de uma nova era, de expans\u00e3o da globaliza\u00e7\u00e3o e diminui\u00e7\u00e3o das fronteiras \u2014 simb\u00f3licas e reais. Um quarto de s\u00e9culo ap\u00f3s a queda deste \u00edcone da Guerra Fria, ainda persiste, espalhada pelo mundo, uma s\u00e9rie de fronteiras muradas [&hellip;]","og_url":"https:\/\/www.notibras.com\/site\/berlim-caiu-mas-ainda-existem-cinco-muros-da-vergonha\/","og_site_name":"Notibras","article_publisher":"https:\/\/www.facebook.com\/notibras\/","article_published_time":"2014-11-12T11:04:43+00:00","og_image":[{"width":660,"height":390,"url":"https:\/\/www.notibras.com\/site\/wp-content\/uploads\/2014\/11\/op.gif","type":"image\/gif"}],"author":"Reda\u00e7\u00e3o","twitter_card":"summary_large_image","twitter_creator":"@Notibras","twitter_site":"@Notibras","twitter_misc":{"Escrito por":"Reda\u00e7\u00e3o","Est. tempo de leitura":"3 minutos"},"schema":{"@context":"https:\/\/schema.org","@graph":[{"@type":"Article","@id":"https:\/\/www.notibras.com\/site\/berlim-caiu-mas-ainda-existem-cinco-muros-da-vergonha\/#article","isPartOf":{"@id":"https:\/\/www.notibras.com\/site\/berlim-caiu-mas-ainda-existem-cinco-muros-da-vergonha\/"},"author":{"name":"Reda\u00e7\u00e3o","@id":"https:\/\/www.notibras.com\/site\/#\/schema\/person\/36ab0979449956132d3e5b517ea76ac8"},"headline":"Berlim caiu, mas ainda existem cinco muros da vergonha","datePublished":"2014-11-12T11:04:43+00:00","mainEntityOfPage":{"@id":"https:\/\/www.notibras.com\/site\/berlim-caiu-mas-ainda-existem-cinco-muros-da-vergonha\/"},"wordCount":676,"commentCount":0,"publisher":{"@id":"https:\/\/www.notibras.com\/site\/#organization"},"image":{"@id":"https:\/\/www.notibras.com\/site\/berlim-caiu-mas-ainda-existem-cinco-muros-da-vergonha\/#primaryimage"},"thumbnailUrl":"https:\/\/www.notibras.com\/site\/wp-content\/uploads\/2014\/11\/op.gif","articleSection":["Opina a\u00ed"],"inLanguage":"pt-BR","potentialAction":[{"@type":"CommentAction","name":"Comment","target":["https:\/\/www.notibras.com\/site\/berlim-caiu-mas-ainda-existem-cinco-muros-da-vergonha\/#respond"]}]},{"@type":"WebPage","@id":"https:\/\/www.notibras.com\/site\/berlim-caiu-mas-ainda-existem-cinco-muros-da-vergonha\/","url":"https:\/\/www.notibras.com\/site\/berlim-caiu-mas-ainda-existem-cinco-muros-da-vergonha\/","name":"Berlim caiu, mas ainda existem cinco muros da vergonha - Notibras","isPartOf":{"@id":"https:\/\/www.notibras.com\/site\/#website"},"primaryImageOfPage":{"@id":"https:\/\/www.notibras.com\/site\/berlim-caiu-mas-ainda-existem-cinco-muros-da-vergonha\/#primaryimage"},"image":{"@id":"https:\/\/www.notibras.com\/site\/berlim-caiu-mas-ainda-existem-cinco-muros-da-vergonha\/#primaryimage"},"thumbnailUrl":"https:\/\/www.notibras.com\/site\/wp-content\/uploads\/2014\/11\/op.gif","datePublished":"2014-11-12T11:04:43+00:00","breadcrumb":{"@id":"https:\/\/www.notibras.com\/site\/berlim-caiu-mas-ainda-existem-cinco-muros-da-vergonha\/#breadcrumb"},"inLanguage":"pt-BR","potentialAction":[{"@type":"ReadAction","target":["https:\/\/www.notibras.com\/site\/berlim-caiu-mas-ainda-existem-cinco-muros-da-vergonha\/"]}]},{"@type":"ImageObject","inLanguage":"pt-BR","@id":"https:\/\/www.notibras.com\/site\/berlim-caiu-mas-ainda-existem-cinco-muros-da-vergonha\/#primaryimage","url":"https:\/\/www.notibras.com\/site\/wp-content\/uploads\/2014\/11\/op.gif","contentUrl":"https:\/\/www.notibras.com\/site\/wp-content\/uploads\/2014\/11\/op.gif","width":660,"height":390},{"@type":"BreadcrumbList","@id":"https:\/\/www.notibras.com\/site\/berlim-caiu-mas-ainda-existem-cinco-muros-da-vergonha\/#breadcrumb","itemListElement":[{"@type":"ListItem","position":1,"name":"In\u00edcio","item":"https:\/\/www.notibras.com\/site\/"},{"@type":"ListItem","position":2,"name":"Berlim caiu, mas ainda existem cinco muros da vergonha"}]},{"@type":"WebSite","@id":"https:\/\/www.notibras.com\/site\/#website","url":"https:\/\/www.notibras.com\/site\/","name":"Notibras","description":"Not\u00edcias de Bras\u00edlia, do Brasil e do Mundo","publisher":{"@id":"https:\/\/www.notibras.com\/site\/#organization"},"potentialAction":[{"@type":"SearchAction","target":{"@type":"EntryPoint","urlTemplate":"https:\/\/www.notibras.com\/site\/?s={search_term_string}"},"query-input":{"@type":"PropertyValueSpecification","valueRequired":true,"valueName":"search_term_string"}}],"inLanguage":"pt-BR"},{"@type":"Organization","@id":"https:\/\/www.notibras.com\/site\/#organization","name":"Grupo Notibras de Comunica\u00e7\u00e3o","url":"https:\/\/www.notibras.com\/site\/","logo":{"@type":"ImageObject","inLanguage":"pt-BR","@id":"https:\/\/www.notibras.com\/site\/#\/schema\/logo\/image\/","url":"https:\/\/www.notibras.com\/site\/wp-content\/uploads\/2023\/01\/notibras23.png","contentUrl":"https:\/\/www.notibras.com\/site\/wp-content\/uploads\/2023\/01\/notibras23.png","width":350,"height":87,"caption":"Grupo Notibras de Comunica\u00e7\u00e3o"},"image":{"@id":"https:\/\/www.notibras.com\/site\/#\/schema\/logo\/image\/"},"sameAs":["https:\/\/www.facebook.com\/notibras\/","https:\/\/x.com\/Notibras","https:\/\/www.instagram.com\/notibras\/"]},{"@type":"Person","@id":"https:\/\/www.notibras.com\/site\/#\/schema\/person\/36ab0979449956132d3e5b517ea76ac8","name":"Reda\u00e7\u00e3o","image":{"@type":"ImageObject","inLanguage":"pt-BR","@id":"https:\/\/secure.gravatar.com\/avatar\/e0a867bdedb85fd243eadf09663511f96fc81e0720a4a42581f334ad4303aa6b?s=96&d=mm&r=g","url":"https:\/\/secure.gravatar.com\/avatar\/e0a867bdedb85fd243eadf09663511f96fc81e0720a4a42581f334ad4303aa6b?s=96&d=mm&r=g","contentUrl":"https:\/\/secure.gravatar.com\/avatar\/e0a867bdedb85fd243eadf09663511f96fc81e0720a4a42581f334ad4303aa6b?s=96&d=mm&r=g","caption":"Reda\u00e7\u00e3o"}}]}},"amp_enabled":true,"_links":{"self":[{"href":"https:\/\/www.notibras.com\/site\/wp-json\/wp\/v2\/posts\/27903","targetHints":{"allow":["GET"]}}],"collection":[{"href":"https:\/\/www.notibras.com\/site\/wp-json\/wp\/v2\/posts"}],"about":[{"href":"https:\/\/www.notibras.com\/site\/wp-json\/wp\/v2\/types\/post"}],"author":[{"embeddable":true,"href":"https:\/\/www.notibras.com\/site\/wp-json\/wp\/v2\/users\/2"}],"replies":[{"embeddable":true,"href":"https:\/\/www.notibras.com\/site\/wp-json\/wp\/v2\/comments?post=27903"}],"version-history":[{"count":0,"href":"https:\/\/www.notibras.com\/site\/wp-json\/wp\/v2\/posts\/27903\/revisions"}],"wp:featuredmedia":[{"embeddable":true,"href":"https:\/\/www.notibras.com\/site\/wp-json\/wp\/v2\/media\/27904"}],"wp:attachment":[{"href":"https:\/\/www.notibras.com\/site\/wp-json\/wp\/v2\/media?parent=27903"}],"wp:term":[{"taxonomy":"category","embeddable":true,"href":"https:\/\/www.notibras.com\/site\/wp-json\/wp\/v2\/categories?post=27903"},{"taxonomy":"post_tag","embeddable":true,"href":"https:\/\/www.notibras.com\/site\/wp-json\/wp\/v2\/tags?post=27903"}],"curies":[{"name":"wp","href":"https:\/\/api.w.org\/{rel}","templated":true}]}}