{"id":28027,"date":"2014-11-12T19:07:42","date_gmt":"2014-11-12T22:07:42","guid":{"rendered":"http:\/\/www.notibras.com\/site\/?p=28027"},"modified":"2014-11-13T10:56:09","modified_gmt":"2014-11-13T13:56:09","slug":"neozelandes-que-estava-na-lista-de-procurados-da-interpol-e-preso-no-rio","status":"publish","type":"post","link":"https:\/\/www.notibras.com\/site\/neozelandes-que-estava-na-lista-de-procurados-da-interpol-e-preso-no-rio\/","title":{"rendered":"Neozeland\u00eas que estava sendo procurado pela Interpol \u00e9 preso no Rio de Janeiro"},"content":{"rendered":"<p>O neozeland\u00eas Philip John Smith, de 40 anos, que consta na lista de procurados da Interpol, foi detido na tarde desta ter\u00e7a-feira (12), em Santa Teresa, no Centro do Rio, por Policiais Federais. Ele foi condenado \u00e0 pris\u00e3o perp\u00e9tua na Nova Zel\u00e2ndia pelo assassinato do pai de um menor que ele abusava sexualmente entre 1992 e 1995.<\/p>\n<blockquote><p>Ele tamb\u00e9m responde por cinco homic\u00eddios, estupro de vulner\u00e1vel e sequestro. Na \u00faltima quinta-feira ele recebeu autoriza\u00e7\u00e3o para deixar a pris\u00e3o. No mesmo dia pegou um voo para Santiago, no Chile. Da capital chilena embarcou para S\u00e3o Paulo e depois chegou ao Rio. Para conseguir pegar o voo para o Chile, Philip usou passaporte com nome falso. Ele ficar\u00e1 preso no Rio at\u00e9 ser deportado.<\/p><\/blockquote>\n","protected":false},"excerpt":{"rendered":"<p>O neozeland\u00eas Philip John Smith, de 40 anos, que consta na lista de procurados da Interpol, foi detido na tarde desta ter\u00e7a-feira (12), em Santa Teresa, no Centro do Rio, por Policiais Federais. Ele foi condenado \u00e0 pris\u00e3o perp\u00e9tua na Nova Zel\u00e2ndia pelo assassinato do pai de um menor que ele abusava sexualmente entre 1992 [&hellip;]<\/p>\n","protected":false},"author":1,"featured_media":27928,"comment_status":"open","ping_status":"closed","sticky":false,"template":"","format":"standard","meta":{"_acf_changed":false,"footnotes":""},"categories":[16],"tags":[],"class_list":["post-28027","post","type-post","status-publish","format-standard","has-post-thumbnail","hentry","category-brasil"],"acf":[],"yoast_head":"<!-- This site is optimized with the Yoast SEO plugin v27.2 - https:\/\/yoast.com\/product\/yoast-seo-wordpress\/ -->\n<title>Neozeland\u00eas que estava sendo procurado pela Interpol \u00e9 preso no Rio de Janeiro - Notibras<\/title>\n<meta name=\"robots\" content=\"index, follow, max-snippet:-1, max-image-preview:large, max-video-preview:-1\" \/>\n<link rel=\"canonical\" href=\"https:\/\/www.notibras.com\/site\/neozelandes-que-estava-na-lista-de-procurados-da-interpol-e-preso-no-rio\/\" \/>\n<meta property=\"og:locale\" content=\"pt_BR\" \/>\n<meta property=\"og:type\" content=\"article\" \/>\n<meta property=\"og:title\" content=\"Neozeland\u00eas que estava sendo procurado pela Interpol \u00e9 preso no Rio de Janeiro - Notibras\" \/>\n<meta property=\"og:description\" content=\"O neozeland\u00eas Philip John Smith, de 40 anos, que consta na lista de procurados da Interpol, foi detido na tarde desta ter\u00e7a-feira (12), em Santa Teresa, no Centro do Rio, por Policiais Federais. Ele foi condenado \u00e0 pris\u00e3o perp\u00e9tua na Nova Zel\u00e2ndia pelo assassinato do pai de um menor que ele abusava sexualmente entre 1992 [&hellip;]\" \/>\n<meta property=\"og:url\" content=\"https:\/\/www.notibras.com\/site\/neozelandes-que-estava-na-lista-de-procurados-da-interpol-e-preso-no-rio\/\" \/>\n<meta property=\"og:site_name\" content=\"Notibras\" \/>\n<meta property=\"article:publisher\" content=\"https:\/\/www.facebook.com\/notibras\/\" \/>\n<meta property=\"article:published_time\" content=\"2014-11-12T22:07:42+00:00\" \/>\n<meta property=\"article:modified_time\" content=\"2014-11-13T13:56:09+00:00\" \/>\n<meta property=\"og:image\" content=\"https:\/\/www.notibras.com\/site\/wp-content\/uploads\/2014\/11\/f_277000.jpg\" \/>\n\t<meta property=\"og:image:width\" content=\"940\" \/>\n\t<meta property=\"og:image:height\" content=\"529\" \/>\n\t<meta property=\"og:image:type\" content=\"image\/jpeg\" \/>\n<meta name=\"author\" content=\"Reda\u00e7\u00e3o\" \/>\n<meta name=\"twitter:card\" content=\"summary_large_image\" \/>\n<meta name=\"twitter:creator\" content=\"@Notibras\" \/>\n<meta name=\"twitter:site\" content=\"@Notibras\" \/>\n<meta name=\"twitter:label1\" content=\"Escrito por\" \/>\n\t<meta name=\"twitter:data1\" content=\"Reda\u00e7\u00e3o\" \/>\n\t<meta name=\"twitter:label2\" content=\"Est. tempo de leitura\" \/>\n\t<meta name=\"twitter:data2\" content=\"1 minuto\" \/>\n<script type=\"application\/ld+json\" class=\"yoast-schema-graph\">{\"@context\":\"https:\/\/schema.org\",\"@graph\":[{\"@type\":\"Article\",\"@id\":\"https:\/\/www.notibras.com\/site\/neozelandes-que-estava-na-lista-de-procurados-da-interpol-e-preso-no-rio\/#article\",\"isPartOf\":{\"@id\":\"https:\/\/www.notibras.com\/site\/neozelandes-que-estava-na-lista-de-procurados-da-interpol-e-preso-no-rio\/\"},\"author\":{\"name\":\"Reda\u00e7\u00e3o\",\"@id\":\"https:\/\/www.notibras.com\/site\/#\/schema\/person\/00b8e1aa08f9ef6563e878c5159d01cf\"},\"headline\":\"Neozeland\u00eas que estava sendo procurado pela Interpol \u00e9 preso no Rio de Janeiro\",\"datePublished\":\"2014-11-12T22:07:42+00:00\",\"dateModified\":\"2014-11-13T13:56:09+00:00\",\"mainEntityOfPage\":{\"@id\":\"https:\/\/www.notibras.com\/site\/neozelandes-que-estava-na-lista-de-procurados-da-interpol-e-preso-no-rio\/\"},\"wordCount\":141,\"commentCount\":0,\"publisher\":{\"@id\":\"https:\/\/www.notibras.com\/site\/#organization\"},\"image\":{\"@id\":\"https:\/\/www.notibras.com\/site\/neozelandes-que-estava-na-lista-de-procurados-da-interpol-e-preso-no-rio\/#primaryimage\"},\"thumbnailUrl\":\"https:\/\/www.notibras.com\/site\/wp-content\/uploads\/2014\/11\/f_277000.jpg\",\"articleSection\":[\"Brasil\"],\"inLanguage\":\"pt-BR\",\"potentialAction\":[{\"@type\":\"CommentAction\",\"name\":\"Comment\",\"target\":[\"https:\/\/www.notibras.com\/site\/neozelandes-que-estava-na-lista-de-procurados-da-interpol-e-preso-no-rio\/#respond\"]}]},{\"@type\":\"WebPage\",\"@id\":\"https:\/\/www.notibras.com\/site\/neozelandes-que-estava-na-lista-de-procurados-da-interpol-e-preso-no-rio\/\",\"url\":\"https:\/\/www.notibras.com\/site\/neozelandes-que-estava-na-lista-de-procurados-da-interpol-e-preso-no-rio\/\",\"name\":\"Neozeland\u00eas que estava sendo procurado pela Interpol \u00e9 preso no Rio de Janeiro - Notibras\",\"isPartOf\":{\"@id\":\"https:\/\/www.notibras.com\/site\/#website\"},\"primaryImageOfPage\":{\"@id\":\"https:\/\/www.notibras.com\/site\/neozelandes-que-estava-na-lista-de-procurados-da-interpol-e-preso-no-rio\/#primaryimage\"},\"image\":{\"@id\":\"https:\/\/www.notibras.com\/site\/neozelandes-que-estava-na-lista-de-procurados-da-interpol-e-preso-no-rio\/#primaryimage\"},\"thumbnailUrl\":\"https:\/\/www.notibras.com\/site\/wp-content\/uploads\/2014\/11\/f_277000.jpg\",\"datePublished\":\"2014-11-12T22:07:42+00:00\",\"dateModified\":\"2014-11-13T13:56:09+00:00\",\"breadcrumb\":{\"@id\":\"https:\/\/www.notibras.com\/site\/neozelandes-que-estava-na-lista-de-procurados-da-interpol-e-preso-no-rio\/#breadcrumb\"},\"inLanguage\":\"pt-BR\",\"potentialAction\":[{\"@type\":\"ReadAction\",\"target\":[\"https:\/\/www.notibras.com\/site\/neozelandes-que-estava-na-lista-de-procurados-da-interpol-e-preso-no-rio\/\"]}]},{\"@type\":\"ImageObject\",\"inLanguage\":\"pt-BR\",\"@id\":\"https:\/\/www.notibras.com\/site\/neozelandes-que-estava-na-lista-de-procurados-da-interpol-e-preso-no-rio\/#primaryimage\",\"url\":\"https:\/\/www.notibras.com\/site\/wp-content\/uploads\/2014\/11\/f_277000.jpg\",\"contentUrl\":\"https:\/\/www.notibras.com\/site\/wp-content\/uploads\/2014\/11\/f_277000.jpg\",\"width\":940,\"height\":529},{\"@type\":\"BreadcrumbList\",\"@id\":\"https:\/\/www.notibras.com\/site\/neozelandes-que-estava-na-lista-de-procurados-da-interpol-e-preso-no-rio\/#breadcrumb\",\"itemListElement\":[{\"@type\":\"ListItem\",\"position\":1,\"name\":\"In\u00edcio\",\"item\":\"https:\/\/www.notibras.com\/site\/\"},{\"@type\":\"ListItem\",\"position\":2,\"name\":\"Neozeland\u00eas que estava sendo procurado pela Interpol \u00e9 preso no Rio de Janeiro\"}]},{\"@type\":\"WebSite\",\"@id\":\"https:\/\/www.notibras.com\/site\/#website\",\"url\":\"https:\/\/www.notibras.com\/site\/\",\"name\":\"Notibras\",\"description\":\"Not\u00edcias de Bras\u00edlia, do Brasil e do Mundo\",\"publisher\":{\"@id\":\"https:\/\/www.notibras.com\/site\/#organization\"},\"potentialAction\":[{\"@type\":\"SearchAction\",\"target\":{\"@type\":\"EntryPoint\",\"urlTemplate\":\"https:\/\/www.notibras.com\/site\/?s={search_term_string}\"},\"query-input\":{\"@type\":\"PropertyValueSpecification\",\"valueRequired\":true,\"valueName\":\"search_term_string\"}}],\"inLanguage\":\"pt-BR\"},{\"@type\":\"Organization\",\"@id\":\"https:\/\/www.notibras.com\/site\/#organization\",\"name\":\"Grupo Notibras de Comunica\u00e7\u00e3o\",\"url\":\"https:\/\/www.notibras.com\/site\/\",\"logo\":{\"@type\":\"ImageObject\",\"inLanguage\":\"pt-BR\",\"@id\":\"https:\/\/www.notibras.com\/site\/#\/schema\/logo\/image\/\",\"url\":\"https:\/\/www.notibras.com\/site\/wp-content\/uploads\/2023\/01\/notibras23.png\",\"contentUrl\":\"https:\/\/www.notibras.com\/site\/wp-content\/uploads\/2023\/01\/notibras23.png\",\"width\":350,\"height\":87,\"caption\":\"Grupo Notibras de Comunica\u00e7\u00e3o\"},\"image\":{\"@id\":\"https:\/\/www.notibras.com\/site\/#\/schema\/logo\/image\/\"},\"sameAs\":[\"https:\/\/www.facebook.com\/notibras\/\",\"https:\/\/x.com\/Notibras\",\"https:\/\/www.instagram.com\/notibras\/\"]},{\"@type\":\"Person\",\"@id\":\"https:\/\/www.notibras.com\/site\/#\/schema\/person\/00b8e1aa08f9ef6563e878c5159d01cf\",\"name\":\"Reda\u00e7\u00e3o\",\"image\":{\"@type\":\"ImageObject\",\"inLanguage\":\"pt-BR\",\"@id\":\"https:\/\/secure.gravatar.com\/avatar\/ac5a707d5b47784a5ed426c6e213e201423c750890f64e4c379114dade67dfb9?s=96&d=mm&r=g\",\"url\":\"https:\/\/secure.gravatar.com\/avatar\/ac5a707d5b47784a5ed426c6e213e201423c750890f64e4c379114dade67dfb9?s=96&d=mm&r=g\",\"contentUrl\":\"https:\/\/secure.gravatar.com\/avatar\/ac5a707d5b47784a5ed426c6e213e201423c750890f64e4c379114dade67dfb9?s=96&d=mm&r=g\",\"caption\":\"Reda\u00e7\u00e3o\"}}]}<\/script>\n<!-- \/ Yoast SEO plugin. -->","yoast_head_json":{"title":"Neozeland\u00eas que estava sendo procurado pela Interpol \u00e9 preso no Rio de Janeiro - Notibras","robots":{"index":"index","follow":"follow","max-snippet":"max-snippet:-1","max-image-preview":"max-image-preview:large","max-video-preview":"max-video-preview:-1"},"canonical":"https:\/\/www.notibras.com\/site\/neozelandes-que-estava-na-lista-de-procurados-da-interpol-e-preso-no-rio\/","og_locale":"pt_BR","og_type":"article","og_title":"Neozeland\u00eas que estava sendo procurado pela Interpol \u00e9 preso no Rio de Janeiro - Notibras","og_description":"O neozeland\u00eas Philip John Smith, de 40 anos, que consta na lista de procurados da Interpol, foi detido na tarde desta ter\u00e7a-feira (12), em Santa Teresa, no Centro do Rio, por Policiais Federais. Ele foi condenado \u00e0 pris\u00e3o perp\u00e9tua na Nova Zel\u00e2ndia pelo assassinato do pai de um menor que ele abusava sexualmente entre 1992 [&hellip;]","og_url":"https:\/\/www.notibras.com\/site\/neozelandes-que-estava-na-lista-de-procurados-da-interpol-e-preso-no-rio\/","og_site_name":"Notibras","article_publisher":"https:\/\/www.facebook.com\/notibras\/","article_published_time":"2014-11-12T22:07:42+00:00","article_modified_time":"2014-11-13T13:56:09+00:00","og_image":[{"width":940,"height":529,"url":"https:\/\/www.notibras.com\/site\/wp-content\/uploads\/2014\/11\/f_277000.jpg","type":"image\/jpeg"}],"author":"Reda\u00e7\u00e3o","twitter_card":"summary_large_image","twitter_creator":"@Notibras","twitter_site":"@Notibras","twitter_misc":{"Escrito por":"Reda\u00e7\u00e3o","Est. tempo de leitura":"1 minuto"},"schema":{"@context":"https:\/\/schema.org","@graph":[{"@type":"Article","@id":"https:\/\/www.notibras.com\/site\/neozelandes-que-estava-na-lista-de-procurados-da-interpol-e-preso-no-rio\/#article","isPartOf":{"@id":"https:\/\/www.notibras.com\/site\/neozelandes-que-estava-na-lista-de-procurados-da-interpol-e-preso-no-rio\/"},"author":{"name":"Reda\u00e7\u00e3o","@id":"https:\/\/www.notibras.com\/site\/#\/schema\/person\/00b8e1aa08f9ef6563e878c5159d01cf"},"headline":"Neozeland\u00eas que estava sendo procurado pela Interpol \u00e9 preso no Rio de Janeiro","datePublished":"2014-11-12T22:07:42+00:00","dateModified":"2014-11-13T13:56:09+00:00","mainEntityOfPage":{"@id":"https:\/\/www.notibras.com\/site\/neozelandes-que-estava-na-lista-de-procurados-da-interpol-e-preso-no-rio\/"},"wordCount":141,"commentCount":0,"publisher":{"@id":"https:\/\/www.notibras.com\/site\/#organization"},"image":{"@id":"https:\/\/www.notibras.com\/site\/neozelandes-que-estava-na-lista-de-procurados-da-interpol-e-preso-no-rio\/#primaryimage"},"thumbnailUrl":"https:\/\/www.notibras.com\/site\/wp-content\/uploads\/2014\/11\/f_277000.jpg","articleSection":["Brasil"],"inLanguage":"pt-BR","potentialAction":[{"@type":"CommentAction","name":"Comment","target":["https:\/\/www.notibras.com\/site\/neozelandes-que-estava-na-lista-de-procurados-da-interpol-e-preso-no-rio\/#respond"]}]},{"@type":"WebPage","@id":"https:\/\/www.notibras.com\/site\/neozelandes-que-estava-na-lista-de-procurados-da-interpol-e-preso-no-rio\/","url":"https:\/\/www.notibras.com\/site\/neozelandes-que-estava-na-lista-de-procurados-da-interpol-e-preso-no-rio\/","name":"Neozeland\u00eas que estava sendo procurado pela Interpol \u00e9 preso no Rio de Janeiro - Notibras","isPartOf":{"@id":"https:\/\/www.notibras.com\/site\/#website"},"primaryImageOfPage":{"@id":"https:\/\/www.notibras.com\/site\/neozelandes-que-estava-na-lista-de-procurados-da-interpol-e-preso-no-rio\/#primaryimage"},"image":{"@id":"https:\/\/www.notibras.com\/site\/neozelandes-que-estava-na-lista-de-procurados-da-interpol-e-preso-no-rio\/#primaryimage"},"thumbnailUrl":"https:\/\/www.notibras.com\/site\/wp-content\/uploads\/2014\/11\/f_277000.jpg","datePublished":"2014-11-12T22:07:42+00:00","dateModified":"2014-11-13T13:56:09+00:00","breadcrumb":{"@id":"https:\/\/www.notibras.com\/site\/neozelandes-que-estava-na-lista-de-procurados-da-interpol-e-preso-no-rio\/#breadcrumb"},"inLanguage":"pt-BR","potentialAction":[{"@type":"ReadAction","target":["https:\/\/www.notibras.com\/site\/neozelandes-que-estava-na-lista-de-procurados-da-interpol-e-preso-no-rio\/"]}]},{"@type":"ImageObject","inLanguage":"pt-BR","@id":"https:\/\/www.notibras.com\/site\/neozelandes-que-estava-na-lista-de-procurados-da-interpol-e-preso-no-rio\/#primaryimage","url":"https:\/\/www.notibras.com\/site\/wp-content\/uploads\/2014\/11\/f_277000.jpg","contentUrl":"https:\/\/www.notibras.com\/site\/wp-content\/uploads\/2014\/11\/f_277000.jpg","width":940,"height":529},{"@type":"BreadcrumbList","@id":"https:\/\/www.notibras.com\/site\/neozelandes-que-estava-na-lista-de-procurados-da-interpol-e-preso-no-rio\/#breadcrumb","itemListElement":[{"@type":"ListItem","position":1,"name":"In\u00edcio","item":"https:\/\/www.notibras.com\/site\/"},{"@type":"ListItem","position":2,"name":"Neozeland\u00eas que estava sendo procurado pela Interpol \u00e9 preso no Rio de Janeiro"}]},{"@type":"WebSite","@id":"https:\/\/www.notibras.com\/site\/#website","url":"https:\/\/www.notibras.com\/site\/","name":"Notibras","description":"Not\u00edcias de Bras\u00edlia, do Brasil e do Mundo","publisher":{"@id":"https:\/\/www.notibras.com\/site\/#organization"},"potentialAction":[{"@type":"SearchAction","target":{"@type":"EntryPoint","urlTemplate":"https:\/\/www.notibras.com\/site\/?s={search_term_string}"},"query-input":{"@type":"PropertyValueSpecification","valueRequired":true,"valueName":"search_term_string"}}],"inLanguage":"pt-BR"},{"@type":"Organization","@id":"https:\/\/www.notibras.com\/site\/#organization","name":"Grupo Notibras de Comunica\u00e7\u00e3o","url":"https:\/\/www.notibras.com\/site\/","logo":{"@type":"ImageObject","inLanguage":"pt-BR","@id":"https:\/\/www.notibras.com\/site\/#\/schema\/logo\/image\/","url":"https:\/\/www.notibras.com\/site\/wp-content\/uploads\/2023\/01\/notibras23.png","contentUrl":"https:\/\/www.notibras.com\/site\/wp-content\/uploads\/2023\/01\/notibras23.png","width":350,"height":87,"caption":"Grupo Notibras de Comunica\u00e7\u00e3o"},"image":{"@id":"https:\/\/www.notibras.com\/site\/#\/schema\/logo\/image\/"},"sameAs":["https:\/\/www.facebook.com\/notibras\/","https:\/\/x.com\/Notibras","https:\/\/www.instagram.com\/notibras\/"]},{"@type":"Person","@id":"https:\/\/www.notibras.com\/site\/#\/schema\/person\/00b8e1aa08f9ef6563e878c5159d01cf","name":"Reda\u00e7\u00e3o","image":{"@type":"ImageObject","inLanguage":"pt-BR","@id":"https:\/\/secure.gravatar.com\/avatar\/ac5a707d5b47784a5ed426c6e213e201423c750890f64e4c379114dade67dfb9?s=96&d=mm&r=g","url":"https:\/\/secure.gravatar.com\/avatar\/ac5a707d5b47784a5ed426c6e213e201423c750890f64e4c379114dade67dfb9?s=96&d=mm&r=g","contentUrl":"https:\/\/secure.gravatar.com\/avatar\/ac5a707d5b47784a5ed426c6e213e201423c750890f64e4c379114dade67dfb9?s=96&d=mm&r=g","caption":"Reda\u00e7\u00e3o"}}]}},"amp_enabled":true,"_links":{"self":[{"href":"https:\/\/www.notibras.com\/site\/wp-json\/wp\/v2\/posts\/28027","targetHints":{"allow":["GET"]}}],"collection":[{"href":"https:\/\/www.notibras.com\/site\/wp-json\/wp\/v2\/posts"}],"about":[{"href":"https:\/\/www.notibras.com\/site\/wp-json\/wp\/v2\/types\/post"}],"author":[{"embeddable":true,"href":"https:\/\/www.notibras.com\/site\/wp-json\/wp\/v2\/users\/1"}],"replies":[{"embeddable":true,"href":"https:\/\/www.notibras.com\/site\/wp-json\/wp\/v2\/comments?post=28027"}],"version-history":[{"count":0,"href":"https:\/\/www.notibras.com\/site\/wp-json\/wp\/v2\/posts\/28027\/revisions"}],"wp:featuredmedia":[{"embeddable":true,"href":"https:\/\/www.notibras.com\/site\/wp-json\/wp\/v2\/media\/27928"}],"wp:attachment":[{"href":"https:\/\/www.notibras.com\/site\/wp-json\/wp\/v2\/media?parent=28027"}],"wp:term":[{"taxonomy":"category","embeddable":true,"href":"https:\/\/www.notibras.com\/site\/wp-json\/wp\/v2\/categories?post=28027"},{"taxonomy":"post_tag","embeddable":true,"href":"https:\/\/www.notibras.com\/site\/wp-json\/wp\/v2\/tags?post=28027"}],"curies":[{"name":"wp","href":"https:\/\/api.w.org\/{rel}","templated":true}]}}