{"id":280455,"date":"2022-02-16T00:12:03","date_gmt":"2022-02-16T03:12:03","guid":{"rendered":"https:\/\/www.notibras.com\/site\/?p=280455"},"modified":"2022-02-16T10:15:01","modified_gmt":"2022-02-16T13:15:01","slug":"stj-manda-rio-indenizar-familia-do-pedreiro-amarildo","status":"publish","type":"post","link":"https:\/\/www.notibras.com\/site\/stj-manda-rio-indenizar-familia-do-pedreiro-amarildo\/","title":{"rendered":"STJ manda Rio indenizar fam\u00edlia do pedreiro Amarildo"},"content":{"rendered":"<p>A Segunda Turma do Superior Tribunal de Justi\u00e7a formou maioria para manter a condena\u00e7\u00e3o do estado do Rio de Janeiro ao pagamento de pens\u00e3o e de indeniza\u00e7\u00e3o de R$ 500 mil, por danos morais, para a companheira e para cada um dos filhos do pedreiro Amarildo Dias de Souza. Amarildo desapareceu em 2013, ap\u00f3s ser levado por policias militares para a sede da Unidade de Pol\u00edcia Pacificadora (UPP) situada na comunidade da Rocinha. De acordo com o STJ, a pens\u00e3o mensal, equivalente a dois ter\u00e7os do sal\u00e1rio m\u00ednimo nacional, ser\u00e1 paga \u00e0 companheira e aos filhos. Al\u00e9m dos R$ 500 mil de indeniza\u00e7\u00e3o para cada um deles, o poder p\u00fablico estadual foi condenado a pagar R$ 100 mil a cada um dos tr\u00eas irm\u00e3os da v\u00edtima.<\/p>\n","protected":false},"excerpt":{"rendered":"<p>A Segunda Turma do Superior Tribunal de Justi\u00e7a formou maioria para manter a condena\u00e7\u00e3o do estado do Rio de Janeiro ao pagamento de pens\u00e3o e de indeniza\u00e7\u00e3o de R$ 500 mil, por danos morais, para a companheira e para cada um dos filhos do pedreiro Amarildo Dias de Souza. Amarildo desapareceu em 2013, ap\u00f3s ser [&hellip;]<\/p>\n","protected":false},"author":2,"featured_media":280456,"comment_status":"closed","ping_status":"closed","sticky":false,"template":"","format":"standard","meta":{"_acf_changed":false,"footnotes":""},"categories":[152],"tags":[95],"class_list":["post-280455","post","type-post","status-publish","format-standard","has-post-thumbnail","hentry","category-juridiques","tag-capa"],"acf":[],"_links":{"self":[{"href":"https:\/\/www.notibras.com\/site\/wp-json\/wp\/v2\/posts\/280455","targetHints":{"allow":["GET"]}}],"collection":[{"href":"https:\/\/www.notibras.com\/site\/wp-json\/wp\/v2\/posts"}],"about":[{"href":"https:\/\/www.notibras.com\/site\/wp-json\/wp\/v2\/types\/post"}],"author":[{"embeddable":true,"href":"https:\/\/www.notibras.com\/site\/wp-json\/wp\/v2\/users\/2"}],"replies":[{"embeddable":true,"href":"https:\/\/www.notibras.com\/site\/wp-json\/wp\/v2\/comments?post=280455"}],"version-history":[{"count":2,"href":"https:\/\/www.notibras.com\/site\/wp-json\/wp\/v2\/posts\/280455\/revisions"}],"predecessor-version":[{"id":280458,"href":"https:\/\/www.notibras.com\/site\/wp-json\/wp\/v2\/posts\/280455\/revisions\/280458"}],"wp:featuredmedia":[{"embeddable":true,"href":"https:\/\/www.notibras.com\/site\/wp-json\/wp\/v2\/media\/280456"}],"wp:attachment":[{"href":"https:\/\/www.notibras.com\/site\/wp-json\/wp\/v2\/media?parent=280455"}],"wp:term":[{"taxonomy":"category","embeddable":true,"href":"https:\/\/www.notibras.com\/site\/wp-json\/wp\/v2\/categories?post=280455"},{"taxonomy":"post_tag","embeddable":true,"href":"https:\/\/www.notibras.com\/site\/wp-json\/wp\/v2\/tags?post=280455"}],"curies":[{"name":"wp","href":"https:\/\/api.w.org\/{rel}","templated":true}]}}