{"id":28068,"date":"2014-11-12T23:35:43","date_gmt":"2014-11-13T02:35:43","guid":{"rendered":"http:\/\/www.notibras.com\/site\/?p=28068"},"modified":"2014-11-12T23:35:43","modified_gmt":"2014-11-13T02:35:43","slug":"brasilia-tem-espaco-falta-querer-dar-casa-a-quem-dela-precisa","status":"publish","type":"post","link":"https:\/\/www.notibras.com\/site\/brasilia-tem-espaco-falta-querer-dar-casa-a-quem-dela-precisa\/","title":{"rendered":"Bras\u00edlia tem espa\u00e7o, falta querer dar casa a quem dela precisa"},"content":{"rendered":"<p>Um projeto habitacional que contemple, verdadeiramente, a popula\u00e7\u00e3o do Distrito Federal. Este tem sido um dos principais desafios dos governantes e pol\u00edticos que, por meio da escolha do povo, chegam ao poder. Com o maior d\u00e9ficit habitacional entre as regi\u00f5es metropolitanas brasileiras, a capital do pa\u00eds precisa avan\u00e7ar nesse setor, mas de forma real e n\u00e3o por meio de n\u00fameros de convoca\u00e7\u00e3o que pouco representam a realidade.<\/p>\n<p>\u00c9 preciso pensar em bairros planejados com infraestrutura completa e que n\u00e3o s\u00f3 solucionem os problemas de moradia, mas que assegurem dignidade e qualidade de vida. Defendo a retomada da distribui\u00e7\u00e3o de lotes para os mais humildes, mas desde que o antigo modelo seja revisto. Antes de assentar as fam\u00edlias, \u00e9 necess\u00e1rio proporcionar condi\u00e7\u00f5es de vida, como asfalto, saneamento, \u00e1guas, energia e equipamentos p\u00fablicos.<\/p>\n<blockquote><p>Atualmente o Distrito Federal conta com \u00e1reas p\u00fablicas nas quais poderiam ser constru\u00eddas mais de 65 mil resid\u00eancias, reduzindo consideravelmente a longa lista de espera do sistema habitacional. Os terrenos est\u00e3o espalhados por todas as regi\u00f5es: Ceil\u00e2ndia, Samambaia, Santa Maria, Recanto das Emas, Planaltina e Parano\u00e1, por exemplo.<\/p><\/blockquote>\n<p>Outro fator que deve ser respeitado \u00e9 o percentual de domic\u00edlios entregues a fam\u00edlias de pessoas com defici\u00eancia. Contudo, o modelo atual, que consiste na venda de apartamentos, torna invi\u00e1vel o que prev\u00ea a Lei, tendo em vista a falta de acessibilidade das constru\u00e7\u00f5es que n\u00e3o possuem elevadores, entre outros problemas.<\/p>\n<p>\u00c9 preciso olhar com aten\u00e7\u00e3o para aqueles que aqui chegaram ainda na d\u00e9cada de 1970, mas que vivem de alugue ou, hoje, de favor na casa de filhos e parentes. \u00c9 realizar o t\u00e3o almejado sonho da casa pr\u00f3pria. Mas sem penalizar essa parcela da popula\u00e7\u00e3o que j\u00e1 vive com t\u00e3o pouco com o fantasma de um financiamento banc\u00e1rio.<\/p>\n<p>A falta de documenta\u00e7\u00e3o de parte consider\u00e1vel dos domic\u00edlios do DF tamb\u00e9m deve ser corrigida. As fam\u00edlias t\u00eam onde morar, mas n\u00e3o possuem escritura e n\u00e3o podem dizer, de fato, que s\u00e3o as donas e suas pr\u00f3prias casas. Sem falar na falta de regulariza\u00e7\u00e3o.<\/p>\n<p>Tamb\u00e9m \u00e9 preciso olhar para os filhos de Bras\u00edlia. Quantos jovens e, hoje, pais de fam\u00edlia aqui nasceram e ainda n\u00e3o tem onde morar? Desde 2008, com a eleva\u00e7\u00e3o do valor dos im\u00f3veis em todo o pa\u00eds, principalmente motivada pela especula\u00e7\u00e3o causada pelas construtoras e imobili\u00e1rias com o lan\u00e7amento do programa &#8220;Minha casa minha vida&#8221;, tornou-se quase imposs\u00edvel um jovem adquirir o seu primeiro im\u00f3vel.<\/p>\n<p>O apartamento que custava R$ 65 mil, passou a valer mais de R$ 200 mil. Por\u00e9m, o poder de compra do brasileiro n\u00e3o acompanhou o mesmo avan\u00e7o, o que torna a situa\u00e7\u00e3o ainda mais grave. Um problema que tamb\u00e9m deve ser observado com aten\u00e7\u00e3o.<\/p>\n<p>Muitas pessoas que compraram suas casas n\u00e3o conseguem assumir as presta\u00e7\u00f5es, j\u00e1 que o valor dos im\u00f3veis subiu de forma t\u00e3o expressiva e em pouco tempo que, quem comprou na planta se deparou com uma surpresa na hora de financiar o saldo devedor e receber as chaves de suas casas. \u00c9 quando o sonho para muitos se torna pesadelo.<\/p>\n<p>Por todos esses motivos defendo e acredito ser necess\u00e1rio repensar a atual pol\u00edtica habitacional e olhar para cada parcela da sociedade com a aten\u00e7\u00e3o que ela requer. Tratando o desigual com desigualdade e respeitando as necessidades de cada fam\u00edlia.<\/p>\n<p><strong>Paulo Roriz, deputado distrital<\/strong><\/p>\n","protected":false},"excerpt":{"rendered":"<p>Um projeto habitacional que contemple, verdadeiramente, a popula\u00e7\u00e3o do Distrito Federal. Este tem sido um dos principais desafios dos governantes e pol\u00edticos que, por meio da escolha do povo, chegam ao poder. Com o maior d\u00e9ficit habitacional entre as regi\u00f5es metropolitanas brasileiras, a capital do pa\u00eds precisa avan\u00e7ar nesse setor, mas de forma real e [&hellip;]<\/p>\n","protected":false},"author":2,"featured_media":28069,"comment_status":"open","ping_status":"closed","sticky":false,"template":"","format":"standard","meta":{"_acf_changed":false,"footnotes":""},"categories":[25],"tags":[],"class_list":["post-28068","post","type-post","status-publish","format-standard","has-post-thumbnail","hentry","category-opina-ai"],"acf":[],"yoast_head":"<!-- This site is optimized with the Yoast SEO plugin v27.2 - https:\/\/yoast.com\/product\/yoast-seo-wordpress\/ -->\n<title>Bras\u00edlia tem espa\u00e7o, falta querer dar casa a quem dela precisa - Notibras<\/title>\n<meta name=\"robots\" content=\"index, follow, max-snippet:-1, max-image-preview:large, max-video-preview:-1\" \/>\n<link rel=\"canonical\" href=\"https:\/\/www.notibras.com\/site\/brasilia-tem-espaco-falta-querer-dar-casa-a-quem-dela-precisa\/\" \/>\n<meta property=\"og:locale\" content=\"pt_BR\" \/>\n<meta property=\"og:type\" content=\"article\" \/>\n<meta property=\"og:title\" content=\"Bras\u00edlia tem espa\u00e7o, falta querer dar casa a quem dela precisa - Notibras\" \/>\n<meta property=\"og:description\" content=\"Um projeto habitacional que contemple, verdadeiramente, a popula\u00e7\u00e3o do Distrito Federal. Este tem sido um dos principais desafios dos governantes e pol\u00edticos que, por meio da escolha do povo, chegam ao poder. Com o maior d\u00e9ficit habitacional entre as regi\u00f5es metropolitanas brasileiras, a capital do pa\u00eds precisa avan\u00e7ar nesse setor, mas de forma real e [&hellip;]\" \/>\n<meta property=\"og:url\" content=\"https:\/\/www.notibras.com\/site\/brasilia-tem-espaco-falta-querer-dar-casa-a-quem-dela-precisa\/\" \/>\n<meta property=\"og:site_name\" content=\"Notibras\" \/>\n<meta property=\"article:publisher\" content=\"https:\/\/www.facebook.com\/notibras\/\" \/>\n<meta property=\"article:published_time\" content=\"2014-11-13T02:35:43+00:00\" \/>\n<meta property=\"og:image\" content=\"https:\/\/www.notibras.com\/site\/wp-content\/uploads\/2014\/11\/00.jpg\" \/>\n\t<meta property=\"og:image:width\" content=\"600\" \/>\n\t<meta property=\"og:image:height\" content=\"398\" \/>\n\t<meta property=\"og:image:type\" content=\"image\/jpeg\" \/>\n<meta name=\"author\" content=\"Reda\u00e7\u00e3o\" \/>\n<meta name=\"twitter:card\" content=\"summary_large_image\" \/>\n<meta name=\"twitter:creator\" content=\"@Notibras\" \/>\n<meta name=\"twitter:site\" content=\"@Notibras\" \/>\n<meta name=\"twitter:label1\" content=\"Escrito por\" \/>\n\t<meta name=\"twitter:data1\" content=\"Reda\u00e7\u00e3o\" \/>\n\t<meta name=\"twitter:label2\" content=\"Est. tempo de leitura\" \/>\n\t<meta name=\"twitter:data2\" content=\"3 minutos\" \/>\n<script type=\"application\/ld+json\" class=\"yoast-schema-graph\">{\"@context\":\"https:\/\/schema.org\",\"@graph\":[{\"@type\":\"Article\",\"@id\":\"https:\/\/www.notibras.com\/site\/brasilia-tem-espaco-falta-querer-dar-casa-a-quem-dela-precisa\/#article\",\"isPartOf\":{\"@id\":\"https:\/\/www.notibras.com\/site\/brasilia-tem-espaco-falta-querer-dar-casa-a-quem-dela-precisa\/\"},\"author\":{\"name\":\"Reda\u00e7\u00e3o\",\"@id\":\"https:\/\/www.notibras.com\/site\/#\/schema\/person\/36ab0979449956132d3e5b517ea76ac8\"},\"headline\":\"Bras\u00edlia tem espa\u00e7o, falta querer dar casa a quem dela precisa\",\"datePublished\":\"2014-11-13T02:35:43+00:00\",\"mainEntityOfPage\":{\"@id\":\"https:\/\/www.notibras.com\/site\/brasilia-tem-espaco-falta-querer-dar-casa-a-quem-dela-precisa\/\"},\"wordCount\":616,\"commentCount\":0,\"publisher\":{\"@id\":\"https:\/\/www.notibras.com\/site\/#organization\"},\"image\":{\"@id\":\"https:\/\/www.notibras.com\/site\/brasilia-tem-espaco-falta-querer-dar-casa-a-quem-dela-precisa\/#primaryimage\"},\"thumbnailUrl\":\"https:\/\/www.notibras.com\/site\/wp-content\/uploads\/2014\/11\/00.jpg\",\"articleSection\":[\"Opina a\u00ed\"],\"inLanguage\":\"pt-BR\",\"potentialAction\":[{\"@type\":\"CommentAction\",\"name\":\"Comment\",\"target\":[\"https:\/\/www.notibras.com\/site\/brasilia-tem-espaco-falta-querer-dar-casa-a-quem-dela-precisa\/#respond\"]}]},{\"@type\":\"WebPage\",\"@id\":\"https:\/\/www.notibras.com\/site\/brasilia-tem-espaco-falta-querer-dar-casa-a-quem-dela-precisa\/\",\"url\":\"https:\/\/www.notibras.com\/site\/brasilia-tem-espaco-falta-querer-dar-casa-a-quem-dela-precisa\/\",\"name\":\"Bras\u00edlia tem espa\u00e7o, falta querer dar casa a quem dela precisa - Notibras\",\"isPartOf\":{\"@id\":\"https:\/\/www.notibras.com\/site\/#website\"},\"primaryImageOfPage\":{\"@id\":\"https:\/\/www.notibras.com\/site\/brasilia-tem-espaco-falta-querer-dar-casa-a-quem-dela-precisa\/#primaryimage\"},\"image\":{\"@id\":\"https:\/\/www.notibras.com\/site\/brasilia-tem-espaco-falta-querer-dar-casa-a-quem-dela-precisa\/#primaryimage\"},\"thumbnailUrl\":\"https:\/\/www.notibras.com\/site\/wp-content\/uploads\/2014\/11\/00.jpg\",\"datePublished\":\"2014-11-13T02:35:43+00:00\",\"breadcrumb\":{\"@id\":\"https:\/\/www.notibras.com\/site\/brasilia-tem-espaco-falta-querer-dar-casa-a-quem-dela-precisa\/#breadcrumb\"},\"inLanguage\":\"pt-BR\",\"potentialAction\":[{\"@type\":\"ReadAction\",\"target\":[\"https:\/\/www.notibras.com\/site\/brasilia-tem-espaco-falta-querer-dar-casa-a-quem-dela-precisa\/\"]}]},{\"@type\":\"ImageObject\",\"inLanguage\":\"pt-BR\",\"@id\":\"https:\/\/www.notibras.com\/site\/brasilia-tem-espaco-falta-querer-dar-casa-a-quem-dela-precisa\/#primaryimage\",\"url\":\"https:\/\/www.notibras.com\/site\/wp-content\/uploads\/2014\/11\/00.jpg\",\"contentUrl\":\"https:\/\/www.notibras.com\/site\/wp-content\/uploads\/2014\/11\/00.jpg\",\"width\":600,\"height\":398},{\"@type\":\"BreadcrumbList\",\"@id\":\"https:\/\/www.notibras.com\/site\/brasilia-tem-espaco-falta-querer-dar-casa-a-quem-dela-precisa\/#breadcrumb\",\"itemListElement\":[{\"@type\":\"ListItem\",\"position\":1,\"name\":\"In\u00edcio\",\"item\":\"https:\/\/www.notibras.com\/site\/\"},{\"@type\":\"ListItem\",\"position\":2,\"name\":\"Bras\u00edlia tem espa\u00e7o, falta querer dar casa a quem dela precisa\"}]},{\"@type\":\"WebSite\",\"@id\":\"https:\/\/www.notibras.com\/site\/#website\",\"url\":\"https:\/\/www.notibras.com\/site\/\",\"name\":\"Notibras\",\"description\":\"Not\u00edcias de Bras\u00edlia, do Brasil e do Mundo\",\"publisher\":{\"@id\":\"https:\/\/www.notibras.com\/site\/#organization\"},\"potentialAction\":[{\"@type\":\"SearchAction\",\"target\":{\"@type\":\"EntryPoint\",\"urlTemplate\":\"https:\/\/www.notibras.com\/site\/?s={search_term_string}\"},\"query-input\":{\"@type\":\"PropertyValueSpecification\",\"valueRequired\":true,\"valueName\":\"search_term_string\"}}],\"inLanguage\":\"pt-BR\"},{\"@type\":\"Organization\",\"@id\":\"https:\/\/www.notibras.com\/site\/#organization\",\"name\":\"Grupo Notibras de Comunica\u00e7\u00e3o\",\"url\":\"https:\/\/www.notibras.com\/site\/\",\"logo\":{\"@type\":\"ImageObject\",\"inLanguage\":\"pt-BR\",\"@id\":\"https:\/\/www.notibras.com\/site\/#\/schema\/logo\/image\/\",\"url\":\"https:\/\/www.notibras.com\/site\/wp-content\/uploads\/2023\/01\/notibras23.png\",\"contentUrl\":\"https:\/\/www.notibras.com\/site\/wp-content\/uploads\/2023\/01\/notibras23.png\",\"width\":350,\"height\":87,\"caption\":\"Grupo Notibras de Comunica\u00e7\u00e3o\"},\"image\":{\"@id\":\"https:\/\/www.notibras.com\/site\/#\/schema\/logo\/image\/\"},\"sameAs\":[\"https:\/\/www.facebook.com\/notibras\/\",\"https:\/\/x.com\/Notibras\",\"https:\/\/www.instagram.com\/notibras\/\"]},{\"@type\":\"Person\",\"@id\":\"https:\/\/www.notibras.com\/site\/#\/schema\/person\/36ab0979449956132d3e5b517ea76ac8\",\"name\":\"Reda\u00e7\u00e3o\",\"image\":{\"@type\":\"ImageObject\",\"inLanguage\":\"pt-BR\",\"@id\":\"https:\/\/secure.gravatar.com\/avatar\/e0a867bdedb85fd243eadf09663511f96fc81e0720a4a42581f334ad4303aa6b?s=96&d=mm&r=g\",\"url\":\"https:\/\/secure.gravatar.com\/avatar\/e0a867bdedb85fd243eadf09663511f96fc81e0720a4a42581f334ad4303aa6b?s=96&d=mm&r=g\",\"contentUrl\":\"https:\/\/secure.gravatar.com\/avatar\/e0a867bdedb85fd243eadf09663511f96fc81e0720a4a42581f334ad4303aa6b?s=96&d=mm&r=g\",\"caption\":\"Reda\u00e7\u00e3o\"}}]}<\/script>\n<!-- \/ Yoast SEO plugin. -->","yoast_head_json":{"title":"Bras\u00edlia tem espa\u00e7o, falta querer dar casa a quem dela precisa - Notibras","robots":{"index":"index","follow":"follow","max-snippet":"max-snippet:-1","max-image-preview":"max-image-preview:large","max-video-preview":"max-video-preview:-1"},"canonical":"https:\/\/www.notibras.com\/site\/brasilia-tem-espaco-falta-querer-dar-casa-a-quem-dela-precisa\/","og_locale":"pt_BR","og_type":"article","og_title":"Bras\u00edlia tem espa\u00e7o, falta querer dar casa a quem dela precisa - Notibras","og_description":"Um projeto habitacional que contemple, verdadeiramente, a popula\u00e7\u00e3o do Distrito Federal. Este tem sido um dos principais desafios dos governantes e pol\u00edticos que, por meio da escolha do povo, chegam ao poder. Com o maior d\u00e9ficit habitacional entre as regi\u00f5es metropolitanas brasileiras, a capital do pa\u00eds precisa avan\u00e7ar nesse setor, mas de forma real e [&hellip;]","og_url":"https:\/\/www.notibras.com\/site\/brasilia-tem-espaco-falta-querer-dar-casa-a-quem-dela-precisa\/","og_site_name":"Notibras","article_publisher":"https:\/\/www.facebook.com\/notibras\/","article_published_time":"2014-11-13T02:35:43+00:00","og_image":[{"width":600,"height":398,"url":"https:\/\/www.notibras.com\/site\/wp-content\/uploads\/2014\/11\/00.jpg","type":"image\/jpeg"}],"author":"Reda\u00e7\u00e3o","twitter_card":"summary_large_image","twitter_creator":"@Notibras","twitter_site":"@Notibras","twitter_misc":{"Escrito por":"Reda\u00e7\u00e3o","Est. tempo de leitura":"3 minutos"},"schema":{"@context":"https:\/\/schema.org","@graph":[{"@type":"Article","@id":"https:\/\/www.notibras.com\/site\/brasilia-tem-espaco-falta-querer-dar-casa-a-quem-dela-precisa\/#article","isPartOf":{"@id":"https:\/\/www.notibras.com\/site\/brasilia-tem-espaco-falta-querer-dar-casa-a-quem-dela-precisa\/"},"author":{"name":"Reda\u00e7\u00e3o","@id":"https:\/\/www.notibras.com\/site\/#\/schema\/person\/36ab0979449956132d3e5b517ea76ac8"},"headline":"Bras\u00edlia tem espa\u00e7o, falta querer dar casa a quem dela precisa","datePublished":"2014-11-13T02:35:43+00:00","mainEntityOfPage":{"@id":"https:\/\/www.notibras.com\/site\/brasilia-tem-espaco-falta-querer-dar-casa-a-quem-dela-precisa\/"},"wordCount":616,"commentCount":0,"publisher":{"@id":"https:\/\/www.notibras.com\/site\/#organization"},"image":{"@id":"https:\/\/www.notibras.com\/site\/brasilia-tem-espaco-falta-querer-dar-casa-a-quem-dela-precisa\/#primaryimage"},"thumbnailUrl":"https:\/\/www.notibras.com\/site\/wp-content\/uploads\/2014\/11\/00.jpg","articleSection":["Opina a\u00ed"],"inLanguage":"pt-BR","potentialAction":[{"@type":"CommentAction","name":"Comment","target":["https:\/\/www.notibras.com\/site\/brasilia-tem-espaco-falta-querer-dar-casa-a-quem-dela-precisa\/#respond"]}]},{"@type":"WebPage","@id":"https:\/\/www.notibras.com\/site\/brasilia-tem-espaco-falta-querer-dar-casa-a-quem-dela-precisa\/","url":"https:\/\/www.notibras.com\/site\/brasilia-tem-espaco-falta-querer-dar-casa-a-quem-dela-precisa\/","name":"Bras\u00edlia tem espa\u00e7o, falta querer dar casa a quem dela precisa - Notibras","isPartOf":{"@id":"https:\/\/www.notibras.com\/site\/#website"},"primaryImageOfPage":{"@id":"https:\/\/www.notibras.com\/site\/brasilia-tem-espaco-falta-querer-dar-casa-a-quem-dela-precisa\/#primaryimage"},"image":{"@id":"https:\/\/www.notibras.com\/site\/brasilia-tem-espaco-falta-querer-dar-casa-a-quem-dela-precisa\/#primaryimage"},"thumbnailUrl":"https:\/\/www.notibras.com\/site\/wp-content\/uploads\/2014\/11\/00.jpg","datePublished":"2014-11-13T02:35:43+00:00","breadcrumb":{"@id":"https:\/\/www.notibras.com\/site\/brasilia-tem-espaco-falta-querer-dar-casa-a-quem-dela-precisa\/#breadcrumb"},"inLanguage":"pt-BR","potentialAction":[{"@type":"ReadAction","target":["https:\/\/www.notibras.com\/site\/brasilia-tem-espaco-falta-querer-dar-casa-a-quem-dela-precisa\/"]}]},{"@type":"ImageObject","inLanguage":"pt-BR","@id":"https:\/\/www.notibras.com\/site\/brasilia-tem-espaco-falta-querer-dar-casa-a-quem-dela-precisa\/#primaryimage","url":"https:\/\/www.notibras.com\/site\/wp-content\/uploads\/2014\/11\/00.jpg","contentUrl":"https:\/\/www.notibras.com\/site\/wp-content\/uploads\/2014\/11\/00.jpg","width":600,"height":398},{"@type":"BreadcrumbList","@id":"https:\/\/www.notibras.com\/site\/brasilia-tem-espaco-falta-querer-dar-casa-a-quem-dela-precisa\/#breadcrumb","itemListElement":[{"@type":"ListItem","position":1,"name":"In\u00edcio","item":"https:\/\/www.notibras.com\/site\/"},{"@type":"ListItem","position":2,"name":"Bras\u00edlia tem espa\u00e7o, falta querer dar casa a quem dela precisa"}]},{"@type":"WebSite","@id":"https:\/\/www.notibras.com\/site\/#website","url":"https:\/\/www.notibras.com\/site\/","name":"Notibras","description":"Not\u00edcias de Bras\u00edlia, do Brasil e do Mundo","publisher":{"@id":"https:\/\/www.notibras.com\/site\/#organization"},"potentialAction":[{"@type":"SearchAction","target":{"@type":"EntryPoint","urlTemplate":"https:\/\/www.notibras.com\/site\/?s={search_term_string}"},"query-input":{"@type":"PropertyValueSpecification","valueRequired":true,"valueName":"search_term_string"}}],"inLanguage":"pt-BR"},{"@type":"Organization","@id":"https:\/\/www.notibras.com\/site\/#organization","name":"Grupo Notibras de Comunica\u00e7\u00e3o","url":"https:\/\/www.notibras.com\/site\/","logo":{"@type":"ImageObject","inLanguage":"pt-BR","@id":"https:\/\/www.notibras.com\/site\/#\/schema\/logo\/image\/","url":"https:\/\/www.notibras.com\/site\/wp-content\/uploads\/2023\/01\/notibras23.png","contentUrl":"https:\/\/www.notibras.com\/site\/wp-content\/uploads\/2023\/01\/notibras23.png","width":350,"height":87,"caption":"Grupo Notibras de Comunica\u00e7\u00e3o"},"image":{"@id":"https:\/\/www.notibras.com\/site\/#\/schema\/logo\/image\/"},"sameAs":["https:\/\/www.facebook.com\/notibras\/","https:\/\/x.com\/Notibras","https:\/\/www.instagram.com\/notibras\/"]},{"@type":"Person","@id":"https:\/\/www.notibras.com\/site\/#\/schema\/person\/36ab0979449956132d3e5b517ea76ac8","name":"Reda\u00e7\u00e3o","image":{"@type":"ImageObject","inLanguage":"pt-BR","@id":"https:\/\/secure.gravatar.com\/avatar\/e0a867bdedb85fd243eadf09663511f96fc81e0720a4a42581f334ad4303aa6b?s=96&d=mm&r=g","url":"https:\/\/secure.gravatar.com\/avatar\/e0a867bdedb85fd243eadf09663511f96fc81e0720a4a42581f334ad4303aa6b?s=96&d=mm&r=g","contentUrl":"https:\/\/secure.gravatar.com\/avatar\/e0a867bdedb85fd243eadf09663511f96fc81e0720a4a42581f334ad4303aa6b?s=96&d=mm&r=g","caption":"Reda\u00e7\u00e3o"}}]}},"amp_enabled":true,"_links":{"self":[{"href":"https:\/\/www.notibras.com\/site\/wp-json\/wp\/v2\/posts\/28068","targetHints":{"allow":["GET"]}}],"collection":[{"href":"https:\/\/www.notibras.com\/site\/wp-json\/wp\/v2\/posts"}],"about":[{"href":"https:\/\/www.notibras.com\/site\/wp-json\/wp\/v2\/types\/post"}],"author":[{"embeddable":true,"href":"https:\/\/www.notibras.com\/site\/wp-json\/wp\/v2\/users\/2"}],"replies":[{"embeddable":true,"href":"https:\/\/www.notibras.com\/site\/wp-json\/wp\/v2\/comments?post=28068"}],"version-history":[{"count":0,"href":"https:\/\/www.notibras.com\/site\/wp-json\/wp\/v2\/posts\/28068\/revisions"}],"wp:featuredmedia":[{"embeddable":true,"href":"https:\/\/www.notibras.com\/site\/wp-json\/wp\/v2\/media\/28069"}],"wp:attachment":[{"href":"https:\/\/www.notibras.com\/site\/wp-json\/wp\/v2\/media?parent=28068"}],"wp:term":[{"taxonomy":"category","embeddable":true,"href":"https:\/\/www.notibras.com\/site\/wp-json\/wp\/v2\/categories?post=28068"},{"taxonomy":"post_tag","embeddable":true,"href":"https:\/\/www.notibras.com\/site\/wp-json\/wp\/v2\/tags?post=28068"}],"curies":[{"name":"wp","href":"https:\/\/api.w.org\/{rel}","templated":true}]}}