{"id":28105,"date":"2014-11-13T15:42:32","date_gmt":"2014-11-13T18:42:32","guid":{"rendered":"http:\/\/www.notibras.com\/site\/?p=28105"},"modified":"2014-11-13T23:41:04","modified_gmt":"2014-11-14T02:41:04","slug":"ans-anuncia-suspensao-de-65-planos-de-saude-de-16-operadoras","status":"publish","type":"post","link":"https:\/\/www.notibras.com\/site\/ans-anuncia-suspensao-de-65-planos-de-saude-de-16-operadoras\/","title":{"rendered":"ANS suspende 65 planos de sa\u00fade de 16 operadoras"},"content":{"rendered":"<p>A Ag\u00eancia Nacional de Sa\u00fade Suplementar (ANS) suspender\u00e1 a partir desta sexta-feira (14) a venda de 65 planos de sa\u00fade de 16 operadoras.<\/p>\n<p>As empresas s\u00e3o punidas por desrespeitar os prazos m\u00e1ximos de atendimento e por negar coberturas de determinados procedimentos, conforme uma resolu\u00e7\u00e3o de 2011.<\/p>\n<p>Al\u00e9m de a venda dos planos ficar suspensa por tr\u00eas meses, as operadoras tamb\u00e9m podem ter de pagar multa que varia de R$ 80 mil a R$ 100 mil.<\/p>\n<p>Para verificar o cumprimento da resolu\u00e7\u00e3o, a ANS vem monitorando os planos de sa\u00fade por meio de reclama\u00e7\u00f5es feitas em seus canais de relacionamento.<\/p>\n<blockquote><p><strong>Planos de sa\u00fade que tiveram a venda suspensa:<\/strong><\/p>\n<p><strong>ALLIANZ SA\u00daDE S\/A<\/strong><br \/>\n410190991 SUPERIEUR 10<br \/>\n410191990 SUPERIEUR 20<br \/>\n433374008 SUPERIEUR 20 PME<br \/>\n433379009 EXCELLENCE 10 PME<\/p>\n<p><strong>ASSOCIA\u00c7\u00c3O AUXILIADORA DAS CLASSES LABORIOSAS<\/strong><br \/>\n466019116 PRIME<br \/>\n466021118 LINE<\/p>\n<p><strong>BIOVIDA SA\u00daDE LTDA.<\/strong><br \/>\n466365129 UNISIS I\/F ENFERMARIA<br \/>\n466366127 UNISIS I\/F APARTAMENTO<br \/>\n466367125 SENIOR I\/F ENFERMARIA<br \/>\n467068120 UNISIS CE ENFERMARIA<\/p>\n<p><strong>CAIXA SEGURADORA ESPECIALIZADA EM SA\u00daDE S\/A<\/strong><br \/>\n465099119 SA\u00daDE VITAL<br \/>\n465100116 SA\u00daDE VITAL ENFERMARIA<br \/>\n465104119 SA\u00daDE VITAL ENFERMARIA-CO<br \/>\n465106115 SA\u00daDE PRONTO<br \/>\n465867111 ODONTO VITAL-PF<\/p>\n<p><strong>CASA DE SA\u00daDE S\u00c3O BERNARDO S\/A<\/strong><br \/>\n450216047 Capixaba Total Executivo com Obstetr\u00edcia<\/p>\n<p><strong>CENTRO TRASMONTANO DE SAO PAULO<\/strong><br \/>\n469624137 PLENO<\/p>\n<p><strong>COOPUS &#8211; COOPERATIVA DE USU\u00c1RIOS DO SISTEMA DE SA\u00daDE DE CAMPINAS<\/strong><br \/>\n422576997 134.1.1 &#8211; Amb + Hosp com Obstetr\u00edcia + Odontol\u00f3gico QC C<\/p>\n<p><strong>GREEN LINE SISTEMA DE SA\u00daDE S.A<\/strong><br \/>\n704057991 MASTER<\/p>\n<p><strong>MINAS CENTER MED LTDA<\/strong><br \/>\n435254018 HOSPITALAR I<br \/>\n459730093 CENTERMED ESPECIAL ENFERMARIA<br \/>\n462131100 CENTERMED ESPECIAL INDIVIDUAL\/ FAMILIAR<\/p>\n<p><strong>PLAMED PLANO DE ASSISTENCIA MEDICA LTDA<\/strong><br \/>\n412781991 PLAMED STANDARD II<br \/>\n427155996 PLAMED GOLD I<\/p>\n<p><strong>SANTO ANDR\u00c9 PLANOS DE ASSISTENCIA M\u00c9DICA LTDA.<\/strong><br \/>\n456407073 RUBI<\/p>\n<p><strong>UNI\u00c3O HOSPITALAR OPERADORA DE PLANOS DE SA\u00daDE LTDA<\/strong><br \/>\n442188034 UH X &#8211; AMB + HOSPITALAR SEM OBSTETRICIA QUARTO COLETIVO<br \/>\n465366111 Plano UH Master 110 Coletivo Empresarial &#8211; Rede B\u00e1sica I QC<br \/>\n466191125 Plano UH Master 110 Coletivo por Ades\u00e3o &#8211; Rede B\u00e1sica I QC<\/p>\n<p><strong>UNIMED DO ABC &#8211; COOPERATIVA DE TRABALHO M\u00c9DICO<\/strong><br \/>\n400472998 Unideal Empresarial Enfermaria<br \/>\n422774993 Unideal Enfermaria &#8211; Ades\u00e3o<br \/>\n463226105 UNIPLAN SA\u00daDE TOTAL B\u00c1SICO CO-PARTICIPATIVO<br \/>\n463541108 Unideal Empresarial Enfermaria<\/p>\n<p><strong>UNIMED ITABUNA COOPERATIVA DE TRABALHO MEDICO<\/strong><br \/>\n436355018 UNIVIDA B\u00c1SICO EMPRESARIAL NACIONAL<\/p>\n<p><strong>UNIMED PAULISTANA SOCIEDADE COOPERATIVA DE TRABALHO M\u00c9DICO<\/strong><br \/>\n401044992 MASTER<br \/>\n433247004 UNIPLAN PLENO<br \/>\n445901036 PADR\u00c3O<br \/>\n445902034 INTEGRAL<br \/>\n445903032 SUPREMO<br \/>\n455209061 Integral Uniplan Ades\u00e3o<br \/>\n455210065 Integral Uniplan Individual<br \/>\n455211063 Padr\u00e3o Uniplan Ades\u00e3o<br \/>\n455215066 Supremo Uniplan Ades\u00e3o<br \/>\n455226061 Integral Uniplan Empresarial<br \/>\n455228068 Original Apartamento Empresarial<br \/>\n455229066 Original Apartamento Individual<br \/>\n455230060 Original Enfermaria Ades\u00e3o<br \/>\n455243061 Sigma Individual<br \/>\n461082092 Padr\u00e3o Enfermaria Uniplan Empresarial c\/ Co-Participa\u00e7\u00e3o<br \/>\n461092090 Integral Uniplan Empresarial c\/ Co-Participa\u00e7\u00e3o<br \/>\n467981124 UP BRONZE ENFERMARIA INDIVIDUAL<br \/>\n467984129 UP OURO UNIPLAN ADESAO<br \/>\n467988121 UP OURO UNIPLAN EMPRESARIAL<br \/>\n467992120 UP PRATA UNIPLAN ADESAO<br \/>\n467998129 UP BRONZE ENFERMARIA UNIPLAN EMPRESARIAL<br \/>\n470380134 NEW BRONZE APARTAMENTO INDIVIDUAL<br \/>\n470428142 PADR\u00c3O ADV ENFERMARIA UNIPLAN COPARTICIPA\u00c7\u00c3O EMPRESARIAL<br \/>\n470435145 NEW BRONZE ENFERMARIA INDIVIDUAL<br \/>\n470438140 NEW BRONZE ENFERMARIA UNIPLAN ADES\u00c3O<br \/>\n701003996 MASTER<\/p>\n<p><strong>VIVA PLANOS DE SA\u00daDE LTDA<\/strong><br \/>\n457591081 SA\u00daDE GLOBAL 30<br \/>\n460040091 SA\u00daDE QP &#8211; 11<br \/>\n460047099 SAUDE PE110 QC<br \/>\n460049095 SAUDE PE120 QC<br \/>\n460053093 SA\u00daDE PE 12 QC<br \/>\n468019127 INTERCAP I<\/p><\/blockquote>\n","protected":false},"excerpt":{"rendered":"<p>A Ag\u00eancia Nacional de Sa\u00fade Suplementar (ANS) suspender\u00e1 a partir desta sexta-feira (14) a venda de 65 planos de sa\u00fade de 16 operadoras. As empresas s\u00e3o punidas por desrespeitar os prazos m\u00e1ximos de atendimento e por negar coberturas de determinados procedimentos, conforme uma resolu\u00e7\u00e3o de 2011. Al\u00e9m de a venda dos planos ficar suspensa por [&hellip;]<\/p>\n","protected":false},"author":1,"featured_media":28106,"comment_status":"open","ping_status":"closed","sticky":false,"template":"","format":"standard","meta":{"_acf_changed":false,"footnotes":""},"categories":[16],"tags":[],"class_list":["post-28105","post","type-post","status-publish","format-standard","has-post-thumbnail","hentry","category-brasil"],"acf":[],"yoast_head":"<!-- This site is optimized with the Yoast SEO plugin v27.2 - https:\/\/yoast.com\/product\/yoast-seo-wordpress\/ -->\n<title>ANS suspende 65 planos de sa\u00fade de 16 operadoras - Notibras<\/title>\n<meta name=\"robots\" content=\"index, follow, max-snippet:-1, max-image-preview:large, max-video-preview:-1\" \/>\n<link rel=\"canonical\" href=\"https:\/\/www.notibras.com\/site\/ans-anuncia-suspensao-de-65-planos-de-saude-de-16-operadoras\/\" \/>\n<meta property=\"og:locale\" content=\"pt_BR\" \/>\n<meta property=\"og:type\" content=\"article\" \/>\n<meta property=\"og:title\" content=\"ANS suspende 65 planos de sa\u00fade de 16 operadoras - Notibras\" \/>\n<meta property=\"og:description\" content=\"A Ag\u00eancia Nacional de Sa\u00fade Suplementar (ANS) suspender\u00e1 a partir desta sexta-feira (14) a venda de 65 planos de sa\u00fade de 16 operadoras. As empresas s\u00e3o punidas por desrespeitar os prazos m\u00e1ximos de atendimento e por negar coberturas de determinados procedimentos, conforme uma resolu\u00e7\u00e3o de 2011. Al\u00e9m de a venda dos planos ficar suspensa por [&hellip;]\" \/>\n<meta property=\"og:url\" content=\"https:\/\/www.notibras.com\/site\/ans-anuncia-suspensao-de-65-planos-de-saude-de-16-operadoras\/\" \/>\n<meta property=\"og:site_name\" content=\"Notibras\" \/>\n<meta property=\"article:publisher\" content=\"https:\/\/www.facebook.com\/notibras\/\" \/>\n<meta property=\"article:published_time\" content=\"2014-11-13T18:42:32+00:00\" \/>\n<meta property=\"article:modified_time\" content=\"2014-11-14T02:41:04+00:00\" \/>\n<meta property=\"og:image\" content=\"https:\/\/www.notibras.com\/site\/wp-content\/uploads\/2014\/11\/Sem-t\u00edtulo-172.jpg\" \/>\n\t<meta property=\"og:image:width\" content=\"550\" \/>\n\t<meta property=\"og:image:height\" content=\"341\" \/>\n\t<meta property=\"og:image:type\" content=\"image\/jpeg\" \/>\n<meta name=\"author\" content=\"Reda\u00e7\u00e3o\" \/>\n<meta name=\"twitter:card\" content=\"summary_large_image\" \/>\n<meta name=\"twitter:creator\" content=\"@Notibras\" \/>\n<meta name=\"twitter:site\" content=\"@Notibras\" \/>\n<meta name=\"twitter:label1\" content=\"Escrito por\" \/>\n\t<meta name=\"twitter:data1\" content=\"Reda\u00e7\u00e3o\" \/>\n\t<meta name=\"twitter:label2\" content=\"Est. tempo de leitura\" \/>\n\t<meta name=\"twitter:data2\" content=\"2 minutos\" \/>\n<script type=\"application\/ld+json\" class=\"yoast-schema-graph\">{\"@context\":\"https:\/\/schema.org\",\"@graph\":[{\"@type\":\"Article\",\"@id\":\"https:\/\/www.notibras.com\/site\/ans-anuncia-suspensao-de-65-planos-de-saude-de-16-operadoras\/#article\",\"isPartOf\":{\"@id\":\"https:\/\/www.notibras.com\/site\/ans-anuncia-suspensao-de-65-planos-de-saude-de-16-operadoras\/\"},\"author\":{\"name\":\"Reda\u00e7\u00e3o\",\"@id\":\"https:\/\/www.notibras.com\/site\/#\/schema\/person\/00b8e1aa08f9ef6563e878c5159d01cf\"},\"headline\":\"ANS suspende 65 planos de sa\u00fade de 16 operadoras\",\"datePublished\":\"2014-11-13T18:42:32+00:00\",\"dateModified\":\"2014-11-14T02:41:04+00:00\",\"mainEntityOfPage\":{\"@id\":\"https:\/\/www.notibras.com\/site\/ans-anuncia-suspensao-de-65-planos-de-saude-de-16-operadoras\/\"},\"wordCount\":481,\"commentCount\":0,\"publisher\":{\"@id\":\"https:\/\/www.notibras.com\/site\/#organization\"},\"image\":{\"@id\":\"https:\/\/www.notibras.com\/site\/ans-anuncia-suspensao-de-65-planos-de-saude-de-16-operadoras\/#primaryimage\"},\"thumbnailUrl\":\"https:\/\/www.notibras.com\/site\/wp-content\/uploads\/2014\/11\/Sem-t\u00edtulo-172.jpg\",\"articleSection\":[\"Brasil\"],\"inLanguage\":\"pt-BR\",\"potentialAction\":[{\"@type\":\"CommentAction\",\"name\":\"Comment\",\"target\":[\"https:\/\/www.notibras.com\/site\/ans-anuncia-suspensao-de-65-planos-de-saude-de-16-operadoras\/#respond\"]}]},{\"@type\":\"WebPage\",\"@id\":\"https:\/\/www.notibras.com\/site\/ans-anuncia-suspensao-de-65-planos-de-saude-de-16-operadoras\/\",\"url\":\"https:\/\/www.notibras.com\/site\/ans-anuncia-suspensao-de-65-planos-de-saude-de-16-operadoras\/\",\"name\":\"ANS suspende 65 planos de sa\u00fade de 16 operadoras - Notibras\",\"isPartOf\":{\"@id\":\"https:\/\/www.notibras.com\/site\/#website\"},\"primaryImageOfPage\":{\"@id\":\"https:\/\/www.notibras.com\/site\/ans-anuncia-suspensao-de-65-planos-de-saude-de-16-operadoras\/#primaryimage\"},\"image\":{\"@id\":\"https:\/\/www.notibras.com\/site\/ans-anuncia-suspensao-de-65-planos-de-saude-de-16-operadoras\/#primaryimage\"},\"thumbnailUrl\":\"https:\/\/www.notibras.com\/site\/wp-content\/uploads\/2014\/11\/Sem-t\u00edtulo-172.jpg\",\"datePublished\":\"2014-11-13T18:42:32+00:00\",\"dateModified\":\"2014-11-14T02:41:04+00:00\",\"breadcrumb\":{\"@id\":\"https:\/\/www.notibras.com\/site\/ans-anuncia-suspensao-de-65-planos-de-saude-de-16-operadoras\/#breadcrumb\"},\"inLanguage\":\"pt-BR\",\"potentialAction\":[{\"@type\":\"ReadAction\",\"target\":[\"https:\/\/www.notibras.com\/site\/ans-anuncia-suspensao-de-65-planos-de-saude-de-16-operadoras\/\"]}]},{\"@type\":\"ImageObject\",\"inLanguage\":\"pt-BR\",\"@id\":\"https:\/\/www.notibras.com\/site\/ans-anuncia-suspensao-de-65-planos-de-saude-de-16-operadoras\/#primaryimage\",\"url\":\"https:\/\/www.notibras.com\/site\/wp-content\/uploads\/2014\/11\/Sem-t\u00edtulo-172.jpg\",\"contentUrl\":\"https:\/\/www.notibras.com\/site\/wp-content\/uploads\/2014\/11\/Sem-t\u00edtulo-172.jpg\",\"width\":550,\"height\":341},{\"@type\":\"BreadcrumbList\",\"@id\":\"https:\/\/www.notibras.com\/site\/ans-anuncia-suspensao-de-65-planos-de-saude-de-16-operadoras\/#breadcrumb\",\"itemListElement\":[{\"@type\":\"ListItem\",\"position\":1,\"name\":\"In\u00edcio\",\"item\":\"https:\/\/www.notibras.com\/site\/\"},{\"@type\":\"ListItem\",\"position\":2,\"name\":\"ANS suspende 65 planos de sa\u00fade de 16 operadoras\"}]},{\"@type\":\"WebSite\",\"@id\":\"https:\/\/www.notibras.com\/site\/#website\",\"url\":\"https:\/\/www.notibras.com\/site\/\",\"name\":\"Notibras\",\"description\":\"Not\u00edcias de Bras\u00edlia, do Brasil e do Mundo\",\"publisher\":{\"@id\":\"https:\/\/www.notibras.com\/site\/#organization\"},\"potentialAction\":[{\"@type\":\"SearchAction\",\"target\":{\"@type\":\"EntryPoint\",\"urlTemplate\":\"https:\/\/www.notibras.com\/site\/?s={search_term_string}\"},\"query-input\":{\"@type\":\"PropertyValueSpecification\",\"valueRequired\":true,\"valueName\":\"search_term_string\"}}],\"inLanguage\":\"pt-BR\"},{\"@type\":\"Organization\",\"@id\":\"https:\/\/www.notibras.com\/site\/#organization\",\"name\":\"Grupo Notibras de Comunica\u00e7\u00e3o\",\"url\":\"https:\/\/www.notibras.com\/site\/\",\"logo\":{\"@type\":\"ImageObject\",\"inLanguage\":\"pt-BR\",\"@id\":\"https:\/\/www.notibras.com\/site\/#\/schema\/logo\/image\/\",\"url\":\"https:\/\/www.notibras.com\/site\/wp-content\/uploads\/2023\/01\/notibras23.png\",\"contentUrl\":\"https:\/\/www.notibras.com\/site\/wp-content\/uploads\/2023\/01\/notibras23.png\",\"width\":350,\"height\":87,\"caption\":\"Grupo Notibras de Comunica\u00e7\u00e3o\"},\"image\":{\"@id\":\"https:\/\/www.notibras.com\/site\/#\/schema\/logo\/image\/\"},\"sameAs\":[\"https:\/\/www.facebook.com\/notibras\/\",\"https:\/\/x.com\/Notibras\",\"https:\/\/www.instagram.com\/notibras\/\"]},{\"@type\":\"Person\",\"@id\":\"https:\/\/www.notibras.com\/site\/#\/schema\/person\/00b8e1aa08f9ef6563e878c5159d01cf\",\"name\":\"Reda\u00e7\u00e3o\",\"image\":{\"@type\":\"ImageObject\",\"inLanguage\":\"pt-BR\",\"@id\":\"https:\/\/secure.gravatar.com\/avatar\/ac5a707d5b47784a5ed426c6e213e201423c750890f64e4c379114dade67dfb9?s=96&d=mm&r=g\",\"url\":\"https:\/\/secure.gravatar.com\/avatar\/ac5a707d5b47784a5ed426c6e213e201423c750890f64e4c379114dade67dfb9?s=96&d=mm&r=g\",\"contentUrl\":\"https:\/\/secure.gravatar.com\/avatar\/ac5a707d5b47784a5ed426c6e213e201423c750890f64e4c379114dade67dfb9?s=96&d=mm&r=g\",\"caption\":\"Reda\u00e7\u00e3o\"}}]}<\/script>\n<!-- \/ Yoast SEO plugin. -->","yoast_head_json":{"title":"ANS suspende 65 planos de sa\u00fade de 16 operadoras - Notibras","robots":{"index":"index","follow":"follow","max-snippet":"max-snippet:-1","max-image-preview":"max-image-preview:large","max-video-preview":"max-video-preview:-1"},"canonical":"https:\/\/www.notibras.com\/site\/ans-anuncia-suspensao-de-65-planos-de-saude-de-16-operadoras\/","og_locale":"pt_BR","og_type":"article","og_title":"ANS suspende 65 planos de sa\u00fade de 16 operadoras - Notibras","og_description":"A Ag\u00eancia Nacional de Sa\u00fade Suplementar (ANS) suspender\u00e1 a partir desta sexta-feira (14) a venda de 65 planos de sa\u00fade de 16 operadoras. As empresas s\u00e3o punidas por desrespeitar os prazos m\u00e1ximos de atendimento e por negar coberturas de determinados procedimentos, conforme uma resolu\u00e7\u00e3o de 2011. Al\u00e9m de a venda dos planos ficar suspensa por [&hellip;]","og_url":"https:\/\/www.notibras.com\/site\/ans-anuncia-suspensao-de-65-planos-de-saude-de-16-operadoras\/","og_site_name":"Notibras","article_publisher":"https:\/\/www.facebook.com\/notibras\/","article_published_time":"2014-11-13T18:42:32+00:00","article_modified_time":"2014-11-14T02:41:04+00:00","og_image":[{"width":550,"height":341,"url":"https:\/\/www.notibras.com\/site\/wp-content\/uploads\/2014\/11\/Sem-t\u00edtulo-172.jpg","type":"image\/jpeg"}],"author":"Reda\u00e7\u00e3o","twitter_card":"summary_large_image","twitter_creator":"@Notibras","twitter_site":"@Notibras","twitter_misc":{"Escrito por":"Reda\u00e7\u00e3o","Est. tempo de leitura":"2 minutos"},"schema":{"@context":"https:\/\/schema.org","@graph":[{"@type":"Article","@id":"https:\/\/www.notibras.com\/site\/ans-anuncia-suspensao-de-65-planos-de-saude-de-16-operadoras\/#article","isPartOf":{"@id":"https:\/\/www.notibras.com\/site\/ans-anuncia-suspensao-de-65-planos-de-saude-de-16-operadoras\/"},"author":{"name":"Reda\u00e7\u00e3o","@id":"https:\/\/www.notibras.com\/site\/#\/schema\/person\/00b8e1aa08f9ef6563e878c5159d01cf"},"headline":"ANS suspende 65 planos de sa\u00fade de 16 operadoras","datePublished":"2014-11-13T18:42:32+00:00","dateModified":"2014-11-14T02:41:04+00:00","mainEntityOfPage":{"@id":"https:\/\/www.notibras.com\/site\/ans-anuncia-suspensao-de-65-planos-de-saude-de-16-operadoras\/"},"wordCount":481,"commentCount":0,"publisher":{"@id":"https:\/\/www.notibras.com\/site\/#organization"},"image":{"@id":"https:\/\/www.notibras.com\/site\/ans-anuncia-suspensao-de-65-planos-de-saude-de-16-operadoras\/#primaryimage"},"thumbnailUrl":"https:\/\/www.notibras.com\/site\/wp-content\/uploads\/2014\/11\/Sem-t\u00edtulo-172.jpg","articleSection":["Brasil"],"inLanguage":"pt-BR","potentialAction":[{"@type":"CommentAction","name":"Comment","target":["https:\/\/www.notibras.com\/site\/ans-anuncia-suspensao-de-65-planos-de-saude-de-16-operadoras\/#respond"]}]},{"@type":"WebPage","@id":"https:\/\/www.notibras.com\/site\/ans-anuncia-suspensao-de-65-planos-de-saude-de-16-operadoras\/","url":"https:\/\/www.notibras.com\/site\/ans-anuncia-suspensao-de-65-planos-de-saude-de-16-operadoras\/","name":"ANS suspende 65 planos de sa\u00fade de 16 operadoras - Notibras","isPartOf":{"@id":"https:\/\/www.notibras.com\/site\/#website"},"primaryImageOfPage":{"@id":"https:\/\/www.notibras.com\/site\/ans-anuncia-suspensao-de-65-planos-de-saude-de-16-operadoras\/#primaryimage"},"image":{"@id":"https:\/\/www.notibras.com\/site\/ans-anuncia-suspensao-de-65-planos-de-saude-de-16-operadoras\/#primaryimage"},"thumbnailUrl":"https:\/\/www.notibras.com\/site\/wp-content\/uploads\/2014\/11\/Sem-t\u00edtulo-172.jpg","datePublished":"2014-11-13T18:42:32+00:00","dateModified":"2014-11-14T02:41:04+00:00","breadcrumb":{"@id":"https:\/\/www.notibras.com\/site\/ans-anuncia-suspensao-de-65-planos-de-saude-de-16-operadoras\/#breadcrumb"},"inLanguage":"pt-BR","potentialAction":[{"@type":"ReadAction","target":["https:\/\/www.notibras.com\/site\/ans-anuncia-suspensao-de-65-planos-de-saude-de-16-operadoras\/"]}]},{"@type":"ImageObject","inLanguage":"pt-BR","@id":"https:\/\/www.notibras.com\/site\/ans-anuncia-suspensao-de-65-planos-de-saude-de-16-operadoras\/#primaryimage","url":"https:\/\/www.notibras.com\/site\/wp-content\/uploads\/2014\/11\/Sem-t\u00edtulo-172.jpg","contentUrl":"https:\/\/www.notibras.com\/site\/wp-content\/uploads\/2014\/11\/Sem-t\u00edtulo-172.jpg","width":550,"height":341},{"@type":"BreadcrumbList","@id":"https:\/\/www.notibras.com\/site\/ans-anuncia-suspensao-de-65-planos-de-saude-de-16-operadoras\/#breadcrumb","itemListElement":[{"@type":"ListItem","position":1,"name":"In\u00edcio","item":"https:\/\/www.notibras.com\/site\/"},{"@type":"ListItem","position":2,"name":"ANS suspende 65 planos de sa\u00fade de 16 operadoras"}]},{"@type":"WebSite","@id":"https:\/\/www.notibras.com\/site\/#website","url":"https:\/\/www.notibras.com\/site\/","name":"Notibras","description":"Not\u00edcias de Bras\u00edlia, do Brasil e do Mundo","publisher":{"@id":"https:\/\/www.notibras.com\/site\/#organization"},"potentialAction":[{"@type":"SearchAction","target":{"@type":"EntryPoint","urlTemplate":"https:\/\/www.notibras.com\/site\/?s={search_term_string}"},"query-input":{"@type":"PropertyValueSpecification","valueRequired":true,"valueName":"search_term_string"}}],"inLanguage":"pt-BR"},{"@type":"Organization","@id":"https:\/\/www.notibras.com\/site\/#organization","name":"Grupo Notibras de Comunica\u00e7\u00e3o","url":"https:\/\/www.notibras.com\/site\/","logo":{"@type":"ImageObject","inLanguage":"pt-BR","@id":"https:\/\/www.notibras.com\/site\/#\/schema\/logo\/image\/","url":"https:\/\/www.notibras.com\/site\/wp-content\/uploads\/2023\/01\/notibras23.png","contentUrl":"https:\/\/www.notibras.com\/site\/wp-content\/uploads\/2023\/01\/notibras23.png","width":350,"height":87,"caption":"Grupo Notibras de Comunica\u00e7\u00e3o"},"image":{"@id":"https:\/\/www.notibras.com\/site\/#\/schema\/logo\/image\/"},"sameAs":["https:\/\/www.facebook.com\/notibras\/","https:\/\/x.com\/Notibras","https:\/\/www.instagram.com\/notibras\/"]},{"@type":"Person","@id":"https:\/\/www.notibras.com\/site\/#\/schema\/person\/00b8e1aa08f9ef6563e878c5159d01cf","name":"Reda\u00e7\u00e3o","image":{"@type":"ImageObject","inLanguage":"pt-BR","@id":"https:\/\/secure.gravatar.com\/avatar\/ac5a707d5b47784a5ed426c6e213e201423c750890f64e4c379114dade67dfb9?s=96&d=mm&r=g","url":"https:\/\/secure.gravatar.com\/avatar\/ac5a707d5b47784a5ed426c6e213e201423c750890f64e4c379114dade67dfb9?s=96&d=mm&r=g","contentUrl":"https:\/\/secure.gravatar.com\/avatar\/ac5a707d5b47784a5ed426c6e213e201423c750890f64e4c379114dade67dfb9?s=96&d=mm&r=g","caption":"Reda\u00e7\u00e3o"}}]}},"amp_enabled":true,"_links":{"self":[{"href":"https:\/\/www.notibras.com\/site\/wp-json\/wp\/v2\/posts\/28105","targetHints":{"allow":["GET"]}}],"collection":[{"href":"https:\/\/www.notibras.com\/site\/wp-json\/wp\/v2\/posts"}],"about":[{"href":"https:\/\/www.notibras.com\/site\/wp-json\/wp\/v2\/types\/post"}],"author":[{"embeddable":true,"href":"https:\/\/www.notibras.com\/site\/wp-json\/wp\/v2\/users\/1"}],"replies":[{"embeddable":true,"href":"https:\/\/www.notibras.com\/site\/wp-json\/wp\/v2\/comments?post=28105"}],"version-history":[{"count":0,"href":"https:\/\/www.notibras.com\/site\/wp-json\/wp\/v2\/posts\/28105\/revisions"}],"wp:featuredmedia":[{"embeddable":true,"href":"https:\/\/www.notibras.com\/site\/wp-json\/wp\/v2\/media\/28106"}],"wp:attachment":[{"href":"https:\/\/www.notibras.com\/site\/wp-json\/wp\/v2\/media?parent=28105"}],"wp:term":[{"taxonomy":"category","embeddable":true,"href":"https:\/\/www.notibras.com\/site\/wp-json\/wp\/v2\/categories?post=28105"},{"taxonomy":"post_tag","embeddable":true,"href":"https:\/\/www.notibras.com\/site\/wp-json\/wp\/v2\/tags?post=28105"}],"curies":[{"name":"wp","href":"https:\/\/api.w.org\/{rel}","templated":true}]}}