{"id":28164,"date":"2014-11-13T20:45:47","date_gmt":"2014-11-13T23:45:47","guid":{"rendered":"http:\/\/www.notibras.com\/site\/?p=28164"},"modified":"2014-11-14T09:03:44","modified_gmt":"2014-11-14T12:03:44","slug":"oab-vai-pedir-o-afastamento-de-juiz-envolvido-em-polemica-com-agente-da-lei-seca","status":"publish","type":"post","link":"https:\/\/www.notibras.com\/site\/oab-vai-pedir-o-afastamento-de-juiz-envolvido-em-polemica-com-agente-da-lei-seca\/","title":{"rendered":"OAB quer afastar juiz-deus envolvido em pol\u00eamica com agente em blitz da Lei Seca"},"content":{"rendered":"<p>A Ordem dos Advogados Brasileiros do Rio (OAB-RJ) vai pedir o afastamento imediato do juiz Jo\u00e3o Carlos de Souza Correa, envolvido em pol\u00eamicas ap\u00f3s ter processado a agente de tr\u00e2nsito Luciana Silva Tamburini, que o parou numa blitz da Lei Seca. Na ocasi\u00e3o, ela afirmou que \u201cjuiz n\u00e3o \u00e9 Deus\u201d. Uma peti\u00e7\u00e3o ser\u00e1 entregue \u00e0s corregedorias do Conselho Nacional de Justi\u00e7a (CNJ) e do Tribunal de Justi\u00e7a (TJ) pedindo que os \u00f3rg\u00e3os investiguem pelo menos quatro acusa\u00e7\u00f5es contra o magistrado.<\/p>\n<p>\u2014 Vamos encaminhar o pedido nesta sexta-feira e vou pedir uma audi\u00eancia com o corregedor para apresentar as den\u00fancias pessoalmente \u2014 afirmou o presidente da OAB-RJ, Felipe Santa Cruz.<\/p>\n<blockquote><p>A Ordem quer que o juiz seja afastado at\u00e9 que as den\u00fancias contra ele sejam apuradas. De acordo com a entidade, apesar de ju\u00edzes de primeira inst\u00e2ncia n\u00e3o terem o direito a carro com placa, ele teria mandado fazer uma com os dizeres \u201cArma\u00e7\u00e3o dos B\u00fazios &#8211; Juiz Titular\u201d em um ve\u00edculo preto. O objetivo era simular um carro oficial.<\/p><\/blockquote>\n<p>Em outra ocasi\u00e3o, Jo\u00e3o Carlos teria mandado todos os clientes de um restaurante sa\u00edrem de um estabelecimento por causa de uma suposta \u201creuni\u00e3o sigilosa do Judici\u00e1rio\u201d. Apenas uma pessoa teria ficado, e o juiz teria perguntado o porqu\u00ea. O rapaz se apresentou como filho de desembargador. E, ent\u00e3o, teria sido convidado a permanecer no local.<\/p>\n<blockquote><p>Na reuni\u00e3o realizada na sede da OAB, o conselheiro Vanderley Ribeiro tamb\u00e9m apresentou uma den\u00fancia contra Jo\u00e3o Carlos. Ele contou que defendia a jornalista Beth Prata, desafeto do juiz em B\u00fazios. O advogado afirmou que, certa vez, recebeu uma liga\u00e7\u00e3o do magistrado e ouviu \u201cQuem \u00e9 amigo da Beth \u00e9 meu inimigo\u201d. Vanderley declarou que teria perdido cerca de dez clientes por press\u00e3o do juiz.<\/p><\/blockquote>\n<p>A jornalista Beth Prata esteve na reuni\u00e3o e se apresentou como uma \u201cv\u00edtima de Jo\u00e3o Carlos\u201d. Ela afirmou que foi processada por seu ex-s\u00f3cio, num caso julgado pelo magistrado Jo\u00e3o Carlos de Souza Correa. O juiz e o ex-s\u00f3cio, que ganhou a causa, seriam amigos. Revoltada, Beth teria levantado den\u00fancias de abuso de poder contra o magistrado e encaminhado \u00e0 ouvidoria do CNJ. Segundo a jornalista, o \u00f3rg\u00e3o arquivou as den\u00fancias e as encaminhou ao juiz. Ela foi processada por crime de honra por Jo\u00e3o Carlos e acabou condenada a cinco anos e quatro meses de reclus\u00e3o. A decis\u00e3o foi revertida no TJ.<\/p>\n<p>\u2014 Nunca vi uma arbitrariedade dessa. O m\u00e1ximo que vi para uma pena de crime contra a honra foi de um ano de pris\u00e3o \u2014 protestou o advogado Vanderley Ribeiro.<\/p>\n","protected":false},"excerpt":{"rendered":"<p>A Ordem dos Advogados Brasileiros do Rio (OAB-RJ) vai pedir o afastamento imediato do juiz Jo\u00e3o Carlos de Souza Correa, envolvido em pol\u00eamicas ap\u00f3s ter processado a agente de tr\u00e2nsito Luciana Silva Tamburini, que o parou numa blitz da Lei Seca. Na ocasi\u00e3o, ela afirmou que \u201cjuiz n\u00e3o \u00e9 Deus\u201d. Uma peti\u00e7\u00e3o ser\u00e1 entregue \u00e0s [&hellip;]<\/p>\n","protected":false},"author":1,"featured_media":28165,"comment_status":"open","ping_status":"closed","sticky":false,"template":"","format":"standard","meta":{"_acf_changed":false,"footnotes":""},"categories":[16],"tags":[],"class_list":["post-28164","post","type-post","status-publish","format-standard","has-post-thumbnail","hentry","category-brasil"],"acf":[],"yoast_head":"<!-- This site is optimized with the Yoast SEO plugin v27.2 - https:\/\/yoast.com\/product\/yoast-seo-wordpress\/ -->\n<title>OAB quer afastar juiz-deus envolvido em pol\u00eamica com agente em blitz da Lei Seca - Notibras<\/title>\n<meta name=\"robots\" content=\"index, follow, max-snippet:-1, max-image-preview:large, max-video-preview:-1\" \/>\n<link rel=\"canonical\" href=\"https:\/\/www.notibras.com\/site\/oab-vai-pedir-o-afastamento-de-juiz-envolvido-em-polemica-com-agente-da-lei-seca\/\" \/>\n<meta property=\"og:locale\" content=\"pt_BR\" \/>\n<meta property=\"og:type\" content=\"article\" \/>\n<meta property=\"og:title\" content=\"OAB quer afastar juiz-deus envolvido em pol\u00eamica com agente em blitz da Lei Seca - Notibras\" \/>\n<meta property=\"og:description\" content=\"A Ordem dos Advogados Brasileiros do Rio (OAB-RJ) vai pedir o afastamento imediato do juiz Jo\u00e3o Carlos de Souza Correa, envolvido em pol\u00eamicas ap\u00f3s ter processado a agente de tr\u00e2nsito Luciana Silva Tamburini, que o parou numa blitz da Lei Seca. Na ocasi\u00e3o, ela afirmou que \u201cjuiz n\u00e3o \u00e9 Deus\u201d. Uma peti\u00e7\u00e3o ser\u00e1 entregue \u00e0s [&hellip;]\" \/>\n<meta property=\"og:url\" content=\"https:\/\/www.notibras.com\/site\/oab-vai-pedir-o-afastamento-de-juiz-envolvido-em-polemica-com-agente-da-lei-seca\/\" \/>\n<meta property=\"og:site_name\" content=\"Notibras\" \/>\n<meta property=\"article:publisher\" content=\"https:\/\/www.facebook.com\/notibras\/\" \/>\n<meta property=\"article:published_time\" content=\"2014-11-13T23:45:47+00:00\" \/>\n<meta property=\"article:modified_time\" content=\"2014-11-14T12:03:44+00:00\" \/>\n<meta property=\"og:image\" content=\"https:\/\/www.notibras.com\/site\/wp-content\/uploads\/2014\/11\/Sem-t\u00edtulo-174.jpg\" \/>\n\t<meta property=\"og:image:width\" content=\"500\" \/>\n\t<meta property=\"og:image:height\" content=\"342\" \/>\n\t<meta property=\"og:image:type\" content=\"image\/jpeg\" \/>\n<meta name=\"author\" content=\"Reda\u00e7\u00e3o\" \/>\n<meta name=\"twitter:card\" content=\"summary_large_image\" \/>\n<meta name=\"twitter:creator\" content=\"@Notibras\" \/>\n<meta name=\"twitter:site\" content=\"@Notibras\" \/>\n<meta name=\"twitter:label1\" content=\"Escrito por\" \/>\n\t<meta name=\"twitter:data1\" content=\"Reda\u00e7\u00e3o\" \/>\n\t<meta name=\"twitter:label2\" content=\"Est. tempo de leitura\" \/>\n\t<meta name=\"twitter:data2\" content=\"2 minutos\" \/>\n<script type=\"application\/ld+json\" class=\"yoast-schema-graph\">{\"@context\":\"https:\/\/schema.org\",\"@graph\":[{\"@type\":\"Article\",\"@id\":\"https:\/\/www.notibras.com\/site\/oab-vai-pedir-o-afastamento-de-juiz-envolvido-em-polemica-com-agente-da-lei-seca\/#article\",\"isPartOf\":{\"@id\":\"https:\/\/www.notibras.com\/site\/oab-vai-pedir-o-afastamento-de-juiz-envolvido-em-polemica-com-agente-da-lei-seca\/\"},\"author\":{\"name\":\"Reda\u00e7\u00e3o\",\"@id\":\"https:\/\/www.notibras.com\/site\/#\/schema\/person\/00b8e1aa08f9ef6563e878c5159d01cf\"},\"headline\":\"OAB quer afastar juiz-deus envolvido em pol\u00eamica com agente em blitz da Lei Seca\",\"datePublished\":\"2014-11-13T23:45:47+00:00\",\"dateModified\":\"2014-11-14T12:03:44+00:00\",\"mainEntityOfPage\":{\"@id\":\"https:\/\/www.notibras.com\/site\/oab-vai-pedir-o-afastamento-de-juiz-envolvido-em-polemica-com-agente-da-lei-seca\/\"},\"wordCount\":476,\"commentCount\":0,\"publisher\":{\"@id\":\"https:\/\/www.notibras.com\/site\/#organization\"},\"image\":{\"@id\":\"https:\/\/www.notibras.com\/site\/oab-vai-pedir-o-afastamento-de-juiz-envolvido-em-polemica-com-agente-da-lei-seca\/#primaryimage\"},\"thumbnailUrl\":\"https:\/\/www.notibras.com\/site\/wp-content\/uploads\/2014\/11\/Sem-t\u00edtulo-174.jpg\",\"articleSection\":[\"Brasil\"],\"inLanguage\":\"pt-BR\",\"potentialAction\":[{\"@type\":\"CommentAction\",\"name\":\"Comment\",\"target\":[\"https:\/\/www.notibras.com\/site\/oab-vai-pedir-o-afastamento-de-juiz-envolvido-em-polemica-com-agente-da-lei-seca\/#respond\"]}]},{\"@type\":\"WebPage\",\"@id\":\"https:\/\/www.notibras.com\/site\/oab-vai-pedir-o-afastamento-de-juiz-envolvido-em-polemica-com-agente-da-lei-seca\/\",\"url\":\"https:\/\/www.notibras.com\/site\/oab-vai-pedir-o-afastamento-de-juiz-envolvido-em-polemica-com-agente-da-lei-seca\/\",\"name\":\"OAB quer afastar juiz-deus envolvido em pol\u00eamica com agente em blitz da Lei Seca - Notibras\",\"isPartOf\":{\"@id\":\"https:\/\/www.notibras.com\/site\/#website\"},\"primaryImageOfPage\":{\"@id\":\"https:\/\/www.notibras.com\/site\/oab-vai-pedir-o-afastamento-de-juiz-envolvido-em-polemica-com-agente-da-lei-seca\/#primaryimage\"},\"image\":{\"@id\":\"https:\/\/www.notibras.com\/site\/oab-vai-pedir-o-afastamento-de-juiz-envolvido-em-polemica-com-agente-da-lei-seca\/#primaryimage\"},\"thumbnailUrl\":\"https:\/\/www.notibras.com\/site\/wp-content\/uploads\/2014\/11\/Sem-t\u00edtulo-174.jpg\",\"datePublished\":\"2014-11-13T23:45:47+00:00\",\"dateModified\":\"2014-11-14T12:03:44+00:00\",\"breadcrumb\":{\"@id\":\"https:\/\/www.notibras.com\/site\/oab-vai-pedir-o-afastamento-de-juiz-envolvido-em-polemica-com-agente-da-lei-seca\/#breadcrumb\"},\"inLanguage\":\"pt-BR\",\"potentialAction\":[{\"@type\":\"ReadAction\",\"target\":[\"https:\/\/www.notibras.com\/site\/oab-vai-pedir-o-afastamento-de-juiz-envolvido-em-polemica-com-agente-da-lei-seca\/\"]}]},{\"@type\":\"ImageObject\",\"inLanguage\":\"pt-BR\",\"@id\":\"https:\/\/www.notibras.com\/site\/oab-vai-pedir-o-afastamento-de-juiz-envolvido-em-polemica-com-agente-da-lei-seca\/#primaryimage\",\"url\":\"https:\/\/www.notibras.com\/site\/wp-content\/uploads\/2014\/11\/Sem-t\u00edtulo-174.jpg\",\"contentUrl\":\"https:\/\/www.notibras.com\/site\/wp-content\/uploads\/2014\/11\/Sem-t\u00edtulo-174.jpg\",\"width\":500,\"height\":342},{\"@type\":\"BreadcrumbList\",\"@id\":\"https:\/\/www.notibras.com\/site\/oab-vai-pedir-o-afastamento-de-juiz-envolvido-em-polemica-com-agente-da-lei-seca\/#breadcrumb\",\"itemListElement\":[{\"@type\":\"ListItem\",\"position\":1,\"name\":\"In\u00edcio\",\"item\":\"https:\/\/www.notibras.com\/site\/\"},{\"@type\":\"ListItem\",\"position\":2,\"name\":\"OAB quer afastar juiz-deus envolvido em pol\u00eamica com agente em blitz da Lei Seca\"}]},{\"@type\":\"WebSite\",\"@id\":\"https:\/\/www.notibras.com\/site\/#website\",\"url\":\"https:\/\/www.notibras.com\/site\/\",\"name\":\"Notibras\",\"description\":\"Not\u00edcias de Bras\u00edlia, do Brasil e do Mundo\",\"publisher\":{\"@id\":\"https:\/\/www.notibras.com\/site\/#organization\"},\"potentialAction\":[{\"@type\":\"SearchAction\",\"target\":{\"@type\":\"EntryPoint\",\"urlTemplate\":\"https:\/\/www.notibras.com\/site\/?s={search_term_string}\"},\"query-input\":{\"@type\":\"PropertyValueSpecification\",\"valueRequired\":true,\"valueName\":\"search_term_string\"}}],\"inLanguage\":\"pt-BR\"},{\"@type\":\"Organization\",\"@id\":\"https:\/\/www.notibras.com\/site\/#organization\",\"name\":\"Grupo Notibras de Comunica\u00e7\u00e3o\",\"url\":\"https:\/\/www.notibras.com\/site\/\",\"logo\":{\"@type\":\"ImageObject\",\"inLanguage\":\"pt-BR\",\"@id\":\"https:\/\/www.notibras.com\/site\/#\/schema\/logo\/image\/\",\"url\":\"https:\/\/www.notibras.com\/site\/wp-content\/uploads\/2023\/01\/notibras23.png\",\"contentUrl\":\"https:\/\/www.notibras.com\/site\/wp-content\/uploads\/2023\/01\/notibras23.png\",\"width\":350,\"height\":87,\"caption\":\"Grupo Notibras de Comunica\u00e7\u00e3o\"},\"image\":{\"@id\":\"https:\/\/www.notibras.com\/site\/#\/schema\/logo\/image\/\"},\"sameAs\":[\"https:\/\/www.facebook.com\/notibras\/\",\"https:\/\/x.com\/Notibras\",\"https:\/\/www.instagram.com\/notibras\/\"]},{\"@type\":\"Person\",\"@id\":\"https:\/\/www.notibras.com\/site\/#\/schema\/person\/00b8e1aa08f9ef6563e878c5159d01cf\",\"name\":\"Reda\u00e7\u00e3o\",\"image\":{\"@type\":\"ImageObject\",\"inLanguage\":\"pt-BR\",\"@id\":\"https:\/\/secure.gravatar.com\/avatar\/ac5a707d5b47784a5ed426c6e213e201423c750890f64e4c379114dade67dfb9?s=96&d=mm&r=g\",\"url\":\"https:\/\/secure.gravatar.com\/avatar\/ac5a707d5b47784a5ed426c6e213e201423c750890f64e4c379114dade67dfb9?s=96&d=mm&r=g\",\"contentUrl\":\"https:\/\/secure.gravatar.com\/avatar\/ac5a707d5b47784a5ed426c6e213e201423c750890f64e4c379114dade67dfb9?s=96&d=mm&r=g\",\"caption\":\"Reda\u00e7\u00e3o\"}}]}<\/script>\n<!-- \/ Yoast SEO plugin. -->","yoast_head_json":{"title":"OAB quer afastar juiz-deus envolvido em pol\u00eamica com agente em blitz da Lei Seca - Notibras","robots":{"index":"index","follow":"follow","max-snippet":"max-snippet:-1","max-image-preview":"max-image-preview:large","max-video-preview":"max-video-preview:-1"},"canonical":"https:\/\/www.notibras.com\/site\/oab-vai-pedir-o-afastamento-de-juiz-envolvido-em-polemica-com-agente-da-lei-seca\/","og_locale":"pt_BR","og_type":"article","og_title":"OAB quer afastar juiz-deus envolvido em pol\u00eamica com agente em blitz da Lei Seca - Notibras","og_description":"A Ordem dos Advogados Brasileiros do Rio (OAB-RJ) vai pedir o afastamento imediato do juiz Jo\u00e3o Carlos de Souza Correa, envolvido em pol\u00eamicas ap\u00f3s ter processado a agente de tr\u00e2nsito Luciana Silva Tamburini, que o parou numa blitz da Lei Seca. Na ocasi\u00e3o, ela afirmou que \u201cjuiz n\u00e3o \u00e9 Deus\u201d. Uma peti\u00e7\u00e3o ser\u00e1 entregue \u00e0s [&hellip;]","og_url":"https:\/\/www.notibras.com\/site\/oab-vai-pedir-o-afastamento-de-juiz-envolvido-em-polemica-com-agente-da-lei-seca\/","og_site_name":"Notibras","article_publisher":"https:\/\/www.facebook.com\/notibras\/","article_published_time":"2014-11-13T23:45:47+00:00","article_modified_time":"2014-11-14T12:03:44+00:00","og_image":[{"width":500,"height":342,"url":"https:\/\/www.notibras.com\/site\/wp-content\/uploads\/2014\/11\/Sem-t\u00edtulo-174.jpg","type":"image\/jpeg"}],"author":"Reda\u00e7\u00e3o","twitter_card":"summary_large_image","twitter_creator":"@Notibras","twitter_site":"@Notibras","twitter_misc":{"Escrito por":"Reda\u00e7\u00e3o","Est. tempo de leitura":"2 minutos"},"schema":{"@context":"https:\/\/schema.org","@graph":[{"@type":"Article","@id":"https:\/\/www.notibras.com\/site\/oab-vai-pedir-o-afastamento-de-juiz-envolvido-em-polemica-com-agente-da-lei-seca\/#article","isPartOf":{"@id":"https:\/\/www.notibras.com\/site\/oab-vai-pedir-o-afastamento-de-juiz-envolvido-em-polemica-com-agente-da-lei-seca\/"},"author":{"name":"Reda\u00e7\u00e3o","@id":"https:\/\/www.notibras.com\/site\/#\/schema\/person\/00b8e1aa08f9ef6563e878c5159d01cf"},"headline":"OAB quer afastar juiz-deus envolvido em pol\u00eamica com agente em blitz da Lei Seca","datePublished":"2014-11-13T23:45:47+00:00","dateModified":"2014-11-14T12:03:44+00:00","mainEntityOfPage":{"@id":"https:\/\/www.notibras.com\/site\/oab-vai-pedir-o-afastamento-de-juiz-envolvido-em-polemica-com-agente-da-lei-seca\/"},"wordCount":476,"commentCount":0,"publisher":{"@id":"https:\/\/www.notibras.com\/site\/#organization"},"image":{"@id":"https:\/\/www.notibras.com\/site\/oab-vai-pedir-o-afastamento-de-juiz-envolvido-em-polemica-com-agente-da-lei-seca\/#primaryimage"},"thumbnailUrl":"https:\/\/www.notibras.com\/site\/wp-content\/uploads\/2014\/11\/Sem-t\u00edtulo-174.jpg","articleSection":["Brasil"],"inLanguage":"pt-BR","potentialAction":[{"@type":"CommentAction","name":"Comment","target":["https:\/\/www.notibras.com\/site\/oab-vai-pedir-o-afastamento-de-juiz-envolvido-em-polemica-com-agente-da-lei-seca\/#respond"]}]},{"@type":"WebPage","@id":"https:\/\/www.notibras.com\/site\/oab-vai-pedir-o-afastamento-de-juiz-envolvido-em-polemica-com-agente-da-lei-seca\/","url":"https:\/\/www.notibras.com\/site\/oab-vai-pedir-o-afastamento-de-juiz-envolvido-em-polemica-com-agente-da-lei-seca\/","name":"OAB quer afastar juiz-deus envolvido em pol\u00eamica com agente em blitz da Lei Seca - Notibras","isPartOf":{"@id":"https:\/\/www.notibras.com\/site\/#website"},"primaryImageOfPage":{"@id":"https:\/\/www.notibras.com\/site\/oab-vai-pedir-o-afastamento-de-juiz-envolvido-em-polemica-com-agente-da-lei-seca\/#primaryimage"},"image":{"@id":"https:\/\/www.notibras.com\/site\/oab-vai-pedir-o-afastamento-de-juiz-envolvido-em-polemica-com-agente-da-lei-seca\/#primaryimage"},"thumbnailUrl":"https:\/\/www.notibras.com\/site\/wp-content\/uploads\/2014\/11\/Sem-t\u00edtulo-174.jpg","datePublished":"2014-11-13T23:45:47+00:00","dateModified":"2014-11-14T12:03:44+00:00","breadcrumb":{"@id":"https:\/\/www.notibras.com\/site\/oab-vai-pedir-o-afastamento-de-juiz-envolvido-em-polemica-com-agente-da-lei-seca\/#breadcrumb"},"inLanguage":"pt-BR","potentialAction":[{"@type":"ReadAction","target":["https:\/\/www.notibras.com\/site\/oab-vai-pedir-o-afastamento-de-juiz-envolvido-em-polemica-com-agente-da-lei-seca\/"]}]},{"@type":"ImageObject","inLanguage":"pt-BR","@id":"https:\/\/www.notibras.com\/site\/oab-vai-pedir-o-afastamento-de-juiz-envolvido-em-polemica-com-agente-da-lei-seca\/#primaryimage","url":"https:\/\/www.notibras.com\/site\/wp-content\/uploads\/2014\/11\/Sem-t\u00edtulo-174.jpg","contentUrl":"https:\/\/www.notibras.com\/site\/wp-content\/uploads\/2014\/11\/Sem-t\u00edtulo-174.jpg","width":500,"height":342},{"@type":"BreadcrumbList","@id":"https:\/\/www.notibras.com\/site\/oab-vai-pedir-o-afastamento-de-juiz-envolvido-em-polemica-com-agente-da-lei-seca\/#breadcrumb","itemListElement":[{"@type":"ListItem","position":1,"name":"In\u00edcio","item":"https:\/\/www.notibras.com\/site\/"},{"@type":"ListItem","position":2,"name":"OAB quer afastar juiz-deus envolvido em pol\u00eamica com agente em blitz da Lei Seca"}]},{"@type":"WebSite","@id":"https:\/\/www.notibras.com\/site\/#website","url":"https:\/\/www.notibras.com\/site\/","name":"Notibras","description":"Not\u00edcias de Bras\u00edlia, do Brasil e do Mundo","publisher":{"@id":"https:\/\/www.notibras.com\/site\/#organization"},"potentialAction":[{"@type":"SearchAction","target":{"@type":"EntryPoint","urlTemplate":"https:\/\/www.notibras.com\/site\/?s={search_term_string}"},"query-input":{"@type":"PropertyValueSpecification","valueRequired":true,"valueName":"search_term_string"}}],"inLanguage":"pt-BR"},{"@type":"Organization","@id":"https:\/\/www.notibras.com\/site\/#organization","name":"Grupo Notibras de Comunica\u00e7\u00e3o","url":"https:\/\/www.notibras.com\/site\/","logo":{"@type":"ImageObject","inLanguage":"pt-BR","@id":"https:\/\/www.notibras.com\/site\/#\/schema\/logo\/image\/","url":"https:\/\/www.notibras.com\/site\/wp-content\/uploads\/2023\/01\/notibras23.png","contentUrl":"https:\/\/www.notibras.com\/site\/wp-content\/uploads\/2023\/01\/notibras23.png","width":350,"height":87,"caption":"Grupo Notibras de Comunica\u00e7\u00e3o"},"image":{"@id":"https:\/\/www.notibras.com\/site\/#\/schema\/logo\/image\/"},"sameAs":["https:\/\/www.facebook.com\/notibras\/","https:\/\/x.com\/Notibras","https:\/\/www.instagram.com\/notibras\/"]},{"@type":"Person","@id":"https:\/\/www.notibras.com\/site\/#\/schema\/person\/00b8e1aa08f9ef6563e878c5159d01cf","name":"Reda\u00e7\u00e3o","image":{"@type":"ImageObject","inLanguage":"pt-BR","@id":"https:\/\/secure.gravatar.com\/avatar\/ac5a707d5b47784a5ed426c6e213e201423c750890f64e4c379114dade67dfb9?s=96&d=mm&r=g","url":"https:\/\/secure.gravatar.com\/avatar\/ac5a707d5b47784a5ed426c6e213e201423c750890f64e4c379114dade67dfb9?s=96&d=mm&r=g","contentUrl":"https:\/\/secure.gravatar.com\/avatar\/ac5a707d5b47784a5ed426c6e213e201423c750890f64e4c379114dade67dfb9?s=96&d=mm&r=g","caption":"Reda\u00e7\u00e3o"}}]}},"amp_enabled":true,"_links":{"self":[{"href":"https:\/\/www.notibras.com\/site\/wp-json\/wp\/v2\/posts\/28164","targetHints":{"allow":["GET"]}}],"collection":[{"href":"https:\/\/www.notibras.com\/site\/wp-json\/wp\/v2\/posts"}],"about":[{"href":"https:\/\/www.notibras.com\/site\/wp-json\/wp\/v2\/types\/post"}],"author":[{"embeddable":true,"href":"https:\/\/www.notibras.com\/site\/wp-json\/wp\/v2\/users\/1"}],"replies":[{"embeddable":true,"href":"https:\/\/www.notibras.com\/site\/wp-json\/wp\/v2\/comments?post=28164"}],"version-history":[{"count":0,"href":"https:\/\/www.notibras.com\/site\/wp-json\/wp\/v2\/posts\/28164\/revisions"}],"wp:featuredmedia":[{"embeddable":true,"href":"https:\/\/www.notibras.com\/site\/wp-json\/wp\/v2\/media\/28165"}],"wp:attachment":[{"href":"https:\/\/www.notibras.com\/site\/wp-json\/wp\/v2\/media?parent=28164"}],"wp:term":[{"taxonomy":"category","embeddable":true,"href":"https:\/\/www.notibras.com\/site\/wp-json\/wp\/v2\/categories?post=28164"},{"taxonomy":"post_tag","embeddable":true,"href":"https:\/\/www.notibras.com\/site\/wp-json\/wp\/v2\/tags?post=28164"}],"curies":[{"name":"wp","href":"https:\/\/api.w.org\/{rel}","templated":true}]}}