{"id":28183,"date":"2014-11-13T20:00:56","date_gmt":"2014-11-13T23:00:56","guid":{"rendered":"http:\/\/www.notibras.com\/site\/?p=28183"},"modified":"2014-12-04T20:10:05","modified_gmt":"2014-12-04T23:10:05","slug":"supremo-reduz-para-5-anos-prazo-para-pedir-fgts-nao-recolhido","status":"publish","type":"post","link":"https:\/\/www.notibras.com\/site\/supremo-reduz-para-5-anos-prazo-para-pedir-fgts-nao-recolhido\/","title":{"rendered":"Supremo reduz para 5 anos prazo para pedir FGTS n\u00e3o recolhido"},"content":{"rendered":"<p>O Supremo Tribunal Federal decidiu nesta quinta-feira (13) que um trabalhador s\u00f3 poder\u00e1 requerer na Justi\u00e7a valores do Fundo de Garantia por Tempo de Servi\u00e7o (FGTS) n\u00e3o depositados pelo empregador nos cinco anos anteriores ao ajuizamento da a\u00e7\u00e3o. Atualmente, ele pode reivindicar benef\u00edcios que n\u00e3o tenham sido depositados at\u00e9 30 anos antes.<\/p>\n<blockquote><p>A nova regra valer\u00e1 somente para futuras a\u00e7\u00f5es a serem apresentadas \u00e0 Justi\u00e7a. Para aquelas j\u00e1 em andamento, permanece o prazo de 30 anos.<\/p><\/blockquote>\n<p>A decis\u00e3o foi proferida num caso individual, em a\u00e7\u00e3o de uma funcion\u00e1ria do Banco do Brasil que reclamava de valores n\u00e3o depositados em sua conta no FGTS.<\/p>\n<p>Por ter a chamada &#8220;repercuss\u00e3o geral&#8221;, a decis\u00e3o dever\u00e1 ser seguida pelos demais tribunais onde tramitam a\u00e7\u00f5es semelhantes que estavam paradas \u00e0 espera de uma manifesta\u00e7\u00e3o do STF.<\/p>\n<p>Em seu voto, o ministro Gilmar Mendes, relator da a\u00e7\u00e3o, argumentou que o FGTS \u00e9 um \u201ccr\u00e9dito resultante da rela\u00e7\u00e3o de trabalho\u201d e est\u00e1 previsto na Constitui\u00e7\u00e3o como um direito trabalhista que, assim como os demais, tem prazo de reivindica\u00e7\u00e3o de cinco anos anteriores ao fim do contrato.<\/p>\n<p>Ele foi seguido por outros sete ministros da Corte. Discordaram somente os ministros Teori Zavascki e Rosa Weber, que votaram pela manuten\u00e7\u00e3o da regra dos 30 anos. A maioria dos ministros, por\u00e9m, considerou que o prazo de 30 anos \u00e9 &#8220;dilatado&#8221; e prejudica a &#8220;estabilidade jur\u00eddica&#8221;.<\/p>\n<blockquote><p>A reivindica\u00e7\u00e3o pelo prazo de cinco anos anteriores ao fim do emprego j\u00e1 \u00e9 v\u00e1lida para outros benef\u00edcios n\u00e3o pagos, tais como horas-extras. Foi considerada inconstitucional regra da lei que mudou o FGTS, de 1990, que estabelecia o prazo de 30 anos.<\/p><\/blockquote>\n<p>Fica mantida a regra que determina que, a partir da demiss\u00e3o, o trabalhador tem somente dois anos para ingressar com a a\u00e7\u00e3o na Justi\u00e7a. Em qualquer caso, o tempo que ele demorar para ajuizar uma a\u00e7\u00e3o ser\u00e1 descontado do tempo do benef\u00edcio requerido. Assim, se demorar um ano para apresentar a a\u00e7\u00e3o, perder\u00e1 um ano do benef\u00edcio a que tinha direito.<\/p>\n","protected":false},"excerpt":{"rendered":"<p>O Supremo Tribunal Federal decidiu nesta quinta-feira (13) que um trabalhador s\u00f3 poder\u00e1 requerer na Justi\u00e7a valores do Fundo de Garantia por Tempo de Servi\u00e7o (FGTS) n\u00e3o depositados pelo empregador nos cinco anos anteriores ao ajuizamento da a\u00e7\u00e3o. Atualmente, ele pode reivindicar benef\u00edcios que n\u00e3o tenham sido depositados at\u00e9 30 anos antes. A nova regra [&hellip;]<\/p>\n","protected":false},"author":1,"featured_media":28184,"comment_status":"open","ping_status":"closed","sticky":false,"template":"","format":"standard","meta":{"_acf_changed":false,"footnotes":""},"categories":[16],"tags":[],"class_list":["post-28183","post","type-post","status-publish","format-standard","has-post-thumbnail","hentry","category-brasil"],"acf":[],"yoast_head":"<!-- This site is optimized with the Yoast SEO plugin v27.2 - https:\/\/yoast.com\/product\/yoast-seo-wordpress\/ -->\n<title>Supremo reduz para 5 anos prazo para pedir FGTS n\u00e3o recolhido - Notibras<\/title>\n<meta name=\"robots\" content=\"index, follow, max-snippet:-1, max-image-preview:large, max-video-preview:-1\" \/>\n<link rel=\"canonical\" href=\"https:\/\/www.notibras.com\/site\/supremo-reduz-para-5-anos-prazo-para-pedir-fgts-nao-recolhido\/\" \/>\n<meta property=\"og:locale\" content=\"pt_BR\" \/>\n<meta property=\"og:type\" content=\"article\" \/>\n<meta property=\"og:title\" content=\"Supremo reduz para 5 anos prazo para pedir FGTS n\u00e3o recolhido - Notibras\" \/>\n<meta property=\"og:description\" content=\"O Supremo Tribunal Federal decidiu nesta quinta-feira (13) que um trabalhador s\u00f3 poder\u00e1 requerer na Justi\u00e7a valores do Fundo de Garantia por Tempo de Servi\u00e7o (FGTS) n\u00e3o depositados pelo empregador nos cinco anos anteriores ao ajuizamento da a\u00e7\u00e3o. Atualmente, ele pode reivindicar benef\u00edcios que n\u00e3o tenham sido depositados at\u00e9 30 anos antes. A nova regra [&hellip;]\" \/>\n<meta property=\"og:url\" content=\"https:\/\/www.notibras.com\/site\/supremo-reduz-para-5-anos-prazo-para-pedir-fgts-nao-recolhido\/\" \/>\n<meta property=\"og:site_name\" content=\"Notibras\" \/>\n<meta property=\"article:publisher\" content=\"https:\/\/www.facebook.com\/notibras\/\" \/>\n<meta property=\"article:published_time\" content=\"2014-11-13T23:00:56+00:00\" \/>\n<meta property=\"article:modified_time\" content=\"2014-12-04T23:10:05+00:00\" \/>\n<meta property=\"og:image\" content=\"https:\/\/www.notibras.com\/site\/wp-content\/uploads\/2014\/11\/Sem-t\u00edtulo-177.jpg\" \/>\n\t<meta property=\"og:image:width\" content=\"500\" \/>\n\t<meta property=\"og:image:height\" content=\"363\" \/>\n\t<meta property=\"og:image:type\" content=\"image\/jpeg\" \/>\n<meta name=\"author\" content=\"Reda\u00e7\u00e3o\" \/>\n<meta name=\"twitter:card\" content=\"summary_large_image\" \/>\n<meta name=\"twitter:creator\" content=\"@Notibras\" \/>\n<meta name=\"twitter:site\" content=\"@Notibras\" \/>\n<meta name=\"twitter:label1\" content=\"Escrito por\" \/>\n\t<meta name=\"twitter:data1\" content=\"Reda\u00e7\u00e3o\" \/>\n\t<meta name=\"twitter:label2\" content=\"Est. tempo de leitura\" \/>\n\t<meta name=\"twitter:data2\" content=\"2 minutos\" \/>\n<script type=\"application\/ld+json\" class=\"yoast-schema-graph\">{\"@context\":\"https:\/\/schema.org\",\"@graph\":[{\"@type\":\"Article\",\"@id\":\"https:\/\/www.notibras.com\/site\/supremo-reduz-para-5-anos-prazo-para-pedir-fgts-nao-recolhido\/#article\",\"isPartOf\":{\"@id\":\"https:\/\/www.notibras.com\/site\/supremo-reduz-para-5-anos-prazo-para-pedir-fgts-nao-recolhido\/\"},\"author\":{\"name\":\"Reda\u00e7\u00e3o\",\"@id\":\"https:\/\/www.notibras.com\/site\/#\/schema\/person\/00b8e1aa08f9ef6563e878c5159d01cf\"},\"headline\":\"Supremo reduz para 5 anos prazo para pedir FGTS n\u00e3o recolhido\",\"datePublished\":\"2014-11-13T23:00:56+00:00\",\"dateModified\":\"2014-12-04T23:10:05+00:00\",\"mainEntityOfPage\":{\"@id\":\"https:\/\/www.notibras.com\/site\/supremo-reduz-para-5-anos-prazo-para-pedir-fgts-nao-recolhido\/\"},\"wordCount\":362,\"commentCount\":0,\"publisher\":{\"@id\":\"https:\/\/www.notibras.com\/site\/#organization\"},\"image\":{\"@id\":\"https:\/\/www.notibras.com\/site\/supremo-reduz-para-5-anos-prazo-para-pedir-fgts-nao-recolhido\/#primaryimage\"},\"thumbnailUrl\":\"https:\/\/www.notibras.com\/site\/wp-content\/uploads\/2014\/11\/Sem-t\u00edtulo-177.jpg\",\"articleSection\":[\"Brasil\"],\"inLanguage\":\"pt-BR\",\"potentialAction\":[{\"@type\":\"CommentAction\",\"name\":\"Comment\",\"target\":[\"https:\/\/www.notibras.com\/site\/supremo-reduz-para-5-anos-prazo-para-pedir-fgts-nao-recolhido\/#respond\"]}]},{\"@type\":\"WebPage\",\"@id\":\"https:\/\/www.notibras.com\/site\/supremo-reduz-para-5-anos-prazo-para-pedir-fgts-nao-recolhido\/\",\"url\":\"https:\/\/www.notibras.com\/site\/supremo-reduz-para-5-anos-prazo-para-pedir-fgts-nao-recolhido\/\",\"name\":\"Supremo reduz para 5 anos prazo para pedir FGTS n\u00e3o recolhido - Notibras\",\"isPartOf\":{\"@id\":\"https:\/\/www.notibras.com\/site\/#website\"},\"primaryImageOfPage\":{\"@id\":\"https:\/\/www.notibras.com\/site\/supremo-reduz-para-5-anos-prazo-para-pedir-fgts-nao-recolhido\/#primaryimage\"},\"image\":{\"@id\":\"https:\/\/www.notibras.com\/site\/supremo-reduz-para-5-anos-prazo-para-pedir-fgts-nao-recolhido\/#primaryimage\"},\"thumbnailUrl\":\"https:\/\/www.notibras.com\/site\/wp-content\/uploads\/2014\/11\/Sem-t\u00edtulo-177.jpg\",\"datePublished\":\"2014-11-13T23:00:56+00:00\",\"dateModified\":\"2014-12-04T23:10:05+00:00\",\"breadcrumb\":{\"@id\":\"https:\/\/www.notibras.com\/site\/supremo-reduz-para-5-anos-prazo-para-pedir-fgts-nao-recolhido\/#breadcrumb\"},\"inLanguage\":\"pt-BR\",\"potentialAction\":[{\"@type\":\"ReadAction\",\"target\":[\"https:\/\/www.notibras.com\/site\/supremo-reduz-para-5-anos-prazo-para-pedir-fgts-nao-recolhido\/\"]}]},{\"@type\":\"ImageObject\",\"inLanguage\":\"pt-BR\",\"@id\":\"https:\/\/www.notibras.com\/site\/supremo-reduz-para-5-anos-prazo-para-pedir-fgts-nao-recolhido\/#primaryimage\",\"url\":\"https:\/\/www.notibras.com\/site\/wp-content\/uploads\/2014\/11\/Sem-t\u00edtulo-177.jpg\",\"contentUrl\":\"https:\/\/www.notibras.com\/site\/wp-content\/uploads\/2014\/11\/Sem-t\u00edtulo-177.jpg\",\"width\":500,\"height\":363},{\"@type\":\"BreadcrumbList\",\"@id\":\"https:\/\/www.notibras.com\/site\/supremo-reduz-para-5-anos-prazo-para-pedir-fgts-nao-recolhido\/#breadcrumb\",\"itemListElement\":[{\"@type\":\"ListItem\",\"position\":1,\"name\":\"In\u00edcio\",\"item\":\"https:\/\/www.notibras.com\/site\/\"},{\"@type\":\"ListItem\",\"position\":2,\"name\":\"Supremo reduz para 5 anos prazo para pedir FGTS n\u00e3o recolhido\"}]},{\"@type\":\"WebSite\",\"@id\":\"https:\/\/www.notibras.com\/site\/#website\",\"url\":\"https:\/\/www.notibras.com\/site\/\",\"name\":\"Notibras\",\"description\":\"Not\u00edcias de Bras\u00edlia, do Brasil e do Mundo\",\"publisher\":{\"@id\":\"https:\/\/www.notibras.com\/site\/#organization\"},\"potentialAction\":[{\"@type\":\"SearchAction\",\"target\":{\"@type\":\"EntryPoint\",\"urlTemplate\":\"https:\/\/www.notibras.com\/site\/?s={search_term_string}\"},\"query-input\":{\"@type\":\"PropertyValueSpecification\",\"valueRequired\":true,\"valueName\":\"search_term_string\"}}],\"inLanguage\":\"pt-BR\"},{\"@type\":\"Organization\",\"@id\":\"https:\/\/www.notibras.com\/site\/#organization\",\"name\":\"Grupo Notibras de Comunica\u00e7\u00e3o\",\"url\":\"https:\/\/www.notibras.com\/site\/\",\"logo\":{\"@type\":\"ImageObject\",\"inLanguage\":\"pt-BR\",\"@id\":\"https:\/\/www.notibras.com\/site\/#\/schema\/logo\/image\/\",\"url\":\"https:\/\/www.notibras.com\/site\/wp-content\/uploads\/2023\/01\/notibras23.png\",\"contentUrl\":\"https:\/\/www.notibras.com\/site\/wp-content\/uploads\/2023\/01\/notibras23.png\",\"width\":350,\"height\":87,\"caption\":\"Grupo Notibras de Comunica\u00e7\u00e3o\"},\"image\":{\"@id\":\"https:\/\/www.notibras.com\/site\/#\/schema\/logo\/image\/\"},\"sameAs\":[\"https:\/\/www.facebook.com\/notibras\/\",\"https:\/\/x.com\/Notibras\",\"https:\/\/www.instagram.com\/notibras\/\"]},{\"@type\":\"Person\",\"@id\":\"https:\/\/www.notibras.com\/site\/#\/schema\/person\/00b8e1aa08f9ef6563e878c5159d01cf\",\"name\":\"Reda\u00e7\u00e3o\",\"image\":{\"@type\":\"ImageObject\",\"inLanguage\":\"pt-BR\",\"@id\":\"https:\/\/secure.gravatar.com\/avatar\/ac5a707d5b47784a5ed426c6e213e201423c750890f64e4c379114dade67dfb9?s=96&d=mm&r=g\",\"url\":\"https:\/\/secure.gravatar.com\/avatar\/ac5a707d5b47784a5ed426c6e213e201423c750890f64e4c379114dade67dfb9?s=96&d=mm&r=g\",\"contentUrl\":\"https:\/\/secure.gravatar.com\/avatar\/ac5a707d5b47784a5ed426c6e213e201423c750890f64e4c379114dade67dfb9?s=96&d=mm&r=g\",\"caption\":\"Reda\u00e7\u00e3o\"}}]}<\/script>\n<!-- \/ Yoast SEO plugin. -->","yoast_head_json":{"title":"Supremo reduz para 5 anos prazo para pedir FGTS n\u00e3o recolhido - Notibras","robots":{"index":"index","follow":"follow","max-snippet":"max-snippet:-1","max-image-preview":"max-image-preview:large","max-video-preview":"max-video-preview:-1"},"canonical":"https:\/\/www.notibras.com\/site\/supremo-reduz-para-5-anos-prazo-para-pedir-fgts-nao-recolhido\/","og_locale":"pt_BR","og_type":"article","og_title":"Supremo reduz para 5 anos prazo para pedir FGTS n\u00e3o recolhido - Notibras","og_description":"O Supremo Tribunal Federal decidiu nesta quinta-feira (13) que um trabalhador s\u00f3 poder\u00e1 requerer na Justi\u00e7a valores do Fundo de Garantia por Tempo de Servi\u00e7o (FGTS) n\u00e3o depositados pelo empregador nos cinco anos anteriores ao ajuizamento da a\u00e7\u00e3o. Atualmente, ele pode reivindicar benef\u00edcios que n\u00e3o tenham sido depositados at\u00e9 30 anos antes. A nova regra [&hellip;]","og_url":"https:\/\/www.notibras.com\/site\/supremo-reduz-para-5-anos-prazo-para-pedir-fgts-nao-recolhido\/","og_site_name":"Notibras","article_publisher":"https:\/\/www.facebook.com\/notibras\/","article_published_time":"2014-11-13T23:00:56+00:00","article_modified_time":"2014-12-04T23:10:05+00:00","og_image":[{"width":500,"height":363,"url":"https:\/\/www.notibras.com\/site\/wp-content\/uploads\/2014\/11\/Sem-t\u00edtulo-177.jpg","type":"image\/jpeg"}],"author":"Reda\u00e7\u00e3o","twitter_card":"summary_large_image","twitter_creator":"@Notibras","twitter_site":"@Notibras","twitter_misc":{"Escrito por":"Reda\u00e7\u00e3o","Est. tempo de leitura":"2 minutos"},"schema":{"@context":"https:\/\/schema.org","@graph":[{"@type":"Article","@id":"https:\/\/www.notibras.com\/site\/supremo-reduz-para-5-anos-prazo-para-pedir-fgts-nao-recolhido\/#article","isPartOf":{"@id":"https:\/\/www.notibras.com\/site\/supremo-reduz-para-5-anos-prazo-para-pedir-fgts-nao-recolhido\/"},"author":{"name":"Reda\u00e7\u00e3o","@id":"https:\/\/www.notibras.com\/site\/#\/schema\/person\/00b8e1aa08f9ef6563e878c5159d01cf"},"headline":"Supremo reduz para 5 anos prazo para pedir FGTS n\u00e3o recolhido","datePublished":"2014-11-13T23:00:56+00:00","dateModified":"2014-12-04T23:10:05+00:00","mainEntityOfPage":{"@id":"https:\/\/www.notibras.com\/site\/supremo-reduz-para-5-anos-prazo-para-pedir-fgts-nao-recolhido\/"},"wordCount":362,"commentCount":0,"publisher":{"@id":"https:\/\/www.notibras.com\/site\/#organization"},"image":{"@id":"https:\/\/www.notibras.com\/site\/supremo-reduz-para-5-anos-prazo-para-pedir-fgts-nao-recolhido\/#primaryimage"},"thumbnailUrl":"https:\/\/www.notibras.com\/site\/wp-content\/uploads\/2014\/11\/Sem-t\u00edtulo-177.jpg","articleSection":["Brasil"],"inLanguage":"pt-BR","potentialAction":[{"@type":"CommentAction","name":"Comment","target":["https:\/\/www.notibras.com\/site\/supremo-reduz-para-5-anos-prazo-para-pedir-fgts-nao-recolhido\/#respond"]}]},{"@type":"WebPage","@id":"https:\/\/www.notibras.com\/site\/supremo-reduz-para-5-anos-prazo-para-pedir-fgts-nao-recolhido\/","url":"https:\/\/www.notibras.com\/site\/supremo-reduz-para-5-anos-prazo-para-pedir-fgts-nao-recolhido\/","name":"Supremo reduz para 5 anos prazo para pedir FGTS n\u00e3o recolhido - Notibras","isPartOf":{"@id":"https:\/\/www.notibras.com\/site\/#website"},"primaryImageOfPage":{"@id":"https:\/\/www.notibras.com\/site\/supremo-reduz-para-5-anos-prazo-para-pedir-fgts-nao-recolhido\/#primaryimage"},"image":{"@id":"https:\/\/www.notibras.com\/site\/supremo-reduz-para-5-anos-prazo-para-pedir-fgts-nao-recolhido\/#primaryimage"},"thumbnailUrl":"https:\/\/www.notibras.com\/site\/wp-content\/uploads\/2014\/11\/Sem-t\u00edtulo-177.jpg","datePublished":"2014-11-13T23:00:56+00:00","dateModified":"2014-12-04T23:10:05+00:00","breadcrumb":{"@id":"https:\/\/www.notibras.com\/site\/supremo-reduz-para-5-anos-prazo-para-pedir-fgts-nao-recolhido\/#breadcrumb"},"inLanguage":"pt-BR","potentialAction":[{"@type":"ReadAction","target":["https:\/\/www.notibras.com\/site\/supremo-reduz-para-5-anos-prazo-para-pedir-fgts-nao-recolhido\/"]}]},{"@type":"ImageObject","inLanguage":"pt-BR","@id":"https:\/\/www.notibras.com\/site\/supremo-reduz-para-5-anos-prazo-para-pedir-fgts-nao-recolhido\/#primaryimage","url":"https:\/\/www.notibras.com\/site\/wp-content\/uploads\/2014\/11\/Sem-t\u00edtulo-177.jpg","contentUrl":"https:\/\/www.notibras.com\/site\/wp-content\/uploads\/2014\/11\/Sem-t\u00edtulo-177.jpg","width":500,"height":363},{"@type":"BreadcrumbList","@id":"https:\/\/www.notibras.com\/site\/supremo-reduz-para-5-anos-prazo-para-pedir-fgts-nao-recolhido\/#breadcrumb","itemListElement":[{"@type":"ListItem","position":1,"name":"In\u00edcio","item":"https:\/\/www.notibras.com\/site\/"},{"@type":"ListItem","position":2,"name":"Supremo reduz para 5 anos prazo para pedir FGTS n\u00e3o recolhido"}]},{"@type":"WebSite","@id":"https:\/\/www.notibras.com\/site\/#website","url":"https:\/\/www.notibras.com\/site\/","name":"Notibras","description":"Not\u00edcias de Bras\u00edlia, do Brasil e do Mundo","publisher":{"@id":"https:\/\/www.notibras.com\/site\/#organization"},"potentialAction":[{"@type":"SearchAction","target":{"@type":"EntryPoint","urlTemplate":"https:\/\/www.notibras.com\/site\/?s={search_term_string}"},"query-input":{"@type":"PropertyValueSpecification","valueRequired":true,"valueName":"search_term_string"}}],"inLanguage":"pt-BR"},{"@type":"Organization","@id":"https:\/\/www.notibras.com\/site\/#organization","name":"Grupo Notibras de Comunica\u00e7\u00e3o","url":"https:\/\/www.notibras.com\/site\/","logo":{"@type":"ImageObject","inLanguage":"pt-BR","@id":"https:\/\/www.notibras.com\/site\/#\/schema\/logo\/image\/","url":"https:\/\/www.notibras.com\/site\/wp-content\/uploads\/2023\/01\/notibras23.png","contentUrl":"https:\/\/www.notibras.com\/site\/wp-content\/uploads\/2023\/01\/notibras23.png","width":350,"height":87,"caption":"Grupo Notibras de Comunica\u00e7\u00e3o"},"image":{"@id":"https:\/\/www.notibras.com\/site\/#\/schema\/logo\/image\/"},"sameAs":["https:\/\/www.facebook.com\/notibras\/","https:\/\/x.com\/Notibras","https:\/\/www.instagram.com\/notibras\/"]},{"@type":"Person","@id":"https:\/\/www.notibras.com\/site\/#\/schema\/person\/00b8e1aa08f9ef6563e878c5159d01cf","name":"Reda\u00e7\u00e3o","image":{"@type":"ImageObject","inLanguage":"pt-BR","@id":"https:\/\/secure.gravatar.com\/avatar\/ac5a707d5b47784a5ed426c6e213e201423c750890f64e4c379114dade67dfb9?s=96&d=mm&r=g","url":"https:\/\/secure.gravatar.com\/avatar\/ac5a707d5b47784a5ed426c6e213e201423c750890f64e4c379114dade67dfb9?s=96&d=mm&r=g","contentUrl":"https:\/\/secure.gravatar.com\/avatar\/ac5a707d5b47784a5ed426c6e213e201423c750890f64e4c379114dade67dfb9?s=96&d=mm&r=g","caption":"Reda\u00e7\u00e3o"}}]}},"amp_enabled":true,"_links":{"self":[{"href":"https:\/\/www.notibras.com\/site\/wp-json\/wp\/v2\/posts\/28183","targetHints":{"allow":["GET"]}}],"collection":[{"href":"https:\/\/www.notibras.com\/site\/wp-json\/wp\/v2\/posts"}],"about":[{"href":"https:\/\/www.notibras.com\/site\/wp-json\/wp\/v2\/types\/post"}],"author":[{"embeddable":true,"href":"https:\/\/www.notibras.com\/site\/wp-json\/wp\/v2\/users\/1"}],"replies":[{"embeddable":true,"href":"https:\/\/www.notibras.com\/site\/wp-json\/wp\/v2\/comments?post=28183"}],"version-history":[{"count":0,"href":"https:\/\/www.notibras.com\/site\/wp-json\/wp\/v2\/posts\/28183\/revisions"}],"wp:featuredmedia":[{"embeddable":true,"href":"https:\/\/www.notibras.com\/site\/wp-json\/wp\/v2\/media\/28184"}],"wp:attachment":[{"href":"https:\/\/www.notibras.com\/site\/wp-json\/wp\/v2\/media?parent=28183"}],"wp:term":[{"taxonomy":"category","embeddable":true,"href":"https:\/\/www.notibras.com\/site\/wp-json\/wp\/v2\/categories?post=28183"},{"taxonomy":"post_tag","embeddable":true,"href":"https:\/\/www.notibras.com\/site\/wp-json\/wp\/v2\/tags?post=28183"}],"curies":[{"name":"wp","href":"https:\/\/api.w.org\/{rel}","templated":true}]}}