{"id":283530,"date":"2022-04-08T18:35:30","date_gmt":"2022-04-08T21:35:30","guid":{"rendered":"https:\/\/www.notibras.com\/site\/?p=283530"},"modified":"2022-04-13T19:18:07","modified_gmt":"2022-04-13T22:18:07","slug":"eua-implantarao-um-sistema-de-misseis-patriot-na-eslovaquia","status":"publish","type":"post","link":"https:\/\/www.notibras.com\/site\/eua-implantarao-um-sistema-de-misseis-patriot-na-eslovaquia\/","title":{"rendered":"EUA implantar\u00e3o um sistema de m\u00edsseis Patriot na Eslov\u00e1quia"},"content":{"rendered":"<p>Embora a Otan tenha dito que n\u00e3o se envolver\u00e1 militarmente na Ucr\u00e2nia, inclusive recusando-se a estabelecer uma zona de exclus\u00e3o a\u00e9rea, ela se apressou em inundar o pa\u00eds com armas, incluindo armas port\u00e1teis e sistemas de armas maiores. Alguns ex-aliados sovi\u00e9ticos tamb\u00e9m consideraram enviar seus equipamentos de fabrica\u00e7\u00e3o sovi\u00e9tica para uso da Ucr\u00e2nia.<\/p>\n<p>Esse clima de beliger\u00e2ncia tem sido alimentado pelo secret\u00e1rio de Defesa dos EUA, Lloyd Austin. Ele disse nesta sexta-feira que os EUA posicionar\u00e3o um sistema de defesa a\u00e9rea MIM-104 Patriot na Eslov\u00e1quia, um aliado da Otan na Europa Central.<\/p>\n<p>&#8220;O Comando Europeu dos EUA reposicionar\u00e1 um sistema de m\u00edsseis Patriot, tripulado por membros do servi\u00e7o americano, para a Eslov\u00e1quia&#8221;, disse Austin em comunicado. &#8220;Esperamos que esta bateria e sua tripula\u00e7\u00e3o cheguem nos pr\u00f3ximos dias. Sua dura\u00e7\u00e3o de implanta\u00e7\u00e3o ainda n\u00e3o foi fixada, pois continuamos a consultar o governo eslovaco sobre solu\u00e7\u00f5es de defesa a\u00e9rea mais permanentes&#8221;.<\/p>\n<p>A not\u00edcia vem depois que o primeiro-ministro eslovaco, Eduard Heger, dizer que o pa\u00eds havia dado seu sistema de defesa a\u00e9rea S-300 de fabrica\u00e7\u00e3o russa (nome da Otan S-10 Grumble) para a Ucr\u00e2nia. Os dois pa\u00edses compartilham uma fronteira de 50 milhas nas montanhas dos C\u00e1rpatos. Em uma declara\u00e7\u00e3o o presidente dos EUA, Joe Biden, agradeceu a Bratislava pela decis\u00e3o, observando que os EUA estavam enviando o sistema Patriot &#8220;para permitir essa transfer\u00eancia e garantir a seguran\u00e7a cont\u00ednua da Eslov\u00e1quia&#8221;.<\/p>\n<p>No m\u00eas passado, a Alemanha e a Holanda tamb\u00e9m enviaram tr\u00eas baterias de m\u00edsseis Patriot para a Eslov\u00e1quia, e os EUA tamb\u00e9m posicionaram duas baterias adicionais no leste da Pol\u00f4nia. Os sistemas far\u00e3o parte de um novo grupo de batalha da Otan que est\u00e1 sendo formado na Eslov\u00e1quia, que \u00e9 um dos quatro novos grupos anunciados pela alian\u00e7a no m\u00eas passado. A Otan j\u00e1 tem quatro grupos de batalha na Pol\u00f4nia e nos Estados B\u00e1lticos como parte de uma implanta\u00e7\u00e3o de Presen\u00e7a Avan\u00e7ada Aprimorada. Os novos grupos de batalha est\u00e3o sendo enviados para a Eslov\u00e1quia, Rom\u00eania, Bulg\u00e1ria e Hungria.<\/p>\n<p>O general da For\u00e7a A\u00e9rea dos EUA, Tod Wolters, o Comandante Supremo Aliado da Europa (SACEUR) e o segundo general mais graduado da Otan, disse a um painel do Senado na semana passada que os EUA t\u00eam 102.000 soldados na Europa, quase o dobro do n\u00famero no in\u00edcio do ano.<\/p>\n<p>O aumento maci\u00e7o ocorreu depois que a R\u00fassia lan\u00e7ou uma opera\u00e7\u00e3o especial na Ucr\u00e2nia em 24 de fevereiro com o objetivo de neutralizar as for\u00e7as armadas do pa\u00eds e tornar o pa\u00eds incapaz de servir como base da Otan para atacar a R\u00fassia. A Ucr\u00e2nia n\u00e3o \u00e9 um aliado da Otan, mas recebeu extensas armas e treinamento desde o golpe apoiado pelos EUA em 2014 e acrescentou \u00e0 sua constitui\u00e7\u00e3o que ingressar na alian\u00e7a \u00e9 um objetivo do governo. Moscou disse que a expans\u00e3o da Otan mais para o leste \u00e9 uma linha vermelha.<\/p>\n<p>O poderoso sistema de m\u00edsseis antia\u00e9reos Patriot \u00e9 capaz de derrubar drones, aeronaves, m\u00edsseis de cruzeiro e m\u00edsseis bal\u00edsticos em um raio de 160 quil\u00f4metros. No entanto, \u00e9 improv\u00e1vel que seja capaz de engajar armas hipers\u00f4nicas. Cada lan\u00e7ador montado em caminh\u00e3o opera em conjunto com at\u00e9 quatro outros lan\u00e7adores e comunica\u00e7\u00f5es, comando e controle e esta\u00e7\u00f5es de radar. Eles tamb\u00e9m podem se conectar com outros sistemas de defesa a\u00e9rea , como o sistema Terminal High-Altitude Area Defense (THAAD).<\/p>\n<p>Al\u00e9m dos numerosos sistemas Patriot, os EUA tamb\u00e9m constru\u00edram uma base de m\u00edsseis Aegis Ashore em Deveselu, na Rom\u00eania, e uma segunda base em Radzikowo, na Pol\u00f4nia , est\u00e1 em fase de conclus\u00e3o. Constru\u00eddo ostensivamente para defender a Europa contra m\u00edsseis bal\u00edsticos iranianos, a R\u00fassia h\u00e1 muito alerta que o sistema Aegis pode ser usado para lan\u00e7ar m\u00edsseis ofensivos em territ\u00f3rio russo e que tamb\u00e9m pode derrubar m\u00edsseis russos.<\/p>\n<p>O Tratado de M\u00edsseis Antibal\u00edsticos (ABM) uma vez proibiu tais instala\u00e7\u00f5es porque elas criam o perigo de um primeiro ataque nuclear, se um lado acredita que pode derrubar todos os m\u00edsseis do oponente que eles disparariam em retalia\u00e7\u00e3o. No entanto, os EUA se retiraram unilateralmente desse tratado em 2002.<\/p>\n","protected":false},"excerpt":{"rendered":"<p>Embora a Otan tenha dito que n\u00e3o se envolver\u00e1 militarmente na Ucr\u00e2nia, inclusive recusando-se a estabelecer uma zona de exclus\u00e3o a\u00e9rea, ela se apressou em inundar o pa\u00eds com armas, incluindo armas port\u00e1teis e sistemas de armas maiores. Alguns ex-aliados sovi\u00e9ticos tamb\u00e9m consideraram enviar seus equipamentos de fabrica\u00e7\u00e3o sovi\u00e9tica para uso da Ucr\u00e2nia. Esse clima [&hellip;]<\/p>\n","protected":false},"author":2,"featured_media":283531,"comment_status":"closed","ping_status":"closed","sticky":false,"template":"","format":"standard","meta":{"_acf_changed":false,"footnotes":""},"categories":[159],"tags":[95],"class_list":["post-283530","post","type-post","status-publish","format-standard","has-post-thumbnail","hentry","category-apocalipse","tag-capa"],"acf":[],"yoast_head":"<!-- This site is optimized with the Yoast SEO plugin v27.2 - https:\/\/yoast.com\/product\/yoast-seo-wordpress\/ -->\n<title>EUA implantar\u00e3o um sistema de m\u00edsseis Patriot na Eslov\u00e1quia - Notibras<\/title>\n<meta name=\"robots\" content=\"index, follow, max-snippet:-1, max-image-preview:large, max-video-preview:-1\" \/>\n<link rel=\"canonical\" href=\"https:\/\/www.notibras.com\/site\/eua-implantarao-um-sistema-de-misseis-patriot-na-eslovaquia\/\" \/>\n<meta property=\"og:locale\" content=\"pt_BR\" \/>\n<meta property=\"og:type\" content=\"article\" \/>\n<meta property=\"og:title\" content=\"EUA implantar\u00e3o um sistema de m\u00edsseis Patriot na Eslov\u00e1quia - Notibras\" \/>\n<meta property=\"og:description\" content=\"Embora a Otan tenha dito que n\u00e3o se envolver\u00e1 militarmente na Ucr\u00e2nia, inclusive recusando-se a estabelecer uma zona de exclus\u00e3o a\u00e9rea, ela se apressou em inundar o pa\u00eds com armas, incluindo armas port\u00e1teis e sistemas de armas maiores. Alguns ex-aliados sovi\u00e9ticos tamb\u00e9m consideraram enviar seus equipamentos de fabrica\u00e7\u00e3o sovi\u00e9tica para uso da Ucr\u00e2nia. Esse clima [&hellip;]\" \/>\n<meta property=\"og:url\" content=\"https:\/\/www.notibras.com\/site\/eua-implantarao-um-sistema-de-misseis-patriot-na-eslovaquia\/\" \/>\n<meta property=\"og:site_name\" content=\"Notibras\" \/>\n<meta property=\"article:publisher\" content=\"https:\/\/www.facebook.com\/notibras\/\" \/>\n<meta property=\"article:published_time\" content=\"2022-04-08T21:35:30+00:00\" \/>\n<meta property=\"article:modified_time\" content=\"2022-04-13T22:18:07+00:00\" \/>\n<meta property=\"og:image\" content=\"https:\/\/www.notibras.com\/site\/wp-content\/uploads\/2022\/04\/misseis.polonia.webp\" \/>\n\t<meta property=\"og:image:width\" content=\"1920\" \/>\n\t<meta property=\"og:image:height\" content=\"1080\" \/>\n\t<meta property=\"og:image:type\" content=\"image\/webp\" \/>\n<meta name=\"author\" content=\"Reda\u00e7\u00e3o\" \/>\n<meta name=\"twitter:card\" content=\"summary_large_image\" \/>\n<meta name=\"twitter:creator\" content=\"@Notibras\" \/>\n<meta name=\"twitter:site\" content=\"@Notibras\" \/>\n<meta name=\"twitter:label1\" content=\"Escrito por\" \/>\n\t<meta name=\"twitter:data1\" content=\"Reda\u00e7\u00e3o\" \/>\n\t<meta name=\"twitter:label2\" content=\"Est. tempo de leitura\" \/>\n\t<meta name=\"twitter:data2\" content=\"4 minutos\" \/>\n<script type=\"application\/ld+json\" class=\"yoast-schema-graph\">{\"@context\":\"https:\/\/schema.org\",\"@graph\":[{\"@type\":\"Article\",\"@id\":\"https:\/\/www.notibras.com\/site\/eua-implantarao-um-sistema-de-misseis-patriot-na-eslovaquia\/#article\",\"isPartOf\":{\"@id\":\"https:\/\/www.notibras.com\/site\/eua-implantarao-um-sistema-de-misseis-patriot-na-eslovaquia\/\"},\"author\":{\"name\":\"Reda\u00e7\u00e3o\",\"@id\":\"https:\/\/www.notibras.com\/site\/#\/schema\/person\/36ab0979449956132d3e5b517ea76ac8\"},\"headline\":\"EUA implantar\u00e3o um sistema de m\u00edsseis Patriot na Eslov\u00e1quia\",\"datePublished\":\"2022-04-08T21:35:30+00:00\",\"dateModified\":\"2022-04-13T22:18:07+00:00\",\"mainEntityOfPage\":{\"@id\":\"https:\/\/www.notibras.com\/site\/eua-implantarao-um-sistema-de-misseis-patriot-na-eslovaquia\/\"},\"wordCount\":779,\"publisher\":{\"@id\":\"https:\/\/www.notibras.com\/site\/#organization\"},\"image\":{\"@id\":\"https:\/\/www.notibras.com\/site\/eua-implantarao-um-sistema-de-misseis-patriot-na-eslovaquia\/#primaryimage\"},\"thumbnailUrl\":\"https:\/\/www.notibras.com\/site\/wp-content\/uploads\/2022\/04\/misseis.polonia.webp\",\"keywords\":[\"capa\"],\"articleSection\":[\"Apocalipse\"],\"inLanguage\":\"pt-BR\"},{\"@type\":\"WebPage\",\"@id\":\"https:\/\/www.notibras.com\/site\/eua-implantarao-um-sistema-de-misseis-patriot-na-eslovaquia\/\",\"url\":\"https:\/\/www.notibras.com\/site\/eua-implantarao-um-sistema-de-misseis-patriot-na-eslovaquia\/\",\"name\":\"EUA implantar\u00e3o um sistema de m\u00edsseis Patriot na Eslov\u00e1quia - Notibras\",\"isPartOf\":{\"@id\":\"https:\/\/www.notibras.com\/site\/#website\"},\"primaryImageOfPage\":{\"@id\":\"https:\/\/www.notibras.com\/site\/eua-implantarao-um-sistema-de-misseis-patriot-na-eslovaquia\/#primaryimage\"},\"image\":{\"@id\":\"https:\/\/www.notibras.com\/site\/eua-implantarao-um-sistema-de-misseis-patriot-na-eslovaquia\/#primaryimage\"},\"thumbnailUrl\":\"https:\/\/www.notibras.com\/site\/wp-content\/uploads\/2022\/04\/misseis.polonia.webp\",\"datePublished\":\"2022-04-08T21:35:30+00:00\",\"dateModified\":\"2022-04-13T22:18:07+00:00\",\"breadcrumb\":{\"@id\":\"https:\/\/www.notibras.com\/site\/eua-implantarao-um-sistema-de-misseis-patriot-na-eslovaquia\/#breadcrumb\"},\"inLanguage\":\"pt-BR\",\"potentialAction\":[{\"@type\":\"ReadAction\",\"target\":[\"https:\/\/www.notibras.com\/site\/eua-implantarao-um-sistema-de-misseis-patriot-na-eslovaquia\/\"]}]},{\"@type\":\"ImageObject\",\"inLanguage\":\"pt-BR\",\"@id\":\"https:\/\/www.notibras.com\/site\/eua-implantarao-um-sistema-de-misseis-patriot-na-eslovaquia\/#primaryimage\",\"url\":\"https:\/\/www.notibras.com\/site\/wp-content\/uploads\/2022\/04\/misseis.polonia.webp\",\"contentUrl\":\"https:\/\/www.notibras.com\/site\/wp-content\/uploads\/2022\/04\/misseis.polonia.webp\",\"width\":1920,\"height\":1080},{\"@type\":\"BreadcrumbList\",\"@id\":\"https:\/\/www.notibras.com\/site\/eua-implantarao-um-sistema-de-misseis-patriot-na-eslovaquia\/#breadcrumb\",\"itemListElement\":[{\"@type\":\"ListItem\",\"position\":1,\"name\":\"In\u00edcio\",\"item\":\"https:\/\/www.notibras.com\/site\/\"},{\"@type\":\"ListItem\",\"position\":2,\"name\":\"EUA implantar\u00e3o um sistema de m\u00edsseis Patriot na Eslov\u00e1quia\"}]},{\"@type\":\"WebSite\",\"@id\":\"https:\/\/www.notibras.com\/site\/#website\",\"url\":\"https:\/\/www.notibras.com\/site\/\",\"name\":\"Notibras\",\"description\":\"Not\u00edcias de Bras\u00edlia, do Brasil e do Mundo\",\"publisher\":{\"@id\":\"https:\/\/www.notibras.com\/site\/#organization\"},\"potentialAction\":[{\"@type\":\"SearchAction\",\"target\":{\"@type\":\"EntryPoint\",\"urlTemplate\":\"https:\/\/www.notibras.com\/site\/?s={search_term_string}\"},\"query-input\":{\"@type\":\"PropertyValueSpecification\",\"valueRequired\":true,\"valueName\":\"search_term_string\"}}],\"inLanguage\":\"pt-BR\"},{\"@type\":\"Organization\",\"@id\":\"https:\/\/www.notibras.com\/site\/#organization\",\"name\":\"Grupo Notibras de Comunica\u00e7\u00e3o\",\"url\":\"https:\/\/www.notibras.com\/site\/\",\"logo\":{\"@type\":\"ImageObject\",\"inLanguage\":\"pt-BR\",\"@id\":\"https:\/\/www.notibras.com\/site\/#\/schema\/logo\/image\/\",\"url\":\"https:\/\/www.notibras.com\/site\/wp-content\/uploads\/2023\/01\/notibras23.png\",\"contentUrl\":\"https:\/\/www.notibras.com\/site\/wp-content\/uploads\/2023\/01\/notibras23.png\",\"width\":350,\"height\":87,\"caption\":\"Grupo Notibras de Comunica\u00e7\u00e3o\"},\"image\":{\"@id\":\"https:\/\/www.notibras.com\/site\/#\/schema\/logo\/image\/\"},\"sameAs\":[\"https:\/\/www.facebook.com\/notibras\/\",\"https:\/\/x.com\/Notibras\",\"https:\/\/www.instagram.com\/notibras\/\"]},{\"@type\":\"Person\",\"@id\":\"https:\/\/www.notibras.com\/site\/#\/schema\/person\/36ab0979449956132d3e5b517ea76ac8\",\"name\":\"Reda\u00e7\u00e3o\",\"image\":{\"@type\":\"ImageObject\",\"inLanguage\":\"pt-BR\",\"@id\":\"https:\/\/secure.gravatar.com\/avatar\/e0a867bdedb85fd243eadf09663511f96fc81e0720a4a42581f334ad4303aa6b?s=96&d=mm&r=g\",\"url\":\"https:\/\/secure.gravatar.com\/avatar\/e0a867bdedb85fd243eadf09663511f96fc81e0720a4a42581f334ad4303aa6b?s=96&d=mm&r=g\",\"contentUrl\":\"https:\/\/secure.gravatar.com\/avatar\/e0a867bdedb85fd243eadf09663511f96fc81e0720a4a42581f334ad4303aa6b?s=96&d=mm&r=g\",\"caption\":\"Reda\u00e7\u00e3o\"}}]}<\/script>\n<!-- \/ Yoast SEO plugin. -->","yoast_head_json":{"title":"EUA implantar\u00e3o um sistema de m\u00edsseis Patriot na Eslov\u00e1quia - Notibras","robots":{"index":"index","follow":"follow","max-snippet":"max-snippet:-1","max-image-preview":"max-image-preview:large","max-video-preview":"max-video-preview:-1"},"canonical":"https:\/\/www.notibras.com\/site\/eua-implantarao-um-sistema-de-misseis-patriot-na-eslovaquia\/","og_locale":"pt_BR","og_type":"article","og_title":"EUA implantar\u00e3o um sistema de m\u00edsseis Patriot na Eslov\u00e1quia - Notibras","og_description":"Embora a Otan tenha dito que n\u00e3o se envolver\u00e1 militarmente na Ucr\u00e2nia, inclusive recusando-se a estabelecer uma zona de exclus\u00e3o a\u00e9rea, ela se apressou em inundar o pa\u00eds com armas, incluindo armas port\u00e1teis e sistemas de armas maiores. Alguns ex-aliados sovi\u00e9ticos tamb\u00e9m consideraram enviar seus equipamentos de fabrica\u00e7\u00e3o sovi\u00e9tica para uso da Ucr\u00e2nia. Esse clima [&hellip;]","og_url":"https:\/\/www.notibras.com\/site\/eua-implantarao-um-sistema-de-misseis-patriot-na-eslovaquia\/","og_site_name":"Notibras","article_publisher":"https:\/\/www.facebook.com\/notibras\/","article_published_time":"2022-04-08T21:35:30+00:00","article_modified_time":"2022-04-13T22:18:07+00:00","og_image":[{"width":1920,"height":1080,"url":"https:\/\/www.notibras.com\/site\/wp-content\/uploads\/2022\/04\/misseis.polonia.webp","type":"image\/webp"}],"author":"Reda\u00e7\u00e3o","twitter_card":"summary_large_image","twitter_creator":"@Notibras","twitter_site":"@Notibras","twitter_misc":{"Escrito por":"Reda\u00e7\u00e3o","Est. tempo de leitura":"4 minutos"},"schema":{"@context":"https:\/\/schema.org","@graph":[{"@type":"Article","@id":"https:\/\/www.notibras.com\/site\/eua-implantarao-um-sistema-de-misseis-patriot-na-eslovaquia\/#article","isPartOf":{"@id":"https:\/\/www.notibras.com\/site\/eua-implantarao-um-sistema-de-misseis-patriot-na-eslovaquia\/"},"author":{"name":"Reda\u00e7\u00e3o","@id":"https:\/\/www.notibras.com\/site\/#\/schema\/person\/36ab0979449956132d3e5b517ea76ac8"},"headline":"EUA implantar\u00e3o um sistema de m\u00edsseis Patriot na Eslov\u00e1quia","datePublished":"2022-04-08T21:35:30+00:00","dateModified":"2022-04-13T22:18:07+00:00","mainEntityOfPage":{"@id":"https:\/\/www.notibras.com\/site\/eua-implantarao-um-sistema-de-misseis-patriot-na-eslovaquia\/"},"wordCount":779,"publisher":{"@id":"https:\/\/www.notibras.com\/site\/#organization"},"image":{"@id":"https:\/\/www.notibras.com\/site\/eua-implantarao-um-sistema-de-misseis-patriot-na-eslovaquia\/#primaryimage"},"thumbnailUrl":"https:\/\/www.notibras.com\/site\/wp-content\/uploads\/2022\/04\/misseis.polonia.webp","keywords":["capa"],"articleSection":["Apocalipse"],"inLanguage":"pt-BR"},{"@type":"WebPage","@id":"https:\/\/www.notibras.com\/site\/eua-implantarao-um-sistema-de-misseis-patriot-na-eslovaquia\/","url":"https:\/\/www.notibras.com\/site\/eua-implantarao-um-sistema-de-misseis-patriot-na-eslovaquia\/","name":"EUA implantar\u00e3o um sistema de m\u00edsseis Patriot na Eslov\u00e1quia - Notibras","isPartOf":{"@id":"https:\/\/www.notibras.com\/site\/#website"},"primaryImageOfPage":{"@id":"https:\/\/www.notibras.com\/site\/eua-implantarao-um-sistema-de-misseis-patriot-na-eslovaquia\/#primaryimage"},"image":{"@id":"https:\/\/www.notibras.com\/site\/eua-implantarao-um-sistema-de-misseis-patriot-na-eslovaquia\/#primaryimage"},"thumbnailUrl":"https:\/\/www.notibras.com\/site\/wp-content\/uploads\/2022\/04\/misseis.polonia.webp","datePublished":"2022-04-08T21:35:30+00:00","dateModified":"2022-04-13T22:18:07+00:00","breadcrumb":{"@id":"https:\/\/www.notibras.com\/site\/eua-implantarao-um-sistema-de-misseis-patriot-na-eslovaquia\/#breadcrumb"},"inLanguage":"pt-BR","potentialAction":[{"@type":"ReadAction","target":["https:\/\/www.notibras.com\/site\/eua-implantarao-um-sistema-de-misseis-patriot-na-eslovaquia\/"]}]},{"@type":"ImageObject","inLanguage":"pt-BR","@id":"https:\/\/www.notibras.com\/site\/eua-implantarao-um-sistema-de-misseis-patriot-na-eslovaquia\/#primaryimage","url":"https:\/\/www.notibras.com\/site\/wp-content\/uploads\/2022\/04\/misseis.polonia.webp","contentUrl":"https:\/\/www.notibras.com\/site\/wp-content\/uploads\/2022\/04\/misseis.polonia.webp","width":1920,"height":1080},{"@type":"BreadcrumbList","@id":"https:\/\/www.notibras.com\/site\/eua-implantarao-um-sistema-de-misseis-patriot-na-eslovaquia\/#breadcrumb","itemListElement":[{"@type":"ListItem","position":1,"name":"In\u00edcio","item":"https:\/\/www.notibras.com\/site\/"},{"@type":"ListItem","position":2,"name":"EUA implantar\u00e3o um sistema de m\u00edsseis Patriot na Eslov\u00e1quia"}]},{"@type":"WebSite","@id":"https:\/\/www.notibras.com\/site\/#website","url":"https:\/\/www.notibras.com\/site\/","name":"Notibras","description":"Not\u00edcias de Bras\u00edlia, do Brasil e do Mundo","publisher":{"@id":"https:\/\/www.notibras.com\/site\/#organization"},"potentialAction":[{"@type":"SearchAction","target":{"@type":"EntryPoint","urlTemplate":"https:\/\/www.notibras.com\/site\/?s={search_term_string}"},"query-input":{"@type":"PropertyValueSpecification","valueRequired":true,"valueName":"search_term_string"}}],"inLanguage":"pt-BR"},{"@type":"Organization","@id":"https:\/\/www.notibras.com\/site\/#organization","name":"Grupo Notibras de Comunica\u00e7\u00e3o","url":"https:\/\/www.notibras.com\/site\/","logo":{"@type":"ImageObject","inLanguage":"pt-BR","@id":"https:\/\/www.notibras.com\/site\/#\/schema\/logo\/image\/","url":"https:\/\/www.notibras.com\/site\/wp-content\/uploads\/2023\/01\/notibras23.png","contentUrl":"https:\/\/www.notibras.com\/site\/wp-content\/uploads\/2023\/01\/notibras23.png","width":350,"height":87,"caption":"Grupo Notibras de Comunica\u00e7\u00e3o"},"image":{"@id":"https:\/\/www.notibras.com\/site\/#\/schema\/logo\/image\/"},"sameAs":["https:\/\/www.facebook.com\/notibras\/","https:\/\/x.com\/Notibras","https:\/\/www.instagram.com\/notibras\/"]},{"@type":"Person","@id":"https:\/\/www.notibras.com\/site\/#\/schema\/person\/36ab0979449956132d3e5b517ea76ac8","name":"Reda\u00e7\u00e3o","image":{"@type":"ImageObject","inLanguage":"pt-BR","@id":"https:\/\/secure.gravatar.com\/avatar\/e0a867bdedb85fd243eadf09663511f96fc81e0720a4a42581f334ad4303aa6b?s=96&d=mm&r=g","url":"https:\/\/secure.gravatar.com\/avatar\/e0a867bdedb85fd243eadf09663511f96fc81e0720a4a42581f334ad4303aa6b?s=96&d=mm&r=g","contentUrl":"https:\/\/secure.gravatar.com\/avatar\/e0a867bdedb85fd243eadf09663511f96fc81e0720a4a42581f334ad4303aa6b?s=96&d=mm&r=g","caption":"Reda\u00e7\u00e3o"}}]}},"amp_enabled":true,"_links":{"self":[{"href":"https:\/\/www.notibras.com\/site\/wp-json\/wp\/v2\/posts\/283530","targetHints":{"allow":["GET"]}}],"collection":[{"href":"https:\/\/www.notibras.com\/site\/wp-json\/wp\/v2\/posts"}],"about":[{"href":"https:\/\/www.notibras.com\/site\/wp-json\/wp\/v2\/types\/post"}],"author":[{"embeddable":true,"href":"https:\/\/www.notibras.com\/site\/wp-json\/wp\/v2\/users\/2"}],"replies":[{"embeddable":true,"href":"https:\/\/www.notibras.com\/site\/wp-json\/wp\/v2\/comments?post=283530"}],"version-history":[{"count":1,"href":"https:\/\/www.notibras.com\/site\/wp-json\/wp\/v2\/posts\/283530\/revisions"}],"predecessor-version":[{"id":283532,"href":"https:\/\/www.notibras.com\/site\/wp-json\/wp\/v2\/posts\/283530\/revisions\/283532"}],"wp:featuredmedia":[{"embeddable":true,"href":"https:\/\/www.notibras.com\/site\/wp-json\/wp\/v2\/media\/283531"}],"wp:attachment":[{"href":"https:\/\/www.notibras.com\/site\/wp-json\/wp\/v2\/media?parent=283530"}],"wp:term":[{"taxonomy":"category","embeddable":true,"href":"https:\/\/www.notibras.com\/site\/wp-json\/wp\/v2\/categories?post=283530"},{"taxonomy":"post_tag","embeddable":true,"href":"https:\/\/www.notibras.com\/site\/wp-json\/wp\/v2\/tags?post=283530"}],"curies":[{"name":"wp","href":"https:\/\/api.w.org\/{rel}","templated":true}]}}