{"id":28357,"date":"2014-11-15T09:43:46","date_gmt":"2014-11-15T12:43:46","guid":{"rendered":"http:\/\/www.notibras.com\/site\/?p=28357"},"modified":"2014-11-15T09:43:46","modified_gmt":"2014-11-15T12:43:46","slug":"passado-o-vendaval-eleitoral-chegou-a-hora-de-fazer-politica","status":"publish","type":"post","link":"https:\/\/www.notibras.com\/site\/passado-o-vendaval-eleitoral-chegou-a-hora-de-fazer-politica\/","title":{"rendered":"Passado o vendaval eleitoral, chegou a hora de fazer pol\u00edtica"},"content":{"rendered":"<p>Em 2010, dez dias antes do primeiro turno, os institutos de pesquisa percebiam que Dilma tinha grande chance de vencer ainda no primeiro turno. Os operadores do PSDB, em campo, perceberam a dificuldade de ganhar votos para Serra.<\/p>\n<p>O PSDB injetou recursos na campanha de Marina e a oposi\u00e7\u00e3o conseguiu provocar um segundo turno. A li\u00e7\u00e3o ficou: para chegar vi\u00e1vel a um segundo turno, a oposi\u00e7\u00e3o teria que oferecer um card\u00e1pio de op\u00e7\u00f5es mais variado no primeiro.<\/p>\n<p>Em 2014, Eduardo Campos foi bastante estimulado ou mesmo empurrado a lan\u00e7ar sua candidatura. Marina entrou nessa chapa, j\u00e1 que n\u00e3o conseguira viabilizar seu pr\u00f3prio partido, a Rede. Mas a cabe\u00e7a de chapa estava errada, do ponto de vista do apelo eleitoral.<\/p>\n<p>Campos criava uma brecha no eleitorado nordestino, mas n\u00e3o seduzia nada mais no resto do Pa\u00eds. Sua candidatura n\u00e3o decolava. Mas seu avi\u00e3o, sim, infelizmente para ele.<\/p>\n<p>O acidente providencial (nas palavras de Marina) produziu o que os acordos de bastidores n\u00e3o conseguiam: um novo ambiente para a disputa e tornou vi\u00e1vel um segundo turno.<\/p>\n<p>Outra surpresa estava \u00e0 porta, por\u00e9m: Marina cresceu al\u00e9m da conta e se tornou a op\u00e7\u00e3o primeira (e n\u00e3o apenas auxiliar) da oposi\u00e7\u00e3o. Setores do PSDB vislumbraram uma composi\u00e7\u00e3o inesperada: Marina ganha, o PSDB vai na garupa e \u201cajuda a governar\u201d.<\/p>\n<p>Mas os fatos iriam mostrar que era dif\u00edcil chegar a essa composi\u00e7\u00e3o, superando os apetites dos dois lados. A\u00e9cio precisava bater em Marina \u2013 ou pelo menos acreditava nisso.<\/p>\n<p>E bateu, associando-a ao PT, ao \u201cmensal\u00e3o\u201d e ao amadorismo. De fato, na solu\u00e7\u00e3o que alguns tucanos adotavam, ele teria um papel rid\u00edculo \u2013 seria o coadjuvante a ser prontamente descartado com a vit\u00f3ria da candidata do PSB.<\/p>\n<p>Marina mostrou suas enormes fragilidades, derretendo a cada declara\u00e7\u00e3o sua ou de seus principais auxiliares. E as pesquisas, confi\u00e1veis ou n\u00e3o, forneceram a A\u00e9cio algum g\u00e1s para sonhar com a possibilidade de uma virada.<\/p>\n<p>A compara\u00e7\u00e3o dos mapas de vota\u00e7\u00e3o de primeiro e segundo turnos evidencia que o PT acertou em bater na Marina e, assim, escolher A\u00e9cio como advers\u00e1rio em um segundo turno. Dilma ganhou alguns milh\u00f5es de votos entre os eleitores de Marina, o suficiente para manter-se \u00e0 frente.<\/p>\n<p>Imaginemos o que ocorreria se Marina fosse o advers\u00e1rio no segundo turno. O PSDB teria apoiado Marina desde o primeiro momento. Seria muito dif\u00edcil, para Dilma, tirar votos de Marina ou avan\u00e7ar entre eleitores de A\u00e9cio. Marina seria favorita para um segundo turno.<\/p>\n<blockquote><p>Assim, ao que parece, o PT acertou em liquidar Marina previamente. E os eleitores de A\u00e9cio foram demasiado apressados ou gulosos \u2013 julgaram suficiente a rejei\u00e7\u00e3o ao PT e pensaram que o tucano, mesmo vazio, seria suficiente para uma vit\u00f3ria.<\/p><\/blockquote>\n<p>Por\u00e9m, quanto mais se tornava conhecido, mais A\u00e9cio ficava vulner\u00e1vel. Ao final da campanha, sua taxa de rejei\u00e7\u00e3o era bem superior \u00e0 de Dilma. Inclusive no seu estado, uma derrota que o destruiu completamente.<\/p>\n<p>Derrotada, Marina viu-se na condi\u00e7\u00e3o de ap\u00eandice necess\u00e1rio, mas n\u00e3o suficiente, de A\u00e9cio. Vencido, A\u00e9cio tem que retornar ao Senado e convencer seu partido e aliados a sustent\u00e1-lo como \u201ccandidato natural\u201d em 2018, tarefa n\u00e3o t\u00e3o simples, como se percebe pela movimenta\u00e7\u00e3o ardilosa de seus companheiros de partido.<\/p>\n<p>Resta a vencedora, Dilma. Os \u201cmercados\u201d que a ela se opunham tamb\u00e9m se reacomodam e buscam uma coabita\u00e7\u00e3o que lhes convenha. Querem domar o governo, j\u00e1 que n\u00e3o conseguiram derrub\u00e1-lo \u2013 injetar ideias, equipes, pol\u00edticas.<\/p>\n<p>O \u201cn\u00e3o mercado\u201d, organizado em partidos de esquerda (n\u00e3o apenas o PT), sindicatos, movimentos sociais, tenta recuperar o terreno que perdera, o entrela\u00e7amento com as massas populares.<\/p>\n<p>Para al\u00e9m dos 30 milh\u00f5es de eleitores que votam sistematicamente na direita e na esquerda, h\u00e1 uns outros 80 milh\u00f5es de oscilantes. E milh\u00f5es de n\u00e3o eleitores sistem\u00e1ticos, que se colocam \u00e0 margem do voto, mas n\u00e3o necessariamente da pol\u00edtica.<\/p>\n<p>Dois eixos pol\u00edticos para mudar o quadro atual<\/p>\n<p>Vejamos o cen\u00e1rio. Temos as correntes pol\u00edticas, organizadas em partidos, sindicatos, movimentos. E temos uma massa de opini\u00f5es que n\u00e3o est\u00e3o nessas organiza\u00e7\u00f5es.<\/p>\n<p>Entre esses dois mundos, existem os mecanismos de forma\u00e7\u00e3o de opini\u00e3o, ou de pr\u00e9-forma\u00e7\u00e3o, de condicionamento homeop\u00e1tico de valores e ideias.<\/p>\n<p>N\u00e3o estamos falando apenas de meios de comunica\u00e7\u00e3o e seus canais mais explicitamente pol\u00edticos, como revistas, jornais e telejornais.\u00a0 Devemos incluir nesses mecanismos os canais de entretenimento e sedu\u00e7\u00e3o \u2013 o jornalismo esportivo e policial, sibilinamente pol\u00edticos, a novela, a s\u00e9rie, o programa humor\u00edstico, os talk shows intoxicantes.<\/p>\n<p>Esse \u00e9 um campo em disputa. Se governo popular quiser ter alguma viabilidade, precisa deixar de alimentar a m\u00eddia advers\u00e1ria e criar condi\u00e7\u00f5es para a emerg\u00eancia de uma m\u00eddia popular. N\u00e3o h\u00e1 raz\u00e3o para manter os atuais n\u00edveis de gastos do Executivo e das empresas estatais em publicidade institucional contraproducente.<\/p>\n<p>Mas n\u00e3o \u00e9 apenas a m\u00eddia! Al\u00e9m da m\u00eddia, existe a modelagem cotidiana, a press\u00e3o da vida di\u00e1ria, o modo como as pessoas ganham o p\u00e3o, uma press\u00e3o permanente, que condiciona mentes e cora\u00e7\u00f5es.<\/p>\n<p>O subsolo dos valores neoliberais, individualistas, \u00e9 uma vida cotidiana marcada pela privatiza\u00e7\u00e3o, pela \u201cmercadoriza\u00e7\u00e3o\u201d de tudo \u2013 em planos de sa\u00fade, escola paga, transporte, moradia, luz e \u00e1gua.<\/p>\n<p>A vida di\u00e1ria privatizada faz a cabe\u00e7a, mais do que mil serm\u00f5es. Ela cristaliza concep\u00e7\u00f5es anti-Estado, supostamente \u201cmeritocr\u00e1ticas\u201d.<\/p>\n<p>A vida socializada \u00e9 sua contrapartida, a presen\u00e7a cotidiana e vis\u00edvel do Estado, contrastando com o mercado. E \u00e9 por a\u00ed que a esquerda tem chance de conquistar milh\u00f5es de cora\u00e7\u00f5es que perdeu. Investindo em pol\u00edticas p\u00fablicas \u2013 e abandonando a ideia de que os servi\u00e7os p\u00fablicos precisam funcionar \u00e0 maneira do mercado. Mudando a vida e n\u00e3o apenas a imagem da vida que a m\u00eddia ou conjuntos de m\u00eddia difundem. Voltaremos a esse tema.<\/p>\n<p><strong>Reginaldo Moraes<\/strong><\/p>\n","protected":false},"excerpt":{"rendered":"<p>Em 2010, dez dias antes do primeiro turno, os institutos de pesquisa percebiam que Dilma tinha grande chance de vencer ainda no primeiro turno. Os operadores do PSDB, em campo, perceberam a dificuldade de ganhar votos para Serra. O PSDB injetou recursos na campanha de Marina e a oposi\u00e7\u00e3o conseguiu provocar um segundo turno. A [&hellip;]<\/p>\n","protected":false},"author":2,"featured_media":28358,"comment_status":"open","ping_status":"closed","sticky":false,"template":"","format":"standard","meta":{"_acf_changed":false,"footnotes":""},"categories":[25],"tags":[],"class_list":["post-28357","post","type-post","status-publish","format-standard","has-post-thumbnail","hentry","category-opina-ai"],"acf":[],"yoast_head":"<!-- This site is optimized with the Yoast SEO plugin v27.2 - https:\/\/yoast.com\/product\/yoast-seo-wordpress\/ -->\n<title>Passado o vendaval eleitoral, chegou a hora de fazer pol\u00edtica - Notibras<\/title>\n<meta name=\"robots\" content=\"index, follow, max-snippet:-1, max-image-preview:large, max-video-preview:-1\" \/>\n<link rel=\"canonical\" href=\"https:\/\/www.notibras.com\/site\/passado-o-vendaval-eleitoral-chegou-a-hora-de-fazer-politica\/\" \/>\n<meta property=\"og:locale\" content=\"pt_BR\" \/>\n<meta property=\"og:type\" content=\"article\" \/>\n<meta property=\"og:title\" content=\"Passado o vendaval eleitoral, chegou a hora de fazer pol\u00edtica - Notibras\" \/>\n<meta property=\"og:description\" content=\"Em 2010, dez dias antes do primeiro turno, os institutos de pesquisa percebiam que Dilma tinha grande chance de vencer ainda no primeiro turno. Os operadores do PSDB, em campo, perceberam a dificuldade de ganhar votos para Serra. O PSDB injetou recursos na campanha de Marina e a oposi\u00e7\u00e3o conseguiu provocar um segundo turno. A [&hellip;]\" \/>\n<meta property=\"og:url\" content=\"https:\/\/www.notibras.com\/site\/passado-o-vendaval-eleitoral-chegou-a-hora-de-fazer-politica\/\" \/>\n<meta property=\"og:site_name\" content=\"Notibras\" \/>\n<meta property=\"article:publisher\" content=\"https:\/\/www.facebook.com\/notibras\/\" \/>\n<meta property=\"article:published_time\" content=\"2014-11-15T12:43:46+00:00\" \/>\n<meta property=\"og:image\" content=\"https:\/\/www.notibras.com\/site\/wp-content\/uploads\/2014\/11\/pesquisa_datafolha-2014.jpg\" \/>\n\t<meta property=\"og:image:width\" content=\"592\" \/>\n\t<meta property=\"og:image:height\" content=\"330\" \/>\n\t<meta property=\"og:image:type\" content=\"image\/jpeg\" \/>\n<meta name=\"author\" content=\"Reda\u00e7\u00e3o\" \/>\n<meta name=\"twitter:card\" content=\"summary_large_image\" \/>\n<meta name=\"twitter:creator\" content=\"@Notibras\" \/>\n<meta name=\"twitter:site\" content=\"@Notibras\" \/>\n<meta name=\"twitter:label1\" content=\"Escrito por\" \/>\n\t<meta name=\"twitter:data1\" content=\"Reda\u00e7\u00e3o\" \/>\n\t<meta name=\"twitter:label2\" content=\"Est. tempo de leitura\" \/>\n\t<meta name=\"twitter:data2\" content=\"5 minutos\" \/>\n<script type=\"application\/ld+json\" class=\"yoast-schema-graph\">{\"@context\":\"https:\/\/schema.org\",\"@graph\":[{\"@type\":\"Article\",\"@id\":\"https:\/\/www.notibras.com\/site\/passado-o-vendaval-eleitoral-chegou-a-hora-de-fazer-politica\/#article\",\"isPartOf\":{\"@id\":\"https:\/\/www.notibras.com\/site\/passado-o-vendaval-eleitoral-chegou-a-hora-de-fazer-politica\/\"},\"author\":{\"name\":\"Reda\u00e7\u00e3o\",\"@id\":\"https:\/\/www.notibras.com\/site\/#\/schema\/person\/36ab0979449956132d3e5b517ea76ac8\"},\"headline\":\"Passado o vendaval eleitoral, chegou a hora de fazer pol\u00edtica\",\"datePublished\":\"2014-11-15T12:43:46+00:00\",\"mainEntityOfPage\":{\"@id\":\"https:\/\/www.notibras.com\/site\/passado-o-vendaval-eleitoral-chegou-a-hora-de-fazer-politica\/\"},\"wordCount\":1058,\"commentCount\":0,\"publisher\":{\"@id\":\"https:\/\/www.notibras.com\/site\/#organization\"},\"image\":{\"@id\":\"https:\/\/www.notibras.com\/site\/passado-o-vendaval-eleitoral-chegou-a-hora-de-fazer-politica\/#primaryimage\"},\"thumbnailUrl\":\"https:\/\/www.notibras.com\/site\/wp-content\/uploads\/2014\/11\/pesquisa_datafolha-2014.jpg\",\"articleSection\":[\"Opina a\u00ed\"],\"inLanguage\":\"pt-BR\",\"potentialAction\":[{\"@type\":\"CommentAction\",\"name\":\"Comment\",\"target\":[\"https:\/\/www.notibras.com\/site\/passado-o-vendaval-eleitoral-chegou-a-hora-de-fazer-politica\/#respond\"]}]},{\"@type\":\"WebPage\",\"@id\":\"https:\/\/www.notibras.com\/site\/passado-o-vendaval-eleitoral-chegou-a-hora-de-fazer-politica\/\",\"url\":\"https:\/\/www.notibras.com\/site\/passado-o-vendaval-eleitoral-chegou-a-hora-de-fazer-politica\/\",\"name\":\"Passado o vendaval eleitoral, chegou a hora de fazer pol\u00edtica - Notibras\",\"isPartOf\":{\"@id\":\"https:\/\/www.notibras.com\/site\/#website\"},\"primaryImageOfPage\":{\"@id\":\"https:\/\/www.notibras.com\/site\/passado-o-vendaval-eleitoral-chegou-a-hora-de-fazer-politica\/#primaryimage\"},\"image\":{\"@id\":\"https:\/\/www.notibras.com\/site\/passado-o-vendaval-eleitoral-chegou-a-hora-de-fazer-politica\/#primaryimage\"},\"thumbnailUrl\":\"https:\/\/www.notibras.com\/site\/wp-content\/uploads\/2014\/11\/pesquisa_datafolha-2014.jpg\",\"datePublished\":\"2014-11-15T12:43:46+00:00\",\"breadcrumb\":{\"@id\":\"https:\/\/www.notibras.com\/site\/passado-o-vendaval-eleitoral-chegou-a-hora-de-fazer-politica\/#breadcrumb\"},\"inLanguage\":\"pt-BR\",\"potentialAction\":[{\"@type\":\"ReadAction\",\"target\":[\"https:\/\/www.notibras.com\/site\/passado-o-vendaval-eleitoral-chegou-a-hora-de-fazer-politica\/\"]}]},{\"@type\":\"ImageObject\",\"inLanguage\":\"pt-BR\",\"@id\":\"https:\/\/www.notibras.com\/site\/passado-o-vendaval-eleitoral-chegou-a-hora-de-fazer-politica\/#primaryimage\",\"url\":\"https:\/\/www.notibras.com\/site\/wp-content\/uploads\/2014\/11\/pesquisa_datafolha-2014.jpg\",\"contentUrl\":\"https:\/\/www.notibras.com\/site\/wp-content\/uploads\/2014\/11\/pesquisa_datafolha-2014.jpg\",\"width\":592,\"height\":330},{\"@type\":\"BreadcrumbList\",\"@id\":\"https:\/\/www.notibras.com\/site\/passado-o-vendaval-eleitoral-chegou-a-hora-de-fazer-politica\/#breadcrumb\",\"itemListElement\":[{\"@type\":\"ListItem\",\"position\":1,\"name\":\"In\u00edcio\",\"item\":\"https:\/\/www.notibras.com\/site\/\"},{\"@type\":\"ListItem\",\"position\":2,\"name\":\"Passado o vendaval eleitoral, chegou a hora de fazer pol\u00edtica\"}]},{\"@type\":\"WebSite\",\"@id\":\"https:\/\/www.notibras.com\/site\/#website\",\"url\":\"https:\/\/www.notibras.com\/site\/\",\"name\":\"Notibras\",\"description\":\"Not\u00edcias de Bras\u00edlia, do Brasil e do Mundo\",\"publisher\":{\"@id\":\"https:\/\/www.notibras.com\/site\/#organization\"},\"potentialAction\":[{\"@type\":\"SearchAction\",\"target\":{\"@type\":\"EntryPoint\",\"urlTemplate\":\"https:\/\/www.notibras.com\/site\/?s={search_term_string}\"},\"query-input\":{\"@type\":\"PropertyValueSpecification\",\"valueRequired\":true,\"valueName\":\"search_term_string\"}}],\"inLanguage\":\"pt-BR\"},{\"@type\":\"Organization\",\"@id\":\"https:\/\/www.notibras.com\/site\/#organization\",\"name\":\"Grupo Notibras de Comunica\u00e7\u00e3o\",\"url\":\"https:\/\/www.notibras.com\/site\/\",\"logo\":{\"@type\":\"ImageObject\",\"inLanguage\":\"pt-BR\",\"@id\":\"https:\/\/www.notibras.com\/site\/#\/schema\/logo\/image\/\",\"url\":\"https:\/\/www.notibras.com\/site\/wp-content\/uploads\/2023\/01\/notibras23.png\",\"contentUrl\":\"https:\/\/www.notibras.com\/site\/wp-content\/uploads\/2023\/01\/notibras23.png\",\"width\":350,\"height\":87,\"caption\":\"Grupo Notibras de Comunica\u00e7\u00e3o\"},\"image\":{\"@id\":\"https:\/\/www.notibras.com\/site\/#\/schema\/logo\/image\/\"},\"sameAs\":[\"https:\/\/www.facebook.com\/notibras\/\",\"https:\/\/x.com\/Notibras\",\"https:\/\/www.instagram.com\/notibras\/\"]},{\"@type\":\"Person\",\"@id\":\"https:\/\/www.notibras.com\/site\/#\/schema\/person\/36ab0979449956132d3e5b517ea76ac8\",\"name\":\"Reda\u00e7\u00e3o\",\"image\":{\"@type\":\"ImageObject\",\"inLanguage\":\"pt-BR\",\"@id\":\"https:\/\/secure.gravatar.com\/avatar\/e0a867bdedb85fd243eadf09663511f96fc81e0720a4a42581f334ad4303aa6b?s=96&d=mm&r=g\",\"url\":\"https:\/\/secure.gravatar.com\/avatar\/e0a867bdedb85fd243eadf09663511f96fc81e0720a4a42581f334ad4303aa6b?s=96&d=mm&r=g\",\"contentUrl\":\"https:\/\/secure.gravatar.com\/avatar\/e0a867bdedb85fd243eadf09663511f96fc81e0720a4a42581f334ad4303aa6b?s=96&d=mm&r=g\",\"caption\":\"Reda\u00e7\u00e3o\"}}]}<\/script>\n<!-- \/ Yoast SEO plugin. -->","yoast_head_json":{"title":"Passado o vendaval eleitoral, chegou a hora de fazer pol\u00edtica - Notibras","robots":{"index":"index","follow":"follow","max-snippet":"max-snippet:-1","max-image-preview":"max-image-preview:large","max-video-preview":"max-video-preview:-1"},"canonical":"https:\/\/www.notibras.com\/site\/passado-o-vendaval-eleitoral-chegou-a-hora-de-fazer-politica\/","og_locale":"pt_BR","og_type":"article","og_title":"Passado o vendaval eleitoral, chegou a hora de fazer pol\u00edtica - Notibras","og_description":"Em 2010, dez dias antes do primeiro turno, os institutos de pesquisa percebiam que Dilma tinha grande chance de vencer ainda no primeiro turno. Os operadores do PSDB, em campo, perceberam a dificuldade de ganhar votos para Serra. O PSDB injetou recursos na campanha de Marina e a oposi\u00e7\u00e3o conseguiu provocar um segundo turno. A [&hellip;]","og_url":"https:\/\/www.notibras.com\/site\/passado-o-vendaval-eleitoral-chegou-a-hora-de-fazer-politica\/","og_site_name":"Notibras","article_publisher":"https:\/\/www.facebook.com\/notibras\/","article_published_time":"2014-11-15T12:43:46+00:00","og_image":[{"width":592,"height":330,"url":"https:\/\/www.notibras.com\/site\/wp-content\/uploads\/2014\/11\/pesquisa_datafolha-2014.jpg","type":"image\/jpeg"}],"author":"Reda\u00e7\u00e3o","twitter_card":"summary_large_image","twitter_creator":"@Notibras","twitter_site":"@Notibras","twitter_misc":{"Escrito por":"Reda\u00e7\u00e3o","Est. tempo de leitura":"5 minutos"},"schema":{"@context":"https:\/\/schema.org","@graph":[{"@type":"Article","@id":"https:\/\/www.notibras.com\/site\/passado-o-vendaval-eleitoral-chegou-a-hora-de-fazer-politica\/#article","isPartOf":{"@id":"https:\/\/www.notibras.com\/site\/passado-o-vendaval-eleitoral-chegou-a-hora-de-fazer-politica\/"},"author":{"name":"Reda\u00e7\u00e3o","@id":"https:\/\/www.notibras.com\/site\/#\/schema\/person\/36ab0979449956132d3e5b517ea76ac8"},"headline":"Passado o vendaval eleitoral, chegou a hora de fazer pol\u00edtica","datePublished":"2014-11-15T12:43:46+00:00","mainEntityOfPage":{"@id":"https:\/\/www.notibras.com\/site\/passado-o-vendaval-eleitoral-chegou-a-hora-de-fazer-politica\/"},"wordCount":1058,"commentCount":0,"publisher":{"@id":"https:\/\/www.notibras.com\/site\/#organization"},"image":{"@id":"https:\/\/www.notibras.com\/site\/passado-o-vendaval-eleitoral-chegou-a-hora-de-fazer-politica\/#primaryimage"},"thumbnailUrl":"https:\/\/www.notibras.com\/site\/wp-content\/uploads\/2014\/11\/pesquisa_datafolha-2014.jpg","articleSection":["Opina a\u00ed"],"inLanguage":"pt-BR","potentialAction":[{"@type":"CommentAction","name":"Comment","target":["https:\/\/www.notibras.com\/site\/passado-o-vendaval-eleitoral-chegou-a-hora-de-fazer-politica\/#respond"]}]},{"@type":"WebPage","@id":"https:\/\/www.notibras.com\/site\/passado-o-vendaval-eleitoral-chegou-a-hora-de-fazer-politica\/","url":"https:\/\/www.notibras.com\/site\/passado-o-vendaval-eleitoral-chegou-a-hora-de-fazer-politica\/","name":"Passado o vendaval eleitoral, chegou a hora de fazer pol\u00edtica - Notibras","isPartOf":{"@id":"https:\/\/www.notibras.com\/site\/#website"},"primaryImageOfPage":{"@id":"https:\/\/www.notibras.com\/site\/passado-o-vendaval-eleitoral-chegou-a-hora-de-fazer-politica\/#primaryimage"},"image":{"@id":"https:\/\/www.notibras.com\/site\/passado-o-vendaval-eleitoral-chegou-a-hora-de-fazer-politica\/#primaryimage"},"thumbnailUrl":"https:\/\/www.notibras.com\/site\/wp-content\/uploads\/2014\/11\/pesquisa_datafolha-2014.jpg","datePublished":"2014-11-15T12:43:46+00:00","breadcrumb":{"@id":"https:\/\/www.notibras.com\/site\/passado-o-vendaval-eleitoral-chegou-a-hora-de-fazer-politica\/#breadcrumb"},"inLanguage":"pt-BR","potentialAction":[{"@type":"ReadAction","target":["https:\/\/www.notibras.com\/site\/passado-o-vendaval-eleitoral-chegou-a-hora-de-fazer-politica\/"]}]},{"@type":"ImageObject","inLanguage":"pt-BR","@id":"https:\/\/www.notibras.com\/site\/passado-o-vendaval-eleitoral-chegou-a-hora-de-fazer-politica\/#primaryimage","url":"https:\/\/www.notibras.com\/site\/wp-content\/uploads\/2014\/11\/pesquisa_datafolha-2014.jpg","contentUrl":"https:\/\/www.notibras.com\/site\/wp-content\/uploads\/2014\/11\/pesquisa_datafolha-2014.jpg","width":592,"height":330},{"@type":"BreadcrumbList","@id":"https:\/\/www.notibras.com\/site\/passado-o-vendaval-eleitoral-chegou-a-hora-de-fazer-politica\/#breadcrumb","itemListElement":[{"@type":"ListItem","position":1,"name":"In\u00edcio","item":"https:\/\/www.notibras.com\/site\/"},{"@type":"ListItem","position":2,"name":"Passado o vendaval eleitoral, chegou a hora de fazer pol\u00edtica"}]},{"@type":"WebSite","@id":"https:\/\/www.notibras.com\/site\/#website","url":"https:\/\/www.notibras.com\/site\/","name":"Notibras","description":"Not\u00edcias de Bras\u00edlia, do Brasil e do Mundo","publisher":{"@id":"https:\/\/www.notibras.com\/site\/#organization"},"potentialAction":[{"@type":"SearchAction","target":{"@type":"EntryPoint","urlTemplate":"https:\/\/www.notibras.com\/site\/?s={search_term_string}"},"query-input":{"@type":"PropertyValueSpecification","valueRequired":true,"valueName":"search_term_string"}}],"inLanguage":"pt-BR"},{"@type":"Organization","@id":"https:\/\/www.notibras.com\/site\/#organization","name":"Grupo Notibras de Comunica\u00e7\u00e3o","url":"https:\/\/www.notibras.com\/site\/","logo":{"@type":"ImageObject","inLanguage":"pt-BR","@id":"https:\/\/www.notibras.com\/site\/#\/schema\/logo\/image\/","url":"https:\/\/www.notibras.com\/site\/wp-content\/uploads\/2023\/01\/notibras23.png","contentUrl":"https:\/\/www.notibras.com\/site\/wp-content\/uploads\/2023\/01\/notibras23.png","width":350,"height":87,"caption":"Grupo Notibras de Comunica\u00e7\u00e3o"},"image":{"@id":"https:\/\/www.notibras.com\/site\/#\/schema\/logo\/image\/"},"sameAs":["https:\/\/www.facebook.com\/notibras\/","https:\/\/x.com\/Notibras","https:\/\/www.instagram.com\/notibras\/"]},{"@type":"Person","@id":"https:\/\/www.notibras.com\/site\/#\/schema\/person\/36ab0979449956132d3e5b517ea76ac8","name":"Reda\u00e7\u00e3o","image":{"@type":"ImageObject","inLanguage":"pt-BR","@id":"https:\/\/secure.gravatar.com\/avatar\/e0a867bdedb85fd243eadf09663511f96fc81e0720a4a42581f334ad4303aa6b?s=96&d=mm&r=g","url":"https:\/\/secure.gravatar.com\/avatar\/e0a867bdedb85fd243eadf09663511f96fc81e0720a4a42581f334ad4303aa6b?s=96&d=mm&r=g","contentUrl":"https:\/\/secure.gravatar.com\/avatar\/e0a867bdedb85fd243eadf09663511f96fc81e0720a4a42581f334ad4303aa6b?s=96&d=mm&r=g","caption":"Reda\u00e7\u00e3o"}}]}},"amp_enabled":true,"_links":{"self":[{"href":"https:\/\/www.notibras.com\/site\/wp-json\/wp\/v2\/posts\/28357","targetHints":{"allow":["GET"]}}],"collection":[{"href":"https:\/\/www.notibras.com\/site\/wp-json\/wp\/v2\/posts"}],"about":[{"href":"https:\/\/www.notibras.com\/site\/wp-json\/wp\/v2\/types\/post"}],"author":[{"embeddable":true,"href":"https:\/\/www.notibras.com\/site\/wp-json\/wp\/v2\/users\/2"}],"replies":[{"embeddable":true,"href":"https:\/\/www.notibras.com\/site\/wp-json\/wp\/v2\/comments?post=28357"}],"version-history":[{"count":0,"href":"https:\/\/www.notibras.com\/site\/wp-json\/wp\/v2\/posts\/28357\/revisions"}],"wp:featuredmedia":[{"embeddable":true,"href":"https:\/\/www.notibras.com\/site\/wp-json\/wp\/v2\/media\/28358"}],"wp:attachment":[{"href":"https:\/\/www.notibras.com\/site\/wp-json\/wp\/v2\/media?parent=28357"}],"wp:term":[{"taxonomy":"category","embeddable":true,"href":"https:\/\/www.notibras.com\/site\/wp-json\/wp\/v2\/categories?post=28357"},{"taxonomy":"post_tag","embeddable":true,"href":"https:\/\/www.notibras.com\/site\/wp-json\/wp\/v2\/tags?post=28357"}],"curies":[{"name":"wp","href":"https:\/\/api.w.org\/{rel}","templated":true}]}}