{"id":283619,"date":"2022-04-10T12:16:25","date_gmt":"2022-04-10T15:16:25","guid":{"rendered":"https:\/\/www.notibras.com\/site\/?p=283619"},"modified":"2022-04-13T19:17:20","modified_gmt":"2022-04-13T22:17:20","slug":"missil-que-matou-50-em-estacao-de-trem-era-da-ucrania","status":"publish","type":"post","link":"https:\/\/www.notibras.com\/site\/missil-que-matou-50-em-estacao-de-trem-era-da-ucrania\/","title":{"rendered":"M\u00edssil que matou 50 em esta\u00e7\u00e3o de trem era da Ucr\u00e2nia"},"content":{"rendered":"<p>O n\u00famero de s\u00e9rie do m\u00edssil Tochka-U que atingiu a esta\u00e7\u00e3o ferrovi\u00e1ria na cidade ucraniana de Kramatorsk em 8 de abril, que est\u00e1 sob controle das tropas ucranianas, foi disparado pelas pr\u00f3prias for\u00e7as da Ucr\u00e2nia, afirmou neste domingo, 10, a R\u00fassia. Detalhes atestam que a arma \u00e9 de um lote de Kiev.<\/p>\n<p>De acordo com o canal de TV de Donetsk Union, o Tochka-U, que matou dezenas de civis em Kramatorsk, &#8220;estava no balan\u00e7o das For\u00e7as Armadas da Ucr\u00e2nia &#8211; seu n\u00famero de s\u00e9rie foi decifrado&#8221;.<\/p>\n<p>Em 8 de abril, o Minist\u00e9rio da Defesa russo disse que as for\u00e7as ucranianas dispararam um m\u00edssil Tochka-U na esta\u00e7\u00e3o de trem de Kramatorsk. De acordo com dados da Rep\u00fablica Popular de Donetsk (DPR), pelo menos 50 pessoas foram mortas, enquanto outras 87 ficaram feridas.<\/p>\n<p>Enquanto Kiev acusou a R\u00fassia de realizar o ataque, o Minist\u00e9rio da Defesa russo refutou as alega\u00e7\u00f5es infundadas, enfatizando que, a julgar pelas fotos de fragmentos de m\u00edsseis compartilhadas por testemunhas, tais m\u00edsseis s\u00e3o usados \u200b\u200bapenas por tropas ucranianas. De acordo com o Minist\u00e9rio da Defesa russo, o objetivo do ataque de Kiev \u00e0 esta\u00e7\u00e3o ferrovi\u00e1ria era interromper a evacua\u00e7\u00e3o em massa e usar os moradores locais como escudo humano, disse o Minist\u00e9rio da Defesa.<\/p>\n","protected":false},"excerpt":{"rendered":"<p>O n\u00famero de s\u00e9rie do m\u00edssil Tochka-U que atingiu a esta\u00e7\u00e3o ferrovi\u00e1ria na cidade ucraniana de Kramatorsk em 8 de abril, que est\u00e1 sob controle das tropas ucranianas, foi disparado pelas pr\u00f3prias for\u00e7as da Ucr\u00e2nia, afirmou neste domingo, 10, a R\u00fassia. Detalhes atestam que a arma \u00e9 de um lote de Kiev. De acordo com [&hellip;]<\/p>\n","protected":false},"author":2,"featured_media":283620,"comment_status":"closed","ping_status":"closed","sticky":false,"template":"","format":"standard","meta":{"_acf_changed":false,"footnotes":""},"categories":[159],"tags":[95],"class_list":["post-283619","post","type-post","status-publish","format-standard","has-post-thumbnail","hentry","category-apocalipse","tag-capa"],"acf":[],"yoast_head":"<!-- This site is optimized with the Yoast SEO plugin v27.2 - https:\/\/yoast.com\/product\/yoast-seo-wordpress\/ -->\n<title>M\u00edssil que matou 50 em esta\u00e7\u00e3o de trem era da Ucr\u00e2nia - Notibras<\/title>\n<meta name=\"robots\" content=\"index, follow, max-snippet:-1, max-image-preview:large, max-video-preview:-1\" \/>\n<link rel=\"canonical\" href=\"https:\/\/www.notibras.com\/site\/missil-que-matou-50-em-estacao-de-trem-era-da-ucrania\/\" \/>\n<meta property=\"og:locale\" content=\"pt_BR\" \/>\n<meta property=\"og:type\" content=\"article\" \/>\n<meta property=\"og:title\" content=\"M\u00edssil que matou 50 em esta\u00e7\u00e3o de trem era da Ucr\u00e2nia - Notibras\" \/>\n<meta property=\"og:description\" content=\"O n\u00famero de s\u00e9rie do m\u00edssil Tochka-U que atingiu a esta\u00e7\u00e3o ferrovi\u00e1ria na cidade ucraniana de Kramatorsk em 8 de abril, que est\u00e1 sob controle das tropas ucranianas, foi disparado pelas pr\u00f3prias for\u00e7as da Ucr\u00e2nia, afirmou neste domingo, 10, a R\u00fassia. Detalhes atestam que a arma \u00e9 de um lote de Kiev. De acordo com [&hellip;]\" \/>\n<meta property=\"og:url\" content=\"https:\/\/www.notibras.com\/site\/missil-que-matou-50-em-estacao-de-trem-era-da-ucrania\/\" \/>\n<meta property=\"og:site_name\" content=\"Notibras\" \/>\n<meta property=\"article:publisher\" content=\"https:\/\/www.facebook.com\/notibras\/\" \/>\n<meta property=\"article:published_time\" content=\"2022-04-10T15:16:25+00:00\" \/>\n<meta property=\"article:modified_time\" content=\"2022-04-13T22:17:20+00:00\" \/>\n<meta property=\"og:image\" content=\"https:\/\/www.notibras.com\/site\/wp-content\/uploads\/2022\/04\/missil.trem_.webp\" \/>\n\t<meta property=\"og:image:width\" content=\"1920\" \/>\n\t<meta property=\"og:image:height\" content=\"1080\" \/>\n\t<meta property=\"og:image:type\" content=\"image\/webp\" \/>\n<meta name=\"author\" content=\"Reda\u00e7\u00e3o\" \/>\n<meta name=\"twitter:card\" content=\"summary_large_image\" \/>\n<meta name=\"twitter:creator\" content=\"@Notibras\" \/>\n<meta name=\"twitter:site\" content=\"@Notibras\" \/>\n<meta name=\"twitter:label1\" content=\"Escrito por\" \/>\n\t<meta name=\"twitter:data1\" content=\"Reda\u00e7\u00e3o\" \/>\n\t<meta name=\"twitter:label2\" content=\"Est. tempo de leitura\" \/>\n\t<meta name=\"twitter:data2\" content=\"2 minutos\" \/>\n<script type=\"application\/ld+json\" class=\"yoast-schema-graph\">{\"@context\":\"https:\/\/schema.org\",\"@graph\":[{\"@type\":\"Article\",\"@id\":\"https:\/\/www.notibras.com\/site\/missil-que-matou-50-em-estacao-de-trem-era-da-ucrania\/#article\",\"isPartOf\":{\"@id\":\"https:\/\/www.notibras.com\/site\/missil-que-matou-50-em-estacao-de-trem-era-da-ucrania\/\"},\"author\":{\"name\":\"Reda\u00e7\u00e3o\",\"@id\":\"https:\/\/www.notibras.com\/site\/#\/schema\/person\/36ab0979449956132d3e5b517ea76ac8\"},\"headline\":\"M\u00edssil que matou 50 em esta\u00e7\u00e3o de trem era da Ucr\u00e2nia\",\"datePublished\":\"2022-04-10T15:16:25+00:00\",\"dateModified\":\"2022-04-13T22:17:20+00:00\",\"mainEntityOfPage\":{\"@id\":\"https:\/\/www.notibras.com\/site\/missil-que-matou-50-em-estacao-de-trem-era-da-ucrania\/\"},\"wordCount\":242,\"publisher\":{\"@id\":\"https:\/\/www.notibras.com\/site\/#organization\"},\"image\":{\"@id\":\"https:\/\/www.notibras.com\/site\/missil-que-matou-50-em-estacao-de-trem-era-da-ucrania\/#primaryimage\"},\"thumbnailUrl\":\"https:\/\/www.notibras.com\/site\/wp-content\/uploads\/2022\/04\/missil.trem_.webp\",\"keywords\":[\"capa\"],\"articleSection\":[\"Apocalipse\"],\"inLanguage\":\"pt-BR\"},{\"@type\":\"WebPage\",\"@id\":\"https:\/\/www.notibras.com\/site\/missil-que-matou-50-em-estacao-de-trem-era-da-ucrania\/\",\"url\":\"https:\/\/www.notibras.com\/site\/missil-que-matou-50-em-estacao-de-trem-era-da-ucrania\/\",\"name\":\"M\u00edssil que matou 50 em esta\u00e7\u00e3o de trem era da Ucr\u00e2nia - Notibras\",\"isPartOf\":{\"@id\":\"https:\/\/www.notibras.com\/site\/#website\"},\"primaryImageOfPage\":{\"@id\":\"https:\/\/www.notibras.com\/site\/missil-que-matou-50-em-estacao-de-trem-era-da-ucrania\/#primaryimage\"},\"image\":{\"@id\":\"https:\/\/www.notibras.com\/site\/missil-que-matou-50-em-estacao-de-trem-era-da-ucrania\/#primaryimage\"},\"thumbnailUrl\":\"https:\/\/www.notibras.com\/site\/wp-content\/uploads\/2022\/04\/missil.trem_.webp\",\"datePublished\":\"2022-04-10T15:16:25+00:00\",\"dateModified\":\"2022-04-13T22:17:20+00:00\",\"breadcrumb\":{\"@id\":\"https:\/\/www.notibras.com\/site\/missil-que-matou-50-em-estacao-de-trem-era-da-ucrania\/#breadcrumb\"},\"inLanguage\":\"pt-BR\",\"potentialAction\":[{\"@type\":\"ReadAction\",\"target\":[\"https:\/\/www.notibras.com\/site\/missil-que-matou-50-em-estacao-de-trem-era-da-ucrania\/\"]}]},{\"@type\":\"ImageObject\",\"inLanguage\":\"pt-BR\",\"@id\":\"https:\/\/www.notibras.com\/site\/missil-que-matou-50-em-estacao-de-trem-era-da-ucrania\/#primaryimage\",\"url\":\"https:\/\/www.notibras.com\/site\/wp-content\/uploads\/2022\/04\/missil.trem_.webp\",\"contentUrl\":\"https:\/\/www.notibras.com\/site\/wp-content\/uploads\/2022\/04\/missil.trem_.webp\",\"width\":1920,\"height\":1080},{\"@type\":\"BreadcrumbList\",\"@id\":\"https:\/\/www.notibras.com\/site\/missil-que-matou-50-em-estacao-de-trem-era-da-ucrania\/#breadcrumb\",\"itemListElement\":[{\"@type\":\"ListItem\",\"position\":1,\"name\":\"In\u00edcio\",\"item\":\"https:\/\/www.notibras.com\/site\/\"},{\"@type\":\"ListItem\",\"position\":2,\"name\":\"M\u00edssil que matou 50 em esta\u00e7\u00e3o de trem era da Ucr\u00e2nia\"}]},{\"@type\":\"WebSite\",\"@id\":\"https:\/\/www.notibras.com\/site\/#website\",\"url\":\"https:\/\/www.notibras.com\/site\/\",\"name\":\"Notibras\",\"description\":\"Not\u00edcias de Bras\u00edlia, do Brasil e do Mundo\",\"publisher\":{\"@id\":\"https:\/\/www.notibras.com\/site\/#organization\"},\"potentialAction\":[{\"@type\":\"SearchAction\",\"target\":{\"@type\":\"EntryPoint\",\"urlTemplate\":\"https:\/\/www.notibras.com\/site\/?s={search_term_string}\"},\"query-input\":{\"@type\":\"PropertyValueSpecification\",\"valueRequired\":true,\"valueName\":\"search_term_string\"}}],\"inLanguage\":\"pt-BR\"},{\"@type\":\"Organization\",\"@id\":\"https:\/\/www.notibras.com\/site\/#organization\",\"name\":\"Grupo Notibras de Comunica\u00e7\u00e3o\",\"url\":\"https:\/\/www.notibras.com\/site\/\",\"logo\":{\"@type\":\"ImageObject\",\"inLanguage\":\"pt-BR\",\"@id\":\"https:\/\/www.notibras.com\/site\/#\/schema\/logo\/image\/\",\"url\":\"https:\/\/www.notibras.com\/site\/wp-content\/uploads\/2023\/01\/notibras23.png\",\"contentUrl\":\"https:\/\/www.notibras.com\/site\/wp-content\/uploads\/2023\/01\/notibras23.png\",\"width\":350,\"height\":87,\"caption\":\"Grupo Notibras de Comunica\u00e7\u00e3o\"},\"image\":{\"@id\":\"https:\/\/www.notibras.com\/site\/#\/schema\/logo\/image\/\"},\"sameAs\":[\"https:\/\/www.facebook.com\/notibras\/\",\"https:\/\/x.com\/Notibras\",\"https:\/\/www.instagram.com\/notibras\/\"]},{\"@type\":\"Person\",\"@id\":\"https:\/\/www.notibras.com\/site\/#\/schema\/person\/36ab0979449956132d3e5b517ea76ac8\",\"name\":\"Reda\u00e7\u00e3o\",\"image\":{\"@type\":\"ImageObject\",\"inLanguage\":\"pt-BR\",\"@id\":\"https:\/\/secure.gravatar.com\/avatar\/e0a867bdedb85fd243eadf09663511f96fc81e0720a4a42581f334ad4303aa6b?s=96&d=mm&r=g\",\"url\":\"https:\/\/secure.gravatar.com\/avatar\/e0a867bdedb85fd243eadf09663511f96fc81e0720a4a42581f334ad4303aa6b?s=96&d=mm&r=g\",\"contentUrl\":\"https:\/\/secure.gravatar.com\/avatar\/e0a867bdedb85fd243eadf09663511f96fc81e0720a4a42581f334ad4303aa6b?s=96&d=mm&r=g\",\"caption\":\"Reda\u00e7\u00e3o\"}}]}<\/script>\n<!-- \/ Yoast SEO plugin. -->","yoast_head_json":{"title":"M\u00edssil que matou 50 em esta\u00e7\u00e3o de trem era da Ucr\u00e2nia - Notibras","robots":{"index":"index","follow":"follow","max-snippet":"max-snippet:-1","max-image-preview":"max-image-preview:large","max-video-preview":"max-video-preview:-1"},"canonical":"https:\/\/www.notibras.com\/site\/missil-que-matou-50-em-estacao-de-trem-era-da-ucrania\/","og_locale":"pt_BR","og_type":"article","og_title":"M\u00edssil que matou 50 em esta\u00e7\u00e3o de trem era da Ucr\u00e2nia - Notibras","og_description":"O n\u00famero de s\u00e9rie do m\u00edssil Tochka-U que atingiu a esta\u00e7\u00e3o ferrovi\u00e1ria na cidade ucraniana de Kramatorsk em 8 de abril, que est\u00e1 sob controle das tropas ucranianas, foi disparado pelas pr\u00f3prias for\u00e7as da Ucr\u00e2nia, afirmou neste domingo, 10, a R\u00fassia. Detalhes atestam que a arma \u00e9 de um lote de Kiev. De acordo com [&hellip;]","og_url":"https:\/\/www.notibras.com\/site\/missil-que-matou-50-em-estacao-de-trem-era-da-ucrania\/","og_site_name":"Notibras","article_publisher":"https:\/\/www.facebook.com\/notibras\/","article_published_time":"2022-04-10T15:16:25+00:00","article_modified_time":"2022-04-13T22:17:20+00:00","og_image":[{"width":1920,"height":1080,"url":"https:\/\/www.notibras.com\/site\/wp-content\/uploads\/2022\/04\/missil.trem_.webp","type":"image\/webp"}],"author":"Reda\u00e7\u00e3o","twitter_card":"summary_large_image","twitter_creator":"@Notibras","twitter_site":"@Notibras","twitter_misc":{"Escrito por":"Reda\u00e7\u00e3o","Est. tempo de leitura":"2 minutos"},"schema":{"@context":"https:\/\/schema.org","@graph":[{"@type":"Article","@id":"https:\/\/www.notibras.com\/site\/missil-que-matou-50-em-estacao-de-trem-era-da-ucrania\/#article","isPartOf":{"@id":"https:\/\/www.notibras.com\/site\/missil-que-matou-50-em-estacao-de-trem-era-da-ucrania\/"},"author":{"name":"Reda\u00e7\u00e3o","@id":"https:\/\/www.notibras.com\/site\/#\/schema\/person\/36ab0979449956132d3e5b517ea76ac8"},"headline":"M\u00edssil que matou 50 em esta\u00e7\u00e3o de trem era da Ucr\u00e2nia","datePublished":"2022-04-10T15:16:25+00:00","dateModified":"2022-04-13T22:17:20+00:00","mainEntityOfPage":{"@id":"https:\/\/www.notibras.com\/site\/missil-que-matou-50-em-estacao-de-trem-era-da-ucrania\/"},"wordCount":242,"publisher":{"@id":"https:\/\/www.notibras.com\/site\/#organization"},"image":{"@id":"https:\/\/www.notibras.com\/site\/missil-que-matou-50-em-estacao-de-trem-era-da-ucrania\/#primaryimage"},"thumbnailUrl":"https:\/\/www.notibras.com\/site\/wp-content\/uploads\/2022\/04\/missil.trem_.webp","keywords":["capa"],"articleSection":["Apocalipse"],"inLanguage":"pt-BR"},{"@type":"WebPage","@id":"https:\/\/www.notibras.com\/site\/missil-que-matou-50-em-estacao-de-trem-era-da-ucrania\/","url":"https:\/\/www.notibras.com\/site\/missil-que-matou-50-em-estacao-de-trem-era-da-ucrania\/","name":"M\u00edssil que matou 50 em esta\u00e7\u00e3o de trem era da Ucr\u00e2nia - Notibras","isPartOf":{"@id":"https:\/\/www.notibras.com\/site\/#website"},"primaryImageOfPage":{"@id":"https:\/\/www.notibras.com\/site\/missil-que-matou-50-em-estacao-de-trem-era-da-ucrania\/#primaryimage"},"image":{"@id":"https:\/\/www.notibras.com\/site\/missil-que-matou-50-em-estacao-de-trem-era-da-ucrania\/#primaryimage"},"thumbnailUrl":"https:\/\/www.notibras.com\/site\/wp-content\/uploads\/2022\/04\/missil.trem_.webp","datePublished":"2022-04-10T15:16:25+00:00","dateModified":"2022-04-13T22:17:20+00:00","breadcrumb":{"@id":"https:\/\/www.notibras.com\/site\/missil-que-matou-50-em-estacao-de-trem-era-da-ucrania\/#breadcrumb"},"inLanguage":"pt-BR","potentialAction":[{"@type":"ReadAction","target":["https:\/\/www.notibras.com\/site\/missil-que-matou-50-em-estacao-de-trem-era-da-ucrania\/"]}]},{"@type":"ImageObject","inLanguage":"pt-BR","@id":"https:\/\/www.notibras.com\/site\/missil-que-matou-50-em-estacao-de-trem-era-da-ucrania\/#primaryimage","url":"https:\/\/www.notibras.com\/site\/wp-content\/uploads\/2022\/04\/missil.trem_.webp","contentUrl":"https:\/\/www.notibras.com\/site\/wp-content\/uploads\/2022\/04\/missil.trem_.webp","width":1920,"height":1080},{"@type":"BreadcrumbList","@id":"https:\/\/www.notibras.com\/site\/missil-que-matou-50-em-estacao-de-trem-era-da-ucrania\/#breadcrumb","itemListElement":[{"@type":"ListItem","position":1,"name":"In\u00edcio","item":"https:\/\/www.notibras.com\/site\/"},{"@type":"ListItem","position":2,"name":"M\u00edssil que matou 50 em esta\u00e7\u00e3o de trem era da Ucr\u00e2nia"}]},{"@type":"WebSite","@id":"https:\/\/www.notibras.com\/site\/#website","url":"https:\/\/www.notibras.com\/site\/","name":"Notibras","description":"Not\u00edcias de Bras\u00edlia, do Brasil e do Mundo","publisher":{"@id":"https:\/\/www.notibras.com\/site\/#organization"},"potentialAction":[{"@type":"SearchAction","target":{"@type":"EntryPoint","urlTemplate":"https:\/\/www.notibras.com\/site\/?s={search_term_string}"},"query-input":{"@type":"PropertyValueSpecification","valueRequired":true,"valueName":"search_term_string"}}],"inLanguage":"pt-BR"},{"@type":"Organization","@id":"https:\/\/www.notibras.com\/site\/#organization","name":"Grupo Notibras de Comunica\u00e7\u00e3o","url":"https:\/\/www.notibras.com\/site\/","logo":{"@type":"ImageObject","inLanguage":"pt-BR","@id":"https:\/\/www.notibras.com\/site\/#\/schema\/logo\/image\/","url":"https:\/\/www.notibras.com\/site\/wp-content\/uploads\/2023\/01\/notibras23.png","contentUrl":"https:\/\/www.notibras.com\/site\/wp-content\/uploads\/2023\/01\/notibras23.png","width":350,"height":87,"caption":"Grupo Notibras de Comunica\u00e7\u00e3o"},"image":{"@id":"https:\/\/www.notibras.com\/site\/#\/schema\/logo\/image\/"},"sameAs":["https:\/\/www.facebook.com\/notibras\/","https:\/\/x.com\/Notibras","https:\/\/www.instagram.com\/notibras\/"]},{"@type":"Person","@id":"https:\/\/www.notibras.com\/site\/#\/schema\/person\/36ab0979449956132d3e5b517ea76ac8","name":"Reda\u00e7\u00e3o","image":{"@type":"ImageObject","inLanguage":"pt-BR","@id":"https:\/\/secure.gravatar.com\/avatar\/e0a867bdedb85fd243eadf09663511f96fc81e0720a4a42581f334ad4303aa6b?s=96&d=mm&r=g","url":"https:\/\/secure.gravatar.com\/avatar\/e0a867bdedb85fd243eadf09663511f96fc81e0720a4a42581f334ad4303aa6b?s=96&d=mm&r=g","contentUrl":"https:\/\/secure.gravatar.com\/avatar\/e0a867bdedb85fd243eadf09663511f96fc81e0720a4a42581f334ad4303aa6b?s=96&d=mm&r=g","caption":"Reda\u00e7\u00e3o"}}]}},"amp_enabled":true,"_links":{"self":[{"href":"https:\/\/www.notibras.com\/site\/wp-json\/wp\/v2\/posts\/283619","targetHints":{"allow":["GET"]}}],"collection":[{"href":"https:\/\/www.notibras.com\/site\/wp-json\/wp\/v2\/posts"}],"about":[{"href":"https:\/\/www.notibras.com\/site\/wp-json\/wp\/v2\/types\/post"}],"author":[{"embeddable":true,"href":"https:\/\/www.notibras.com\/site\/wp-json\/wp\/v2\/users\/2"}],"replies":[{"embeddable":true,"href":"https:\/\/www.notibras.com\/site\/wp-json\/wp\/v2\/comments?post=283619"}],"version-history":[{"count":1,"href":"https:\/\/www.notibras.com\/site\/wp-json\/wp\/v2\/posts\/283619\/revisions"}],"predecessor-version":[{"id":283621,"href":"https:\/\/www.notibras.com\/site\/wp-json\/wp\/v2\/posts\/283619\/revisions\/283621"}],"wp:featuredmedia":[{"embeddable":true,"href":"https:\/\/www.notibras.com\/site\/wp-json\/wp\/v2\/media\/283620"}],"wp:attachment":[{"href":"https:\/\/www.notibras.com\/site\/wp-json\/wp\/v2\/media?parent=283619"}],"wp:term":[{"taxonomy":"category","embeddable":true,"href":"https:\/\/www.notibras.com\/site\/wp-json\/wp\/v2\/categories?post=283619"},{"taxonomy":"post_tag","embeddable":true,"href":"https:\/\/www.notibras.com\/site\/wp-json\/wp\/v2\/tags?post=283619"}],"curies":[{"name":"wp","href":"https:\/\/api.w.org\/{rel}","templated":true}]}}