{"id":283847,"date":"2022-04-14T05:05:51","date_gmt":"2022-04-14T08:05:51","guid":{"rendered":"https:\/\/www.notibras.com\/site\/?p=283847"},"modified":"2022-04-14T05:23:31","modified_gmt":"2022-04-14T08:23:31","slug":"explosao-tira-de-combate-navio-de-guerra-russo","status":"publish","type":"post","link":"https:\/\/www.notibras.com\/site\/explosao-tira-de-combate-navio-de-guerra-russo\/","title":{"rendered":"Explos\u00e3o tira de combate navio de guerra russo"},"content":{"rendered":"<p>A R\u00fassia sofreu um dos seus maiores reveses materiais desde o in\u00edcio da invas\u00e3o da Ucr\u00e2nia: o cruzador Moskva, navio de combate que comanda a Frota do Mar Negro, foi &#8220;gravemente danificado devido a uma explos\u00e3o de muni\u00e7\u00f5es provocada por um inc\u00eandio&#8221;, segundo o Minist\u00e9rio da Defesa russo. Por\u00e9m, na vers\u00e3o da Ucr\u00e2nia, a &#8220;honra, orgulho e gl\u00f3ria&#8221; da Marinha da R\u00fassia foi atingido por m\u00edsseis disparados pelas for\u00e7as de Kiev. Os russos apenas admitem que o Moskva &#8220;sofreu grandes danos&#8221;.<\/p>\n<p>Este \u00e9 o mesmo navio, visto na foto acima, que havia ordenado a uma pequena guarni\u00e7\u00e3o ucraniana evacuar a Ilha das Serpentes no in\u00edcio da invas\u00e3o russa. A ordem era para \u201cdepor as armas e capitular para evitar que o sangue das v\u00edtimas in\u00fateis afundasse\u201d, ao que os soldados ucranianos haviam respondeu: &#8220;Navio russo, foda-se.&#8221;<\/p>\n<p>O Moskva (&#8220;Moscou&#8221; , anteriormente Slava) \u00e9 o carro-chefe da Frota do Mar Negro. Os navios da classe Slava s\u00e3o cruzadores de m\u00edsseis dedicados principalmente \u00e0 guerra anti-navio. Os porta-avi\u00f5es da Otan eram seus principais alvos durante a Guerra Fria.<\/p>\n<p>Este navio de 12.490 toneladas, 180 metros de comprimento e transportando 66 oficiais e 419 marinheiros, foi lan\u00e7ado ao mar durante o tempo da Uni\u00e3o Sovi\u00e9tica, em 1983, e participou da interven\u00e7\u00e3o russa na S\u00edria a partir de 2015. Segundo ag\u00eancias de not\u00edcias russas, est\u00e1 equipado com 16 m\u00edsseis de cruzeiro anti-navio do tipo Vulkan.<\/p>\n<p>Nos primeiros dias da invas\u00e3o da Ucr\u00e2nia, ele participou de um ataque \u00e0 Ilha das Serpentes, perto da fronteira com a Rom\u00eania, no qual 19 marinheiros ucranianos foram capturados para serem trocados por prisioneiros russos.<\/p>\n<p>O governador de Odessa Maksym Marchenko, disse que o Moskva foi atingido por dois m\u00edsseis anti-navio ucranianos do tipo Neptune, mas n\u00e3o ofereceu evid\u00eancias. Em 24 de mar\u00e7o, a Marinha ucraniana destruiu o porta-tropas Orsk no porto ocupado de Berdyansk, distante 80 km a oeste do porto estrat\u00e9gico de Mariupol.<\/p>\n<p>Veja montagem de v\u00eddeo com o Moskva em a\u00e7\u00e3o, produzido por ucranianos, dando a entender que &#8220;o tiro saiu pela culatra&#8221;:<\/p>\n<p>https:\/\/twitter.com\/i\/status\/1514452883642662914<\/p>\n","protected":false},"excerpt":{"rendered":"<p>A R\u00fassia sofreu um dos seus maiores reveses materiais desde o in\u00edcio da invas\u00e3o da Ucr\u00e2nia: o cruzador Moskva, navio de combate que comanda a Frota do Mar Negro, foi &#8220;gravemente danificado devido a uma explos\u00e3o de muni\u00e7\u00f5es provocada por um inc\u00eandio&#8221;, segundo o Minist\u00e9rio da Defesa russo. Por\u00e9m, na vers\u00e3o da Ucr\u00e2nia, a &#8220;honra, [&hellip;]<\/p>\n","protected":false},"author":2,"featured_media":283848,"comment_status":"closed","ping_status":"closed","sticky":false,"template":"","format":"standard","meta":{"_acf_changed":false,"footnotes":""},"categories":[159],"tags":[],"class_list":["post-283847","post","type-post","status-publish","format-standard","has-post-thumbnail","hentry","category-apocalipse"],"acf":[],"yoast_head":"<!-- This site is optimized with the Yoast SEO plugin v27.2 - https:\/\/yoast.com\/product\/yoast-seo-wordpress\/ -->\n<title>Explos\u00e3o tira de combate navio de guerra russo - Notibras<\/title>\n<meta name=\"robots\" content=\"index, follow, max-snippet:-1, max-image-preview:large, max-video-preview:-1\" \/>\n<link rel=\"canonical\" href=\"https:\/\/www.notibras.com\/site\/explosao-tira-de-combate-navio-de-guerra-russo\/\" \/>\n<meta property=\"og:locale\" content=\"pt_BR\" \/>\n<meta property=\"og:type\" content=\"article\" \/>\n<meta property=\"og:title\" content=\"Explos\u00e3o tira de combate navio de guerra russo - Notibras\" \/>\n<meta property=\"og:description\" content=\"A R\u00fassia sofreu um dos seus maiores reveses materiais desde o in\u00edcio da invas\u00e3o da Ucr\u00e2nia: o cruzador Moskva, navio de combate que comanda a Frota do Mar Negro, foi &#8220;gravemente danificado devido a uma explos\u00e3o de muni\u00e7\u00f5es provocada por um inc\u00eandio&#8221;, segundo o Minist\u00e9rio da Defesa russo. Por\u00e9m, na vers\u00e3o da Ucr\u00e2nia, a &#8220;honra, [&hellip;]\" \/>\n<meta property=\"og:url\" content=\"https:\/\/www.notibras.com\/site\/explosao-tira-de-combate-navio-de-guerra-russo\/\" \/>\n<meta property=\"og:site_name\" content=\"Notibras\" \/>\n<meta property=\"article:publisher\" content=\"https:\/\/www.facebook.com\/notibras\/\" \/>\n<meta property=\"article:published_time\" content=\"2022-04-14T08:05:51+00:00\" \/>\n<meta property=\"article:modified_time\" content=\"2022-04-14T08:23:31+00:00\" \/>\n<meta property=\"og:image\" content=\"https:\/\/www.notibras.com\/site\/wp-content\/uploads\/2022\/04\/6616d6b_5975049-01-06.jpg\" \/>\n\t<meta property=\"og:image:width\" content=\"580\" \/>\n\t<meta property=\"og:image:height\" content=\"332\" \/>\n\t<meta property=\"og:image:type\" content=\"image\/jpeg\" \/>\n<meta name=\"author\" content=\"Reda\u00e7\u00e3o\" \/>\n<meta name=\"twitter:card\" content=\"summary_large_image\" \/>\n<meta name=\"twitter:creator\" content=\"@Notibras\" \/>\n<meta name=\"twitter:site\" content=\"@Notibras\" \/>\n<meta name=\"twitter:label1\" content=\"Escrito por\" \/>\n\t<meta name=\"twitter:data1\" content=\"Reda\u00e7\u00e3o\" \/>\n\t<meta name=\"twitter:label2\" content=\"Est. tempo de leitura\" \/>\n\t<meta name=\"twitter:data2\" content=\"2 minutos\" \/>\n<script type=\"application\/ld+json\" class=\"yoast-schema-graph\">{\"@context\":\"https:\/\/schema.org\",\"@graph\":[{\"@type\":\"Article\",\"@id\":\"https:\/\/www.notibras.com\/site\/explosao-tira-de-combate-navio-de-guerra-russo\/#article\",\"isPartOf\":{\"@id\":\"https:\/\/www.notibras.com\/site\/explosao-tira-de-combate-navio-de-guerra-russo\/\"},\"author\":{\"name\":\"Reda\u00e7\u00e3o\",\"@id\":\"https:\/\/www.notibras.com\/site\/#\/schema\/person\/36ab0979449956132d3e5b517ea76ac8\"},\"headline\":\"Explos\u00e3o tira de combate navio de guerra russo\",\"datePublished\":\"2022-04-14T08:05:51+00:00\",\"dateModified\":\"2022-04-14T08:23:31+00:00\",\"mainEntityOfPage\":{\"@id\":\"https:\/\/www.notibras.com\/site\/explosao-tira-de-combate-navio-de-guerra-russo\/\"},\"wordCount\":377,\"publisher\":{\"@id\":\"https:\/\/www.notibras.com\/site\/#organization\"},\"image\":{\"@id\":\"https:\/\/www.notibras.com\/site\/explosao-tira-de-combate-navio-de-guerra-russo\/#primaryimage\"},\"thumbnailUrl\":\"https:\/\/www.notibras.com\/site\/wp-content\/uploads\/2022\/04\/6616d6b_5975049-01-06.jpg\",\"articleSection\":[\"Apocalipse\"],\"inLanguage\":\"pt-BR\"},{\"@type\":\"WebPage\",\"@id\":\"https:\/\/www.notibras.com\/site\/explosao-tira-de-combate-navio-de-guerra-russo\/\",\"url\":\"https:\/\/www.notibras.com\/site\/explosao-tira-de-combate-navio-de-guerra-russo\/\",\"name\":\"Explos\u00e3o tira de combate navio de guerra russo - Notibras\",\"isPartOf\":{\"@id\":\"https:\/\/www.notibras.com\/site\/#website\"},\"primaryImageOfPage\":{\"@id\":\"https:\/\/www.notibras.com\/site\/explosao-tira-de-combate-navio-de-guerra-russo\/#primaryimage\"},\"image\":{\"@id\":\"https:\/\/www.notibras.com\/site\/explosao-tira-de-combate-navio-de-guerra-russo\/#primaryimage\"},\"thumbnailUrl\":\"https:\/\/www.notibras.com\/site\/wp-content\/uploads\/2022\/04\/6616d6b_5975049-01-06.jpg\",\"datePublished\":\"2022-04-14T08:05:51+00:00\",\"dateModified\":\"2022-04-14T08:23:31+00:00\",\"breadcrumb\":{\"@id\":\"https:\/\/www.notibras.com\/site\/explosao-tira-de-combate-navio-de-guerra-russo\/#breadcrumb\"},\"inLanguage\":\"pt-BR\",\"potentialAction\":[{\"@type\":\"ReadAction\",\"target\":[\"https:\/\/www.notibras.com\/site\/explosao-tira-de-combate-navio-de-guerra-russo\/\"]}]},{\"@type\":\"ImageObject\",\"inLanguage\":\"pt-BR\",\"@id\":\"https:\/\/www.notibras.com\/site\/explosao-tira-de-combate-navio-de-guerra-russo\/#primaryimage\",\"url\":\"https:\/\/www.notibras.com\/site\/wp-content\/uploads\/2022\/04\/6616d6b_5975049-01-06.jpg\",\"contentUrl\":\"https:\/\/www.notibras.com\/site\/wp-content\/uploads\/2022\/04\/6616d6b_5975049-01-06.jpg\",\"width\":580,\"height\":332,\"caption\":\"(FILES) This file photo taken on July 31, 2011 shows the Moskva guided missile cruiser participating in a Russian military Navy Day parade near a navy base in Sevastopol. The Moskva, a Russian warship in the Black Sea, was \\\"seriously damaged\\\" by an ammunition explosion, Russian state media said on April 14, 2022. (Photo by AFP)\"},{\"@type\":\"BreadcrumbList\",\"@id\":\"https:\/\/www.notibras.com\/site\/explosao-tira-de-combate-navio-de-guerra-russo\/#breadcrumb\",\"itemListElement\":[{\"@type\":\"ListItem\",\"position\":1,\"name\":\"In\u00edcio\",\"item\":\"https:\/\/www.notibras.com\/site\/\"},{\"@type\":\"ListItem\",\"position\":2,\"name\":\"Explos\u00e3o tira de combate navio de guerra russo\"}]},{\"@type\":\"WebSite\",\"@id\":\"https:\/\/www.notibras.com\/site\/#website\",\"url\":\"https:\/\/www.notibras.com\/site\/\",\"name\":\"Notibras\",\"description\":\"Not\u00edcias de Bras\u00edlia, do Brasil e do Mundo\",\"publisher\":{\"@id\":\"https:\/\/www.notibras.com\/site\/#organization\"},\"potentialAction\":[{\"@type\":\"SearchAction\",\"target\":{\"@type\":\"EntryPoint\",\"urlTemplate\":\"https:\/\/www.notibras.com\/site\/?s={search_term_string}\"},\"query-input\":{\"@type\":\"PropertyValueSpecification\",\"valueRequired\":true,\"valueName\":\"search_term_string\"}}],\"inLanguage\":\"pt-BR\"},{\"@type\":\"Organization\",\"@id\":\"https:\/\/www.notibras.com\/site\/#organization\",\"name\":\"Grupo Notibras de Comunica\u00e7\u00e3o\",\"url\":\"https:\/\/www.notibras.com\/site\/\",\"logo\":{\"@type\":\"ImageObject\",\"inLanguage\":\"pt-BR\",\"@id\":\"https:\/\/www.notibras.com\/site\/#\/schema\/logo\/image\/\",\"url\":\"https:\/\/www.notibras.com\/site\/wp-content\/uploads\/2023\/01\/notibras23.png\",\"contentUrl\":\"https:\/\/www.notibras.com\/site\/wp-content\/uploads\/2023\/01\/notibras23.png\",\"width\":350,\"height\":87,\"caption\":\"Grupo Notibras de Comunica\u00e7\u00e3o\"},\"image\":{\"@id\":\"https:\/\/www.notibras.com\/site\/#\/schema\/logo\/image\/\"},\"sameAs\":[\"https:\/\/www.facebook.com\/notibras\/\",\"https:\/\/x.com\/Notibras\",\"https:\/\/www.instagram.com\/notibras\/\"]},{\"@type\":\"Person\",\"@id\":\"https:\/\/www.notibras.com\/site\/#\/schema\/person\/36ab0979449956132d3e5b517ea76ac8\",\"name\":\"Reda\u00e7\u00e3o\",\"image\":{\"@type\":\"ImageObject\",\"inLanguage\":\"pt-BR\",\"@id\":\"https:\/\/secure.gravatar.com\/avatar\/e0a867bdedb85fd243eadf09663511f96fc81e0720a4a42581f334ad4303aa6b?s=96&d=mm&r=g\",\"url\":\"https:\/\/secure.gravatar.com\/avatar\/e0a867bdedb85fd243eadf09663511f96fc81e0720a4a42581f334ad4303aa6b?s=96&d=mm&r=g\",\"contentUrl\":\"https:\/\/secure.gravatar.com\/avatar\/e0a867bdedb85fd243eadf09663511f96fc81e0720a4a42581f334ad4303aa6b?s=96&d=mm&r=g\",\"caption\":\"Reda\u00e7\u00e3o\"}}]}<\/script>\n<!-- \/ Yoast SEO plugin. -->","yoast_head_json":{"title":"Explos\u00e3o tira de combate navio de guerra russo - Notibras","robots":{"index":"index","follow":"follow","max-snippet":"max-snippet:-1","max-image-preview":"max-image-preview:large","max-video-preview":"max-video-preview:-1"},"canonical":"https:\/\/www.notibras.com\/site\/explosao-tira-de-combate-navio-de-guerra-russo\/","og_locale":"pt_BR","og_type":"article","og_title":"Explos\u00e3o tira de combate navio de guerra russo - Notibras","og_description":"A R\u00fassia sofreu um dos seus maiores reveses materiais desde o in\u00edcio da invas\u00e3o da Ucr\u00e2nia: o cruzador Moskva, navio de combate que comanda a Frota do Mar Negro, foi &#8220;gravemente danificado devido a uma explos\u00e3o de muni\u00e7\u00f5es provocada por um inc\u00eandio&#8221;, segundo o Minist\u00e9rio da Defesa russo. Por\u00e9m, na vers\u00e3o da Ucr\u00e2nia, a &#8220;honra, [&hellip;]","og_url":"https:\/\/www.notibras.com\/site\/explosao-tira-de-combate-navio-de-guerra-russo\/","og_site_name":"Notibras","article_publisher":"https:\/\/www.facebook.com\/notibras\/","article_published_time":"2022-04-14T08:05:51+00:00","article_modified_time":"2022-04-14T08:23:31+00:00","og_image":[{"width":580,"height":332,"url":"https:\/\/www.notibras.com\/site\/wp-content\/uploads\/2022\/04\/6616d6b_5975049-01-06.jpg","type":"image\/jpeg"}],"author":"Reda\u00e7\u00e3o","twitter_card":"summary_large_image","twitter_creator":"@Notibras","twitter_site":"@Notibras","twitter_misc":{"Escrito por":"Reda\u00e7\u00e3o","Est. tempo de leitura":"2 minutos"},"schema":{"@context":"https:\/\/schema.org","@graph":[{"@type":"Article","@id":"https:\/\/www.notibras.com\/site\/explosao-tira-de-combate-navio-de-guerra-russo\/#article","isPartOf":{"@id":"https:\/\/www.notibras.com\/site\/explosao-tira-de-combate-navio-de-guerra-russo\/"},"author":{"name":"Reda\u00e7\u00e3o","@id":"https:\/\/www.notibras.com\/site\/#\/schema\/person\/36ab0979449956132d3e5b517ea76ac8"},"headline":"Explos\u00e3o tira de combate navio de guerra russo","datePublished":"2022-04-14T08:05:51+00:00","dateModified":"2022-04-14T08:23:31+00:00","mainEntityOfPage":{"@id":"https:\/\/www.notibras.com\/site\/explosao-tira-de-combate-navio-de-guerra-russo\/"},"wordCount":377,"publisher":{"@id":"https:\/\/www.notibras.com\/site\/#organization"},"image":{"@id":"https:\/\/www.notibras.com\/site\/explosao-tira-de-combate-navio-de-guerra-russo\/#primaryimage"},"thumbnailUrl":"https:\/\/www.notibras.com\/site\/wp-content\/uploads\/2022\/04\/6616d6b_5975049-01-06.jpg","articleSection":["Apocalipse"],"inLanguage":"pt-BR"},{"@type":"WebPage","@id":"https:\/\/www.notibras.com\/site\/explosao-tira-de-combate-navio-de-guerra-russo\/","url":"https:\/\/www.notibras.com\/site\/explosao-tira-de-combate-navio-de-guerra-russo\/","name":"Explos\u00e3o tira de combate navio de guerra russo - Notibras","isPartOf":{"@id":"https:\/\/www.notibras.com\/site\/#website"},"primaryImageOfPage":{"@id":"https:\/\/www.notibras.com\/site\/explosao-tira-de-combate-navio-de-guerra-russo\/#primaryimage"},"image":{"@id":"https:\/\/www.notibras.com\/site\/explosao-tira-de-combate-navio-de-guerra-russo\/#primaryimage"},"thumbnailUrl":"https:\/\/www.notibras.com\/site\/wp-content\/uploads\/2022\/04\/6616d6b_5975049-01-06.jpg","datePublished":"2022-04-14T08:05:51+00:00","dateModified":"2022-04-14T08:23:31+00:00","breadcrumb":{"@id":"https:\/\/www.notibras.com\/site\/explosao-tira-de-combate-navio-de-guerra-russo\/#breadcrumb"},"inLanguage":"pt-BR","potentialAction":[{"@type":"ReadAction","target":["https:\/\/www.notibras.com\/site\/explosao-tira-de-combate-navio-de-guerra-russo\/"]}]},{"@type":"ImageObject","inLanguage":"pt-BR","@id":"https:\/\/www.notibras.com\/site\/explosao-tira-de-combate-navio-de-guerra-russo\/#primaryimage","url":"https:\/\/www.notibras.com\/site\/wp-content\/uploads\/2022\/04\/6616d6b_5975049-01-06.jpg","contentUrl":"https:\/\/www.notibras.com\/site\/wp-content\/uploads\/2022\/04\/6616d6b_5975049-01-06.jpg","width":580,"height":332,"caption":"(FILES) This file photo taken on July 31, 2011 shows the Moskva guided missile cruiser participating in a Russian military Navy Day parade near a navy base in Sevastopol. The Moskva, a Russian warship in the Black Sea, was \"seriously damaged\" by an ammunition explosion, Russian state media said on April 14, 2022. (Photo by AFP)"},{"@type":"BreadcrumbList","@id":"https:\/\/www.notibras.com\/site\/explosao-tira-de-combate-navio-de-guerra-russo\/#breadcrumb","itemListElement":[{"@type":"ListItem","position":1,"name":"In\u00edcio","item":"https:\/\/www.notibras.com\/site\/"},{"@type":"ListItem","position":2,"name":"Explos\u00e3o tira de combate navio de guerra russo"}]},{"@type":"WebSite","@id":"https:\/\/www.notibras.com\/site\/#website","url":"https:\/\/www.notibras.com\/site\/","name":"Notibras","description":"Not\u00edcias de Bras\u00edlia, do Brasil e do Mundo","publisher":{"@id":"https:\/\/www.notibras.com\/site\/#organization"},"potentialAction":[{"@type":"SearchAction","target":{"@type":"EntryPoint","urlTemplate":"https:\/\/www.notibras.com\/site\/?s={search_term_string}"},"query-input":{"@type":"PropertyValueSpecification","valueRequired":true,"valueName":"search_term_string"}}],"inLanguage":"pt-BR"},{"@type":"Organization","@id":"https:\/\/www.notibras.com\/site\/#organization","name":"Grupo Notibras de Comunica\u00e7\u00e3o","url":"https:\/\/www.notibras.com\/site\/","logo":{"@type":"ImageObject","inLanguage":"pt-BR","@id":"https:\/\/www.notibras.com\/site\/#\/schema\/logo\/image\/","url":"https:\/\/www.notibras.com\/site\/wp-content\/uploads\/2023\/01\/notibras23.png","contentUrl":"https:\/\/www.notibras.com\/site\/wp-content\/uploads\/2023\/01\/notibras23.png","width":350,"height":87,"caption":"Grupo Notibras de Comunica\u00e7\u00e3o"},"image":{"@id":"https:\/\/www.notibras.com\/site\/#\/schema\/logo\/image\/"},"sameAs":["https:\/\/www.facebook.com\/notibras\/","https:\/\/x.com\/Notibras","https:\/\/www.instagram.com\/notibras\/"]},{"@type":"Person","@id":"https:\/\/www.notibras.com\/site\/#\/schema\/person\/36ab0979449956132d3e5b517ea76ac8","name":"Reda\u00e7\u00e3o","image":{"@type":"ImageObject","inLanguage":"pt-BR","@id":"https:\/\/secure.gravatar.com\/avatar\/e0a867bdedb85fd243eadf09663511f96fc81e0720a4a42581f334ad4303aa6b?s=96&d=mm&r=g","url":"https:\/\/secure.gravatar.com\/avatar\/e0a867bdedb85fd243eadf09663511f96fc81e0720a4a42581f334ad4303aa6b?s=96&d=mm&r=g","contentUrl":"https:\/\/secure.gravatar.com\/avatar\/e0a867bdedb85fd243eadf09663511f96fc81e0720a4a42581f334ad4303aa6b?s=96&d=mm&r=g","caption":"Reda\u00e7\u00e3o"}}]}},"amp_enabled":true,"_links":{"self":[{"href":"https:\/\/www.notibras.com\/site\/wp-json\/wp\/v2\/posts\/283847","targetHints":{"allow":["GET"]}}],"collection":[{"href":"https:\/\/www.notibras.com\/site\/wp-json\/wp\/v2\/posts"}],"about":[{"href":"https:\/\/www.notibras.com\/site\/wp-json\/wp\/v2\/types\/post"}],"author":[{"embeddable":true,"href":"https:\/\/www.notibras.com\/site\/wp-json\/wp\/v2\/users\/2"}],"replies":[{"embeddable":true,"href":"https:\/\/www.notibras.com\/site\/wp-json\/wp\/v2\/comments?post=283847"}],"version-history":[{"count":4,"href":"https:\/\/www.notibras.com\/site\/wp-json\/wp\/v2\/posts\/283847\/revisions"}],"predecessor-version":[{"id":283852,"href":"https:\/\/www.notibras.com\/site\/wp-json\/wp\/v2\/posts\/283847\/revisions\/283852"}],"wp:featuredmedia":[{"embeddable":true,"href":"https:\/\/www.notibras.com\/site\/wp-json\/wp\/v2\/media\/283848"}],"wp:attachment":[{"href":"https:\/\/www.notibras.com\/site\/wp-json\/wp\/v2\/media?parent=283847"}],"wp:term":[{"taxonomy":"category","embeddable":true,"href":"https:\/\/www.notibras.com\/site\/wp-json\/wp\/v2\/categories?post=283847"},{"taxonomy":"post_tag","embeddable":true,"href":"https:\/\/www.notibras.com\/site\/wp-json\/wp\/v2\/tags?post=283847"}],"curies":[{"name":"wp","href":"https:\/\/api.w.org\/{rel}","templated":true}]}}