{"id":283853,"date":"2022-04-14T04:49:33","date_gmt":"2022-04-14T07:49:33","guid":{"rendered":"https:\/\/www.notibras.com\/site\/?p=283853"},"modified":"2022-04-14T05:56:39","modified_gmt":"2022-04-14T08:56:39","slug":"russia-coloca-suecia-e-finlandia-no-caderninho-de-inimigos","status":"publish","type":"post","link":"https:\/\/www.notibras.com\/site\/russia-coloca-suecia-e-finlandia-no-caderninho-de-inimigos\/","title":{"rendered":"R\u00fassia coloca Su\u00e9cia e Finl\u00e2ndia no caderninho de inimigos"},"content":{"rendered":"<p>O vice-presidente do Conselho de Seguran\u00e7a da R\u00fassia, Dmitry Medvedev, disse na madrugada desta quinta, 14 (hor\u00e1rio do Brasil) que depois que a Su\u00e9cia e a Finl\u00e2ndia se juntarem \u00e0 Otan, a R\u00fassia ter\u00e1 mais advers\u00e1rios registrados oficialmente.<\/p>\n<p>&#8220;Su\u00e9cia e Finl\u00e2ndia est\u00e3o discutindo a possibilidade de ingressar na Otan com seriedade bestial. A pr\u00f3pria alian\u00e7a est\u00e1 pronta para aceit\u00e1-los [&#8230;] no menor tempo poss\u00edvel e com o m\u00ednimo de procedimentos burocr\u00e1ticos&#8221;, escreveu Medvedev em seu canal Telegram.<\/p>\n<p>Ele observou que os EUA &#8220;est\u00e3o transmitindo amplamente suas &#8216;boas-vindas&#8217; aos representantes da press\u00e3o do norte da Europa para ingressar na Otan. [&#8230;] O que isso significa? Significa que a R\u00fassia ter\u00e1 mais oponentes registrados oficialmente&#8221;.<\/p>\n<p>Medvedev tamb\u00e9m escreveu que se a Su\u00e9cia e a Finl\u00e2ndia entrarem na Otan, o comprimento das fronteiras terrestres do Ocidente com a R\u00fassia mais que dobrar\u00e1, acrescentando que &#8220;naturalmente essas fronteiras ter\u00e3o que ser refor\u00e7adas&#8221;.<\/p>\n<p>Al\u00e9m disso, o vice-presidente do Conselho de Seguran\u00e7a da R\u00fassia disse que a poss\u00edvel entrada da Su\u00e9cia e da Finl\u00e2ndia na Otan significar\u00e1 que a ades\u00e3o ao status n\u00e3o nuclear do B\u00e1ltico est\u00e1 fora de quest\u00e3o.<\/p>\n<p>&#8220;[\u2026] o equil\u00edbrio deve ser restabelecido. At\u00e9 agora, a R\u00fassia n\u00e3o tomou tais medidas e n\u00e3o iria tom\u00e1-las&#8221;, afirmou Medvedev. Ele tamb\u00e9m alertou contra a liga\u00e7\u00e3o da quest\u00e3o da Su\u00e9cia e da Finl\u00e2ndia aderirem \u00e0 Otan \u00e0 opera\u00e7\u00e3o militar especial da R\u00fassia na Ucr\u00e2nia.<\/p>\n<p>&#8220;N\u00e3o faz sentido argumentar que, se n\u00e3o fosse pela opera\u00e7\u00e3o especial na Ucr\u00e2nia, a quest\u00e3o desses pa\u00edses ingressarem na Otan n\u00e3o teria surgido e a situa\u00e7\u00e3o teria sido mais f\u00e1cil para a R\u00fassia. N\u00e3o \u00e9 assim. Em primeiro lugar, as tentativas de arrast\u00e1-los para a alian\u00e7a j\u00e1 foram feitas antes. E em segundo lugar, o mais importante, n\u00e3o temos disputas territoriais com esses pa\u00edses, e \u00e9 por isso que o pre\u00e7o de tal ades\u00e3o \u00e9 diferente para n\u00f3s&#8221;, escreveu Medvedev.<\/p>\n<p>No in\u00edcio desta semana, relatos da m\u00eddia afirmaram que a Finl\u00e2ndia deve tomar uma decis\u00e3o sobre ingressar na Otan at\u00e9 junho, enquanto a Su\u00e9cia anunciar\u00e1 sua posi\u00e7\u00e3o no final do ver\u00e3o.<\/p>\n","protected":false},"excerpt":{"rendered":"<p>O vice-presidente do Conselho de Seguran\u00e7a da R\u00fassia, Dmitry Medvedev, disse na madrugada desta quinta, 14 (hor\u00e1rio do Brasil) que depois que a Su\u00e9cia e a Finl\u00e2ndia se juntarem \u00e0 Otan, a R\u00fassia ter\u00e1 mais advers\u00e1rios registrados oficialmente. &#8220;Su\u00e9cia e Finl\u00e2ndia est\u00e3o discutindo a possibilidade de ingressar na Otan com seriedade bestial. A pr\u00f3pria alian\u00e7a [&hellip;]<\/p>\n","protected":false},"author":2,"featured_media":283854,"comment_status":"closed","ping_status":"closed","sticky":false,"template":"","format":"standard","meta":{"_acf_changed":false,"footnotes":""},"categories":[159],"tags":[],"class_list":["post-283853","post","type-post","status-publish","format-standard","has-post-thumbnail","hentry","category-apocalipse"],"acf":[],"yoast_head":"<!-- This site is optimized with the Yoast SEO plugin v27.2 - https:\/\/yoast.com\/product\/yoast-seo-wordpress\/ -->\n<title>R\u00fassia coloca Su\u00e9cia e Finl\u00e2ndia no caderninho de inimigos - Notibras<\/title>\n<meta name=\"robots\" content=\"index, follow, max-snippet:-1, max-image-preview:large, max-video-preview:-1\" \/>\n<link rel=\"canonical\" href=\"https:\/\/www.notibras.com\/site\/russia-coloca-suecia-e-finlandia-no-caderninho-de-inimigos\/\" \/>\n<meta property=\"og:locale\" content=\"pt_BR\" \/>\n<meta property=\"og:type\" content=\"article\" \/>\n<meta property=\"og:title\" content=\"R\u00fassia coloca Su\u00e9cia e Finl\u00e2ndia no caderninho de inimigos - Notibras\" \/>\n<meta property=\"og:description\" content=\"O vice-presidente do Conselho de Seguran\u00e7a da R\u00fassia, Dmitry Medvedev, disse na madrugada desta quinta, 14 (hor\u00e1rio do Brasil) que depois que a Su\u00e9cia e a Finl\u00e2ndia se juntarem \u00e0 Otan, a R\u00fassia ter\u00e1 mais advers\u00e1rios registrados oficialmente. &#8220;Su\u00e9cia e Finl\u00e2ndia est\u00e3o discutindo a possibilidade de ingressar na Otan com seriedade bestial. A pr\u00f3pria alian\u00e7a [&hellip;]\" \/>\n<meta property=\"og:url\" content=\"https:\/\/www.notibras.com\/site\/russia-coloca-suecia-e-finlandia-no-caderninho-de-inimigos\/\" \/>\n<meta property=\"og:site_name\" content=\"Notibras\" \/>\n<meta property=\"article:publisher\" content=\"https:\/\/www.facebook.com\/notibras\/\" \/>\n<meta property=\"article:published_time\" content=\"2022-04-14T07:49:33+00:00\" \/>\n<meta property=\"article:modified_time\" content=\"2022-04-14T08:56:39+00:00\" \/>\n<meta property=\"og:image\" content=\"https:\/\/www.notibras.com\/site\/wp-content\/uploads\/2022\/04\/medvedev.webp\" \/>\n\t<meta property=\"og:image:width\" content=\"1920\" \/>\n\t<meta property=\"og:image:height\" content=\"1080\" \/>\n\t<meta property=\"og:image:type\" content=\"image\/webp\" \/>\n<meta name=\"author\" content=\"Reda\u00e7\u00e3o\" \/>\n<meta name=\"twitter:card\" content=\"summary_large_image\" \/>\n<meta name=\"twitter:creator\" content=\"@Notibras\" \/>\n<meta name=\"twitter:site\" content=\"@Notibras\" \/>\n<meta name=\"twitter:label1\" content=\"Escrito por\" \/>\n\t<meta name=\"twitter:data1\" content=\"Reda\u00e7\u00e3o\" \/>\n\t<meta name=\"twitter:label2\" content=\"Est. tempo de leitura\" \/>\n\t<meta name=\"twitter:data2\" content=\"2 minutos\" \/>\n<script type=\"application\/ld+json\" class=\"yoast-schema-graph\">{\"@context\":\"https:\/\/schema.org\",\"@graph\":[{\"@type\":\"Article\",\"@id\":\"https:\/\/www.notibras.com\/site\/russia-coloca-suecia-e-finlandia-no-caderninho-de-inimigos\/#article\",\"isPartOf\":{\"@id\":\"https:\/\/www.notibras.com\/site\/russia-coloca-suecia-e-finlandia-no-caderninho-de-inimigos\/\"},\"author\":{\"name\":\"Reda\u00e7\u00e3o\",\"@id\":\"https:\/\/www.notibras.com\/site\/#\/schema\/person\/36ab0979449956132d3e5b517ea76ac8\"},\"headline\":\"R\u00fassia coloca Su\u00e9cia e Finl\u00e2ndia no caderninho de inimigos\",\"datePublished\":\"2022-04-14T07:49:33+00:00\",\"dateModified\":\"2022-04-14T08:56:39+00:00\",\"mainEntityOfPage\":{\"@id\":\"https:\/\/www.notibras.com\/site\/russia-coloca-suecia-e-finlandia-no-caderninho-de-inimigos\/\"},\"wordCount\":414,\"publisher\":{\"@id\":\"https:\/\/www.notibras.com\/site\/#organization\"},\"image\":{\"@id\":\"https:\/\/www.notibras.com\/site\/russia-coloca-suecia-e-finlandia-no-caderninho-de-inimigos\/#primaryimage\"},\"thumbnailUrl\":\"https:\/\/www.notibras.com\/site\/wp-content\/uploads\/2022\/04\/medvedev.webp\",\"articleSection\":[\"Apocalipse\"],\"inLanguage\":\"pt-BR\"},{\"@type\":\"WebPage\",\"@id\":\"https:\/\/www.notibras.com\/site\/russia-coloca-suecia-e-finlandia-no-caderninho-de-inimigos\/\",\"url\":\"https:\/\/www.notibras.com\/site\/russia-coloca-suecia-e-finlandia-no-caderninho-de-inimigos\/\",\"name\":\"R\u00fassia coloca Su\u00e9cia e Finl\u00e2ndia no caderninho de inimigos - Notibras\",\"isPartOf\":{\"@id\":\"https:\/\/www.notibras.com\/site\/#website\"},\"primaryImageOfPage\":{\"@id\":\"https:\/\/www.notibras.com\/site\/russia-coloca-suecia-e-finlandia-no-caderninho-de-inimigos\/#primaryimage\"},\"image\":{\"@id\":\"https:\/\/www.notibras.com\/site\/russia-coloca-suecia-e-finlandia-no-caderninho-de-inimigos\/#primaryimage\"},\"thumbnailUrl\":\"https:\/\/www.notibras.com\/site\/wp-content\/uploads\/2022\/04\/medvedev.webp\",\"datePublished\":\"2022-04-14T07:49:33+00:00\",\"dateModified\":\"2022-04-14T08:56:39+00:00\",\"breadcrumb\":{\"@id\":\"https:\/\/www.notibras.com\/site\/russia-coloca-suecia-e-finlandia-no-caderninho-de-inimigos\/#breadcrumb\"},\"inLanguage\":\"pt-BR\",\"potentialAction\":[{\"@type\":\"ReadAction\",\"target\":[\"https:\/\/www.notibras.com\/site\/russia-coloca-suecia-e-finlandia-no-caderninho-de-inimigos\/\"]}]},{\"@type\":\"ImageObject\",\"inLanguage\":\"pt-BR\",\"@id\":\"https:\/\/www.notibras.com\/site\/russia-coloca-suecia-e-finlandia-no-caderninho-de-inimigos\/#primaryimage\",\"url\":\"https:\/\/www.notibras.com\/site\/wp-content\/uploads\/2022\/04\/medvedev.webp\",\"contentUrl\":\"https:\/\/www.notibras.com\/site\/wp-content\/uploads\/2022\/04\/medvedev.webp\",\"width\":1920,\"height\":1080},{\"@type\":\"BreadcrumbList\",\"@id\":\"https:\/\/www.notibras.com\/site\/russia-coloca-suecia-e-finlandia-no-caderninho-de-inimigos\/#breadcrumb\",\"itemListElement\":[{\"@type\":\"ListItem\",\"position\":1,\"name\":\"In\u00edcio\",\"item\":\"https:\/\/www.notibras.com\/site\/\"},{\"@type\":\"ListItem\",\"position\":2,\"name\":\"R\u00fassia coloca Su\u00e9cia e Finl\u00e2ndia no caderninho de inimigos\"}]},{\"@type\":\"WebSite\",\"@id\":\"https:\/\/www.notibras.com\/site\/#website\",\"url\":\"https:\/\/www.notibras.com\/site\/\",\"name\":\"Notibras\",\"description\":\"Not\u00edcias de Bras\u00edlia, do Brasil e do Mundo\",\"publisher\":{\"@id\":\"https:\/\/www.notibras.com\/site\/#organization\"},\"potentialAction\":[{\"@type\":\"SearchAction\",\"target\":{\"@type\":\"EntryPoint\",\"urlTemplate\":\"https:\/\/www.notibras.com\/site\/?s={search_term_string}\"},\"query-input\":{\"@type\":\"PropertyValueSpecification\",\"valueRequired\":true,\"valueName\":\"search_term_string\"}}],\"inLanguage\":\"pt-BR\"},{\"@type\":\"Organization\",\"@id\":\"https:\/\/www.notibras.com\/site\/#organization\",\"name\":\"Grupo Notibras de Comunica\u00e7\u00e3o\",\"url\":\"https:\/\/www.notibras.com\/site\/\",\"logo\":{\"@type\":\"ImageObject\",\"inLanguage\":\"pt-BR\",\"@id\":\"https:\/\/www.notibras.com\/site\/#\/schema\/logo\/image\/\",\"url\":\"https:\/\/www.notibras.com\/site\/wp-content\/uploads\/2023\/01\/notibras23.png\",\"contentUrl\":\"https:\/\/www.notibras.com\/site\/wp-content\/uploads\/2023\/01\/notibras23.png\",\"width\":350,\"height\":87,\"caption\":\"Grupo Notibras de Comunica\u00e7\u00e3o\"},\"image\":{\"@id\":\"https:\/\/www.notibras.com\/site\/#\/schema\/logo\/image\/\"},\"sameAs\":[\"https:\/\/www.facebook.com\/notibras\/\",\"https:\/\/x.com\/Notibras\",\"https:\/\/www.instagram.com\/notibras\/\"]},{\"@type\":\"Person\",\"@id\":\"https:\/\/www.notibras.com\/site\/#\/schema\/person\/36ab0979449956132d3e5b517ea76ac8\",\"name\":\"Reda\u00e7\u00e3o\",\"image\":{\"@type\":\"ImageObject\",\"inLanguage\":\"pt-BR\",\"@id\":\"https:\/\/secure.gravatar.com\/avatar\/e0a867bdedb85fd243eadf09663511f96fc81e0720a4a42581f334ad4303aa6b?s=96&d=mm&r=g\",\"url\":\"https:\/\/secure.gravatar.com\/avatar\/e0a867bdedb85fd243eadf09663511f96fc81e0720a4a42581f334ad4303aa6b?s=96&d=mm&r=g\",\"contentUrl\":\"https:\/\/secure.gravatar.com\/avatar\/e0a867bdedb85fd243eadf09663511f96fc81e0720a4a42581f334ad4303aa6b?s=96&d=mm&r=g\",\"caption\":\"Reda\u00e7\u00e3o\"}}]}<\/script>\n<!-- \/ Yoast SEO plugin. -->","yoast_head_json":{"title":"R\u00fassia coloca Su\u00e9cia e Finl\u00e2ndia no caderninho de inimigos - Notibras","robots":{"index":"index","follow":"follow","max-snippet":"max-snippet:-1","max-image-preview":"max-image-preview:large","max-video-preview":"max-video-preview:-1"},"canonical":"https:\/\/www.notibras.com\/site\/russia-coloca-suecia-e-finlandia-no-caderninho-de-inimigos\/","og_locale":"pt_BR","og_type":"article","og_title":"R\u00fassia coloca Su\u00e9cia e Finl\u00e2ndia no caderninho de inimigos - Notibras","og_description":"O vice-presidente do Conselho de Seguran\u00e7a da R\u00fassia, Dmitry Medvedev, disse na madrugada desta quinta, 14 (hor\u00e1rio do Brasil) que depois que a Su\u00e9cia e a Finl\u00e2ndia se juntarem \u00e0 Otan, a R\u00fassia ter\u00e1 mais advers\u00e1rios registrados oficialmente. &#8220;Su\u00e9cia e Finl\u00e2ndia est\u00e3o discutindo a possibilidade de ingressar na Otan com seriedade bestial. A pr\u00f3pria alian\u00e7a [&hellip;]","og_url":"https:\/\/www.notibras.com\/site\/russia-coloca-suecia-e-finlandia-no-caderninho-de-inimigos\/","og_site_name":"Notibras","article_publisher":"https:\/\/www.facebook.com\/notibras\/","article_published_time":"2022-04-14T07:49:33+00:00","article_modified_time":"2022-04-14T08:56:39+00:00","og_image":[{"width":1920,"height":1080,"url":"https:\/\/www.notibras.com\/site\/wp-content\/uploads\/2022\/04\/medvedev.webp","type":"image\/webp"}],"author":"Reda\u00e7\u00e3o","twitter_card":"summary_large_image","twitter_creator":"@Notibras","twitter_site":"@Notibras","twitter_misc":{"Escrito por":"Reda\u00e7\u00e3o","Est. tempo de leitura":"2 minutos"},"schema":{"@context":"https:\/\/schema.org","@graph":[{"@type":"Article","@id":"https:\/\/www.notibras.com\/site\/russia-coloca-suecia-e-finlandia-no-caderninho-de-inimigos\/#article","isPartOf":{"@id":"https:\/\/www.notibras.com\/site\/russia-coloca-suecia-e-finlandia-no-caderninho-de-inimigos\/"},"author":{"name":"Reda\u00e7\u00e3o","@id":"https:\/\/www.notibras.com\/site\/#\/schema\/person\/36ab0979449956132d3e5b517ea76ac8"},"headline":"R\u00fassia coloca Su\u00e9cia e Finl\u00e2ndia no caderninho de inimigos","datePublished":"2022-04-14T07:49:33+00:00","dateModified":"2022-04-14T08:56:39+00:00","mainEntityOfPage":{"@id":"https:\/\/www.notibras.com\/site\/russia-coloca-suecia-e-finlandia-no-caderninho-de-inimigos\/"},"wordCount":414,"publisher":{"@id":"https:\/\/www.notibras.com\/site\/#organization"},"image":{"@id":"https:\/\/www.notibras.com\/site\/russia-coloca-suecia-e-finlandia-no-caderninho-de-inimigos\/#primaryimage"},"thumbnailUrl":"https:\/\/www.notibras.com\/site\/wp-content\/uploads\/2022\/04\/medvedev.webp","articleSection":["Apocalipse"],"inLanguage":"pt-BR"},{"@type":"WebPage","@id":"https:\/\/www.notibras.com\/site\/russia-coloca-suecia-e-finlandia-no-caderninho-de-inimigos\/","url":"https:\/\/www.notibras.com\/site\/russia-coloca-suecia-e-finlandia-no-caderninho-de-inimigos\/","name":"R\u00fassia coloca Su\u00e9cia e Finl\u00e2ndia no caderninho de inimigos - Notibras","isPartOf":{"@id":"https:\/\/www.notibras.com\/site\/#website"},"primaryImageOfPage":{"@id":"https:\/\/www.notibras.com\/site\/russia-coloca-suecia-e-finlandia-no-caderninho-de-inimigos\/#primaryimage"},"image":{"@id":"https:\/\/www.notibras.com\/site\/russia-coloca-suecia-e-finlandia-no-caderninho-de-inimigos\/#primaryimage"},"thumbnailUrl":"https:\/\/www.notibras.com\/site\/wp-content\/uploads\/2022\/04\/medvedev.webp","datePublished":"2022-04-14T07:49:33+00:00","dateModified":"2022-04-14T08:56:39+00:00","breadcrumb":{"@id":"https:\/\/www.notibras.com\/site\/russia-coloca-suecia-e-finlandia-no-caderninho-de-inimigos\/#breadcrumb"},"inLanguage":"pt-BR","potentialAction":[{"@type":"ReadAction","target":["https:\/\/www.notibras.com\/site\/russia-coloca-suecia-e-finlandia-no-caderninho-de-inimigos\/"]}]},{"@type":"ImageObject","inLanguage":"pt-BR","@id":"https:\/\/www.notibras.com\/site\/russia-coloca-suecia-e-finlandia-no-caderninho-de-inimigos\/#primaryimage","url":"https:\/\/www.notibras.com\/site\/wp-content\/uploads\/2022\/04\/medvedev.webp","contentUrl":"https:\/\/www.notibras.com\/site\/wp-content\/uploads\/2022\/04\/medvedev.webp","width":1920,"height":1080},{"@type":"BreadcrumbList","@id":"https:\/\/www.notibras.com\/site\/russia-coloca-suecia-e-finlandia-no-caderninho-de-inimigos\/#breadcrumb","itemListElement":[{"@type":"ListItem","position":1,"name":"In\u00edcio","item":"https:\/\/www.notibras.com\/site\/"},{"@type":"ListItem","position":2,"name":"R\u00fassia coloca Su\u00e9cia e Finl\u00e2ndia no caderninho de inimigos"}]},{"@type":"WebSite","@id":"https:\/\/www.notibras.com\/site\/#website","url":"https:\/\/www.notibras.com\/site\/","name":"Notibras","description":"Not\u00edcias de Bras\u00edlia, do Brasil e do Mundo","publisher":{"@id":"https:\/\/www.notibras.com\/site\/#organization"},"potentialAction":[{"@type":"SearchAction","target":{"@type":"EntryPoint","urlTemplate":"https:\/\/www.notibras.com\/site\/?s={search_term_string}"},"query-input":{"@type":"PropertyValueSpecification","valueRequired":true,"valueName":"search_term_string"}}],"inLanguage":"pt-BR"},{"@type":"Organization","@id":"https:\/\/www.notibras.com\/site\/#organization","name":"Grupo Notibras de Comunica\u00e7\u00e3o","url":"https:\/\/www.notibras.com\/site\/","logo":{"@type":"ImageObject","inLanguage":"pt-BR","@id":"https:\/\/www.notibras.com\/site\/#\/schema\/logo\/image\/","url":"https:\/\/www.notibras.com\/site\/wp-content\/uploads\/2023\/01\/notibras23.png","contentUrl":"https:\/\/www.notibras.com\/site\/wp-content\/uploads\/2023\/01\/notibras23.png","width":350,"height":87,"caption":"Grupo Notibras de Comunica\u00e7\u00e3o"},"image":{"@id":"https:\/\/www.notibras.com\/site\/#\/schema\/logo\/image\/"},"sameAs":["https:\/\/www.facebook.com\/notibras\/","https:\/\/x.com\/Notibras","https:\/\/www.instagram.com\/notibras\/"]},{"@type":"Person","@id":"https:\/\/www.notibras.com\/site\/#\/schema\/person\/36ab0979449956132d3e5b517ea76ac8","name":"Reda\u00e7\u00e3o","image":{"@type":"ImageObject","inLanguage":"pt-BR","@id":"https:\/\/secure.gravatar.com\/avatar\/e0a867bdedb85fd243eadf09663511f96fc81e0720a4a42581f334ad4303aa6b?s=96&d=mm&r=g","url":"https:\/\/secure.gravatar.com\/avatar\/e0a867bdedb85fd243eadf09663511f96fc81e0720a4a42581f334ad4303aa6b?s=96&d=mm&r=g","contentUrl":"https:\/\/secure.gravatar.com\/avatar\/e0a867bdedb85fd243eadf09663511f96fc81e0720a4a42581f334ad4303aa6b?s=96&d=mm&r=g","caption":"Reda\u00e7\u00e3o"}}]}},"amp_enabled":true,"_links":{"self":[{"href":"https:\/\/www.notibras.com\/site\/wp-json\/wp\/v2\/posts\/283853","targetHints":{"allow":["GET"]}}],"collection":[{"href":"https:\/\/www.notibras.com\/site\/wp-json\/wp\/v2\/posts"}],"about":[{"href":"https:\/\/www.notibras.com\/site\/wp-json\/wp\/v2\/types\/post"}],"author":[{"embeddable":true,"href":"https:\/\/www.notibras.com\/site\/wp-json\/wp\/v2\/users\/2"}],"replies":[{"embeddable":true,"href":"https:\/\/www.notibras.com\/site\/wp-json\/wp\/v2\/comments?post=283853"}],"version-history":[{"count":1,"href":"https:\/\/www.notibras.com\/site\/wp-json\/wp\/v2\/posts\/283853\/revisions"}],"predecessor-version":[{"id":283855,"href":"https:\/\/www.notibras.com\/site\/wp-json\/wp\/v2\/posts\/283853\/revisions\/283855"}],"wp:featuredmedia":[{"embeddable":true,"href":"https:\/\/www.notibras.com\/site\/wp-json\/wp\/v2\/media\/283854"}],"wp:attachment":[{"href":"https:\/\/www.notibras.com\/site\/wp-json\/wp\/v2\/media?parent=283853"}],"wp:term":[{"taxonomy":"category","embeddable":true,"href":"https:\/\/www.notibras.com\/site\/wp-json\/wp\/v2\/categories?post=283853"},{"taxonomy":"post_tag","embeddable":true,"href":"https:\/\/www.notibras.com\/site\/wp-json\/wp\/v2\/tags?post=283853"}],"curies":[{"name":"wp","href":"https:\/\/api.w.org\/{rel}","templated":true}]}}