{"id":283859,"date":"2022-04-14T17:52:00","date_gmt":"2022-04-14T20:52:00","guid":{"rendered":"https:\/\/www.notibras.com\/site\/?p=283859"},"modified":"2022-04-14T17:53:38","modified_gmt":"2022-04-14T20:53:38","slug":"moskva-nau-capitanea-da-frota-russa-afunda-apos-explosao","status":"publish","type":"post","link":"https:\/\/www.notibras.com\/site\/moskva-nau-capitanea-da-frota-russa-afunda-apos-explosao\/","title":{"rendered":"Moskva, nau-capit\u00e2nea da frota russa, afunda ap\u00f3s explos\u00e3o"},"content":{"rendered":"<p>O cruzador de m\u00edsseis guiados da classe Slava do Projeto 1164 Moskva, nau-capit\u00e3nea da Frota do Mar Negro da R\u00fassia, afundou quano stava sndo rebocado para reparos, ap\u00f3s ser atingido, na v\u00e9spera, por uma s\u00e9rie de fortes explos\u00f5es. O an\u00fancio foi feito pelo Minist\u00e9rio da Defesa russo nesta quinta, 14. O naufr\u00e1gio foi no Mar Negro.<\/p>\n<p>&#8220;Durante o reboque do cruzador Moskva para o porto de destino, o navio perdeu o equil\u00edbrio devido a danos no casco recebidos durante o inc\u00eandio ap\u00f3s a detona\u00e7\u00e3o de muni\u00e7\u00e3o. O navio afundou em um mar tempestuoso&#8221;, disse o minist\u00e9rio em comunicado.<\/p>\n<p>O Minist\u00e9rio da Defesa disse na quarta-feira que a &#8216;m\u00e1quina de guerra&#8217; foi atingida por fogo pesado, que detonou parcialmente seus estoques de muni\u00e7\u00e3o. A tripula\u00e7\u00e3o foi evacuada com sucesso e o fogo foi contido na quarta-feira, evitando o risco de mais detona\u00e7\u00e3o de muni\u00e7\u00e3o. A Ucr\u00e2nia alegou que Moscou foi atingida por dois m\u00edsseis anti-navio R-360 Neptune.<\/p>\n<p>Depois de conter o inc\u00eandio, o Moskva estava sendo rebocado de volta para Sebastopol para reparos. O cruzador de m\u00edsseis-guia foi constru\u00eddo em 1979, n\u00e3o muito longe de onde afundou: no estaleiro 61 Communards em Nikolaev, ent\u00e3o parte da Uni\u00e3o Sovi\u00e9tica.<\/p>\n<p>O navio de guerra apoiou a interven\u00e7\u00e3o de 2008 na Ge\u00f3rgia em defesa da independ\u00eancia da Abkhaz e se envolveu em combate com navios de guerra da Marinha da Ge\u00f3rgia antes de ser deslocado para a capital abkhaziana de Sukhumi.<\/p>\n<p>Durante os eventos de mar\u00e7o de 2014, quando a Crimeia se separou da Ucr\u00e2nia e votou para se juntar \u00e0 Federa\u00e7\u00e3o Russa, Moskva bloqueou a frota ucraniana no Lago Donuzlav. Em 2015, Moskva foi enviado ao Mediterr\u00e2neo Oriental para desempenhar um papel de defesa a\u00e9rea em apoio \u00e0s opera\u00e7\u00f5es russas na S\u00edria.<\/p>\n<p>A opera\u00e7\u00e3o militar especial russa na Ucr\u00e2nia foi ordenada pelo presidente Vladimir Putin, em 24 de fevereiro, ap\u00f3s pedidos das Rep\u00fablicas Populares de Donetsk e Lugansk (DPR e LPR) para proteg\u00ea-las contra a escalada de ataques da Ucr\u00e2nia.<\/p>\n<p>Putin argumentou que as rep\u00fablicas do Donbass foram submetidas ao &#8220;genoc\u00eddio&#8221; por Kiev e que Moscou n\u00e3o teve outra escolha sen\u00e3o defend\u00ea-las depois que as autoridades ucranianas n\u00e3o conseguiram implementar o acordo de Minsk para resolver o conflito.<\/p>\n","protected":false},"excerpt":{"rendered":"<p>O cruzador de m\u00edsseis guiados da classe Slava do Projeto 1164 Moskva, nau-capit\u00e3nea da Frota do Mar Negro da R\u00fassia, afundou quano stava sndo rebocado para reparos, ap\u00f3s ser atingido, na v\u00e9spera, por uma s\u00e9rie de fortes explos\u00f5es. O an\u00fancio foi feito pelo Minist\u00e9rio da Defesa russo nesta quinta, 14. O naufr\u00e1gio foi no Mar [&hellip;]<\/p>\n","protected":false},"author":2,"featured_media":283860,"comment_status":"closed","ping_status":"closed","sticky":false,"template":"","format":"standard","meta":{"_acf_changed":false,"footnotes":""},"categories":[159],"tags":[95],"class_list":["post-283859","post","type-post","status-publish","format-standard","has-post-thumbnail","hentry","category-apocalipse","tag-capa"],"acf":[],"yoast_head":"<!-- This site is optimized with the Yoast SEO plugin v27.2 - https:\/\/yoast.com\/product\/yoast-seo-wordpress\/ -->\n<title>Moskva, nau-capit\u00e2nea da frota russa, afunda ap\u00f3s explos\u00e3o - Notibras<\/title>\n<meta name=\"robots\" content=\"index, follow, max-snippet:-1, max-image-preview:large, max-video-preview:-1\" \/>\n<link rel=\"canonical\" href=\"https:\/\/www.notibras.com\/site\/moskva-nau-capitanea-da-frota-russa-afunda-apos-explosao\/\" \/>\n<meta property=\"og:locale\" content=\"pt_BR\" \/>\n<meta property=\"og:type\" content=\"article\" \/>\n<meta property=\"og:title\" content=\"Moskva, nau-capit\u00e2nea da frota russa, afunda ap\u00f3s explos\u00e3o - Notibras\" \/>\n<meta property=\"og:description\" content=\"O cruzador de m\u00edsseis guiados da classe Slava do Projeto 1164 Moskva, nau-capit\u00e3nea da Frota do Mar Negro da R\u00fassia, afundou quano stava sndo rebocado para reparos, ap\u00f3s ser atingido, na v\u00e9spera, por uma s\u00e9rie de fortes explos\u00f5es. O an\u00fancio foi feito pelo Minist\u00e9rio da Defesa russo nesta quinta, 14. O naufr\u00e1gio foi no Mar [&hellip;]\" \/>\n<meta property=\"og:url\" content=\"https:\/\/www.notibras.com\/site\/moskva-nau-capitanea-da-frota-russa-afunda-apos-explosao\/\" \/>\n<meta property=\"og:site_name\" content=\"Notibras\" \/>\n<meta property=\"article:publisher\" content=\"https:\/\/www.facebook.com\/notibras\/\" \/>\n<meta property=\"article:published_time\" content=\"2022-04-14T20:52:00+00:00\" \/>\n<meta property=\"article:modified_time\" content=\"2022-04-14T20:53:38+00:00\" \/>\n<meta property=\"og:image\" content=\"https:\/\/www.notibras.com\/site\/wp-content\/uploads\/2022\/04\/moskva.bye_.webp\" \/>\n\t<meta property=\"og:image:width\" content=\"1920\" \/>\n\t<meta property=\"og:image:height\" content=\"1080\" \/>\n\t<meta property=\"og:image:type\" content=\"image\/webp\" \/>\n<meta name=\"author\" content=\"Reda\u00e7\u00e3o\" \/>\n<meta name=\"twitter:card\" content=\"summary_large_image\" \/>\n<meta name=\"twitter:creator\" content=\"@Notibras\" \/>\n<meta name=\"twitter:site\" content=\"@Notibras\" \/>\n<meta name=\"twitter:label1\" content=\"Escrito por\" \/>\n\t<meta name=\"twitter:data1\" content=\"Reda\u00e7\u00e3o\" \/>\n\t<meta name=\"twitter:label2\" content=\"Est. tempo de leitura\" \/>\n\t<meta name=\"twitter:data2\" content=\"3 minutos\" \/>\n<script type=\"application\/ld+json\" class=\"yoast-schema-graph\">{\"@context\":\"https:\/\/schema.org\",\"@graph\":[{\"@type\":\"Article\",\"@id\":\"https:\/\/www.notibras.com\/site\/moskva-nau-capitanea-da-frota-russa-afunda-apos-explosao\/#article\",\"isPartOf\":{\"@id\":\"https:\/\/www.notibras.com\/site\/moskva-nau-capitanea-da-frota-russa-afunda-apos-explosao\/\"},\"author\":{\"name\":\"Reda\u00e7\u00e3o\",\"@id\":\"https:\/\/www.notibras.com\/site\/#\/schema\/person\/36ab0979449956132d3e5b517ea76ac8\"},\"headline\":\"Moskva, nau-capit\u00e2nea da frota russa, afunda ap\u00f3s explos\u00e3o\",\"datePublished\":\"2022-04-14T20:52:00+00:00\",\"dateModified\":\"2022-04-14T20:53:38+00:00\",\"mainEntityOfPage\":{\"@id\":\"https:\/\/www.notibras.com\/site\/moskva-nau-capitanea-da-frota-russa-afunda-apos-explosao\/\"},\"wordCount\":421,\"publisher\":{\"@id\":\"https:\/\/www.notibras.com\/site\/#organization\"},\"image\":{\"@id\":\"https:\/\/www.notibras.com\/site\/moskva-nau-capitanea-da-frota-russa-afunda-apos-explosao\/#primaryimage\"},\"thumbnailUrl\":\"https:\/\/www.notibras.com\/site\/wp-content\/uploads\/2022\/04\/moskva.bye_.webp\",\"keywords\":[\"capa\"],\"articleSection\":[\"Apocalipse\"],\"inLanguage\":\"pt-BR\"},{\"@type\":\"WebPage\",\"@id\":\"https:\/\/www.notibras.com\/site\/moskva-nau-capitanea-da-frota-russa-afunda-apos-explosao\/\",\"url\":\"https:\/\/www.notibras.com\/site\/moskva-nau-capitanea-da-frota-russa-afunda-apos-explosao\/\",\"name\":\"Moskva, nau-capit\u00e2nea da frota russa, afunda ap\u00f3s explos\u00e3o - Notibras\",\"isPartOf\":{\"@id\":\"https:\/\/www.notibras.com\/site\/#website\"},\"primaryImageOfPage\":{\"@id\":\"https:\/\/www.notibras.com\/site\/moskva-nau-capitanea-da-frota-russa-afunda-apos-explosao\/#primaryimage\"},\"image\":{\"@id\":\"https:\/\/www.notibras.com\/site\/moskva-nau-capitanea-da-frota-russa-afunda-apos-explosao\/#primaryimage\"},\"thumbnailUrl\":\"https:\/\/www.notibras.com\/site\/wp-content\/uploads\/2022\/04\/moskva.bye_.webp\",\"datePublished\":\"2022-04-14T20:52:00+00:00\",\"dateModified\":\"2022-04-14T20:53:38+00:00\",\"breadcrumb\":{\"@id\":\"https:\/\/www.notibras.com\/site\/moskva-nau-capitanea-da-frota-russa-afunda-apos-explosao\/#breadcrumb\"},\"inLanguage\":\"pt-BR\",\"potentialAction\":[{\"@type\":\"ReadAction\",\"target\":[\"https:\/\/www.notibras.com\/site\/moskva-nau-capitanea-da-frota-russa-afunda-apos-explosao\/\"]}]},{\"@type\":\"ImageObject\",\"inLanguage\":\"pt-BR\",\"@id\":\"https:\/\/www.notibras.com\/site\/moskva-nau-capitanea-da-frota-russa-afunda-apos-explosao\/#primaryimage\",\"url\":\"https:\/\/www.notibras.com\/site\/wp-content\/uploads\/2022\/04\/moskva.bye_.webp\",\"contentUrl\":\"https:\/\/www.notibras.com\/site\/wp-content\/uploads\/2022\/04\/moskva.bye_.webp\",\"width\":1920,\"height\":1080},{\"@type\":\"BreadcrumbList\",\"@id\":\"https:\/\/www.notibras.com\/site\/moskva-nau-capitanea-da-frota-russa-afunda-apos-explosao\/#breadcrumb\",\"itemListElement\":[{\"@type\":\"ListItem\",\"position\":1,\"name\":\"In\u00edcio\",\"item\":\"https:\/\/www.notibras.com\/site\/\"},{\"@type\":\"ListItem\",\"position\":2,\"name\":\"Moskva, nau-capit\u00e2nea da frota russa, afunda ap\u00f3s explos\u00e3o\"}]},{\"@type\":\"WebSite\",\"@id\":\"https:\/\/www.notibras.com\/site\/#website\",\"url\":\"https:\/\/www.notibras.com\/site\/\",\"name\":\"Notibras\",\"description\":\"Not\u00edcias de Bras\u00edlia, do Brasil e do Mundo\",\"publisher\":{\"@id\":\"https:\/\/www.notibras.com\/site\/#organization\"},\"potentialAction\":[{\"@type\":\"SearchAction\",\"target\":{\"@type\":\"EntryPoint\",\"urlTemplate\":\"https:\/\/www.notibras.com\/site\/?s={search_term_string}\"},\"query-input\":{\"@type\":\"PropertyValueSpecification\",\"valueRequired\":true,\"valueName\":\"search_term_string\"}}],\"inLanguage\":\"pt-BR\"},{\"@type\":\"Organization\",\"@id\":\"https:\/\/www.notibras.com\/site\/#organization\",\"name\":\"Grupo Notibras de Comunica\u00e7\u00e3o\",\"url\":\"https:\/\/www.notibras.com\/site\/\",\"logo\":{\"@type\":\"ImageObject\",\"inLanguage\":\"pt-BR\",\"@id\":\"https:\/\/www.notibras.com\/site\/#\/schema\/logo\/image\/\",\"url\":\"https:\/\/www.notibras.com\/site\/wp-content\/uploads\/2023\/01\/notibras23.png\",\"contentUrl\":\"https:\/\/www.notibras.com\/site\/wp-content\/uploads\/2023\/01\/notibras23.png\",\"width\":350,\"height\":87,\"caption\":\"Grupo Notibras de Comunica\u00e7\u00e3o\"},\"image\":{\"@id\":\"https:\/\/www.notibras.com\/site\/#\/schema\/logo\/image\/\"},\"sameAs\":[\"https:\/\/www.facebook.com\/notibras\/\",\"https:\/\/x.com\/Notibras\",\"https:\/\/www.instagram.com\/notibras\/\"]},{\"@type\":\"Person\",\"@id\":\"https:\/\/www.notibras.com\/site\/#\/schema\/person\/36ab0979449956132d3e5b517ea76ac8\",\"name\":\"Reda\u00e7\u00e3o\",\"image\":{\"@type\":\"ImageObject\",\"inLanguage\":\"pt-BR\",\"@id\":\"https:\/\/secure.gravatar.com\/avatar\/e0a867bdedb85fd243eadf09663511f96fc81e0720a4a42581f334ad4303aa6b?s=96&d=mm&r=g\",\"url\":\"https:\/\/secure.gravatar.com\/avatar\/e0a867bdedb85fd243eadf09663511f96fc81e0720a4a42581f334ad4303aa6b?s=96&d=mm&r=g\",\"contentUrl\":\"https:\/\/secure.gravatar.com\/avatar\/e0a867bdedb85fd243eadf09663511f96fc81e0720a4a42581f334ad4303aa6b?s=96&d=mm&r=g\",\"caption\":\"Reda\u00e7\u00e3o\"}}]}<\/script>\n<!-- \/ Yoast SEO plugin. -->","yoast_head_json":{"title":"Moskva, nau-capit\u00e2nea da frota russa, afunda ap\u00f3s explos\u00e3o - Notibras","robots":{"index":"index","follow":"follow","max-snippet":"max-snippet:-1","max-image-preview":"max-image-preview:large","max-video-preview":"max-video-preview:-1"},"canonical":"https:\/\/www.notibras.com\/site\/moskva-nau-capitanea-da-frota-russa-afunda-apos-explosao\/","og_locale":"pt_BR","og_type":"article","og_title":"Moskva, nau-capit\u00e2nea da frota russa, afunda ap\u00f3s explos\u00e3o - Notibras","og_description":"O cruzador de m\u00edsseis guiados da classe Slava do Projeto 1164 Moskva, nau-capit\u00e3nea da Frota do Mar Negro da R\u00fassia, afundou quano stava sndo rebocado para reparos, ap\u00f3s ser atingido, na v\u00e9spera, por uma s\u00e9rie de fortes explos\u00f5es. O an\u00fancio foi feito pelo Minist\u00e9rio da Defesa russo nesta quinta, 14. O naufr\u00e1gio foi no Mar [&hellip;]","og_url":"https:\/\/www.notibras.com\/site\/moskva-nau-capitanea-da-frota-russa-afunda-apos-explosao\/","og_site_name":"Notibras","article_publisher":"https:\/\/www.facebook.com\/notibras\/","article_published_time":"2022-04-14T20:52:00+00:00","article_modified_time":"2022-04-14T20:53:38+00:00","og_image":[{"width":1920,"height":1080,"url":"https:\/\/www.notibras.com\/site\/wp-content\/uploads\/2022\/04\/moskva.bye_.webp","type":"image\/webp"}],"author":"Reda\u00e7\u00e3o","twitter_card":"summary_large_image","twitter_creator":"@Notibras","twitter_site":"@Notibras","twitter_misc":{"Escrito por":"Reda\u00e7\u00e3o","Est. tempo de leitura":"3 minutos"},"schema":{"@context":"https:\/\/schema.org","@graph":[{"@type":"Article","@id":"https:\/\/www.notibras.com\/site\/moskva-nau-capitanea-da-frota-russa-afunda-apos-explosao\/#article","isPartOf":{"@id":"https:\/\/www.notibras.com\/site\/moskva-nau-capitanea-da-frota-russa-afunda-apos-explosao\/"},"author":{"name":"Reda\u00e7\u00e3o","@id":"https:\/\/www.notibras.com\/site\/#\/schema\/person\/36ab0979449956132d3e5b517ea76ac8"},"headline":"Moskva, nau-capit\u00e2nea da frota russa, afunda ap\u00f3s explos\u00e3o","datePublished":"2022-04-14T20:52:00+00:00","dateModified":"2022-04-14T20:53:38+00:00","mainEntityOfPage":{"@id":"https:\/\/www.notibras.com\/site\/moskva-nau-capitanea-da-frota-russa-afunda-apos-explosao\/"},"wordCount":421,"publisher":{"@id":"https:\/\/www.notibras.com\/site\/#organization"},"image":{"@id":"https:\/\/www.notibras.com\/site\/moskva-nau-capitanea-da-frota-russa-afunda-apos-explosao\/#primaryimage"},"thumbnailUrl":"https:\/\/www.notibras.com\/site\/wp-content\/uploads\/2022\/04\/moskva.bye_.webp","keywords":["capa"],"articleSection":["Apocalipse"],"inLanguage":"pt-BR"},{"@type":"WebPage","@id":"https:\/\/www.notibras.com\/site\/moskva-nau-capitanea-da-frota-russa-afunda-apos-explosao\/","url":"https:\/\/www.notibras.com\/site\/moskva-nau-capitanea-da-frota-russa-afunda-apos-explosao\/","name":"Moskva, nau-capit\u00e2nea da frota russa, afunda ap\u00f3s explos\u00e3o - Notibras","isPartOf":{"@id":"https:\/\/www.notibras.com\/site\/#website"},"primaryImageOfPage":{"@id":"https:\/\/www.notibras.com\/site\/moskva-nau-capitanea-da-frota-russa-afunda-apos-explosao\/#primaryimage"},"image":{"@id":"https:\/\/www.notibras.com\/site\/moskva-nau-capitanea-da-frota-russa-afunda-apos-explosao\/#primaryimage"},"thumbnailUrl":"https:\/\/www.notibras.com\/site\/wp-content\/uploads\/2022\/04\/moskva.bye_.webp","datePublished":"2022-04-14T20:52:00+00:00","dateModified":"2022-04-14T20:53:38+00:00","breadcrumb":{"@id":"https:\/\/www.notibras.com\/site\/moskva-nau-capitanea-da-frota-russa-afunda-apos-explosao\/#breadcrumb"},"inLanguage":"pt-BR","potentialAction":[{"@type":"ReadAction","target":["https:\/\/www.notibras.com\/site\/moskva-nau-capitanea-da-frota-russa-afunda-apos-explosao\/"]}]},{"@type":"ImageObject","inLanguage":"pt-BR","@id":"https:\/\/www.notibras.com\/site\/moskva-nau-capitanea-da-frota-russa-afunda-apos-explosao\/#primaryimage","url":"https:\/\/www.notibras.com\/site\/wp-content\/uploads\/2022\/04\/moskva.bye_.webp","contentUrl":"https:\/\/www.notibras.com\/site\/wp-content\/uploads\/2022\/04\/moskva.bye_.webp","width":1920,"height":1080},{"@type":"BreadcrumbList","@id":"https:\/\/www.notibras.com\/site\/moskva-nau-capitanea-da-frota-russa-afunda-apos-explosao\/#breadcrumb","itemListElement":[{"@type":"ListItem","position":1,"name":"In\u00edcio","item":"https:\/\/www.notibras.com\/site\/"},{"@type":"ListItem","position":2,"name":"Moskva, nau-capit\u00e2nea da frota russa, afunda ap\u00f3s explos\u00e3o"}]},{"@type":"WebSite","@id":"https:\/\/www.notibras.com\/site\/#website","url":"https:\/\/www.notibras.com\/site\/","name":"Notibras","description":"Not\u00edcias de Bras\u00edlia, do Brasil e do Mundo","publisher":{"@id":"https:\/\/www.notibras.com\/site\/#organization"},"potentialAction":[{"@type":"SearchAction","target":{"@type":"EntryPoint","urlTemplate":"https:\/\/www.notibras.com\/site\/?s={search_term_string}"},"query-input":{"@type":"PropertyValueSpecification","valueRequired":true,"valueName":"search_term_string"}}],"inLanguage":"pt-BR"},{"@type":"Organization","@id":"https:\/\/www.notibras.com\/site\/#organization","name":"Grupo Notibras de Comunica\u00e7\u00e3o","url":"https:\/\/www.notibras.com\/site\/","logo":{"@type":"ImageObject","inLanguage":"pt-BR","@id":"https:\/\/www.notibras.com\/site\/#\/schema\/logo\/image\/","url":"https:\/\/www.notibras.com\/site\/wp-content\/uploads\/2023\/01\/notibras23.png","contentUrl":"https:\/\/www.notibras.com\/site\/wp-content\/uploads\/2023\/01\/notibras23.png","width":350,"height":87,"caption":"Grupo Notibras de Comunica\u00e7\u00e3o"},"image":{"@id":"https:\/\/www.notibras.com\/site\/#\/schema\/logo\/image\/"},"sameAs":["https:\/\/www.facebook.com\/notibras\/","https:\/\/x.com\/Notibras","https:\/\/www.instagram.com\/notibras\/"]},{"@type":"Person","@id":"https:\/\/www.notibras.com\/site\/#\/schema\/person\/36ab0979449956132d3e5b517ea76ac8","name":"Reda\u00e7\u00e3o","image":{"@type":"ImageObject","inLanguage":"pt-BR","@id":"https:\/\/secure.gravatar.com\/avatar\/e0a867bdedb85fd243eadf09663511f96fc81e0720a4a42581f334ad4303aa6b?s=96&d=mm&r=g","url":"https:\/\/secure.gravatar.com\/avatar\/e0a867bdedb85fd243eadf09663511f96fc81e0720a4a42581f334ad4303aa6b?s=96&d=mm&r=g","contentUrl":"https:\/\/secure.gravatar.com\/avatar\/e0a867bdedb85fd243eadf09663511f96fc81e0720a4a42581f334ad4303aa6b?s=96&d=mm&r=g","caption":"Reda\u00e7\u00e3o"}}]}},"amp_enabled":true,"_links":{"self":[{"href":"https:\/\/www.notibras.com\/site\/wp-json\/wp\/v2\/posts\/283859","targetHints":{"allow":["GET"]}}],"collection":[{"href":"https:\/\/www.notibras.com\/site\/wp-json\/wp\/v2\/posts"}],"about":[{"href":"https:\/\/www.notibras.com\/site\/wp-json\/wp\/v2\/types\/post"}],"author":[{"embeddable":true,"href":"https:\/\/www.notibras.com\/site\/wp-json\/wp\/v2\/users\/2"}],"replies":[{"embeddable":true,"href":"https:\/\/www.notibras.com\/site\/wp-json\/wp\/v2\/comments?post=283859"}],"version-history":[{"count":2,"href":"https:\/\/www.notibras.com\/site\/wp-json\/wp\/v2\/posts\/283859\/revisions"}],"predecessor-version":[{"id":283862,"href":"https:\/\/www.notibras.com\/site\/wp-json\/wp\/v2\/posts\/283859\/revisions\/283862"}],"wp:featuredmedia":[{"embeddable":true,"href":"https:\/\/www.notibras.com\/site\/wp-json\/wp\/v2\/media\/283860"}],"wp:attachment":[{"href":"https:\/\/www.notibras.com\/site\/wp-json\/wp\/v2\/media?parent=283859"}],"wp:term":[{"taxonomy":"category","embeddable":true,"href":"https:\/\/www.notibras.com\/site\/wp-json\/wp\/v2\/categories?post=283859"},{"taxonomy":"post_tag","embeddable":true,"href":"https:\/\/www.notibras.com\/site\/wp-json\/wp\/v2\/tags?post=283859"}],"curies":[{"name":"wp","href":"https:\/\/api.w.org\/{rel}","templated":true}]}}