{"id":283863,"date":"2022-04-14T17:48:26","date_gmt":"2022-04-14T20:48:26","guid":{"rendered":"https:\/\/www.notibras.com\/site\/?p=283863"},"modified":"2022-04-14T18:06:09","modified_gmt":"2022-04-14T21:06:09","slug":"russia-acusa-eua-de-produzir-armas-quimicas-na-ucrania","status":"publish","type":"post","link":"https:\/\/www.notibras.com\/site\/russia-acusa-eua-de-produzir-armas-quimicas-na-ucrania\/","title":{"rendered":"R\u00fassia acusa EUA de produzir armas qu\u00edmicas na Ucr\u00e2nia"},"content":{"rendered":"<p>O Minist\u00e9rio da Defesa da R\u00fassia (MoD) afirmou que tem evid\u00eancias de que as atividades dos EUA na Ucr\u00e2nia contrariam a Conven\u00e7\u00e3o de Armas Biol\u00f3gicas (BWC).<\/p>\n<p>Igor Kirillov, chefe das for\u00e7as de prote\u00e7\u00e3o contra radia\u00e7\u00e3o, qu\u00edmica e biol\u00f3gica do MoD russo, tamb\u00e9m disse a rep\u00f3rteres nesta quinta-feira, 14, que os &#8220;curadores americanos de laborat\u00f3rios biol\u00f3gicos na Ucr\u00e2nia estavam mais interessados \u200b\u200bem projetos de uso duplo, muitos dos quais visam estudar agentes potenciais de armas biol\u00f3gicas, como a peste e a tularemia, al\u00e9m pat\u00f3genos de infec\u00e7\u00f5es economicamente significativas&#8221;.<\/p>\n<p>Kirillov acrescentou que projetos como P-364, 444 e 781, destinados a &#8220;estudar a propaga\u00e7\u00e3o de pat\u00f3genos de infec\u00e7\u00f5es perigosas por meio de insetos vetores, p\u00e1ssaros selvagens e morcegos, foram financiados no interesse do Departamento de Defesa dos EUA&#8221;.<\/p>\n<p>Ele tamb\u00e9m disse que a intelig\u00eancia russa encontrou tr\u00eas ve\u00edculos a\u00e9reos n\u00e3o tripulados (UAVs) ucranianos equipados com pulverizadores qu\u00edmicos na regi\u00e3o de Kherson, na Ucr\u00e2nia, em mar\u00e7o.<\/p>\n<p>&#8220;Estamos preocupados com o fato de que, em 9 de mar\u00e7o, no territ\u00f3rio da regi\u00e3o de Kherson, unidades de reconhecimento russas descobriram tr\u00eas UAVs equipados com cont\u00eaineres de 30 litros e equipamentos para pulveriza\u00e7\u00e3o de produtos qu\u00edmicos. De acordo com dados dispon\u00edveis, em janeiro de 2022, a Ucr\u00e2nia comprou mais de 50 dispositivos semelhantes que podem ser usados \u200b\u200bpara aplicar formula\u00e7\u00f5es biol\u00f3gicas e produtos qu\u00edmicos t\u00f3xicos&#8221;, afirmou Kirillov.<\/p>\n<p>O chefe das for\u00e7as de prote\u00e7\u00e3o contra radia\u00e7\u00e3o, qu\u00edmica e biol\u00f3gica do MoD russo revelou os nomes de funcion\u00e1rios americanos e europeus do Centro Ucraniano de Ci\u00eancia e Tecnologia (STCU), que estavam envolvidos em pesquisas no interesse do programa biol\u00f3gico militar dos EUA.<\/p>\n<p>&#8220;Vou dar os nomes dos funcion\u00e1rios que estiveram envolvidos na implementa\u00e7\u00e3o de programas biol\u00f3gicos militares. O cargo de Diretor Executivo do STCU \u00e9 ocupado pelo cidad\u00e3o norte-americano Curtis Bjelajac. Nascido em 27 de agosto de 1968, na Calif\u00f3rnia, estudou na Universidade Anderson of Management na Calif\u00f3rnia [\u2026e] trabalha na Ucr\u00e2nia desde 1994&#8221;, disse Kirillov.<\/p>\n<p>Segundo ele, o vice-secret\u00e1rio de Estado-adjunto para programas de n\u00e3o-prolifera\u00e7\u00e3o dos EUA, Phillip Dolliff, supervisiona em nome de Washington.<\/p>\n<p>Kirillov observou que os documentos obtidos pelo MoD russo confirmam a conex\u00e3o entre o STCU e o departamento militar dos EUA por meio do principal contratado do Pent\u00e1gono, a empresa de engenharia Black &amp; Veatch. O MoD tem a correspond\u00eancia do vice-presidente dessa empresa, Matthew Webber, onde expressa sua disponibilidade para trabalhar com o STCU na pesquisa biol\u00f3gica militar em andamento na Ucr\u00e2nia.<\/p>\n<p>&#8220;De 2014 a 2022, o Centro de Ci\u00eancia e Tecnologia da Ucr\u00e2nia implementou mais de 500 projetos de pesquisa nas rep\u00fablicas p\u00f3s-sovi\u00e9ticas&#8221;, como Ucr\u00e2nia, Ge\u00f3rgia, Mold\u00e1via e Azerbaij\u00e3o, disse o funcion\u00e1rio do Minist\u00e9rio da Defesa.<\/p>\n<p>No m\u00eas passado, Kirillov enfatizou que o montante total do financiamento dos EUA para o trabalho biol\u00f3gico-militar realizado nos laborat\u00f3rios do Minist\u00e9rio da Defesa ucraniano foi de US$ 32 milh\u00f5es.<\/p>\n<p>Por sua vez o porta-voz do Kremlin, Dmitry Peskov, disse que a R\u00fassia exigir\u00e1 explica\u00e7\u00f5es sobre o suposto envolvimento do filho do presidente dos EUA, Joe Biden, Hunter, no financiamento de laborat\u00f3rios biol\u00f3gicos na Ucr\u00e2nia que foram rastreados por for\u00e7as russas no curso de suas for\u00e7as militares especiais.<\/p>\n","protected":false},"excerpt":{"rendered":"<p>O Minist\u00e9rio da Defesa da R\u00fassia (MoD) afirmou que tem evid\u00eancias de que as atividades dos EUA na Ucr\u00e2nia contrariam a Conven\u00e7\u00e3o de Armas Biol\u00f3gicas (BWC). Igor Kirillov, chefe das for\u00e7as de prote\u00e7\u00e3o contra radia\u00e7\u00e3o, qu\u00edmica e biol\u00f3gica do MoD russo, tamb\u00e9m disse a rep\u00f3rteres nesta quinta-feira, 14, que os &#8220;curadores americanos de laborat\u00f3rios biol\u00f3gicos [&hellip;]<\/p>\n","protected":false},"author":2,"featured_media":283864,"comment_status":"closed","ping_status":"closed","sticky":false,"template":"","format":"standard","meta":{"_acf_changed":false,"footnotes":""},"categories":[159],"tags":[95],"class_list":["post-283863","post","type-post","status-publish","format-standard","has-post-thumbnail","hentry","category-apocalipse","tag-capa"],"acf":[],"yoast_head":"<!-- This site is optimized with the Yoast SEO plugin v27.2 - https:\/\/yoast.com\/product\/yoast-seo-wordpress\/ -->\n<title>R\u00fassia acusa EUA de produzir armas qu\u00edmicas na Ucr\u00e2nia - Notibras<\/title>\n<meta name=\"robots\" content=\"index, follow, max-snippet:-1, max-image-preview:large, max-video-preview:-1\" \/>\n<link rel=\"canonical\" href=\"https:\/\/www.notibras.com\/site\/russia-acusa-eua-de-produzir-armas-quimicas-na-ucrania\/\" \/>\n<meta property=\"og:locale\" content=\"pt_BR\" \/>\n<meta property=\"og:type\" content=\"article\" \/>\n<meta property=\"og:title\" content=\"R\u00fassia acusa EUA de produzir armas qu\u00edmicas na Ucr\u00e2nia - Notibras\" \/>\n<meta property=\"og:description\" content=\"O Minist\u00e9rio da Defesa da R\u00fassia (MoD) afirmou que tem evid\u00eancias de que as atividades dos EUA na Ucr\u00e2nia contrariam a Conven\u00e7\u00e3o de Armas Biol\u00f3gicas (BWC). Igor Kirillov, chefe das for\u00e7as de prote\u00e7\u00e3o contra radia\u00e7\u00e3o, qu\u00edmica e biol\u00f3gica do MoD russo, tamb\u00e9m disse a rep\u00f3rteres nesta quinta-feira, 14, que os &#8220;curadores americanos de laborat\u00f3rios biol\u00f3gicos [&hellip;]\" \/>\n<meta property=\"og:url\" content=\"https:\/\/www.notibras.com\/site\/russia-acusa-eua-de-produzir-armas-quimicas-na-ucrania\/\" \/>\n<meta property=\"og:site_name\" content=\"Notibras\" \/>\n<meta property=\"article:publisher\" content=\"https:\/\/www.facebook.com\/notibras\/\" \/>\n<meta property=\"article:published_time\" content=\"2022-04-14T20:48:26+00:00\" \/>\n<meta property=\"article:modified_time\" content=\"2022-04-14T21:06:09+00:00\" \/>\n<meta property=\"og:image\" content=\"https:\/\/www.notibras.com\/site\/wp-content\/uploads\/2022\/04\/arma.bio_.webp\" \/>\n\t<meta property=\"og:image:width\" content=\"1920\" \/>\n\t<meta property=\"og:image:height\" content=\"1080\" \/>\n\t<meta property=\"og:image:type\" content=\"image\/webp\" \/>\n<meta name=\"author\" content=\"Reda\u00e7\u00e3o\" \/>\n<meta name=\"twitter:card\" content=\"summary_large_image\" \/>\n<meta name=\"twitter:creator\" content=\"@Notibras\" \/>\n<meta name=\"twitter:site\" content=\"@Notibras\" \/>\n<meta name=\"twitter:label1\" content=\"Escrito por\" \/>\n\t<meta name=\"twitter:data1\" content=\"Reda\u00e7\u00e3o\" \/>\n\t<meta name=\"twitter:label2\" content=\"Est. tempo de leitura\" \/>\n\t<meta name=\"twitter:data2\" content=\"3 minutos\" \/>\n<script type=\"application\/ld+json\" class=\"yoast-schema-graph\">{\"@context\":\"https:\/\/schema.org\",\"@graph\":[{\"@type\":\"Article\",\"@id\":\"https:\/\/www.notibras.com\/site\/russia-acusa-eua-de-produzir-armas-quimicas-na-ucrania\/#article\",\"isPartOf\":{\"@id\":\"https:\/\/www.notibras.com\/site\/russia-acusa-eua-de-produzir-armas-quimicas-na-ucrania\/\"},\"author\":{\"name\":\"Reda\u00e7\u00e3o\",\"@id\":\"https:\/\/www.notibras.com\/site\/#\/schema\/person\/36ab0979449956132d3e5b517ea76ac8\"},\"headline\":\"R\u00fassia acusa EUA de produzir armas qu\u00edmicas na Ucr\u00e2nia\",\"datePublished\":\"2022-04-14T20:48:26+00:00\",\"dateModified\":\"2022-04-14T21:06:09+00:00\",\"mainEntityOfPage\":{\"@id\":\"https:\/\/www.notibras.com\/site\/russia-acusa-eua-de-produzir-armas-quimicas-na-ucrania\/\"},\"wordCount\":602,\"publisher\":{\"@id\":\"https:\/\/www.notibras.com\/site\/#organization\"},\"image\":{\"@id\":\"https:\/\/www.notibras.com\/site\/russia-acusa-eua-de-produzir-armas-quimicas-na-ucrania\/#primaryimage\"},\"thumbnailUrl\":\"https:\/\/www.notibras.com\/site\/wp-content\/uploads\/2022\/04\/arma.bio_.webp\",\"keywords\":[\"capa\"],\"articleSection\":[\"Apocalipse\"],\"inLanguage\":\"pt-BR\"},{\"@type\":\"WebPage\",\"@id\":\"https:\/\/www.notibras.com\/site\/russia-acusa-eua-de-produzir-armas-quimicas-na-ucrania\/\",\"url\":\"https:\/\/www.notibras.com\/site\/russia-acusa-eua-de-produzir-armas-quimicas-na-ucrania\/\",\"name\":\"R\u00fassia acusa EUA de produzir armas qu\u00edmicas na Ucr\u00e2nia - Notibras\",\"isPartOf\":{\"@id\":\"https:\/\/www.notibras.com\/site\/#website\"},\"primaryImageOfPage\":{\"@id\":\"https:\/\/www.notibras.com\/site\/russia-acusa-eua-de-produzir-armas-quimicas-na-ucrania\/#primaryimage\"},\"image\":{\"@id\":\"https:\/\/www.notibras.com\/site\/russia-acusa-eua-de-produzir-armas-quimicas-na-ucrania\/#primaryimage\"},\"thumbnailUrl\":\"https:\/\/www.notibras.com\/site\/wp-content\/uploads\/2022\/04\/arma.bio_.webp\",\"datePublished\":\"2022-04-14T20:48:26+00:00\",\"dateModified\":\"2022-04-14T21:06:09+00:00\",\"breadcrumb\":{\"@id\":\"https:\/\/www.notibras.com\/site\/russia-acusa-eua-de-produzir-armas-quimicas-na-ucrania\/#breadcrumb\"},\"inLanguage\":\"pt-BR\",\"potentialAction\":[{\"@type\":\"ReadAction\",\"target\":[\"https:\/\/www.notibras.com\/site\/russia-acusa-eua-de-produzir-armas-quimicas-na-ucrania\/\"]}]},{\"@type\":\"ImageObject\",\"inLanguage\":\"pt-BR\",\"@id\":\"https:\/\/www.notibras.com\/site\/russia-acusa-eua-de-produzir-armas-quimicas-na-ucrania\/#primaryimage\",\"url\":\"https:\/\/www.notibras.com\/site\/wp-content\/uploads\/2022\/04\/arma.bio_.webp\",\"contentUrl\":\"https:\/\/www.notibras.com\/site\/wp-content\/uploads\/2022\/04\/arma.bio_.webp\",\"width\":1920,\"height\":1080},{\"@type\":\"BreadcrumbList\",\"@id\":\"https:\/\/www.notibras.com\/site\/russia-acusa-eua-de-produzir-armas-quimicas-na-ucrania\/#breadcrumb\",\"itemListElement\":[{\"@type\":\"ListItem\",\"position\":1,\"name\":\"In\u00edcio\",\"item\":\"https:\/\/www.notibras.com\/site\/\"},{\"@type\":\"ListItem\",\"position\":2,\"name\":\"R\u00fassia acusa EUA de produzir armas qu\u00edmicas na Ucr\u00e2nia\"}]},{\"@type\":\"WebSite\",\"@id\":\"https:\/\/www.notibras.com\/site\/#website\",\"url\":\"https:\/\/www.notibras.com\/site\/\",\"name\":\"Notibras\",\"description\":\"Not\u00edcias de Bras\u00edlia, do Brasil e do Mundo\",\"publisher\":{\"@id\":\"https:\/\/www.notibras.com\/site\/#organization\"},\"potentialAction\":[{\"@type\":\"SearchAction\",\"target\":{\"@type\":\"EntryPoint\",\"urlTemplate\":\"https:\/\/www.notibras.com\/site\/?s={search_term_string}\"},\"query-input\":{\"@type\":\"PropertyValueSpecification\",\"valueRequired\":true,\"valueName\":\"search_term_string\"}}],\"inLanguage\":\"pt-BR\"},{\"@type\":\"Organization\",\"@id\":\"https:\/\/www.notibras.com\/site\/#organization\",\"name\":\"Grupo Notibras de Comunica\u00e7\u00e3o\",\"url\":\"https:\/\/www.notibras.com\/site\/\",\"logo\":{\"@type\":\"ImageObject\",\"inLanguage\":\"pt-BR\",\"@id\":\"https:\/\/www.notibras.com\/site\/#\/schema\/logo\/image\/\",\"url\":\"https:\/\/www.notibras.com\/site\/wp-content\/uploads\/2023\/01\/notibras23.png\",\"contentUrl\":\"https:\/\/www.notibras.com\/site\/wp-content\/uploads\/2023\/01\/notibras23.png\",\"width\":350,\"height\":87,\"caption\":\"Grupo Notibras de Comunica\u00e7\u00e3o\"},\"image\":{\"@id\":\"https:\/\/www.notibras.com\/site\/#\/schema\/logo\/image\/\"},\"sameAs\":[\"https:\/\/www.facebook.com\/notibras\/\",\"https:\/\/x.com\/Notibras\",\"https:\/\/www.instagram.com\/notibras\/\"]},{\"@type\":\"Person\",\"@id\":\"https:\/\/www.notibras.com\/site\/#\/schema\/person\/36ab0979449956132d3e5b517ea76ac8\",\"name\":\"Reda\u00e7\u00e3o\",\"image\":{\"@type\":\"ImageObject\",\"inLanguage\":\"pt-BR\",\"@id\":\"https:\/\/secure.gravatar.com\/avatar\/e0a867bdedb85fd243eadf09663511f96fc81e0720a4a42581f334ad4303aa6b?s=96&d=mm&r=g\",\"url\":\"https:\/\/secure.gravatar.com\/avatar\/e0a867bdedb85fd243eadf09663511f96fc81e0720a4a42581f334ad4303aa6b?s=96&d=mm&r=g\",\"contentUrl\":\"https:\/\/secure.gravatar.com\/avatar\/e0a867bdedb85fd243eadf09663511f96fc81e0720a4a42581f334ad4303aa6b?s=96&d=mm&r=g\",\"caption\":\"Reda\u00e7\u00e3o\"}}]}<\/script>\n<!-- \/ Yoast SEO plugin. -->","yoast_head_json":{"title":"R\u00fassia acusa EUA de produzir armas qu\u00edmicas na Ucr\u00e2nia - Notibras","robots":{"index":"index","follow":"follow","max-snippet":"max-snippet:-1","max-image-preview":"max-image-preview:large","max-video-preview":"max-video-preview:-1"},"canonical":"https:\/\/www.notibras.com\/site\/russia-acusa-eua-de-produzir-armas-quimicas-na-ucrania\/","og_locale":"pt_BR","og_type":"article","og_title":"R\u00fassia acusa EUA de produzir armas qu\u00edmicas na Ucr\u00e2nia - Notibras","og_description":"O Minist\u00e9rio da Defesa da R\u00fassia (MoD) afirmou que tem evid\u00eancias de que as atividades dos EUA na Ucr\u00e2nia contrariam a Conven\u00e7\u00e3o de Armas Biol\u00f3gicas (BWC). Igor Kirillov, chefe das for\u00e7as de prote\u00e7\u00e3o contra radia\u00e7\u00e3o, qu\u00edmica e biol\u00f3gica do MoD russo, tamb\u00e9m disse a rep\u00f3rteres nesta quinta-feira, 14, que os &#8220;curadores americanos de laborat\u00f3rios biol\u00f3gicos [&hellip;]","og_url":"https:\/\/www.notibras.com\/site\/russia-acusa-eua-de-produzir-armas-quimicas-na-ucrania\/","og_site_name":"Notibras","article_publisher":"https:\/\/www.facebook.com\/notibras\/","article_published_time":"2022-04-14T20:48:26+00:00","article_modified_time":"2022-04-14T21:06:09+00:00","og_image":[{"width":1920,"height":1080,"url":"https:\/\/www.notibras.com\/site\/wp-content\/uploads\/2022\/04\/arma.bio_.webp","type":"image\/webp"}],"author":"Reda\u00e7\u00e3o","twitter_card":"summary_large_image","twitter_creator":"@Notibras","twitter_site":"@Notibras","twitter_misc":{"Escrito por":"Reda\u00e7\u00e3o","Est. tempo de leitura":"3 minutos"},"schema":{"@context":"https:\/\/schema.org","@graph":[{"@type":"Article","@id":"https:\/\/www.notibras.com\/site\/russia-acusa-eua-de-produzir-armas-quimicas-na-ucrania\/#article","isPartOf":{"@id":"https:\/\/www.notibras.com\/site\/russia-acusa-eua-de-produzir-armas-quimicas-na-ucrania\/"},"author":{"name":"Reda\u00e7\u00e3o","@id":"https:\/\/www.notibras.com\/site\/#\/schema\/person\/36ab0979449956132d3e5b517ea76ac8"},"headline":"R\u00fassia acusa EUA de produzir armas qu\u00edmicas na Ucr\u00e2nia","datePublished":"2022-04-14T20:48:26+00:00","dateModified":"2022-04-14T21:06:09+00:00","mainEntityOfPage":{"@id":"https:\/\/www.notibras.com\/site\/russia-acusa-eua-de-produzir-armas-quimicas-na-ucrania\/"},"wordCount":602,"publisher":{"@id":"https:\/\/www.notibras.com\/site\/#organization"},"image":{"@id":"https:\/\/www.notibras.com\/site\/russia-acusa-eua-de-produzir-armas-quimicas-na-ucrania\/#primaryimage"},"thumbnailUrl":"https:\/\/www.notibras.com\/site\/wp-content\/uploads\/2022\/04\/arma.bio_.webp","keywords":["capa"],"articleSection":["Apocalipse"],"inLanguage":"pt-BR"},{"@type":"WebPage","@id":"https:\/\/www.notibras.com\/site\/russia-acusa-eua-de-produzir-armas-quimicas-na-ucrania\/","url":"https:\/\/www.notibras.com\/site\/russia-acusa-eua-de-produzir-armas-quimicas-na-ucrania\/","name":"R\u00fassia acusa EUA de produzir armas qu\u00edmicas na Ucr\u00e2nia - Notibras","isPartOf":{"@id":"https:\/\/www.notibras.com\/site\/#website"},"primaryImageOfPage":{"@id":"https:\/\/www.notibras.com\/site\/russia-acusa-eua-de-produzir-armas-quimicas-na-ucrania\/#primaryimage"},"image":{"@id":"https:\/\/www.notibras.com\/site\/russia-acusa-eua-de-produzir-armas-quimicas-na-ucrania\/#primaryimage"},"thumbnailUrl":"https:\/\/www.notibras.com\/site\/wp-content\/uploads\/2022\/04\/arma.bio_.webp","datePublished":"2022-04-14T20:48:26+00:00","dateModified":"2022-04-14T21:06:09+00:00","breadcrumb":{"@id":"https:\/\/www.notibras.com\/site\/russia-acusa-eua-de-produzir-armas-quimicas-na-ucrania\/#breadcrumb"},"inLanguage":"pt-BR","potentialAction":[{"@type":"ReadAction","target":["https:\/\/www.notibras.com\/site\/russia-acusa-eua-de-produzir-armas-quimicas-na-ucrania\/"]}]},{"@type":"ImageObject","inLanguage":"pt-BR","@id":"https:\/\/www.notibras.com\/site\/russia-acusa-eua-de-produzir-armas-quimicas-na-ucrania\/#primaryimage","url":"https:\/\/www.notibras.com\/site\/wp-content\/uploads\/2022\/04\/arma.bio_.webp","contentUrl":"https:\/\/www.notibras.com\/site\/wp-content\/uploads\/2022\/04\/arma.bio_.webp","width":1920,"height":1080},{"@type":"BreadcrumbList","@id":"https:\/\/www.notibras.com\/site\/russia-acusa-eua-de-produzir-armas-quimicas-na-ucrania\/#breadcrumb","itemListElement":[{"@type":"ListItem","position":1,"name":"In\u00edcio","item":"https:\/\/www.notibras.com\/site\/"},{"@type":"ListItem","position":2,"name":"R\u00fassia acusa EUA de produzir armas qu\u00edmicas na Ucr\u00e2nia"}]},{"@type":"WebSite","@id":"https:\/\/www.notibras.com\/site\/#website","url":"https:\/\/www.notibras.com\/site\/","name":"Notibras","description":"Not\u00edcias de Bras\u00edlia, do Brasil e do Mundo","publisher":{"@id":"https:\/\/www.notibras.com\/site\/#organization"},"potentialAction":[{"@type":"SearchAction","target":{"@type":"EntryPoint","urlTemplate":"https:\/\/www.notibras.com\/site\/?s={search_term_string}"},"query-input":{"@type":"PropertyValueSpecification","valueRequired":true,"valueName":"search_term_string"}}],"inLanguage":"pt-BR"},{"@type":"Organization","@id":"https:\/\/www.notibras.com\/site\/#organization","name":"Grupo Notibras de Comunica\u00e7\u00e3o","url":"https:\/\/www.notibras.com\/site\/","logo":{"@type":"ImageObject","inLanguage":"pt-BR","@id":"https:\/\/www.notibras.com\/site\/#\/schema\/logo\/image\/","url":"https:\/\/www.notibras.com\/site\/wp-content\/uploads\/2023\/01\/notibras23.png","contentUrl":"https:\/\/www.notibras.com\/site\/wp-content\/uploads\/2023\/01\/notibras23.png","width":350,"height":87,"caption":"Grupo Notibras de Comunica\u00e7\u00e3o"},"image":{"@id":"https:\/\/www.notibras.com\/site\/#\/schema\/logo\/image\/"},"sameAs":["https:\/\/www.facebook.com\/notibras\/","https:\/\/x.com\/Notibras","https:\/\/www.instagram.com\/notibras\/"]},{"@type":"Person","@id":"https:\/\/www.notibras.com\/site\/#\/schema\/person\/36ab0979449956132d3e5b517ea76ac8","name":"Reda\u00e7\u00e3o","image":{"@type":"ImageObject","inLanguage":"pt-BR","@id":"https:\/\/secure.gravatar.com\/avatar\/e0a867bdedb85fd243eadf09663511f96fc81e0720a4a42581f334ad4303aa6b?s=96&d=mm&r=g","url":"https:\/\/secure.gravatar.com\/avatar\/e0a867bdedb85fd243eadf09663511f96fc81e0720a4a42581f334ad4303aa6b?s=96&d=mm&r=g","contentUrl":"https:\/\/secure.gravatar.com\/avatar\/e0a867bdedb85fd243eadf09663511f96fc81e0720a4a42581f334ad4303aa6b?s=96&d=mm&r=g","caption":"Reda\u00e7\u00e3o"}}]}},"amp_enabled":true,"_links":{"self":[{"href":"https:\/\/www.notibras.com\/site\/wp-json\/wp\/v2\/posts\/283863","targetHints":{"allow":["GET"]}}],"collection":[{"href":"https:\/\/www.notibras.com\/site\/wp-json\/wp\/v2\/posts"}],"about":[{"href":"https:\/\/www.notibras.com\/site\/wp-json\/wp\/v2\/types\/post"}],"author":[{"embeddable":true,"href":"https:\/\/www.notibras.com\/site\/wp-json\/wp\/v2\/users\/2"}],"replies":[{"embeddable":true,"href":"https:\/\/www.notibras.com\/site\/wp-json\/wp\/v2\/comments?post=283863"}],"version-history":[{"count":1,"href":"https:\/\/www.notibras.com\/site\/wp-json\/wp\/v2\/posts\/283863\/revisions"}],"predecessor-version":[{"id":283865,"href":"https:\/\/www.notibras.com\/site\/wp-json\/wp\/v2\/posts\/283863\/revisions\/283865"}],"wp:featuredmedia":[{"embeddable":true,"href":"https:\/\/www.notibras.com\/site\/wp-json\/wp\/v2\/media\/283864"}],"wp:attachment":[{"href":"https:\/\/www.notibras.com\/site\/wp-json\/wp\/v2\/media?parent=283863"}],"wp:term":[{"taxonomy":"category","embeddable":true,"href":"https:\/\/www.notibras.com\/site\/wp-json\/wp\/v2\/categories?post=283863"},{"taxonomy":"post_tag","embeddable":true,"href":"https:\/\/www.notibras.com\/site\/wp-json\/wp\/v2\/tags?post=283863"}],"curies":[{"name":"wp","href":"https:\/\/api.w.org\/{rel}","templated":true}]}}