{"id":283869,"date":"2022-04-14T17:44:41","date_gmt":"2022-04-14T20:44:41","guid":{"rendered":"https:\/\/www.notibras.com\/site\/?p=283869"},"modified":"2022-04-14T19:15:46","modified_gmt":"2022-04-14T22:15:46","slug":"israel-bombardeia-siria-com-misseis-na-calada-da-noite","status":"publish","type":"post","link":"https:\/\/www.notibras.com\/site\/israel-bombardeia-siria-com-misseis-na-calada-da-noite\/","title":{"rendered":"Israel bombardeia S\u00edria com m\u00edsseis na calada da noite"},"content":{"rendered":"<p>Israel realizou ataques a\u00e9reos nos sub\u00farbios de Damasco na noite desta quinta, 14, informou a ag\u00eancia de not\u00edcias estatal s\u00edria Sana. As explos\u00f5es foram ouvidas no c\u00e9u na zona oeste da cidade.<\/p>\n<p>Os jatos israelenses realizaram &#8220;uma agress\u00e3o a\u00e9rea&#8221; do norte das Colinas de Gol\u00e3 ocupadas e que os alvos do ataque a\u00e9reo estavam situados nos sub\u00farbios ocidentais de Damasco.<\/p>\n<p>Um v\u00eddeo supostamente mostrando a execu\u00e7\u00e3o de um ataque a\u00e9reo por combatentes israelenses apareceu nas m\u00eddias sociais. De acordo com a descri\u00e7\u00e3o do v\u00eddeo, pouco antes das explos\u00f5es serem ouvidas sobre a S\u00edria, os jatos foram vistos no c\u00e9u do norte de Israel.<\/p>\n<p>De acordo com um relat\u00f3rio da Al-Arabiya, o ataque israelense teve como alvo instala\u00e7\u00f5es de defesa a\u00e9rea iranianas que haviam chegado recentemente \u00e0 regi\u00e3o.<\/p>\n<p>Relatos n\u00e3o confirmados disseram que pelo menos um impacto havia sido relatado a oeste de Damasco, com lugares como Ras Al-Ain e Al-Dimas sendo alvos populares. Al\u00e9m disso, um drone teria sido visto na \u00e1rea onde o ataque foi realizado, pois pode ter realizado reconhecimento ou corrigido o ataque.<\/p>\n<p>No in\u00edcio de mar\u00e7o, quatro ca\u00e7as F-16 israelenses lan\u00e7aram um ataque \u00e0 S\u00edria com oito m\u00edsseis de cruzeiro, sete dos quais foram destru\u00eddos, segundo os militares russos que prestam assist\u00eancia militar aos s\u00edrios.<\/p>\n<p>A m\u00eddia s\u00edria informou na \u00e9poca que avi\u00f5es israelenses atacaram v\u00e1rios lugares perto de Damasco por volta das 5h, hor\u00e1rio local, enquanto estavam no espa\u00e7o a\u00e9reo liban\u00eas. No total, dois civis foram mortos.<\/p>\n","protected":false},"excerpt":{"rendered":"<p>Israel realizou ataques a\u00e9reos nos sub\u00farbios de Damasco na noite desta quinta, 14, informou a ag\u00eancia de not\u00edcias estatal s\u00edria Sana. As explos\u00f5es foram ouvidas no c\u00e9u na zona oeste da cidade. Os jatos israelenses realizaram &#8220;uma agress\u00e3o a\u00e9rea&#8221; do norte das Colinas de Gol\u00e3 ocupadas e que os alvos do ataque a\u00e9reo estavam situados [&hellip;]<\/p>\n","protected":false},"author":2,"featured_media":283872,"comment_status":"closed","ping_status":"closed","sticky":false,"template":"","format":"standard","meta":{"_acf_changed":false,"footnotes":""},"categories":[159],"tags":[95],"class_list":["post-283869","post","type-post","status-publish","format-standard","has-post-thumbnail","hentry","category-apocalipse","tag-capa"],"acf":[],"yoast_head":"<!-- This site is optimized with the Yoast SEO plugin v27.2 - https:\/\/yoast.com\/product\/yoast-seo-wordpress\/ -->\n<title>Israel bombardeia S\u00edria com m\u00edsseis na calada da noite - Notibras<\/title>\n<meta name=\"robots\" content=\"index, follow, max-snippet:-1, max-image-preview:large, max-video-preview:-1\" \/>\n<link rel=\"canonical\" href=\"https:\/\/www.notibras.com\/site\/israel-bombardeia-siria-com-misseis-na-calada-da-noite\/\" \/>\n<meta property=\"og:locale\" content=\"pt_BR\" \/>\n<meta property=\"og:type\" content=\"article\" \/>\n<meta property=\"og:title\" content=\"Israel bombardeia S\u00edria com m\u00edsseis na calada da noite - Notibras\" \/>\n<meta property=\"og:description\" content=\"Israel realizou ataques a\u00e9reos nos sub\u00farbios de Damasco na noite desta quinta, 14, informou a ag\u00eancia de not\u00edcias estatal s\u00edria Sana. As explos\u00f5es foram ouvidas no c\u00e9u na zona oeste da cidade. Os jatos israelenses realizaram &#8220;uma agress\u00e3o a\u00e9rea&#8221; do norte das Colinas de Gol\u00e3 ocupadas e que os alvos do ataque a\u00e9reo estavam situados [&hellip;]\" \/>\n<meta property=\"og:url\" content=\"https:\/\/www.notibras.com\/site\/israel-bombardeia-siria-com-misseis-na-calada-da-noite\/\" \/>\n<meta property=\"og:site_name\" content=\"Notibras\" \/>\n<meta property=\"article:publisher\" content=\"https:\/\/www.facebook.com\/notibras\/\" \/>\n<meta property=\"article:published_time\" content=\"2022-04-14T20:44:41+00:00\" \/>\n<meta property=\"article:modified_time\" content=\"2022-04-14T22:15:46+00:00\" \/>\n<meta property=\"og:image\" content=\"https:\/\/www.notibras.com\/site\/wp-content\/uploads\/2022\/04\/ataquejudeu.webp\" \/>\n\t<meta property=\"og:image:width\" content=\"1920\" \/>\n\t<meta property=\"og:image:height\" content=\"1080\" \/>\n\t<meta property=\"og:image:type\" content=\"image\/webp\" \/>\n<meta name=\"author\" content=\"Reda\u00e7\u00e3o\" \/>\n<meta name=\"twitter:card\" content=\"summary_large_image\" \/>\n<meta name=\"twitter:creator\" content=\"@Notibras\" \/>\n<meta name=\"twitter:site\" content=\"@Notibras\" \/>\n<meta name=\"twitter:label1\" content=\"Escrito por\" \/>\n\t<meta name=\"twitter:data1\" content=\"Reda\u00e7\u00e3o\" \/>\n\t<meta name=\"twitter:label2\" content=\"Est. tempo de leitura\" \/>\n\t<meta name=\"twitter:data2\" content=\"2 minutos\" \/>\n<script type=\"application\/ld+json\" class=\"yoast-schema-graph\">{\"@context\":\"https:\/\/schema.org\",\"@graph\":[{\"@type\":\"Article\",\"@id\":\"https:\/\/www.notibras.com\/site\/israel-bombardeia-siria-com-misseis-na-calada-da-noite\/#article\",\"isPartOf\":{\"@id\":\"https:\/\/www.notibras.com\/site\/israel-bombardeia-siria-com-misseis-na-calada-da-noite\/\"},\"author\":{\"name\":\"Reda\u00e7\u00e3o\",\"@id\":\"https:\/\/www.notibras.com\/site\/#\/schema\/person\/36ab0979449956132d3e5b517ea76ac8\"},\"headline\":\"Israel bombardeia S\u00edria com m\u00edsseis na calada da noite\",\"datePublished\":\"2022-04-14T20:44:41+00:00\",\"dateModified\":\"2022-04-14T22:15:46+00:00\",\"mainEntityOfPage\":{\"@id\":\"https:\/\/www.notibras.com\/site\/israel-bombardeia-siria-com-misseis-na-calada-da-noite\/\"},\"wordCount\":293,\"publisher\":{\"@id\":\"https:\/\/www.notibras.com\/site\/#organization\"},\"image\":{\"@id\":\"https:\/\/www.notibras.com\/site\/israel-bombardeia-siria-com-misseis-na-calada-da-noite\/#primaryimage\"},\"thumbnailUrl\":\"https:\/\/www.notibras.com\/site\/wp-content\/uploads\/2022\/04\/ataquejudeu.webp\",\"keywords\":[\"capa\"],\"articleSection\":[\"Apocalipse\"],\"inLanguage\":\"pt-BR\"},{\"@type\":\"WebPage\",\"@id\":\"https:\/\/www.notibras.com\/site\/israel-bombardeia-siria-com-misseis-na-calada-da-noite\/\",\"url\":\"https:\/\/www.notibras.com\/site\/israel-bombardeia-siria-com-misseis-na-calada-da-noite\/\",\"name\":\"Israel bombardeia S\u00edria com m\u00edsseis na calada da noite - Notibras\",\"isPartOf\":{\"@id\":\"https:\/\/www.notibras.com\/site\/#website\"},\"primaryImageOfPage\":{\"@id\":\"https:\/\/www.notibras.com\/site\/israel-bombardeia-siria-com-misseis-na-calada-da-noite\/#primaryimage\"},\"image\":{\"@id\":\"https:\/\/www.notibras.com\/site\/israel-bombardeia-siria-com-misseis-na-calada-da-noite\/#primaryimage\"},\"thumbnailUrl\":\"https:\/\/www.notibras.com\/site\/wp-content\/uploads\/2022\/04\/ataquejudeu.webp\",\"datePublished\":\"2022-04-14T20:44:41+00:00\",\"dateModified\":\"2022-04-14T22:15:46+00:00\",\"breadcrumb\":{\"@id\":\"https:\/\/www.notibras.com\/site\/israel-bombardeia-siria-com-misseis-na-calada-da-noite\/#breadcrumb\"},\"inLanguage\":\"pt-BR\",\"potentialAction\":[{\"@type\":\"ReadAction\",\"target\":[\"https:\/\/www.notibras.com\/site\/israel-bombardeia-siria-com-misseis-na-calada-da-noite\/\"]}]},{\"@type\":\"ImageObject\",\"inLanguage\":\"pt-BR\",\"@id\":\"https:\/\/www.notibras.com\/site\/israel-bombardeia-siria-com-misseis-na-calada-da-noite\/#primaryimage\",\"url\":\"https:\/\/www.notibras.com\/site\/wp-content\/uploads\/2022\/04\/ataquejudeu.webp\",\"contentUrl\":\"https:\/\/www.notibras.com\/site\/wp-content\/uploads\/2022\/04\/ataquejudeu.webp\",\"width\":1920,\"height\":1080},{\"@type\":\"BreadcrumbList\",\"@id\":\"https:\/\/www.notibras.com\/site\/israel-bombardeia-siria-com-misseis-na-calada-da-noite\/#breadcrumb\",\"itemListElement\":[{\"@type\":\"ListItem\",\"position\":1,\"name\":\"In\u00edcio\",\"item\":\"https:\/\/www.notibras.com\/site\/\"},{\"@type\":\"ListItem\",\"position\":2,\"name\":\"Israel bombardeia S\u00edria com m\u00edsseis na calada da noite\"}]},{\"@type\":\"WebSite\",\"@id\":\"https:\/\/www.notibras.com\/site\/#website\",\"url\":\"https:\/\/www.notibras.com\/site\/\",\"name\":\"Notibras\",\"description\":\"Not\u00edcias de Bras\u00edlia, do Brasil e do Mundo\",\"publisher\":{\"@id\":\"https:\/\/www.notibras.com\/site\/#organization\"},\"potentialAction\":[{\"@type\":\"SearchAction\",\"target\":{\"@type\":\"EntryPoint\",\"urlTemplate\":\"https:\/\/www.notibras.com\/site\/?s={search_term_string}\"},\"query-input\":{\"@type\":\"PropertyValueSpecification\",\"valueRequired\":true,\"valueName\":\"search_term_string\"}}],\"inLanguage\":\"pt-BR\"},{\"@type\":\"Organization\",\"@id\":\"https:\/\/www.notibras.com\/site\/#organization\",\"name\":\"Grupo Notibras de Comunica\u00e7\u00e3o\",\"url\":\"https:\/\/www.notibras.com\/site\/\",\"logo\":{\"@type\":\"ImageObject\",\"inLanguage\":\"pt-BR\",\"@id\":\"https:\/\/www.notibras.com\/site\/#\/schema\/logo\/image\/\",\"url\":\"https:\/\/www.notibras.com\/site\/wp-content\/uploads\/2023\/01\/notibras23.png\",\"contentUrl\":\"https:\/\/www.notibras.com\/site\/wp-content\/uploads\/2023\/01\/notibras23.png\",\"width\":350,\"height\":87,\"caption\":\"Grupo Notibras de Comunica\u00e7\u00e3o\"},\"image\":{\"@id\":\"https:\/\/www.notibras.com\/site\/#\/schema\/logo\/image\/\"},\"sameAs\":[\"https:\/\/www.facebook.com\/notibras\/\",\"https:\/\/x.com\/Notibras\",\"https:\/\/www.instagram.com\/notibras\/\"]},{\"@type\":\"Person\",\"@id\":\"https:\/\/www.notibras.com\/site\/#\/schema\/person\/36ab0979449956132d3e5b517ea76ac8\",\"name\":\"Reda\u00e7\u00e3o\",\"image\":{\"@type\":\"ImageObject\",\"inLanguage\":\"pt-BR\",\"@id\":\"https:\/\/secure.gravatar.com\/avatar\/e0a867bdedb85fd243eadf09663511f96fc81e0720a4a42581f334ad4303aa6b?s=96&d=mm&r=g\",\"url\":\"https:\/\/secure.gravatar.com\/avatar\/e0a867bdedb85fd243eadf09663511f96fc81e0720a4a42581f334ad4303aa6b?s=96&d=mm&r=g\",\"contentUrl\":\"https:\/\/secure.gravatar.com\/avatar\/e0a867bdedb85fd243eadf09663511f96fc81e0720a4a42581f334ad4303aa6b?s=96&d=mm&r=g\",\"caption\":\"Reda\u00e7\u00e3o\"}}]}<\/script>\n<!-- \/ Yoast SEO plugin. -->","yoast_head_json":{"title":"Israel bombardeia S\u00edria com m\u00edsseis na calada da noite - Notibras","robots":{"index":"index","follow":"follow","max-snippet":"max-snippet:-1","max-image-preview":"max-image-preview:large","max-video-preview":"max-video-preview:-1"},"canonical":"https:\/\/www.notibras.com\/site\/israel-bombardeia-siria-com-misseis-na-calada-da-noite\/","og_locale":"pt_BR","og_type":"article","og_title":"Israel bombardeia S\u00edria com m\u00edsseis na calada da noite - Notibras","og_description":"Israel realizou ataques a\u00e9reos nos sub\u00farbios de Damasco na noite desta quinta, 14, informou a ag\u00eancia de not\u00edcias estatal s\u00edria Sana. As explos\u00f5es foram ouvidas no c\u00e9u na zona oeste da cidade. Os jatos israelenses realizaram &#8220;uma agress\u00e3o a\u00e9rea&#8221; do norte das Colinas de Gol\u00e3 ocupadas e que os alvos do ataque a\u00e9reo estavam situados [&hellip;]","og_url":"https:\/\/www.notibras.com\/site\/israel-bombardeia-siria-com-misseis-na-calada-da-noite\/","og_site_name":"Notibras","article_publisher":"https:\/\/www.facebook.com\/notibras\/","article_published_time":"2022-04-14T20:44:41+00:00","article_modified_time":"2022-04-14T22:15:46+00:00","og_image":[{"width":1920,"height":1080,"url":"https:\/\/www.notibras.com\/site\/wp-content\/uploads\/2022\/04\/ataquejudeu.webp","type":"image\/webp"}],"author":"Reda\u00e7\u00e3o","twitter_card":"summary_large_image","twitter_creator":"@Notibras","twitter_site":"@Notibras","twitter_misc":{"Escrito por":"Reda\u00e7\u00e3o","Est. tempo de leitura":"2 minutos"},"schema":{"@context":"https:\/\/schema.org","@graph":[{"@type":"Article","@id":"https:\/\/www.notibras.com\/site\/israel-bombardeia-siria-com-misseis-na-calada-da-noite\/#article","isPartOf":{"@id":"https:\/\/www.notibras.com\/site\/israel-bombardeia-siria-com-misseis-na-calada-da-noite\/"},"author":{"name":"Reda\u00e7\u00e3o","@id":"https:\/\/www.notibras.com\/site\/#\/schema\/person\/36ab0979449956132d3e5b517ea76ac8"},"headline":"Israel bombardeia S\u00edria com m\u00edsseis na calada da noite","datePublished":"2022-04-14T20:44:41+00:00","dateModified":"2022-04-14T22:15:46+00:00","mainEntityOfPage":{"@id":"https:\/\/www.notibras.com\/site\/israel-bombardeia-siria-com-misseis-na-calada-da-noite\/"},"wordCount":293,"publisher":{"@id":"https:\/\/www.notibras.com\/site\/#organization"},"image":{"@id":"https:\/\/www.notibras.com\/site\/israel-bombardeia-siria-com-misseis-na-calada-da-noite\/#primaryimage"},"thumbnailUrl":"https:\/\/www.notibras.com\/site\/wp-content\/uploads\/2022\/04\/ataquejudeu.webp","keywords":["capa"],"articleSection":["Apocalipse"],"inLanguage":"pt-BR"},{"@type":"WebPage","@id":"https:\/\/www.notibras.com\/site\/israel-bombardeia-siria-com-misseis-na-calada-da-noite\/","url":"https:\/\/www.notibras.com\/site\/israel-bombardeia-siria-com-misseis-na-calada-da-noite\/","name":"Israel bombardeia S\u00edria com m\u00edsseis na calada da noite - Notibras","isPartOf":{"@id":"https:\/\/www.notibras.com\/site\/#website"},"primaryImageOfPage":{"@id":"https:\/\/www.notibras.com\/site\/israel-bombardeia-siria-com-misseis-na-calada-da-noite\/#primaryimage"},"image":{"@id":"https:\/\/www.notibras.com\/site\/israel-bombardeia-siria-com-misseis-na-calada-da-noite\/#primaryimage"},"thumbnailUrl":"https:\/\/www.notibras.com\/site\/wp-content\/uploads\/2022\/04\/ataquejudeu.webp","datePublished":"2022-04-14T20:44:41+00:00","dateModified":"2022-04-14T22:15:46+00:00","breadcrumb":{"@id":"https:\/\/www.notibras.com\/site\/israel-bombardeia-siria-com-misseis-na-calada-da-noite\/#breadcrumb"},"inLanguage":"pt-BR","potentialAction":[{"@type":"ReadAction","target":["https:\/\/www.notibras.com\/site\/israel-bombardeia-siria-com-misseis-na-calada-da-noite\/"]}]},{"@type":"ImageObject","inLanguage":"pt-BR","@id":"https:\/\/www.notibras.com\/site\/israel-bombardeia-siria-com-misseis-na-calada-da-noite\/#primaryimage","url":"https:\/\/www.notibras.com\/site\/wp-content\/uploads\/2022\/04\/ataquejudeu.webp","contentUrl":"https:\/\/www.notibras.com\/site\/wp-content\/uploads\/2022\/04\/ataquejudeu.webp","width":1920,"height":1080},{"@type":"BreadcrumbList","@id":"https:\/\/www.notibras.com\/site\/israel-bombardeia-siria-com-misseis-na-calada-da-noite\/#breadcrumb","itemListElement":[{"@type":"ListItem","position":1,"name":"In\u00edcio","item":"https:\/\/www.notibras.com\/site\/"},{"@type":"ListItem","position":2,"name":"Israel bombardeia S\u00edria com m\u00edsseis na calada da noite"}]},{"@type":"WebSite","@id":"https:\/\/www.notibras.com\/site\/#website","url":"https:\/\/www.notibras.com\/site\/","name":"Notibras","description":"Not\u00edcias de Bras\u00edlia, do Brasil e do Mundo","publisher":{"@id":"https:\/\/www.notibras.com\/site\/#organization"},"potentialAction":[{"@type":"SearchAction","target":{"@type":"EntryPoint","urlTemplate":"https:\/\/www.notibras.com\/site\/?s={search_term_string}"},"query-input":{"@type":"PropertyValueSpecification","valueRequired":true,"valueName":"search_term_string"}}],"inLanguage":"pt-BR"},{"@type":"Organization","@id":"https:\/\/www.notibras.com\/site\/#organization","name":"Grupo Notibras de Comunica\u00e7\u00e3o","url":"https:\/\/www.notibras.com\/site\/","logo":{"@type":"ImageObject","inLanguage":"pt-BR","@id":"https:\/\/www.notibras.com\/site\/#\/schema\/logo\/image\/","url":"https:\/\/www.notibras.com\/site\/wp-content\/uploads\/2023\/01\/notibras23.png","contentUrl":"https:\/\/www.notibras.com\/site\/wp-content\/uploads\/2023\/01\/notibras23.png","width":350,"height":87,"caption":"Grupo Notibras de Comunica\u00e7\u00e3o"},"image":{"@id":"https:\/\/www.notibras.com\/site\/#\/schema\/logo\/image\/"},"sameAs":["https:\/\/www.facebook.com\/notibras\/","https:\/\/x.com\/Notibras","https:\/\/www.instagram.com\/notibras\/"]},{"@type":"Person","@id":"https:\/\/www.notibras.com\/site\/#\/schema\/person\/36ab0979449956132d3e5b517ea76ac8","name":"Reda\u00e7\u00e3o","image":{"@type":"ImageObject","inLanguage":"pt-BR","@id":"https:\/\/secure.gravatar.com\/avatar\/e0a867bdedb85fd243eadf09663511f96fc81e0720a4a42581f334ad4303aa6b?s=96&d=mm&r=g","url":"https:\/\/secure.gravatar.com\/avatar\/e0a867bdedb85fd243eadf09663511f96fc81e0720a4a42581f334ad4303aa6b?s=96&d=mm&r=g","contentUrl":"https:\/\/secure.gravatar.com\/avatar\/e0a867bdedb85fd243eadf09663511f96fc81e0720a4a42581f334ad4303aa6b?s=96&d=mm&r=g","caption":"Reda\u00e7\u00e3o"}}]}},"amp_enabled":true,"_links":{"self":[{"href":"https:\/\/www.notibras.com\/site\/wp-json\/wp\/v2\/posts\/283869","targetHints":{"allow":["GET"]}}],"collection":[{"href":"https:\/\/www.notibras.com\/site\/wp-json\/wp\/v2\/posts"}],"about":[{"href":"https:\/\/www.notibras.com\/site\/wp-json\/wp\/v2\/types\/post"}],"author":[{"embeddable":true,"href":"https:\/\/www.notibras.com\/site\/wp-json\/wp\/v2\/users\/2"}],"replies":[{"embeddable":true,"href":"https:\/\/www.notibras.com\/site\/wp-json\/wp\/v2\/comments?post=283869"}],"version-history":[{"count":1,"href":"https:\/\/www.notibras.com\/site\/wp-json\/wp\/v2\/posts\/283869\/revisions"}],"predecessor-version":[{"id":283871,"href":"https:\/\/www.notibras.com\/site\/wp-json\/wp\/v2\/posts\/283869\/revisions\/283871"}],"wp:featuredmedia":[{"embeddable":true,"href":"https:\/\/www.notibras.com\/site\/wp-json\/wp\/v2\/media\/283872"}],"wp:attachment":[{"href":"https:\/\/www.notibras.com\/site\/wp-json\/wp\/v2\/media?parent=283869"}],"wp:term":[{"taxonomy":"category","embeddable":true,"href":"https:\/\/www.notibras.com\/site\/wp-json\/wp\/v2\/categories?post=283869"},{"taxonomy":"post_tag","embeddable":true,"href":"https:\/\/www.notibras.com\/site\/wp-json\/wp\/v2\/tags?post=283869"}],"curies":[{"name":"wp","href":"https:\/\/api.w.org\/{rel}","templated":true}]}}