{"id":28388,"date":"2014-11-15T17:43:54","date_gmt":"2014-11-15T20:43:54","guid":{"rendered":"http:\/\/www.notibras.com\/site\/?p=28388"},"modified":"2014-11-16T03:44:44","modified_gmt":"2014-11-16T06:44:44","slug":"vasco-perde-para-o-ceara-e-corre-risco-de-ser-vice-tambem-na-segundona","status":"publish","type":"post","link":"https:\/\/www.notibras.com\/site\/vasco-perde-para-o-ceara-e-corre-risco-de-ser-vice-tambem-na-segundona\/","title":{"rendered":"Vasco perde para o Cear\u00e1. Vai ser vice tamb\u00e9m na Segundona?"},"content":{"rendered":"<p>A campanha irregular do Vasco na s\u00e9rie B do Campeonato Brasileiro da s\u00e9rie B ganhou mais um cap\u00edtulo dram\u00e1tico neste s\u00e1bado. O Cruzmaltino foi derrotado pelo Cear\u00e1 por 2 a 0 na Arena Castel\u00e3o, adiou a oportunidade de praticamente confirmar sua subida \u00e0 primeira divis\u00e3o e ainda perdeu as poucas chances que ainda restavam de ser campe\u00e3o da competi\u00e7\u00e3o.<\/p>\n<p>Na melhor das hip\u00f3teses, pode ser vice &#8211; t\u00edtulo que acumula ao longo da sua hist\u00f3ria. Diego Ivo e Ricardinho marcaram os gols que deixaram os cariocas estacionados nos 59 pontos e levaram os cearenses aos 54.<\/p>\n<p>Com o bom resultado, o Cear\u00e1 entrou no G-4, beneficiado pelo empate entre Santa Cruz e Bragantino. Apesar do trope\u00e7o, o Vasco viu a vantagem de seis pontos mantida e pode garantir o acesso j\u00e1 na pr\u00f3xima rodada \u2013 caso ven\u00e7a e o quinto colocado tropece.<\/p>\n<p>Apesar da escala\u00e7\u00e3o com tr\u00eas zagueiros e a tend\u00eancia por um time defensivo, o Vasco iniciou o jogo ditando o ritmo e controlou as primeiras a\u00e7\u00f5es. No entanto, o Cruzmaltino amargava o mesmo problema dos \u00faltimos jogos: a falta de criatividade no campo de ataque. Sem efici\u00eancia, a equipe tinha a bola, mas n\u00e3o assustava.<\/p>\n<blockquote><p>Aos poucos, o Cear\u00e1 via a oportunidade de come\u00e7ar a igualar as a\u00e7\u00f5es. E assim fez. Com velocidade, o time da casa chegava com perigo. At\u00e9 que chegou ao gol aos 30 minutos. O zagueiro Diego Ivo aproveitou uma bola rebatida dentro da \u00e1rea e, sozinho, acertou um bonito chance para o fundo da rede, sem chance de defesa para o goleiro Martin Silva.<\/p><\/blockquote>\n<p>O gol desestabilizou os vasca\u00ednos, que ainda sofreram outro seis minutos depois. Ricardinho cobrou falta, a bola desviou em Aranda e foi para o fundo do gol. Com 2 a 0 no placar, o Cear\u00e1 apenas administrou o final do primeiro tempo.<\/p>\n<p>Na volta do intervalo, Joel Santana alterou sua propostam inicial e lan\u00e7ou m\u00e3o de um atacante na vaga de um zagueiro. Tudo em v\u00e3o. O Cear\u00e1 j\u00e1 controlava a partida e n\u00e3o dava espa\u00e7os para o Vasco. Mais do que isso, ainda pressionava o Cruzmaltino, monstrando-se muito mais perto de marcar o terceiro do que de levar o primeiro.<\/p>\n<p>Magno Alves e Bill, sempre auxiliados por Ricardinho, chegavam com perigo. A efici\u00eancia, no entanto, n\u00e3o era a mesma da primeira etapa. Mesmo com a falta de pontaria, o Cear\u00e1 dominava tranquilamente e n\u00e3o era incomodado pelo Vasco. O cen\u00e1rio foi mantido at\u00e9 o apito final, quando os donos da casa confirmaram a boa e justa vit\u00f3ria por 2 a 0.<\/p>\n","protected":false},"excerpt":{"rendered":"<p>A campanha irregular do Vasco na s\u00e9rie B do Campeonato Brasileiro da s\u00e9rie B ganhou mais um cap\u00edtulo dram\u00e1tico neste s\u00e1bado. O Cruzmaltino foi derrotado pelo Cear\u00e1 por 2 a 0 na Arena Castel\u00e3o, adiou a oportunidade de praticamente confirmar sua subida \u00e0 primeira divis\u00e3o e ainda perdeu as poucas chances que ainda restavam de [&hellip;]<\/p>\n","protected":false},"author":2,"featured_media":28389,"comment_status":"open","ping_status":"closed","sticky":false,"template":"","format":"standard","meta":{"_acf_changed":false,"footnotes":""},"categories":[19,29],"tags":[],"class_list":["post-28388","post","type-post","status-publish","format-standard","has-post-thumbnail","hentry","category-esportes","category-futebol"],"acf":[],"yoast_head":"<!-- This site is optimized with the Yoast SEO plugin v27.2 - https:\/\/yoast.com\/product\/yoast-seo-wordpress\/ -->\n<title>Vasco perde para o Cear\u00e1. Vai ser vice tamb\u00e9m na Segundona? - Notibras<\/title>\n<meta name=\"robots\" content=\"index, follow, max-snippet:-1, max-image-preview:large, max-video-preview:-1\" \/>\n<link rel=\"canonical\" href=\"https:\/\/www.notibras.com\/site\/vasco-perde-para-o-ceara-e-corre-risco-de-ser-vice-tambem-na-segundona\/\" \/>\n<meta property=\"og:locale\" content=\"pt_BR\" \/>\n<meta property=\"og:type\" content=\"article\" \/>\n<meta property=\"og:title\" content=\"Vasco perde para o Cear\u00e1. Vai ser vice tamb\u00e9m na Segundona? - Notibras\" \/>\n<meta property=\"og:description\" content=\"A campanha irregular do Vasco na s\u00e9rie B do Campeonato Brasileiro da s\u00e9rie B ganhou mais um cap\u00edtulo dram\u00e1tico neste s\u00e1bado. O Cruzmaltino foi derrotado pelo Cear\u00e1 por 2 a 0 na Arena Castel\u00e3o, adiou a oportunidade de praticamente confirmar sua subida \u00e0 primeira divis\u00e3o e ainda perdeu as poucas chances que ainda restavam de [&hellip;]\" \/>\n<meta property=\"og:url\" content=\"https:\/\/www.notibras.com\/site\/vasco-perde-para-o-ceara-e-corre-risco-de-ser-vice-tambem-na-segundona\/\" \/>\n<meta property=\"og:site_name\" content=\"Notibras\" \/>\n<meta property=\"article:publisher\" content=\"https:\/\/www.facebook.com\/notibras\/\" \/>\n<meta property=\"article:published_time\" content=\"2014-11-15T20:43:54+00:00\" \/>\n<meta property=\"article:modified_time\" content=\"2014-11-16T06:44:44+00:00\" \/>\n<meta property=\"og:image\" content=\"https:\/\/www.notibras.com\/site\/wp-content\/uploads\/2014\/11\/e.jpg\" \/>\n\t<meta property=\"og:image:width\" content=\"779\" \/>\n\t<meta property=\"og:image:height\" content=\"540\" \/>\n\t<meta property=\"og:image:type\" content=\"image\/jpeg\" \/>\n<meta name=\"author\" content=\"Reda\u00e7\u00e3o\" \/>\n<meta name=\"twitter:card\" content=\"summary_large_image\" \/>\n<meta name=\"twitter:creator\" content=\"@Notibras\" \/>\n<meta name=\"twitter:site\" content=\"@Notibras\" \/>\n<meta name=\"twitter:label1\" content=\"Escrito por\" \/>\n\t<meta name=\"twitter:data1\" content=\"Reda\u00e7\u00e3o\" \/>\n\t<meta name=\"twitter:label2\" content=\"Est. tempo de leitura\" \/>\n\t<meta name=\"twitter:data2\" content=\"2 minutos\" \/>\n<script type=\"application\/ld+json\" class=\"yoast-schema-graph\">{\"@context\":\"https:\/\/schema.org\",\"@graph\":[{\"@type\":\"Article\",\"@id\":\"https:\/\/www.notibras.com\/site\/vasco-perde-para-o-ceara-e-corre-risco-de-ser-vice-tambem-na-segundona\/#article\",\"isPartOf\":{\"@id\":\"https:\/\/www.notibras.com\/site\/vasco-perde-para-o-ceara-e-corre-risco-de-ser-vice-tambem-na-segundona\/\"},\"author\":{\"name\":\"Reda\u00e7\u00e3o\",\"@id\":\"https:\/\/www.notibras.com\/site\/#\/schema\/person\/36ab0979449956132d3e5b517ea76ac8\"},\"headline\":\"Vasco perde para o Cear\u00e1. Vai ser vice tamb\u00e9m na Segundona?\",\"datePublished\":\"2014-11-15T20:43:54+00:00\",\"dateModified\":\"2014-11-16T06:44:44+00:00\",\"mainEntityOfPage\":{\"@id\":\"https:\/\/www.notibras.com\/site\/vasco-perde-para-o-ceara-e-corre-risco-de-ser-vice-tambem-na-segundona\/\"},\"wordCount\":458,\"commentCount\":0,\"publisher\":{\"@id\":\"https:\/\/www.notibras.com\/site\/#organization\"},\"image\":{\"@id\":\"https:\/\/www.notibras.com\/site\/vasco-perde-para-o-ceara-e-corre-risco-de-ser-vice-tambem-na-segundona\/#primaryimage\"},\"thumbnailUrl\":\"https:\/\/www.notibras.com\/site\/wp-content\/uploads\/2014\/11\/e.jpg\",\"articleSection\":[\"Esportes\",\"Futebol\"],\"inLanguage\":\"pt-BR\",\"potentialAction\":[{\"@type\":\"CommentAction\",\"name\":\"Comment\",\"target\":[\"https:\/\/www.notibras.com\/site\/vasco-perde-para-o-ceara-e-corre-risco-de-ser-vice-tambem-na-segundona\/#respond\"]}]},{\"@type\":\"WebPage\",\"@id\":\"https:\/\/www.notibras.com\/site\/vasco-perde-para-o-ceara-e-corre-risco-de-ser-vice-tambem-na-segundona\/\",\"url\":\"https:\/\/www.notibras.com\/site\/vasco-perde-para-o-ceara-e-corre-risco-de-ser-vice-tambem-na-segundona\/\",\"name\":\"Vasco perde para o Cear\u00e1. Vai ser vice tamb\u00e9m na Segundona? - Notibras\",\"isPartOf\":{\"@id\":\"https:\/\/www.notibras.com\/site\/#website\"},\"primaryImageOfPage\":{\"@id\":\"https:\/\/www.notibras.com\/site\/vasco-perde-para-o-ceara-e-corre-risco-de-ser-vice-tambem-na-segundona\/#primaryimage\"},\"image\":{\"@id\":\"https:\/\/www.notibras.com\/site\/vasco-perde-para-o-ceara-e-corre-risco-de-ser-vice-tambem-na-segundona\/#primaryimage\"},\"thumbnailUrl\":\"https:\/\/www.notibras.com\/site\/wp-content\/uploads\/2014\/11\/e.jpg\",\"datePublished\":\"2014-11-15T20:43:54+00:00\",\"dateModified\":\"2014-11-16T06:44:44+00:00\",\"breadcrumb\":{\"@id\":\"https:\/\/www.notibras.com\/site\/vasco-perde-para-o-ceara-e-corre-risco-de-ser-vice-tambem-na-segundona\/#breadcrumb\"},\"inLanguage\":\"pt-BR\",\"potentialAction\":[{\"@type\":\"ReadAction\",\"target\":[\"https:\/\/www.notibras.com\/site\/vasco-perde-para-o-ceara-e-corre-risco-de-ser-vice-tambem-na-segundona\/\"]}]},{\"@type\":\"ImageObject\",\"inLanguage\":\"pt-BR\",\"@id\":\"https:\/\/www.notibras.com\/site\/vasco-perde-para-o-ceara-e-corre-risco-de-ser-vice-tambem-na-segundona\/#primaryimage\",\"url\":\"https:\/\/www.notibras.com\/site\/wp-content\/uploads\/2014\/11\/e.jpg\",\"contentUrl\":\"https:\/\/www.notibras.com\/site\/wp-content\/uploads\/2014\/11\/e.jpg\",\"width\":779,\"height\":540},{\"@type\":\"BreadcrumbList\",\"@id\":\"https:\/\/www.notibras.com\/site\/vasco-perde-para-o-ceara-e-corre-risco-de-ser-vice-tambem-na-segundona\/#breadcrumb\",\"itemListElement\":[{\"@type\":\"ListItem\",\"position\":1,\"name\":\"In\u00edcio\",\"item\":\"https:\/\/www.notibras.com\/site\/\"},{\"@type\":\"ListItem\",\"position\":2,\"name\":\"Vasco perde para o Cear\u00e1. Vai ser vice tamb\u00e9m na Segundona?\"}]},{\"@type\":\"WebSite\",\"@id\":\"https:\/\/www.notibras.com\/site\/#website\",\"url\":\"https:\/\/www.notibras.com\/site\/\",\"name\":\"Notibras\",\"description\":\"Not\u00edcias de Bras\u00edlia, do Brasil e do Mundo\",\"publisher\":{\"@id\":\"https:\/\/www.notibras.com\/site\/#organization\"},\"potentialAction\":[{\"@type\":\"SearchAction\",\"target\":{\"@type\":\"EntryPoint\",\"urlTemplate\":\"https:\/\/www.notibras.com\/site\/?s={search_term_string}\"},\"query-input\":{\"@type\":\"PropertyValueSpecification\",\"valueRequired\":true,\"valueName\":\"search_term_string\"}}],\"inLanguage\":\"pt-BR\"},{\"@type\":\"Organization\",\"@id\":\"https:\/\/www.notibras.com\/site\/#organization\",\"name\":\"Grupo Notibras de Comunica\u00e7\u00e3o\",\"url\":\"https:\/\/www.notibras.com\/site\/\",\"logo\":{\"@type\":\"ImageObject\",\"inLanguage\":\"pt-BR\",\"@id\":\"https:\/\/www.notibras.com\/site\/#\/schema\/logo\/image\/\",\"url\":\"https:\/\/www.notibras.com\/site\/wp-content\/uploads\/2023\/01\/notibras23.png\",\"contentUrl\":\"https:\/\/www.notibras.com\/site\/wp-content\/uploads\/2023\/01\/notibras23.png\",\"width\":350,\"height\":87,\"caption\":\"Grupo Notibras de Comunica\u00e7\u00e3o\"},\"image\":{\"@id\":\"https:\/\/www.notibras.com\/site\/#\/schema\/logo\/image\/\"},\"sameAs\":[\"https:\/\/www.facebook.com\/notibras\/\",\"https:\/\/x.com\/Notibras\",\"https:\/\/www.instagram.com\/notibras\/\"]},{\"@type\":\"Person\",\"@id\":\"https:\/\/www.notibras.com\/site\/#\/schema\/person\/36ab0979449956132d3e5b517ea76ac8\",\"name\":\"Reda\u00e7\u00e3o\",\"image\":{\"@type\":\"ImageObject\",\"inLanguage\":\"pt-BR\",\"@id\":\"https:\/\/secure.gravatar.com\/avatar\/e0a867bdedb85fd243eadf09663511f96fc81e0720a4a42581f334ad4303aa6b?s=96&d=mm&r=g\",\"url\":\"https:\/\/secure.gravatar.com\/avatar\/e0a867bdedb85fd243eadf09663511f96fc81e0720a4a42581f334ad4303aa6b?s=96&d=mm&r=g\",\"contentUrl\":\"https:\/\/secure.gravatar.com\/avatar\/e0a867bdedb85fd243eadf09663511f96fc81e0720a4a42581f334ad4303aa6b?s=96&d=mm&r=g\",\"caption\":\"Reda\u00e7\u00e3o\"}}]}<\/script>\n<!-- \/ Yoast SEO plugin. -->","yoast_head_json":{"title":"Vasco perde para o Cear\u00e1. Vai ser vice tamb\u00e9m na Segundona? - Notibras","robots":{"index":"index","follow":"follow","max-snippet":"max-snippet:-1","max-image-preview":"max-image-preview:large","max-video-preview":"max-video-preview:-1"},"canonical":"https:\/\/www.notibras.com\/site\/vasco-perde-para-o-ceara-e-corre-risco-de-ser-vice-tambem-na-segundona\/","og_locale":"pt_BR","og_type":"article","og_title":"Vasco perde para o Cear\u00e1. Vai ser vice tamb\u00e9m na Segundona? - Notibras","og_description":"A campanha irregular do Vasco na s\u00e9rie B do Campeonato Brasileiro da s\u00e9rie B ganhou mais um cap\u00edtulo dram\u00e1tico neste s\u00e1bado. O Cruzmaltino foi derrotado pelo Cear\u00e1 por 2 a 0 na Arena Castel\u00e3o, adiou a oportunidade de praticamente confirmar sua subida \u00e0 primeira divis\u00e3o e ainda perdeu as poucas chances que ainda restavam de [&hellip;]","og_url":"https:\/\/www.notibras.com\/site\/vasco-perde-para-o-ceara-e-corre-risco-de-ser-vice-tambem-na-segundona\/","og_site_name":"Notibras","article_publisher":"https:\/\/www.facebook.com\/notibras\/","article_published_time":"2014-11-15T20:43:54+00:00","article_modified_time":"2014-11-16T06:44:44+00:00","og_image":[{"width":779,"height":540,"url":"https:\/\/www.notibras.com\/site\/wp-content\/uploads\/2014\/11\/e.jpg","type":"image\/jpeg"}],"author":"Reda\u00e7\u00e3o","twitter_card":"summary_large_image","twitter_creator":"@Notibras","twitter_site":"@Notibras","twitter_misc":{"Escrito por":"Reda\u00e7\u00e3o","Est. tempo de leitura":"2 minutos"},"schema":{"@context":"https:\/\/schema.org","@graph":[{"@type":"Article","@id":"https:\/\/www.notibras.com\/site\/vasco-perde-para-o-ceara-e-corre-risco-de-ser-vice-tambem-na-segundona\/#article","isPartOf":{"@id":"https:\/\/www.notibras.com\/site\/vasco-perde-para-o-ceara-e-corre-risco-de-ser-vice-tambem-na-segundona\/"},"author":{"name":"Reda\u00e7\u00e3o","@id":"https:\/\/www.notibras.com\/site\/#\/schema\/person\/36ab0979449956132d3e5b517ea76ac8"},"headline":"Vasco perde para o Cear\u00e1. Vai ser vice tamb\u00e9m na Segundona?","datePublished":"2014-11-15T20:43:54+00:00","dateModified":"2014-11-16T06:44:44+00:00","mainEntityOfPage":{"@id":"https:\/\/www.notibras.com\/site\/vasco-perde-para-o-ceara-e-corre-risco-de-ser-vice-tambem-na-segundona\/"},"wordCount":458,"commentCount":0,"publisher":{"@id":"https:\/\/www.notibras.com\/site\/#organization"},"image":{"@id":"https:\/\/www.notibras.com\/site\/vasco-perde-para-o-ceara-e-corre-risco-de-ser-vice-tambem-na-segundona\/#primaryimage"},"thumbnailUrl":"https:\/\/www.notibras.com\/site\/wp-content\/uploads\/2014\/11\/e.jpg","articleSection":["Esportes","Futebol"],"inLanguage":"pt-BR","potentialAction":[{"@type":"CommentAction","name":"Comment","target":["https:\/\/www.notibras.com\/site\/vasco-perde-para-o-ceara-e-corre-risco-de-ser-vice-tambem-na-segundona\/#respond"]}]},{"@type":"WebPage","@id":"https:\/\/www.notibras.com\/site\/vasco-perde-para-o-ceara-e-corre-risco-de-ser-vice-tambem-na-segundona\/","url":"https:\/\/www.notibras.com\/site\/vasco-perde-para-o-ceara-e-corre-risco-de-ser-vice-tambem-na-segundona\/","name":"Vasco perde para o Cear\u00e1. Vai ser vice tamb\u00e9m na Segundona? - Notibras","isPartOf":{"@id":"https:\/\/www.notibras.com\/site\/#website"},"primaryImageOfPage":{"@id":"https:\/\/www.notibras.com\/site\/vasco-perde-para-o-ceara-e-corre-risco-de-ser-vice-tambem-na-segundona\/#primaryimage"},"image":{"@id":"https:\/\/www.notibras.com\/site\/vasco-perde-para-o-ceara-e-corre-risco-de-ser-vice-tambem-na-segundona\/#primaryimage"},"thumbnailUrl":"https:\/\/www.notibras.com\/site\/wp-content\/uploads\/2014\/11\/e.jpg","datePublished":"2014-11-15T20:43:54+00:00","dateModified":"2014-11-16T06:44:44+00:00","breadcrumb":{"@id":"https:\/\/www.notibras.com\/site\/vasco-perde-para-o-ceara-e-corre-risco-de-ser-vice-tambem-na-segundona\/#breadcrumb"},"inLanguage":"pt-BR","potentialAction":[{"@type":"ReadAction","target":["https:\/\/www.notibras.com\/site\/vasco-perde-para-o-ceara-e-corre-risco-de-ser-vice-tambem-na-segundona\/"]}]},{"@type":"ImageObject","inLanguage":"pt-BR","@id":"https:\/\/www.notibras.com\/site\/vasco-perde-para-o-ceara-e-corre-risco-de-ser-vice-tambem-na-segundona\/#primaryimage","url":"https:\/\/www.notibras.com\/site\/wp-content\/uploads\/2014\/11\/e.jpg","contentUrl":"https:\/\/www.notibras.com\/site\/wp-content\/uploads\/2014\/11\/e.jpg","width":779,"height":540},{"@type":"BreadcrumbList","@id":"https:\/\/www.notibras.com\/site\/vasco-perde-para-o-ceara-e-corre-risco-de-ser-vice-tambem-na-segundona\/#breadcrumb","itemListElement":[{"@type":"ListItem","position":1,"name":"In\u00edcio","item":"https:\/\/www.notibras.com\/site\/"},{"@type":"ListItem","position":2,"name":"Vasco perde para o Cear\u00e1. Vai ser vice tamb\u00e9m na Segundona?"}]},{"@type":"WebSite","@id":"https:\/\/www.notibras.com\/site\/#website","url":"https:\/\/www.notibras.com\/site\/","name":"Notibras","description":"Not\u00edcias de Bras\u00edlia, do Brasil e do Mundo","publisher":{"@id":"https:\/\/www.notibras.com\/site\/#organization"},"potentialAction":[{"@type":"SearchAction","target":{"@type":"EntryPoint","urlTemplate":"https:\/\/www.notibras.com\/site\/?s={search_term_string}"},"query-input":{"@type":"PropertyValueSpecification","valueRequired":true,"valueName":"search_term_string"}}],"inLanguage":"pt-BR"},{"@type":"Organization","@id":"https:\/\/www.notibras.com\/site\/#organization","name":"Grupo Notibras de Comunica\u00e7\u00e3o","url":"https:\/\/www.notibras.com\/site\/","logo":{"@type":"ImageObject","inLanguage":"pt-BR","@id":"https:\/\/www.notibras.com\/site\/#\/schema\/logo\/image\/","url":"https:\/\/www.notibras.com\/site\/wp-content\/uploads\/2023\/01\/notibras23.png","contentUrl":"https:\/\/www.notibras.com\/site\/wp-content\/uploads\/2023\/01\/notibras23.png","width":350,"height":87,"caption":"Grupo Notibras de Comunica\u00e7\u00e3o"},"image":{"@id":"https:\/\/www.notibras.com\/site\/#\/schema\/logo\/image\/"},"sameAs":["https:\/\/www.facebook.com\/notibras\/","https:\/\/x.com\/Notibras","https:\/\/www.instagram.com\/notibras\/"]},{"@type":"Person","@id":"https:\/\/www.notibras.com\/site\/#\/schema\/person\/36ab0979449956132d3e5b517ea76ac8","name":"Reda\u00e7\u00e3o","image":{"@type":"ImageObject","inLanguage":"pt-BR","@id":"https:\/\/secure.gravatar.com\/avatar\/e0a867bdedb85fd243eadf09663511f96fc81e0720a4a42581f334ad4303aa6b?s=96&d=mm&r=g","url":"https:\/\/secure.gravatar.com\/avatar\/e0a867bdedb85fd243eadf09663511f96fc81e0720a4a42581f334ad4303aa6b?s=96&d=mm&r=g","contentUrl":"https:\/\/secure.gravatar.com\/avatar\/e0a867bdedb85fd243eadf09663511f96fc81e0720a4a42581f334ad4303aa6b?s=96&d=mm&r=g","caption":"Reda\u00e7\u00e3o"}}]}},"amp_enabled":true,"_links":{"self":[{"href":"https:\/\/www.notibras.com\/site\/wp-json\/wp\/v2\/posts\/28388","targetHints":{"allow":["GET"]}}],"collection":[{"href":"https:\/\/www.notibras.com\/site\/wp-json\/wp\/v2\/posts"}],"about":[{"href":"https:\/\/www.notibras.com\/site\/wp-json\/wp\/v2\/types\/post"}],"author":[{"embeddable":true,"href":"https:\/\/www.notibras.com\/site\/wp-json\/wp\/v2\/users\/2"}],"replies":[{"embeddable":true,"href":"https:\/\/www.notibras.com\/site\/wp-json\/wp\/v2\/comments?post=28388"}],"version-history":[{"count":0,"href":"https:\/\/www.notibras.com\/site\/wp-json\/wp\/v2\/posts\/28388\/revisions"}],"wp:featuredmedia":[{"embeddable":true,"href":"https:\/\/www.notibras.com\/site\/wp-json\/wp\/v2\/media\/28389"}],"wp:attachment":[{"href":"https:\/\/www.notibras.com\/site\/wp-json\/wp\/v2\/media?parent=28388"}],"wp:term":[{"taxonomy":"category","embeddable":true,"href":"https:\/\/www.notibras.com\/site\/wp-json\/wp\/v2\/categories?post=28388"},{"taxonomy":"post_tag","embeddable":true,"href":"https:\/\/www.notibras.com\/site\/wp-json\/wp\/v2\/tags?post=28388"}],"curies":[{"name":"wp","href":"https:\/\/api.w.org\/{rel}","templated":true}]}}