{"id":283886,"date":"2022-04-15T07:51:56","date_gmt":"2022-04-15T10:51:56","guid":{"rendered":"https:\/\/www.notibras.com\/site\/?p=283886"},"modified":"2022-04-15T08:32:22","modified_gmt":"2022-04-15T11:32:22","slug":"brasil-china-russia-india-e-africa-comandarao-nova-ordem-mundial","status":"publish","type":"post","link":"https:\/\/www.notibras.com\/site\/brasil-china-russia-india-e-africa-comandarao-nova-ordem-mundial\/","title":{"rendered":"Brasil, China, R\u00fassia, \u00cdndia e \u00c1frica comandar\u00e3o nova ordem mundial"},"content":{"rendered":"<p>Os pa\u00edses do Brics (Brasil, R\u00fassia, \u00cdndia, China e \u00c1frica do Sul) estar\u00e3o no centro de uma nova ordem mundial, disse o vice-chanceler russo, Sergey Ryabkov. &#8220;Em todos os aspectos &#8230; esses pa\u00edses se tornar\u00e3o a base de uma nova ordem mundial&#8221;, afirmou em entrevista,\u00a0 quando perguntado qual sria a participa\u00e7\u00e3o em um futuro cen\u00e1rio p\u00f3s-guerra na Ucr\u00e2nia.<\/p>\n<p>A R\u00fassia est\u00e1 trabalhando para estabelecer contatos com qualquer pa\u00eds interessado em coopera\u00e7\u00e3o, disse ele. &#8220;N\u00e3o h\u00e1 not\u00edcias aqui sobre nossa pol\u00edtica est\u00e1vel e de longa data de estabelecer uma parceria est\u00e1tica abrangente com a China, este \u00e9 apenas mais um passo&#8221;, disse ele, comentando a recente reuni\u00e3o do ministro das Rela\u00e7\u00f5es Exteriores da R\u00fassia, Sergey Lavrov, com seu colega chin\u00eas, Wang. Ei.<\/p>\n<p>Comentando a decis\u00e3o do presidente Putin de mudar para pagamentos em rublos para contratos de g\u00e1s com pa\u00edses &#8220;hostis&#8221;, Ryabkov observou que a R\u00fassia n\u00e3o est\u00e1 mudando os termos dos contratos, mas est\u00e1 protegendo seus interesses.<\/p>\n<p>\u201cN\u00e3o estamos modificando [os termos dos] contratos, estamos protegendo nossos interesses de um tsunami, uma onda de san\u00e7\u00f5es totalmente irrespons\u00e1veis \u200b\u200bque atingem os fundamentos do com\u00e9rcio internacional e do sistema internacional\u201d, disse Ryabkov.<\/p>\n<p>O fato de pa\u00edses do Ocidente encerrarem contratos com a R\u00fassia em v\u00e1rias esferas &#8220;em uma noite&#8221; \u00e9 vergonhoso, acrescentou disse Ryabkov.<\/p>\n<p>&#8220;A R\u00fassia sempre foi um fornecedor confi\u00e1vel e pretende continuar entregando g\u00e1s para a Europa; no entanto, os interesses de Moscou tamb\u00e9m devem ser levados em considera\u00e7\u00e3o&#8221;, lmbrou. O diplomata espera que os pa\u00edses europeus revejam sua decis\u00e3o de n\u00e3o pagar o g\u00e1s em rublos e encontrem uma abordagem criativa para a quest\u00e3o.<\/p>\n<p>Segundo o diplomata, a R\u00fassia tirar\u00e1 suas pr\u00f3prias conclus\u00f5es da russofobia racista que vem se desenrolando no Ocidente recentemente. Esses sentimentos anti-russos n\u00e3o est\u00e3o relacionados \u00e0 situa\u00e7\u00e3o na Ucr\u00e2nia, o Ocidente simplesmente odeia a R\u00fassia, disse Ryabkov.<\/p>\n<p>&#8220;&#8230;Eles n\u00e3o acreditam que haja lugar para a pol\u00edtica independente da R\u00fassia e a posi\u00e7\u00e3o independente da R\u00fassia na arena pol\u00edtica global que vamos proteger&#8221;, acrescentou o funcion\u00e1rio.<\/p>\n<p>Brasil, R\u00fassia, \u00cdndia, China e \u00c1frica do Sul expressaram preocupa\u00e7\u00e3o com os \u201cs\u00e9rios impactos\u201d de \u201csan\u00e7\u00f5es unilaterais\u201d contra a R\u00fassia na recupera\u00e7\u00e3o econ\u00f4mica global p\u00f3s-COVID, disse um comunicado divulgado pelo Minist\u00e9rio das Rela\u00e7\u00f5es Exteriores da China nesta quinta-feira.<\/p>\n<p>Os cinco pa\u00edses tamb\u00e9m levantaram apreens\u00f5es sobre os impactos das san\u00e7\u00f5es na \u201cestabilidade\u201d das cadeias industriais e de suprimentos, energia e seguran\u00e7a alimentar, acrescentou o comunicado.<\/p>\n<p>O Brics entende que \u201cgrande import\u00e2ncia\u201d deve ser dada \u00e0s preocupa\u00e7\u00f5es dos pa\u00edses em desenvolvimento para garantir que os meios de subsist\u00eancia de seus povos n\u00e3o sejam afetados por causa das san\u00e7\u00f5es econ\u00f4micas.<\/p>\n<p>Al\u00e9m disso, os delegados desses pa\u00edses, em recente reuni\u00e3o, expressaram preocupa\u00e7\u00e3o com a situa\u00e7\u00e3o humanit\u00e1ria dentro e ao redor da Ucr\u00e2nia e pediram a acelera\u00e7\u00e3o dos esfor\u00e7os de assist\u00eancia humanit\u00e1ria na regi\u00e3o.<\/p>\n<p>A declara\u00e7\u00e3o buscou delinear a natureza das discuss\u00f5es que ocorreram na segunda reuni\u00e3o Brics Sherpas de 2022, com a presen\u00e7a dos coordenadores dos pa\u00edses do Brics presidida pelo vice-chanceler chin\u00eas Ma Zhaoxu.<\/p>\n<p>Na reuni\u00e3o virtual, a R\u00fassia foi representada por seu atual representante no G-20 e pelo vice-ministro das Rela\u00e7\u00f5es Exteriores, Sergei Ryabkov. Do lado da \u00cdndia, a reuni\u00e3o virtual contou com a presen\u00e7a de Dammu Ravi, secret\u00e1rio de Rela\u00e7\u00f5es Econ\u00f4micas do Minist\u00e9rio das Rela\u00e7\u00f5es Exteriores.<\/p>\n<p>O embaixador JB Sarquis, secret\u00e1rio de Com\u00e9rcio Exterior e Assuntos Econ\u00f4micos do Minist\u00e9rio das Rela\u00e7\u00f5es Exteriores do Brasil, e o embaixador Anil Sooklal, vice-diretor geral do Departamento de Rela\u00e7\u00f5es Internacionais e Coopera\u00e7\u00e3o da \u00c1frica do Sul, lideraram suas respectivas delega\u00e7\u00f5es na reuni\u00e3o online.<\/p>\n<p>As cinco delega\u00e7\u00f5es tamb\u00e9m declararam na reuni\u00e3o que estavam \u201caltamente preocupadas\u201d com a situa\u00e7\u00e3o atual na Ucr\u00e2nia, pois apoiaram um \u201cdi\u00e1logo cont\u00ednuo\u201d entre Moscou e Kiev para buscar uma \u201csolu\u00e7\u00e3o abrangente\u201d para o conflito.<\/p>\n<p>\u201cOs pa\u00edses do Brics expressaram seu apoio ao multilateralismo, ades\u00e3o aos prop\u00f3sitos e princ\u00edpios da Carta da ONU e respeito \u00e0s leg\u00edtimas preocupa\u00e7\u00f5es de seguran\u00e7a de todos os pa\u00edses\u2026\u201d, diz comunicado do grupo.<\/p>\n<p>A declara\u00e7\u00e3o conjunta ocorre no contexto de estados do Brics sinalizando preocupa\u00e7\u00f5es individuais sobre o impacto disruptivo da crise ucraniana em suas respectivas economias.<\/p>\n<p>O ministro das Rela\u00e7\u00f5es Exteriores da \u00cdndia, S. Jaishankar , disse no parlamento no m\u00eas passado que o impacto do conflito na Ucr\u00e2nia sobre os pre\u00e7os de energia e commodities j\u00e1 era vis\u00edvel. \u201cEspera-se que a interrup\u00e7\u00e3o da cadeia de suprimentos global seja significativa\u201d, acrescentou.<\/p>\n<p>Por parte da China, o ministro das Rela\u00e7\u00f5es Exteriores Wang Yi disse que \u00e9 preciso permanecer \u201cvigilante\u201d contra os \u201cefeitos adversos\u201d da crise na Ucr\u00e2nia.<\/p>\n<p>Wang alertou na entrevista que os pa\u00edses devem evitar \u201csan\u00e7\u00f5es unilaterais\u201d, pois podem levar a \u201cescassez de alimentos\u201d e \u201cminar o desenvolvimento econ\u00f4mico\u201d.<\/p>\n<p>Os EUA, a Uni\u00e3o Europ\u00e9ia e outros parceiros ocidentais, como Canad\u00e1, Austr\u00e1lia e Jap\u00e3o, impuseram amplas san\u00e7\u00f5es econ\u00f4micas contra Moscou por causa da \u201copera\u00e7\u00e3o militar especial\u201d da R\u00fassia na Ucr\u00e2nia. As na\u00e7\u00f5es do Brics basicamente se recusaram a cumprir as san\u00e7\u00f5es unilaterais.<\/p>\n","protected":false},"excerpt":{"rendered":"<p>Os pa\u00edses do Brics (Brasil, R\u00fassia, \u00cdndia, China e \u00c1frica do Sul) estar\u00e3o no centro de uma nova ordem mundial, disse o vice-chanceler russo, Sergey Ryabkov. &#8220;Em todos os aspectos &#8230; esses pa\u00edses se tornar\u00e3o a base de uma nova ordem mundial&#8221;, afirmou em entrevista,\u00a0 quando perguntado qual sria a participa\u00e7\u00e3o em um futuro cen\u00e1rio [&hellip;]<\/p>\n","protected":false},"author":2,"featured_media":283888,"comment_status":"closed","ping_status":"closed","sticky":false,"template":"","format":"standard","meta":{"_acf_changed":false,"footnotes":""},"categories":[159],"tags":[95],"class_list":["post-283886","post","type-post","status-publish","format-standard","has-post-thumbnail","hentry","category-apocalipse","tag-capa"],"acf":[],"yoast_head":"<!-- This site is optimized with the Yoast SEO plugin v27.2 - https:\/\/yoast.com\/product\/yoast-seo-wordpress\/ -->\n<title>Brasil, China, R\u00fassia, \u00cdndia e \u00c1frica comandar\u00e3o nova ordem mundial - Notibras<\/title>\n<meta name=\"robots\" content=\"index, follow, max-snippet:-1, max-image-preview:large, max-video-preview:-1\" \/>\n<link rel=\"canonical\" href=\"https:\/\/www.notibras.com\/site\/brasil-china-russia-india-e-africa-comandarao-nova-ordem-mundial\/\" \/>\n<meta property=\"og:locale\" content=\"pt_BR\" \/>\n<meta property=\"og:type\" content=\"article\" \/>\n<meta property=\"og:title\" content=\"Brasil, China, R\u00fassia, \u00cdndia e \u00c1frica comandar\u00e3o nova ordem mundial - Notibras\" \/>\n<meta property=\"og:description\" content=\"Os pa\u00edses do Brics (Brasil, R\u00fassia, \u00cdndia, China e \u00c1frica do Sul) estar\u00e3o no centro de uma nova ordem mundial, disse o vice-chanceler russo, Sergey Ryabkov. &#8220;Em todos os aspectos &#8230; esses pa\u00edses se tornar\u00e3o a base de uma nova ordem mundial&#8221;, afirmou em entrevista,\u00a0 quando perguntado qual sria a participa\u00e7\u00e3o em um futuro cen\u00e1rio [&hellip;]\" \/>\n<meta property=\"og:url\" content=\"https:\/\/www.notibras.com\/site\/brasil-china-russia-india-e-africa-comandarao-nova-ordem-mundial\/\" \/>\n<meta property=\"og:site_name\" content=\"Notibras\" \/>\n<meta property=\"article:publisher\" content=\"https:\/\/www.facebook.com\/notibras\/\" \/>\n<meta property=\"article:published_time\" content=\"2022-04-15T10:51:56+00:00\" \/>\n<meta property=\"article:modified_time\" content=\"2022-04-15T11:32:22+00:00\" \/>\n<meta property=\"og:image\" content=\"https:\/\/www.notibras.com\/site\/wp-content\/uploads\/2022\/04\/brics.esta_.webp\" \/>\n\t<meta property=\"og:image:width\" content=\"1920\" \/>\n\t<meta property=\"og:image:height\" content=\"1080\" \/>\n\t<meta property=\"og:image:type\" content=\"image\/webp\" \/>\n<meta name=\"author\" content=\"Reda\u00e7\u00e3o\" \/>\n<meta name=\"twitter:card\" content=\"summary_large_image\" \/>\n<meta name=\"twitter:creator\" content=\"@Notibras\" \/>\n<meta name=\"twitter:site\" content=\"@Notibras\" \/>\n<meta name=\"twitter:label1\" content=\"Escrito por\" \/>\n\t<meta name=\"twitter:data1\" content=\"Reda\u00e7\u00e3o\" \/>\n\t<meta name=\"twitter:label2\" content=\"Est. tempo de leitura\" \/>\n\t<meta name=\"twitter:data2\" content=\"5 minutos\" \/>\n<script type=\"application\/ld+json\" class=\"yoast-schema-graph\">{\"@context\":\"https:\/\/schema.org\",\"@graph\":[{\"@type\":\"Article\",\"@id\":\"https:\/\/www.notibras.com\/site\/brasil-china-russia-india-e-africa-comandarao-nova-ordem-mundial\/#article\",\"isPartOf\":{\"@id\":\"https:\/\/www.notibras.com\/site\/brasil-china-russia-india-e-africa-comandarao-nova-ordem-mundial\/\"},\"author\":{\"name\":\"Reda\u00e7\u00e3o\",\"@id\":\"https:\/\/www.notibras.com\/site\/#\/schema\/person\/36ab0979449956132d3e5b517ea76ac8\"},\"headline\":\"Brasil, China, R\u00fassia, \u00cdndia e \u00c1frica comandar\u00e3o nova ordem mundial\",\"datePublished\":\"2022-04-15T10:51:56+00:00\",\"dateModified\":\"2022-04-15T11:32:22+00:00\",\"mainEntityOfPage\":{\"@id\":\"https:\/\/www.notibras.com\/site\/brasil-china-russia-india-e-africa-comandarao-nova-ordem-mundial\/\"},\"wordCount\":966,\"publisher\":{\"@id\":\"https:\/\/www.notibras.com\/site\/#organization\"},\"image\":{\"@id\":\"https:\/\/www.notibras.com\/site\/brasil-china-russia-india-e-africa-comandarao-nova-ordem-mundial\/#primaryimage\"},\"thumbnailUrl\":\"https:\/\/www.notibras.com\/site\/wp-content\/uploads\/2022\/04\/brics.esta_.webp\",\"keywords\":[\"capa\"],\"articleSection\":[\"Apocalipse\"],\"inLanguage\":\"pt-BR\"},{\"@type\":\"WebPage\",\"@id\":\"https:\/\/www.notibras.com\/site\/brasil-china-russia-india-e-africa-comandarao-nova-ordem-mundial\/\",\"url\":\"https:\/\/www.notibras.com\/site\/brasil-china-russia-india-e-africa-comandarao-nova-ordem-mundial\/\",\"name\":\"Brasil, China, R\u00fassia, \u00cdndia e \u00c1frica comandar\u00e3o nova ordem mundial - Notibras\",\"isPartOf\":{\"@id\":\"https:\/\/www.notibras.com\/site\/#website\"},\"primaryImageOfPage\":{\"@id\":\"https:\/\/www.notibras.com\/site\/brasil-china-russia-india-e-africa-comandarao-nova-ordem-mundial\/#primaryimage\"},\"image\":{\"@id\":\"https:\/\/www.notibras.com\/site\/brasil-china-russia-india-e-africa-comandarao-nova-ordem-mundial\/#primaryimage\"},\"thumbnailUrl\":\"https:\/\/www.notibras.com\/site\/wp-content\/uploads\/2022\/04\/brics.esta_.webp\",\"datePublished\":\"2022-04-15T10:51:56+00:00\",\"dateModified\":\"2022-04-15T11:32:22+00:00\",\"breadcrumb\":{\"@id\":\"https:\/\/www.notibras.com\/site\/brasil-china-russia-india-e-africa-comandarao-nova-ordem-mundial\/#breadcrumb\"},\"inLanguage\":\"pt-BR\",\"potentialAction\":[{\"@type\":\"ReadAction\",\"target\":[\"https:\/\/www.notibras.com\/site\/brasil-china-russia-india-e-africa-comandarao-nova-ordem-mundial\/\"]}]},{\"@type\":\"ImageObject\",\"inLanguage\":\"pt-BR\",\"@id\":\"https:\/\/www.notibras.com\/site\/brasil-china-russia-india-e-africa-comandarao-nova-ordem-mundial\/#primaryimage\",\"url\":\"https:\/\/www.notibras.com\/site\/wp-content\/uploads\/2022\/04\/brics.esta_.webp\",\"contentUrl\":\"https:\/\/www.notibras.com\/site\/wp-content\/uploads\/2022\/04\/brics.esta_.webp\",\"width\":1920,\"height\":1080},{\"@type\":\"BreadcrumbList\",\"@id\":\"https:\/\/www.notibras.com\/site\/brasil-china-russia-india-e-africa-comandarao-nova-ordem-mundial\/#breadcrumb\",\"itemListElement\":[{\"@type\":\"ListItem\",\"position\":1,\"name\":\"In\u00edcio\",\"item\":\"https:\/\/www.notibras.com\/site\/\"},{\"@type\":\"ListItem\",\"position\":2,\"name\":\"Brasil, China, R\u00fassia, \u00cdndia e \u00c1frica comandar\u00e3o nova ordem mundial\"}]},{\"@type\":\"WebSite\",\"@id\":\"https:\/\/www.notibras.com\/site\/#website\",\"url\":\"https:\/\/www.notibras.com\/site\/\",\"name\":\"Notibras\",\"description\":\"Not\u00edcias de Bras\u00edlia, do Brasil e do Mundo\",\"publisher\":{\"@id\":\"https:\/\/www.notibras.com\/site\/#organization\"},\"potentialAction\":[{\"@type\":\"SearchAction\",\"target\":{\"@type\":\"EntryPoint\",\"urlTemplate\":\"https:\/\/www.notibras.com\/site\/?s={search_term_string}\"},\"query-input\":{\"@type\":\"PropertyValueSpecification\",\"valueRequired\":true,\"valueName\":\"search_term_string\"}}],\"inLanguage\":\"pt-BR\"},{\"@type\":\"Organization\",\"@id\":\"https:\/\/www.notibras.com\/site\/#organization\",\"name\":\"Grupo Notibras de Comunica\u00e7\u00e3o\",\"url\":\"https:\/\/www.notibras.com\/site\/\",\"logo\":{\"@type\":\"ImageObject\",\"inLanguage\":\"pt-BR\",\"@id\":\"https:\/\/www.notibras.com\/site\/#\/schema\/logo\/image\/\",\"url\":\"https:\/\/www.notibras.com\/site\/wp-content\/uploads\/2023\/01\/notibras23.png\",\"contentUrl\":\"https:\/\/www.notibras.com\/site\/wp-content\/uploads\/2023\/01\/notibras23.png\",\"width\":350,\"height\":87,\"caption\":\"Grupo Notibras de Comunica\u00e7\u00e3o\"},\"image\":{\"@id\":\"https:\/\/www.notibras.com\/site\/#\/schema\/logo\/image\/\"},\"sameAs\":[\"https:\/\/www.facebook.com\/notibras\/\",\"https:\/\/x.com\/Notibras\",\"https:\/\/www.instagram.com\/notibras\/\"]},{\"@type\":\"Person\",\"@id\":\"https:\/\/www.notibras.com\/site\/#\/schema\/person\/36ab0979449956132d3e5b517ea76ac8\",\"name\":\"Reda\u00e7\u00e3o\",\"image\":{\"@type\":\"ImageObject\",\"inLanguage\":\"pt-BR\",\"@id\":\"https:\/\/secure.gravatar.com\/avatar\/e0a867bdedb85fd243eadf09663511f96fc81e0720a4a42581f334ad4303aa6b?s=96&d=mm&r=g\",\"url\":\"https:\/\/secure.gravatar.com\/avatar\/e0a867bdedb85fd243eadf09663511f96fc81e0720a4a42581f334ad4303aa6b?s=96&d=mm&r=g\",\"contentUrl\":\"https:\/\/secure.gravatar.com\/avatar\/e0a867bdedb85fd243eadf09663511f96fc81e0720a4a42581f334ad4303aa6b?s=96&d=mm&r=g\",\"caption\":\"Reda\u00e7\u00e3o\"}}]}<\/script>\n<!-- \/ Yoast SEO plugin. -->","yoast_head_json":{"title":"Brasil, China, R\u00fassia, \u00cdndia e \u00c1frica comandar\u00e3o nova ordem mundial - Notibras","robots":{"index":"index","follow":"follow","max-snippet":"max-snippet:-1","max-image-preview":"max-image-preview:large","max-video-preview":"max-video-preview:-1"},"canonical":"https:\/\/www.notibras.com\/site\/brasil-china-russia-india-e-africa-comandarao-nova-ordem-mundial\/","og_locale":"pt_BR","og_type":"article","og_title":"Brasil, China, R\u00fassia, \u00cdndia e \u00c1frica comandar\u00e3o nova ordem mundial - Notibras","og_description":"Os pa\u00edses do Brics (Brasil, R\u00fassia, \u00cdndia, China e \u00c1frica do Sul) estar\u00e3o no centro de uma nova ordem mundial, disse o vice-chanceler russo, Sergey Ryabkov. &#8220;Em todos os aspectos &#8230; esses pa\u00edses se tornar\u00e3o a base de uma nova ordem mundial&#8221;, afirmou em entrevista,\u00a0 quando perguntado qual sria a participa\u00e7\u00e3o em um futuro cen\u00e1rio [&hellip;]","og_url":"https:\/\/www.notibras.com\/site\/brasil-china-russia-india-e-africa-comandarao-nova-ordem-mundial\/","og_site_name":"Notibras","article_publisher":"https:\/\/www.facebook.com\/notibras\/","article_published_time":"2022-04-15T10:51:56+00:00","article_modified_time":"2022-04-15T11:32:22+00:00","og_image":[{"width":1920,"height":1080,"url":"https:\/\/www.notibras.com\/site\/wp-content\/uploads\/2022\/04\/brics.esta_.webp","type":"image\/webp"}],"author":"Reda\u00e7\u00e3o","twitter_card":"summary_large_image","twitter_creator":"@Notibras","twitter_site":"@Notibras","twitter_misc":{"Escrito por":"Reda\u00e7\u00e3o","Est. tempo de leitura":"5 minutos"},"schema":{"@context":"https:\/\/schema.org","@graph":[{"@type":"Article","@id":"https:\/\/www.notibras.com\/site\/brasil-china-russia-india-e-africa-comandarao-nova-ordem-mundial\/#article","isPartOf":{"@id":"https:\/\/www.notibras.com\/site\/brasil-china-russia-india-e-africa-comandarao-nova-ordem-mundial\/"},"author":{"name":"Reda\u00e7\u00e3o","@id":"https:\/\/www.notibras.com\/site\/#\/schema\/person\/36ab0979449956132d3e5b517ea76ac8"},"headline":"Brasil, China, R\u00fassia, \u00cdndia e \u00c1frica comandar\u00e3o nova ordem mundial","datePublished":"2022-04-15T10:51:56+00:00","dateModified":"2022-04-15T11:32:22+00:00","mainEntityOfPage":{"@id":"https:\/\/www.notibras.com\/site\/brasil-china-russia-india-e-africa-comandarao-nova-ordem-mundial\/"},"wordCount":966,"publisher":{"@id":"https:\/\/www.notibras.com\/site\/#organization"},"image":{"@id":"https:\/\/www.notibras.com\/site\/brasil-china-russia-india-e-africa-comandarao-nova-ordem-mundial\/#primaryimage"},"thumbnailUrl":"https:\/\/www.notibras.com\/site\/wp-content\/uploads\/2022\/04\/brics.esta_.webp","keywords":["capa"],"articleSection":["Apocalipse"],"inLanguage":"pt-BR"},{"@type":"WebPage","@id":"https:\/\/www.notibras.com\/site\/brasil-china-russia-india-e-africa-comandarao-nova-ordem-mundial\/","url":"https:\/\/www.notibras.com\/site\/brasil-china-russia-india-e-africa-comandarao-nova-ordem-mundial\/","name":"Brasil, China, R\u00fassia, \u00cdndia e \u00c1frica comandar\u00e3o nova ordem mundial - Notibras","isPartOf":{"@id":"https:\/\/www.notibras.com\/site\/#website"},"primaryImageOfPage":{"@id":"https:\/\/www.notibras.com\/site\/brasil-china-russia-india-e-africa-comandarao-nova-ordem-mundial\/#primaryimage"},"image":{"@id":"https:\/\/www.notibras.com\/site\/brasil-china-russia-india-e-africa-comandarao-nova-ordem-mundial\/#primaryimage"},"thumbnailUrl":"https:\/\/www.notibras.com\/site\/wp-content\/uploads\/2022\/04\/brics.esta_.webp","datePublished":"2022-04-15T10:51:56+00:00","dateModified":"2022-04-15T11:32:22+00:00","breadcrumb":{"@id":"https:\/\/www.notibras.com\/site\/brasil-china-russia-india-e-africa-comandarao-nova-ordem-mundial\/#breadcrumb"},"inLanguage":"pt-BR","potentialAction":[{"@type":"ReadAction","target":["https:\/\/www.notibras.com\/site\/brasil-china-russia-india-e-africa-comandarao-nova-ordem-mundial\/"]}]},{"@type":"ImageObject","inLanguage":"pt-BR","@id":"https:\/\/www.notibras.com\/site\/brasil-china-russia-india-e-africa-comandarao-nova-ordem-mundial\/#primaryimage","url":"https:\/\/www.notibras.com\/site\/wp-content\/uploads\/2022\/04\/brics.esta_.webp","contentUrl":"https:\/\/www.notibras.com\/site\/wp-content\/uploads\/2022\/04\/brics.esta_.webp","width":1920,"height":1080},{"@type":"BreadcrumbList","@id":"https:\/\/www.notibras.com\/site\/brasil-china-russia-india-e-africa-comandarao-nova-ordem-mundial\/#breadcrumb","itemListElement":[{"@type":"ListItem","position":1,"name":"In\u00edcio","item":"https:\/\/www.notibras.com\/site\/"},{"@type":"ListItem","position":2,"name":"Brasil, China, R\u00fassia, \u00cdndia e \u00c1frica comandar\u00e3o nova ordem mundial"}]},{"@type":"WebSite","@id":"https:\/\/www.notibras.com\/site\/#website","url":"https:\/\/www.notibras.com\/site\/","name":"Notibras","description":"Not\u00edcias de Bras\u00edlia, do Brasil e do Mundo","publisher":{"@id":"https:\/\/www.notibras.com\/site\/#organization"},"potentialAction":[{"@type":"SearchAction","target":{"@type":"EntryPoint","urlTemplate":"https:\/\/www.notibras.com\/site\/?s={search_term_string}"},"query-input":{"@type":"PropertyValueSpecification","valueRequired":true,"valueName":"search_term_string"}}],"inLanguage":"pt-BR"},{"@type":"Organization","@id":"https:\/\/www.notibras.com\/site\/#organization","name":"Grupo Notibras de Comunica\u00e7\u00e3o","url":"https:\/\/www.notibras.com\/site\/","logo":{"@type":"ImageObject","inLanguage":"pt-BR","@id":"https:\/\/www.notibras.com\/site\/#\/schema\/logo\/image\/","url":"https:\/\/www.notibras.com\/site\/wp-content\/uploads\/2023\/01\/notibras23.png","contentUrl":"https:\/\/www.notibras.com\/site\/wp-content\/uploads\/2023\/01\/notibras23.png","width":350,"height":87,"caption":"Grupo Notibras de Comunica\u00e7\u00e3o"},"image":{"@id":"https:\/\/www.notibras.com\/site\/#\/schema\/logo\/image\/"},"sameAs":["https:\/\/www.facebook.com\/notibras\/","https:\/\/x.com\/Notibras","https:\/\/www.instagram.com\/notibras\/"]},{"@type":"Person","@id":"https:\/\/www.notibras.com\/site\/#\/schema\/person\/36ab0979449956132d3e5b517ea76ac8","name":"Reda\u00e7\u00e3o","image":{"@type":"ImageObject","inLanguage":"pt-BR","@id":"https:\/\/secure.gravatar.com\/avatar\/e0a867bdedb85fd243eadf09663511f96fc81e0720a4a42581f334ad4303aa6b?s=96&d=mm&r=g","url":"https:\/\/secure.gravatar.com\/avatar\/e0a867bdedb85fd243eadf09663511f96fc81e0720a4a42581f334ad4303aa6b?s=96&d=mm&r=g","contentUrl":"https:\/\/secure.gravatar.com\/avatar\/e0a867bdedb85fd243eadf09663511f96fc81e0720a4a42581f334ad4303aa6b?s=96&d=mm&r=g","caption":"Reda\u00e7\u00e3o"}}]}},"amp_enabled":true,"_links":{"self":[{"href":"https:\/\/www.notibras.com\/site\/wp-json\/wp\/v2\/posts\/283886","targetHints":{"allow":["GET"]}}],"collection":[{"href":"https:\/\/www.notibras.com\/site\/wp-json\/wp\/v2\/posts"}],"about":[{"href":"https:\/\/www.notibras.com\/site\/wp-json\/wp\/v2\/types\/post"}],"author":[{"embeddable":true,"href":"https:\/\/www.notibras.com\/site\/wp-json\/wp\/v2\/users\/2"}],"replies":[{"embeddable":true,"href":"https:\/\/www.notibras.com\/site\/wp-json\/wp\/v2\/comments?post=283886"}],"version-history":[{"count":1,"href":"https:\/\/www.notibras.com\/site\/wp-json\/wp\/v2\/posts\/283886\/revisions"}],"predecessor-version":[{"id":283889,"href":"https:\/\/www.notibras.com\/site\/wp-json\/wp\/v2\/posts\/283886\/revisions\/283889"}],"wp:featuredmedia":[{"embeddable":true,"href":"https:\/\/www.notibras.com\/site\/wp-json\/wp\/v2\/media\/283888"}],"wp:attachment":[{"href":"https:\/\/www.notibras.com\/site\/wp-json\/wp\/v2\/media?parent=283886"}],"wp:term":[{"taxonomy":"category","embeddable":true,"href":"https:\/\/www.notibras.com\/site\/wp-json\/wp\/v2\/categories?post=283886"},{"taxonomy":"post_tag","embeddable":true,"href":"https:\/\/www.notibras.com\/site\/wp-json\/wp\/v2\/tags?post=283886"}],"curies":[{"name":"wp","href":"https:\/\/api.w.org\/{rel}","templated":true}]}}