{"id":283893,"date":"2022-04-15T07:42:30","date_gmt":"2022-04-15T10:42:30","guid":{"rendered":"https:\/\/www.notibras.com\/site\/?p=283893"},"modified":"2022-04-15T08:48:11","modified_gmt":"2022-04-15T11:48:11","slug":"helicopteros-ucranianos-atacam-vilarejos-na-fronteira-russa","status":"publish","type":"post","link":"https:\/\/www.notibras.com\/site\/helicopteros-ucranianos-atacam-vilarejos-na-fronteira-russa\/","title":{"rendered":"Helic\u00f3pteros ucranianos atacam vilarejos na fronteira russa"},"content":{"rendered":"<p>O Comit\u00ea de Investiga\u00e7\u00e3o da R\u00fassia (CI) abriu um processo criminal sobre um ataque a\u00e9reo realizado por dois helic\u00f3pteros de combate ucranianos em 14 de abril em territ\u00f3rio russo na regi\u00e3o de Bryansk. Os helic\u00f3pteros violaram o espa\u00e7o a\u00e9reo russo e realizaram pelo menos seis ataques a pr\u00e9dios residenciais na vila de Klimovo.<\/p>\n<p>Os ataques deixaram pelo menos seis casas danificadas e sete pessoas feridas, incluindo uma crian\u00e7a de dois anos, disse o comit\u00ea. Os helic\u00f3pteros conseguiram se infiltrar no espa\u00e7o a\u00e9reo russo voando a baixa altitude.<\/p>\n<p>O RIC disse que os militares ucranianos conspiraram para afetar os tomadores de decis\u00e3o na R\u00fassia para for\u00e7\u00e1-los a encerrar prematuramente a opera\u00e7\u00e3o militar especial que est\u00e1 sendo realizada pelos militares do pa\u00eds na Ucr\u00e2nia.<\/p>\n<p>O processo criminal foi aberto em meio a v\u00e1rios outros relatos de ataques realizados a objetos na R\u00fassia pelos militares ucranianos. Autoridades da regi\u00e3o de Bryansk disseram que um posto de controle de fronteira foi bombardeado a partir do territ\u00f3rio da Ucr\u00e2nia. O incidente n\u00e3o deixou v\u00edtimas, apesar da presen\u00e7a de v\u00e1rios refugiados no local, cujos carros foram destru\u00eddos no ataque.<\/p>\n<p>Al\u00e9m disso, o governador da regi\u00e3o de Belgorod, na R\u00fassia, informou que a vila de Spodaryushino foi atacada do territ\u00f3rio da Ucr\u00e2nia em 14 de abril. O ataque n\u00e3o resultou em v\u00edtimas, mas os moradores de Spodaryushino e da vizinha Bezimeno foram evacuados com cautela.<\/p>\n","protected":false},"excerpt":{"rendered":"<p>O Comit\u00ea de Investiga\u00e7\u00e3o da R\u00fassia (CI) abriu um processo criminal sobre um ataque a\u00e9reo realizado por dois helic\u00f3pteros de combate ucranianos em 14 de abril em territ\u00f3rio russo na regi\u00e3o de Bryansk. Os helic\u00f3pteros violaram o espa\u00e7o a\u00e9reo russo e realizaram pelo menos seis ataques a pr\u00e9dios residenciais na vila de Klimovo. Os ataques [&hellip;]<\/p>\n","protected":false},"author":2,"featured_media":283894,"comment_status":"closed","ping_status":"closed","sticky":false,"template":"","format":"standard","meta":{"_acf_changed":false,"footnotes":""},"categories":[159],"tags":[95],"class_list":["post-283893","post","type-post","status-publish","format-standard","has-post-thumbnail","hentry","category-apocalipse","tag-capa"],"acf":[],"yoast_head":"<!-- This site is optimized with the Yoast SEO plugin v27.2 - https:\/\/yoast.com\/product\/yoast-seo-wordpress\/ -->\n<title>Helic\u00f3pteros ucranianos atacam vilarejos na fronteira russa - Notibras<\/title>\n<meta name=\"robots\" content=\"index, follow, max-snippet:-1, max-image-preview:large, max-video-preview:-1\" \/>\n<link rel=\"canonical\" href=\"https:\/\/www.notibras.com\/site\/helicopteros-ucranianos-atacam-vilarejos-na-fronteira-russa\/\" \/>\n<meta property=\"og:locale\" content=\"pt_BR\" \/>\n<meta property=\"og:type\" content=\"article\" \/>\n<meta property=\"og:title\" content=\"Helic\u00f3pteros ucranianos atacam vilarejos na fronteira russa - Notibras\" \/>\n<meta property=\"og:description\" content=\"O Comit\u00ea de Investiga\u00e7\u00e3o da R\u00fassia (CI) abriu um processo criminal sobre um ataque a\u00e9reo realizado por dois helic\u00f3pteros de combate ucranianos em 14 de abril em territ\u00f3rio russo na regi\u00e3o de Bryansk. Os helic\u00f3pteros violaram o espa\u00e7o a\u00e9reo russo e realizaram pelo menos seis ataques a pr\u00e9dios residenciais na vila de Klimovo. Os ataques [&hellip;]\" \/>\n<meta property=\"og:url\" content=\"https:\/\/www.notibras.com\/site\/helicopteros-ucranianos-atacam-vilarejos-na-fronteira-russa\/\" \/>\n<meta property=\"og:site_name\" content=\"Notibras\" \/>\n<meta property=\"article:publisher\" content=\"https:\/\/www.facebook.com\/notibras\/\" \/>\n<meta property=\"article:published_time\" content=\"2022-04-15T10:42:30+00:00\" \/>\n<meta property=\"article:modified_time\" content=\"2022-04-15T11:48:11+00:00\" \/>\n<meta property=\"og:image\" content=\"https:\/\/www.notibras.com\/site\/wp-content\/uploads\/2022\/04\/hlicopteros.olho_.webp\" \/>\n\t<meta property=\"og:image:width\" content=\"1920\" \/>\n\t<meta property=\"og:image:height\" content=\"1080\" \/>\n\t<meta property=\"og:image:type\" content=\"image\/webp\" \/>\n<meta name=\"author\" content=\"Reda\u00e7\u00e3o\" \/>\n<meta name=\"twitter:card\" content=\"summary_large_image\" \/>\n<meta name=\"twitter:creator\" content=\"@Notibras\" \/>\n<meta name=\"twitter:site\" content=\"@Notibras\" \/>\n<meta name=\"twitter:label1\" content=\"Escrito por\" \/>\n\t<meta name=\"twitter:data1\" content=\"Reda\u00e7\u00e3o\" \/>\n\t<meta name=\"twitter:label2\" content=\"Est. tempo de leitura\" \/>\n\t<meta name=\"twitter:data2\" content=\"2 minutos\" \/>\n<script type=\"application\/ld+json\" class=\"yoast-schema-graph\">{\"@context\":\"https:\/\/schema.org\",\"@graph\":[{\"@type\":\"Article\",\"@id\":\"https:\/\/www.notibras.com\/site\/helicopteros-ucranianos-atacam-vilarejos-na-fronteira-russa\/#article\",\"isPartOf\":{\"@id\":\"https:\/\/www.notibras.com\/site\/helicopteros-ucranianos-atacam-vilarejos-na-fronteira-russa\/\"},\"author\":{\"name\":\"Reda\u00e7\u00e3o\",\"@id\":\"https:\/\/www.notibras.com\/site\/#\/schema\/person\/36ab0979449956132d3e5b517ea76ac8\"},\"headline\":\"Helic\u00f3pteros ucranianos atacam vilarejos na fronteira russa\",\"datePublished\":\"2022-04-15T10:42:30+00:00\",\"dateModified\":\"2022-04-15T11:48:11+00:00\",\"mainEntityOfPage\":{\"@id\":\"https:\/\/www.notibras.com\/site\/helicopteros-ucranianos-atacam-vilarejos-na-fronteira-russa\/\"},\"wordCount\":271,\"publisher\":{\"@id\":\"https:\/\/www.notibras.com\/site\/#organization\"},\"image\":{\"@id\":\"https:\/\/www.notibras.com\/site\/helicopteros-ucranianos-atacam-vilarejos-na-fronteira-russa\/#primaryimage\"},\"thumbnailUrl\":\"https:\/\/www.notibras.com\/site\/wp-content\/uploads\/2022\/04\/hlicopteros.olho_.webp\",\"keywords\":[\"capa\"],\"articleSection\":[\"Apocalipse\"],\"inLanguage\":\"pt-BR\"},{\"@type\":\"WebPage\",\"@id\":\"https:\/\/www.notibras.com\/site\/helicopteros-ucranianos-atacam-vilarejos-na-fronteira-russa\/\",\"url\":\"https:\/\/www.notibras.com\/site\/helicopteros-ucranianos-atacam-vilarejos-na-fronteira-russa\/\",\"name\":\"Helic\u00f3pteros ucranianos atacam vilarejos na fronteira russa - Notibras\",\"isPartOf\":{\"@id\":\"https:\/\/www.notibras.com\/site\/#website\"},\"primaryImageOfPage\":{\"@id\":\"https:\/\/www.notibras.com\/site\/helicopteros-ucranianos-atacam-vilarejos-na-fronteira-russa\/#primaryimage\"},\"image\":{\"@id\":\"https:\/\/www.notibras.com\/site\/helicopteros-ucranianos-atacam-vilarejos-na-fronteira-russa\/#primaryimage\"},\"thumbnailUrl\":\"https:\/\/www.notibras.com\/site\/wp-content\/uploads\/2022\/04\/hlicopteros.olho_.webp\",\"datePublished\":\"2022-04-15T10:42:30+00:00\",\"dateModified\":\"2022-04-15T11:48:11+00:00\",\"breadcrumb\":{\"@id\":\"https:\/\/www.notibras.com\/site\/helicopteros-ucranianos-atacam-vilarejos-na-fronteira-russa\/#breadcrumb\"},\"inLanguage\":\"pt-BR\",\"potentialAction\":[{\"@type\":\"ReadAction\",\"target\":[\"https:\/\/www.notibras.com\/site\/helicopteros-ucranianos-atacam-vilarejos-na-fronteira-russa\/\"]}]},{\"@type\":\"ImageObject\",\"inLanguage\":\"pt-BR\",\"@id\":\"https:\/\/www.notibras.com\/site\/helicopteros-ucranianos-atacam-vilarejos-na-fronteira-russa\/#primaryimage\",\"url\":\"https:\/\/www.notibras.com\/site\/wp-content\/uploads\/2022\/04\/hlicopteros.olho_.webp\",\"contentUrl\":\"https:\/\/www.notibras.com\/site\/wp-content\/uploads\/2022\/04\/hlicopteros.olho_.webp\",\"width\":1920,\"height\":1080},{\"@type\":\"BreadcrumbList\",\"@id\":\"https:\/\/www.notibras.com\/site\/helicopteros-ucranianos-atacam-vilarejos-na-fronteira-russa\/#breadcrumb\",\"itemListElement\":[{\"@type\":\"ListItem\",\"position\":1,\"name\":\"In\u00edcio\",\"item\":\"https:\/\/www.notibras.com\/site\/\"},{\"@type\":\"ListItem\",\"position\":2,\"name\":\"Helic\u00f3pteros ucranianos atacam vilarejos na fronteira russa\"}]},{\"@type\":\"WebSite\",\"@id\":\"https:\/\/www.notibras.com\/site\/#website\",\"url\":\"https:\/\/www.notibras.com\/site\/\",\"name\":\"Notibras\",\"description\":\"Not\u00edcias de Bras\u00edlia, do Brasil e do Mundo\",\"publisher\":{\"@id\":\"https:\/\/www.notibras.com\/site\/#organization\"},\"potentialAction\":[{\"@type\":\"SearchAction\",\"target\":{\"@type\":\"EntryPoint\",\"urlTemplate\":\"https:\/\/www.notibras.com\/site\/?s={search_term_string}\"},\"query-input\":{\"@type\":\"PropertyValueSpecification\",\"valueRequired\":true,\"valueName\":\"search_term_string\"}}],\"inLanguage\":\"pt-BR\"},{\"@type\":\"Organization\",\"@id\":\"https:\/\/www.notibras.com\/site\/#organization\",\"name\":\"Grupo Notibras de Comunica\u00e7\u00e3o\",\"url\":\"https:\/\/www.notibras.com\/site\/\",\"logo\":{\"@type\":\"ImageObject\",\"inLanguage\":\"pt-BR\",\"@id\":\"https:\/\/www.notibras.com\/site\/#\/schema\/logo\/image\/\",\"url\":\"https:\/\/www.notibras.com\/site\/wp-content\/uploads\/2023\/01\/notibras23.png\",\"contentUrl\":\"https:\/\/www.notibras.com\/site\/wp-content\/uploads\/2023\/01\/notibras23.png\",\"width\":350,\"height\":87,\"caption\":\"Grupo Notibras de Comunica\u00e7\u00e3o\"},\"image\":{\"@id\":\"https:\/\/www.notibras.com\/site\/#\/schema\/logo\/image\/\"},\"sameAs\":[\"https:\/\/www.facebook.com\/notibras\/\",\"https:\/\/x.com\/Notibras\",\"https:\/\/www.instagram.com\/notibras\/\"]},{\"@type\":\"Person\",\"@id\":\"https:\/\/www.notibras.com\/site\/#\/schema\/person\/36ab0979449956132d3e5b517ea76ac8\",\"name\":\"Reda\u00e7\u00e3o\",\"image\":{\"@type\":\"ImageObject\",\"inLanguage\":\"pt-BR\",\"@id\":\"https:\/\/secure.gravatar.com\/avatar\/e0a867bdedb85fd243eadf09663511f96fc81e0720a4a42581f334ad4303aa6b?s=96&d=mm&r=g\",\"url\":\"https:\/\/secure.gravatar.com\/avatar\/e0a867bdedb85fd243eadf09663511f96fc81e0720a4a42581f334ad4303aa6b?s=96&d=mm&r=g\",\"contentUrl\":\"https:\/\/secure.gravatar.com\/avatar\/e0a867bdedb85fd243eadf09663511f96fc81e0720a4a42581f334ad4303aa6b?s=96&d=mm&r=g\",\"caption\":\"Reda\u00e7\u00e3o\"}}]}<\/script>\n<!-- \/ Yoast SEO plugin. -->","yoast_head_json":{"title":"Helic\u00f3pteros ucranianos atacam vilarejos na fronteira russa - Notibras","robots":{"index":"index","follow":"follow","max-snippet":"max-snippet:-1","max-image-preview":"max-image-preview:large","max-video-preview":"max-video-preview:-1"},"canonical":"https:\/\/www.notibras.com\/site\/helicopteros-ucranianos-atacam-vilarejos-na-fronteira-russa\/","og_locale":"pt_BR","og_type":"article","og_title":"Helic\u00f3pteros ucranianos atacam vilarejos na fronteira russa - Notibras","og_description":"O Comit\u00ea de Investiga\u00e7\u00e3o da R\u00fassia (CI) abriu um processo criminal sobre um ataque a\u00e9reo realizado por dois helic\u00f3pteros de combate ucranianos em 14 de abril em territ\u00f3rio russo na regi\u00e3o de Bryansk. Os helic\u00f3pteros violaram o espa\u00e7o a\u00e9reo russo e realizaram pelo menos seis ataques a pr\u00e9dios residenciais na vila de Klimovo. Os ataques [&hellip;]","og_url":"https:\/\/www.notibras.com\/site\/helicopteros-ucranianos-atacam-vilarejos-na-fronteira-russa\/","og_site_name":"Notibras","article_publisher":"https:\/\/www.facebook.com\/notibras\/","article_published_time":"2022-04-15T10:42:30+00:00","article_modified_time":"2022-04-15T11:48:11+00:00","og_image":[{"width":1920,"height":1080,"url":"https:\/\/www.notibras.com\/site\/wp-content\/uploads\/2022\/04\/hlicopteros.olho_.webp","type":"image\/webp"}],"author":"Reda\u00e7\u00e3o","twitter_card":"summary_large_image","twitter_creator":"@Notibras","twitter_site":"@Notibras","twitter_misc":{"Escrito por":"Reda\u00e7\u00e3o","Est. tempo de leitura":"2 minutos"},"schema":{"@context":"https:\/\/schema.org","@graph":[{"@type":"Article","@id":"https:\/\/www.notibras.com\/site\/helicopteros-ucranianos-atacam-vilarejos-na-fronteira-russa\/#article","isPartOf":{"@id":"https:\/\/www.notibras.com\/site\/helicopteros-ucranianos-atacam-vilarejos-na-fronteira-russa\/"},"author":{"name":"Reda\u00e7\u00e3o","@id":"https:\/\/www.notibras.com\/site\/#\/schema\/person\/36ab0979449956132d3e5b517ea76ac8"},"headline":"Helic\u00f3pteros ucranianos atacam vilarejos na fronteira russa","datePublished":"2022-04-15T10:42:30+00:00","dateModified":"2022-04-15T11:48:11+00:00","mainEntityOfPage":{"@id":"https:\/\/www.notibras.com\/site\/helicopteros-ucranianos-atacam-vilarejos-na-fronteira-russa\/"},"wordCount":271,"publisher":{"@id":"https:\/\/www.notibras.com\/site\/#organization"},"image":{"@id":"https:\/\/www.notibras.com\/site\/helicopteros-ucranianos-atacam-vilarejos-na-fronteira-russa\/#primaryimage"},"thumbnailUrl":"https:\/\/www.notibras.com\/site\/wp-content\/uploads\/2022\/04\/hlicopteros.olho_.webp","keywords":["capa"],"articleSection":["Apocalipse"],"inLanguage":"pt-BR"},{"@type":"WebPage","@id":"https:\/\/www.notibras.com\/site\/helicopteros-ucranianos-atacam-vilarejos-na-fronteira-russa\/","url":"https:\/\/www.notibras.com\/site\/helicopteros-ucranianos-atacam-vilarejos-na-fronteira-russa\/","name":"Helic\u00f3pteros ucranianos atacam vilarejos na fronteira russa - Notibras","isPartOf":{"@id":"https:\/\/www.notibras.com\/site\/#website"},"primaryImageOfPage":{"@id":"https:\/\/www.notibras.com\/site\/helicopteros-ucranianos-atacam-vilarejos-na-fronteira-russa\/#primaryimage"},"image":{"@id":"https:\/\/www.notibras.com\/site\/helicopteros-ucranianos-atacam-vilarejos-na-fronteira-russa\/#primaryimage"},"thumbnailUrl":"https:\/\/www.notibras.com\/site\/wp-content\/uploads\/2022\/04\/hlicopteros.olho_.webp","datePublished":"2022-04-15T10:42:30+00:00","dateModified":"2022-04-15T11:48:11+00:00","breadcrumb":{"@id":"https:\/\/www.notibras.com\/site\/helicopteros-ucranianos-atacam-vilarejos-na-fronteira-russa\/#breadcrumb"},"inLanguage":"pt-BR","potentialAction":[{"@type":"ReadAction","target":["https:\/\/www.notibras.com\/site\/helicopteros-ucranianos-atacam-vilarejos-na-fronteira-russa\/"]}]},{"@type":"ImageObject","inLanguage":"pt-BR","@id":"https:\/\/www.notibras.com\/site\/helicopteros-ucranianos-atacam-vilarejos-na-fronteira-russa\/#primaryimage","url":"https:\/\/www.notibras.com\/site\/wp-content\/uploads\/2022\/04\/hlicopteros.olho_.webp","contentUrl":"https:\/\/www.notibras.com\/site\/wp-content\/uploads\/2022\/04\/hlicopteros.olho_.webp","width":1920,"height":1080},{"@type":"BreadcrumbList","@id":"https:\/\/www.notibras.com\/site\/helicopteros-ucranianos-atacam-vilarejos-na-fronteira-russa\/#breadcrumb","itemListElement":[{"@type":"ListItem","position":1,"name":"In\u00edcio","item":"https:\/\/www.notibras.com\/site\/"},{"@type":"ListItem","position":2,"name":"Helic\u00f3pteros ucranianos atacam vilarejos na fronteira russa"}]},{"@type":"WebSite","@id":"https:\/\/www.notibras.com\/site\/#website","url":"https:\/\/www.notibras.com\/site\/","name":"Notibras","description":"Not\u00edcias de Bras\u00edlia, do Brasil e do Mundo","publisher":{"@id":"https:\/\/www.notibras.com\/site\/#organization"},"potentialAction":[{"@type":"SearchAction","target":{"@type":"EntryPoint","urlTemplate":"https:\/\/www.notibras.com\/site\/?s={search_term_string}"},"query-input":{"@type":"PropertyValueSpecification","valueRequired":true,"valueName":"search_term_string"}}],"inLanguage":"pt-BR"},{"@type":"Organization","@id":"https:\/\/www.notibras.com\/site\/#organization","name":"Grupo Notibras de Comunica\u00e7\u00e3o","url":"https:\/\/www.notibras.com\/site\/","logo":{"@type":"ImageObject","inLanguage":"pt-BR","@id":"https:\/\/www.notibras.com\/site\/#\/schema\/logo\/image\/","url":"https:\/\/www.notibras.com\/site\/wp-content\/uploads\/2023\/01\/notibras23.png","contentUrl":"https:\/\/www.notibras.com\/site\/wp-content\/uploads\/2023\/01\/notibras23.png","width":350,"height":87,"caption":"Grupo Notibras de Comunica\u00e7\u00e3o"},"image":{"@id":"https:\/\/www.notibras.com\/site\/#\/schema\/logo\/image\/"},"sameAs":["https:\/\/www.facebook.com\/notibras\/","https:\/\/x.com\/Notibras","https:\/\/www.instagram.com\/notibras\/"]},{"@type":"Person","@id":"https:\/\/www.notibras.com\/site\/#\/schema\/person\/36ab0979449956132d3e5b517ea76ac8","name":"Reda\u00e7\u00e3o","image":{"@type":"ImageObject","inLanguage":"pt-BR","@id":"https:\/\/secure.gravatar.com\/avatar\/e0a867bdedb85fd243eadf09663511f96fc81e0720a4a42581f334ad4303aa6b?s=96&d=mm&r=g","url":"https:\/\/secure.gravatar.com\/avatar\/e0a867bdedb85fd243eadf09663511f96fc81e0720a4a42581f334ad4303aa6b?s=96&d=mm&r=g","contentUrl":"https:\/\/secure.gravatar.com\/avatar\/e0a867bdedb85fd243eadf09663511f96fc81e0720a4a42581f334ad4303aa6b?s=96&d=mm&r=g","caption":"Reda\u00e7\u00e3o"}}]}},"amp_enabled":true,"_links":{"self":[{"href":"https:\/\/www.notibras.com\/site\/wp-json\/wp\/v2\/posts\/283893","targetHints":{"allow":["GET"]}}],"collection":[{"href":"https:\/\/www.notibras.com\/site\/wp-json\/wp\/v2\/posts"}],"about":[{"href":"https:\/\/www.notibras.com\/site\/wp-json\/wp\/v2\/types\/post"}],"author":[{"embeddable":true,"href":"https:\/\/www.notibras.com\/site\/wp-json\/wp\/v2\/users\/2"}],"replies":[{"embeddable":true,"href":"https:\/\/www.notibras.com\/site\/wp-json\/wp\/v2\/comments?post=283893"}],"version-history":[{"count":1,"href":"https:\/\/www.notibras.com\/site\/wp-json\/wp\/v2\/posts\/283893\/revisions"}],"predecessor-version":[{"id":283895,"href":"https:\/\/www.notibras.com\/site\/wp-json\/wp\/v2\/posts\/283893\/revisions\/283895"}],"wp:featuredmedia":[{"embeddable":true,"href":"https:\/\/www.notibras.com\/site\/wp-json\/wp\/v2\/media\/283894"}],"wp:attachment":[{"href":"https:\/\/www.notibras.com\/site\/wp-json\/wp\/v2\/media?parent=283893"}],"wp:term":[{"taxonomy":"category","embeddable":true,"href":"https:\/\/www.notibras.com\/site\/wp-json\/wp\/v2\/categories?post=283893"},{"taxonomy":"post_tag","embeddable":true,"href":"https:\/\/www.notibras.com\/site\/wp-json\/wp\/v2\/tags?post=283893"}],"curies":[{"name":"wp","href":"https:\/\/api.w.org\/{rel}","templated":true}]}}