{"id":283896,"date":"2022-04-15T07:49:11","date_gmt":"2022-04-15T10:49:11","guid":{"rendered":"https:\/\/www.notibras.com\/site\/?p=283896"},"modified":"2022-04-15T09:01:12","modified_gmt":"2022-04-15T12:01:12","slug":"regiao-do-baltico-pode-virar-estopim-para-guerra-nuclear","status":"publish","type":"post","link":"https:\/\/www.notibras.com\/site\/regiao-do-baltico-pode-virar-estopim-para-guerra-nuclear\/","title":{"rendered":"Regi\u00e3o do B\u00e1ltico pode virar estopim para guerra nuclear"},"content":{"rendered":"<p>No in\u00edcio desta semana, a m\u00eddia sueca informou que o primeiro-ministro do pa\u00eds planeja solicitar a ades\u00e3o da Su\u00e9cia \u00e0 Otan em junho; e a primeira-ministra da Finl\u00e2ndia, por sua vez, disse que a Finl\u00e2ndia decidir\u00e1 sobre a ades\u00e3o \u00e0 Otan &#8220;dentro de semanas&#8221;. Moscou reagiu e voltou a alertar: essas ades\u00f5es v\u00e3o minar a estabilidade no norte da Europa. E sustntou que est\u00e1 na mesa um projeto que pode transformar o B\u00e1ltico alvo de armas nucleares.<\/p>\n<p>&#8220;N\u00e3o \u00e9 nenhum segredo que a Otan atua h\u00e1 muito tempo nos territ\u00f3rios desses pa\u00edses, eles estavam realizando exerc\u00edcios militares de grande escala l\u00e1. Est\u00e1 claro por que a alian\u00e7a precisa disso. O objetivo \u00e9 continuar construindo potencial militar e expans\u00e3o geogr\u00e1fica, e para criar outro flanco de onde amea\u00e7ar a R\u00fassia. Mas n\u00e3o est\u00e1 claro por que nossos vizinhos finlandeses e suecos na regi\u00e3o do B\u00e1ltico se tornariam uma nova fronteira do confronto da Otan com a R\u00fassia. As consequ\u00eancias negativas para a paz e a estabilidade no norte da Europa s\u00e3o \u00f3bvias&#8221;, disse a porta-voz do minist\u00e9rio, Maria Zakharova, em um coment\u00e1rio publicado no site do minist\u00e9rio.<\/p>\n<p>Segundo a porta-voz, a ades\u00e3o desses pa\u00edses \u00e0 Otan n\u00e3o os ajudar\u00e1 a fortalecer sua seguran\u00e7a nacional. &#8220;Eles se encontrar\u00e3o automaticamente na &#8216;linha de frente&#8217; da OTAN. Al\u00e9m disso, a ades\u00e3o \u00e0 Otan na verdade implica que um pa\u00eds membro ter\u00e1 que renunciar a parte de sua soberania enquanto toma decis\u00f5es sobre defesa e pol\u00edtica externa. Mas isso se tornou uma tend\u00eancia h\u00e1 muito tempo. diante da situa\u00e7\u00e3o atual; os estados membros da UE, incluindo seus pa\u00edses n\u00e3o alinhados, gradualmente se transformaram em um instrumento obedientemente seguindo as pol\u00edticas destrutivas dos Estados Unidos e da Otan&#8221;, disse Zakharova.<\/p>\n<p>&#8220;A ades\u00e3o \u00e0 Otan n\u00e3o fortalecer\u00e1 o prest\u00edgio internacional da Su\u00e9cia e da Finl\u00e2ndia, pa\u00edses que costumavam promover muitas iniciativas construtivas e unificadoras&#8221;, acrescentou. &#8220;Assim que aderirem \u00e0 alian\u00e7a, Estocolmo e Helsinque n\u00e3o ter\u00e3o mais essa oportunidade&#8221;, concluiu Zakharova.<\/p>\n<p>Esta declara\u00e7\u00e3o vem no contexto de reportagens da m\u00eddia na Su\u00e9cia e na Finl\u00e2ndia sobre os dois pa\u00edses que consideram a ades\u00e3o \u00e0 Otan em um futuro pr\u00f3ximo. Ambos os pa\u00edses permaneceram neutros por muitos anos, mas o in\u00edcio da opera\u00e7\u00e3o militar especial da R\u00fassia na Ucr\u00e2nia levou Estocolmo e Helsinque a considerar mudar suas posi\u00e7\u00f5es.<\/p>\n<p>No meio desta semana, Svenska Dagbladet informou que a primeira-ministra da Su\u00e9cia, Magdalena Andersson, apresentaria um pedido para que seu pa\u00eds se juntasse \u00e0 Otan m junho. A primeira-ministra da Finl\u00e2ndia, Sanna Marin, por sua vez, anunciou que seu pa\u00eds decidir\u00e1 se deve ou n\u00e3o solicitar a ades\u00e3o \u00e0 Otan &#8220;dentro de semanas&#8221;.<\/p>\n<p>&nbsp;<\/p>\n","protected":false},"excerpt":{"rendered":"<p>No in\u00edcio desta semana, a m\u00eddia sueca informou que o primeiro-ministro do pa\u00eds planeja solicitar a ades\u00e3o da Su\u00e9cia \u00e0 Otan em junho; e a primeira-ministra da Finl\u00e2ndia, por sua vez, disse que a Finl\u00e2ndia decidir\u00e1 sobre a ades\u00e3o \u00e0 Otan &#8220;dentro de semanas&#8221;. Moscou reagiu e voltou a alertar: essas ades\u00f5es v\u00e3o minar a [&hellip;]<\/p>\n","protected":false},"author":2,"featured_media":283897,"comment_status":"closed","ping_status":"closed","sticky":false,"template":"","format":"standard","meta":{"_acf_changed":false,"footnotes":""},"categories":[159],"tags":[95],"class_list":["post-283896","post","type-post","status-publish","format-standard","has-post-thumbnail","hentry","category-apocalipse","tag-capa"],"acf":[],"yoast_head":"<!-- This site is optimized with the Yoast SEO plugin v27.2 - https:\/\/yoast.com\/product\/yoast-seo-wordpress\/ -->\n<title>Regi\u00e3o do B\u00e1ltico pode virar estopim para guerra nuclear - Notibras<\/title>\n<meta name=\"robots\" content=\"index, follow, max-snippet:-1, max-image-preview:large, max-video-preview:-1\" \/>\n<link rel=\"canonical\" href=\"https:\/\/www.notibras.com\/site\/regiao-do-baltico-pode-virar-estopim-para-guerra-nuclear\/\" \/>\n<meta property=\"og:locale\" content=\"pt_BR\" \/>\n<meta property=\"og:type\" content=\"article\" \/>\n<meta property=\"og:title\" content=\"Regi\u00e3o do B\u00e1ltico pode virar estopim para guerra nuclear - Notibras\" \/>\n<meta property=\"og:description\" content=\"No in\u00edcio desta semana, a m\u00eddia sueca informou que o primeiro-ministro do pa\u00eds planeja solicitar a ades\u00e3o da Su\u00e9cia \u00e0 Otan em junho; e a primeira-ministra da Finl\u00e2ndia, por sua vez, disse que a Finl\u00e2ndia decidir\u00e1 sobre a ades\u00e3o \u00e0 Otan &#8220;dentro de semanas&#8221;. Moscou reagiu e voltou a alertar: essas ades\u00f5es v\u00e3o minar a [&hellip;]\" \/>\n<meta property=\"og:url\" content=\"https:\/\/www.notibras.com\/site\/regiao-do-baltico-pode-virar-estopim-para-guerra-nuclear\/\" \/>\n<meta property=\"og:site_name\" content=\"Notibras\" \/>\n<meta property=\"article:publisher\" content=\"https:\/\/www.facebook.com\/notibras\/\" \/>\n<meta property=\"article:published_time\" content=\"2022-04-15T10:49:11+00:00\" \/>\n<meta property=\"article:modified_time\" content=\"2022-04-15T12:01:12+00:00\" \/>\n<meta property=\"og:image\" content=\"https:\/\/www.notibras.com\/site\/wp-content\/uploads\/2022\/04\/cise.guerra.otan_.webp\" \/>\n\t<meta property=\"og:image:width\" content=\"1920\" \/>\n\t<meta property=\"og:image:height\" content=\"1080\" \/>\n\t<meta property=\"og:image:type\" content=\"image\/webp\" \/>\n<meta name=\"author\" content=\"Reda\u00e7\u00e3o\" \/>\n<meta name=\"twitter:card\" content=\"summary_large_image\" \/>\n<meta name=\"twitter:creator\" content=\"@Notibras\" \/>\n<meta name=\"twitter:site\" content=\"@Notibras\" \/>\n<meta name=\"twitter:label1\" content=\"Escrito por\" \/>\n\t<meta name=\"twitter:data1\" content=\"Reda\u00e7\u00e3o\" \/>\n\t<meta name=\"twitter:label2\" content=\"Est. tempo de leitura\" \/>\n\t<meta name=\"twitter:data2\" content=\"3 minutos\" \/>\n<script type=\"application\/ld+json\" class=\"yoast-schema-graph\">{\"@context\":\"https:\/\/schema.org\",\"@graph\":[{\"@type\":\"Article\",\"@id\":\"https:\/\/www.notibras.com\/site\/regiao-do-baltico-pode-virar-estopim-para-guerra-nuclear\/#article\",\"isPartOf\":{\"@id\":\"https:\/\/www.notibras.com\/site\/regiao-do-baltico-pode-virar-estopim-para-guerra-nuclear\/\"},\"author\":{\"name\":\"Reda\u00e7\u00e3o\",\"@id\":\"https:\/\/www.notibras.com\/site\/#\/schema\/person\/36ab0979449956132d3e5b517ea76ac8\"},\"headline\":\"Regi\u00e3o do B\u00e1ltico pode virar estopim para guerra nuclear\",\"datePublished\":\"2022-04-15T10:49:11+00:00\",\"dateModified\":\"2022-04-15T12:01:12+00:00\",\"mainEntityOfPage\":{\"@id\":\"https:\/\/www.notibras.com\/site\/regiao-do-baltico-pode-virar-estopim-para-guerra-nuclear\/\"},\"wordCount\":505,\"publisher\":{\"@id\":\"https:\/\/www.notibras.com\/site\/#organization\"},\"image\":{\"@id\":\"https:\/\/www.notibras.com\/site\/regiao-do-baltico-pode-virar-estopim-para-guerra-nuclear\/#primaryimage\"},\"thumbnailUrl\":\"https:\/\/www.notibras.com\/site\/wp-content\/uploads\/2022\/04\/cise.guerra.otan_.webp\",\"keywords\":[\"capa\"],\"articleSection\":[\"Apocalipse\"],\"inLanguage\":\"pt-BR\"},{\"@type\":\"WebPage\",\"@id\":\"https:\/\/www.notibras.com\/site\/regiao-do-baltico-pode-virar-estopim-para-guerra-nuclear\/\",\"url\":\"https:\/\/www.notibras.com\/site\/regiao-do-baltico-pode-virar-estopim-para-guerra-nuclear\/\",\"name\":\"Regi\u00e3o do B\u00e1ltico pode virar estopim para guerra nuclear - Notibras\",\"isPartOf\":{\"@id\":\"https:\/\/www.notibras.com\/site\/#website\"},\"primaryImageOfPage\":{\"@id\":\"https:\/\/www.notibras.com\/site\/regiao-do-baltico-pode-virar-estopim-para-guerra-nuclear\/#primaryimage\"},\"image\":{\"@id\":\"https:\/\/www.notibras.com\/site\/regiao-do-baltico-pode-virar-estopim-para-guerra-nuclear\/#primaryimage\"},\"thumbnailUrl\":\"https:\/\/www.notibras.com\/site\/wp-content\/uploads\/2022\/04\/cise.guerra.otan_.webp\",\"datePublished\":\"2022-04-15T10:49:11+00:00\",\"dateModified\":\"2022-04-15T12:01:12+00:00\",\"breadcrumb\":{\"@id\":\"https:\/\/www.notibras.com\/site\/regiao-do-baltico-pode-virar-estopim-para-guerra-nuclear\/#breadcrumb\"},\"inLanguage\":\"pt-BR\",\"potentialAction\":[{\"@type\":\"ReadAction\",\"target\":[\"https:\/\/www.notibras.com\/site\/regiao-do-baltico-pode-virar-estopim-para-guerra-nuclear\/\"]}]},{\"@type\":\"ImageObject\",\"inLanguage\":\"pt-BR\",\"@id\":\"https:\/\/www.notibras.com\/site\/regiao-do-baltico-pode-virar-estopim-para-guerra-nuclear\/#primaryimage\",\"url\":\"https:\/\/www.notibras.com\/site\/wp-content\/uploads\/2022\/04\/cise.guerra.otan_.webp\",\"contentUrl\":\"https:\/\/www.notibras.com\/site\/wp-content\/uploads\/2022\/04\/cise.guerra.otan_.webp\",\"width\":1920,\"height\":1080},{\"@type\":\"BreadcrumbList\",\"@id\":\"https:\/\/www.notibras.com\/site\/regiao-do-baltico-pode-virar-estopim-para-guerra-nuclear\/#breadcrumb\",\"itemListElement\":[{\"@type\":\"ListItem\",\"position\":1,\"name\":\"In\u00edcio\",\"item\":\"https:\/\/www.notibras.com\/site\/\"},{\"@type\":\"ListItem\",\"position\":2,\"name\":\"Regi\u00e3o do B\u00e1ltico pode virar estopim para guerra nuclear\"}]},{\"@type\":\"WebSite\",\"@id\":\"https:\/\/www.notibras.com\/site\/#website\",\"url\":\"https:\/\/www.notibras.com\/site\/\",\"name\":\"Notibras\",\"description\":\"Not\u00edcias de Bras\u00edlia, do Brasil e do Mundo\",\"publisher\":{\"@id\":\"https:\/\/www.notibras.com\/site\/#organization\"},\"potentialAction\":[{\"@type\":\"SearchAction\",\"target\":{\"@type\":\"EntryPoint\",\"urlTemplate\":\"https:\/\/www.notibras.com\/site\/?s={search_term_string}\"},\"query-input\":{\"@type\":\"PropertyValueSpecification\",\"valueRequired\":true,\"valueName\":\"search_term_string\"}}],\"inLanguage\":\"pt-BR\"},{\"@type\":\"Organization\",\"@id\":\"https:\/\/www.notibras.com\/site\/#organization\",\"name\":\"Grupo Notibras de Comunica\u00e7\u00e3o\",\"url\":\"https:\/\/www.notibras.com\/site\/\",\"logo\":{\"@type\":\"ImageObject\",\"inLanguage\":\"pt-BR\",\"@id\":\"https:\/\/www.notibras.com\/site\/#\/schema\/logo\/image\/\",\"url\":\"https:\/\/www.notibras.com\/site\/wp-content\/uploads\/2023\/01\/notibras23.png\",\"contentUrl\":\"https:\/\/www.notibras.com\/site\/wp-content\/uploads\/2023\/01\/notibras23.png\",\"width\":350,\"height\":87,\"caption\":\"Grupo Notibras de Comunica\u00e7\u00e3o\"},\"image\":{\"@id\":\"https:\/\/www.notibras.com\/site\/#\/schema\/logo\/image\/\"},\"sameAs\":[\"https:\/\/www.facebook.com\/notibras\/\",\"https:\/\/x.com\/Notibras\",\"https:\/\/www.instagram.com\/notibras\/\"]},{\"@type\":\"Person\",\"@id\":\"https:\/\/www.notibras.com\/site\/#\/schema\/person\/36ab0979449956132d3e5b517ea76ac8\",\"name\":\"Reda\u00e7\u00e3o\",\"image\":{\"@type\":\"ImageObject\",\"inLanguage\":\"pt-BR\",\"@id\":\"https:\/\/secure.gravatar.com\/avatar\/e0a867bdedb85fd243eadf09663511f96fc81e0720a4a42581f334ad4303aa6b?s=96&d=mm&r=g\",\"url\":\"https:\/\/secure.gravatar.com\/avatar\/e0a867bdedb85fd243eadf09663511f96fc81e0720a4a42581f334ad4303aa6b?s=96&d=mm&r=g\",\"contentUrl\":\"https:\/\/secure.gravatar.com\/avatar\/e0a867bdedb85fd243eadf09663511f96fc81e0720a4a42581f334ad4303aa6b?s=96&d=mm&r=g\",\"caption\":\"Reda\u00e7\u00e3o\"}}]}<\/script>\n<!-- \/ Yoast SEO plugin. -->","yoast_head_json":{"title":"Regi\u00e3o do B\u00e1ltico pode virar estopim para guerra nuclear - Notibras","robots":{"index":"index","follow":"follow","max-snippet":"max-snippet:-1","max-image-preview":"max-image-preview:large","max-video-preview":"max-video-preview:-1"},"canonical":"https:\/\/www.notibras.com\/site\/regiao-do-baltico-pode-virar-estopim-para-guerra-nuclear\/","og_locale":"pt_BR","og_type":"article","og_title":"Regi\u00e3o do B\u00e1ltico pode virar estopim para guerra nuclear - Notibras","og_description":"No in\u00edcio desta semana, a m\u00eddia sueca informou que o primeiro-ministro do pa\u00eds planeja solicitar a ades\u00e3o da Su\u00e9cia \u00e0 Otan em junho; e a primeira-ministra da Finl\u00e2ndia, por sua vez, disse que a Finl\u00e2ndia decidir\u00e1 sobre a ades\u00e3o \u00e0 Otan &#8220;dentro de semanas&#8221;. Moscou reagiu e voltou a alertar: essas ades\u00f5es v\u00e3o minar a [&hellip;]","og_url":"https:\/\/www.notibras.com\/site\/regiao-do-baltico-pode-virar-estopim-para-guerra-nuclear\/","og_site_name":"Notibras","article_publisher":"https:\/\/www.facebook.com\/notibras\/","article_published_time":"2022-04-15T10:49:11+00:00","article_modified_time":"2022-04-15T12:01:12+00:00","og_image":[{"width":1920,"height":1080,"url":"https:\/\/www.notibras.com\/site\/wp-content\/uploads\/2022\/04\/cise.guerra.otan_.webp","type":"image\/webp"}],"author":"Reda\u00e7\u00e3o","twitter_card":"summary_large_image","twitter_creator":"@Notibras","twitter_site":"@Notibras","twitter_misc":{"Escrito por":"Reda\u00e7\u00e3o","Est. tempo de leitura":"3 minutos"},"schema":{"@context":"https:\/\/schema.org","@graph":[{"@type":"Article","@id":"https:\/\/www.notibras.com\/site\/regiao-do-baltico-pode-virar-estopim-para-guerra-nuclear\/#article","isPartOf":{"@id":"https:\/\/www.notibras.com\/site\/regiao-do-baltico-pode-virar-estopim-para-guerra-nuclear\/"},"author":{"name":"Reda\u00e7\u00e3o","@id":"https:\/\/www.notibras.com\/site\/#\/schema\/person\/36ab0979449956132d3e5b517ea76ac8"},"headline":"Regi\u00e3o do B\u00e1ltico pode virar estopim para guerra nuclear","datePublished":"2022-04-15T10:49:11+00:00","dateModified":"2022-04-15T12:01:12+00:00","mainEntityOfPage":{"@id":"https:\/\/www.notibras.com\/site\/regiao-do-baltico-pode-virar-estopim-para-guerra-nuclear\/"},"wordCount":505,"publisher":{"@id":"https:\/\/www.notibras.com\/site\/#organization"},"image":{"@id":"https:\/\/www.notibras.com\/site\/regiao-do-baltico-pode-virar-estopim-para-guerra-nuclear\/#primaryimage"},"thumbnailUrl":"https:\/\/www.notibras.com\/site\/wp-content\/uploads\/2022\/04\/cise.guerra.otan_.webp","keywords":["capa"],"articleSection":["Apocalipse"],"inLanguage":"pt-BR"},{"@type":"WebPage","@id":"https:\/\/www.notibras.com\/site\/regiao-do-baltico-pode-virar-estopim-para-guerra-nuclear\/","url":"https:\/\/www.notibras.com\/site\/regiao-do-baltico-pode-virar-estopim-para-guerra-nuclear\/","name":"Regi\u00e3o do B\u00e1ltico pode virar estopim para guerra nuclear - Notibras","isPartOf":{"@id":"https:\/\/www.notibras.com\/site\/#website"},"primaryImageOfPage":{"@id":"https:\/\/www.notibras.com\/site\/regiao-do-baltico-pode-virar-estopim-para-guerra-nuclear\/#primaryimage"},"image":{"@id":"https:\/\/www.notibras.com\/site\/regiao-do-baltico-pode-virar-estopim-para-guerra-nuclear\/#primaryimage"},"thumbnailUrl":"https:\/\/www.notibras.com\/site\/wp-content\/uploads\/2022\/04\/cise.guerra.otan_.webp","datePublished":"2022-04-15T10:49:11+00:00","dateModified":"2022-04-15T12:01:12+00:00","breadcrumb":{"@id":"https:\/\/www.notibras.com\/site\/regiao-do-baltico-pode-virar-estopim-para-guerra-nuclear\/#breadcrumb"},"inLanguage":"pt-BR","potentialAction":[{"@type":"ReadAction","target":["https:\/\/www.notibras.com\/site\/regiao-do-baltico-pode-virar-estopim-para-guerra-nuclear\/"]}]},{"@type":"ImageObject","inLanguage":"pt-BR","@id":"https:\/\/www.notibras.com\/site\/regiao-do-baltico-pode-virar-estopim-para-guerra-nuclear\/#primaryimage","url":"https:\/\/www.notibras.com\/site\/wp-content\/uploads\/2022\/04\/cise.guerra.otan_.webp","contentUrl":"https:\/\/www.notibras.com\/site\/wp-content\/uploads\/2022\/04\/cise.guerra.otan_.webp","width":1920,"height":1080},{"@type":"BreadcrumbList","@id":"https:\/\/www.notibras.com\/site\/regiao-do-baltico-pode-virar-estopim-para-guerra-nuclear\/#breadcrumb","itemListElement":[{"@type":"ListItem","position":1,"name":"In\u00edcio","item":"https:\/\/www.notibras.com\/site\/"},{"@type":"ListItem","position":2,"name":"Regi\u00e3o do B\u00e1ltico pode virar estopim para guerra nuclear"}]},{"@type":"WebSite","@id":"https:\/\/www.notibras.com\/site\/#website","url":"https:\/\/www.notibras.com\/site\/","name":"Notibras","description":"Not\u00edcias de Bras\u00edlia, do Brasil e do Mundo","publisher":{"@id":"https:\/\/www.notibras.com\/site\/#organization"},"potentialAction":[{"@type":"SearchAction","target":{"@type":"EntryPoint","urlTemplate":"https:\/\/www.notibras.com\/site\/?s={search_term_string}"},"query-input":{"@type":"PropertyValueSpecification","valueRequired":true,"valueName":"search_term_string"}}],"inLanguage":"pt-BR"},{"@type":"Organization","@id":"https:\/\/www.notibras.com\/site\/#organization","name":"Grupo Notibras de Comunica\u00e7\u00e3o","url":"https:\/\/www.notibras.com\/site\/","logo":{"@type":"ImageObject","inLanguage":"pt-BR","@id":"https:\/\/www.notibras.com\/site\/#\/schema\/logo\/image\/","url":"https:\/\/www.notibras.com\/site\/wp-content\/uploads\/2023\/01\/notibras23.png","contentUrl":"https:\/\/www.notibras.com\/site\/wp-content\/uploads\/2023\/01\/notibras23.png","width":350,"height":87,"caption":"Grupo Notibras de Comunica\u00e7\u00e3o"},"image":{"@id":"https:\/\/www.notibras.com\/site\/#\/schema\/logo\/image\/"},"sameAs":["https:\/\/www.facebook.com\/notibras\/","https:\/\/x.com\/Notibras","https:\/\/www.instagram.com\/notibras\/"]},{"@type":"Person","@id":"https:\/\/www.notibras.com\/site\/#\/schema\/person\/36ab0979449956132d3e5b517ea76ac8","name":"Reda\u00e7\u00e3o","image":{"@type":"ImageObject","inLanguage":"pt-BR","@id":"https:\/\/secure.gravatar.com\/avatar\/e0a867bdedb85fd243eadf09663511f96fc81e0720a4a42581f334ad4303aa6b?s=96&d=mm&r=g","url":"https:\/\/secure.gravatar.com\/avatar\/e0a867bdedb85fd243eadf09663511f96fc81e0720a4a42581f334ad4303aa6b?s=96&d=mm&r=g","contentUrl":"https:\/\/secure.gravatar.com\/avatar\/e0a867bdedb85fd243eadf09663511f96fc81e0720a4a42581f334ad4303aa6b?s=96&d=mm&r=g","caption":"Reda\u00e7\u00e3o"}}]}},"amp_enabled":true,"_links":{"self":[{"href":"https:\/\/www.notibras.com\/site\/wp-json\/wp\/v2\/posts\/283896","targetHints":{"allow":["GET"]}}],"collection":[{"href":"https:\/\/www.notibras.com\/site\/wp-json\/wp\/v2\/posts"}],"about":[{"href":"https:\/\/www.notibras.com\/site\/wp-json\/wp\/v2\/types\/post"}],"author":[{"embeddable":true,"href":"https:\/\/www.notibras.com\/site\/wp-json\/wp\/v2\/users\/2"}],"replies":[{"embeddable":true,"href":"https:\/\/www.notibras.com\/site\/wp-json\/wp\/v2\/comments?post=283896"}],"version-history":[{"count":1,"href":"https:\/\/www.notibras.com\/site\/wp-json\/wp\/v2\/posts\/283896\/revisions"}],"predecessor-version":[{"id":283898,"href":"https:\/\/www.notibras.com\/site\/wp-json\/wp\/v2\/posts\/283896\/revisions\/283898"}],"wp:featuredmedia":[{"embeddable":true,"href":"https:\/\/www.notibras.com\/site\/wp-json\/wp\/v2\/media\/283897"}],"wp:attachment":[{"href":"https:\/\/www.notibras.com\/site\/wp-json\/wp\/v2\/media?parent=283896"}],"wp:term":[{"taxonomy":"category","embeddable":true,"href":"https:\/\/www.notibras.com\/site\/wp-json\/wp\/v2\/categories?post=283896"},{"taxonomy":"post_tag","embeddable":true,"href":"https:\/\/www.notibras.com\/site\/wp-json\/wp\/v2\/tags?post=283896"}],"curies":[{"name":"wp","href":"https:\/\/api.w.org\/{rel}","templated":true}]}}