{"id":283988,"date":"2022-04-16T15:15:14","date_gmt":"2022-04-16T18:15:14","guid":{"rendered":"https:\/\/www.notibras.com\/site\/?p=283988"},"modified":"2022-04-16T16:04:16","modified_gmt":"2022-04-16T19:04:16","slug":"russia-amplia-ofensiva-e-lanca-misseis-contra-kiev-e-lviv","status":"publish","type":"post","link":"https:\/\/www.notibras.com\/site\/russia-amplia-ofensiva-e-lanca-misseis-contra-kiev-e-lviv\/","title":{"rendered":"R\u00fassia amplia ofensiva e lan\u00e7a m\u00edsseis contra Kiev e Lviv"},"content":{"rendered":"<p>Avi\u00f5es de guerra russos bombardearam Lviv e m\u00edsseis atingiram Kiev e Kharkiv neste s\u00e1bado (16), conforme Moscou cumpre a amea\u00e7a de lan\u00e7ar mais ataques contra cidades ucranianas.<\/p>\n<p>Na sitiada Mariupol, cen\u00e1rio dos combates mais pesados da guerra e da pior cat\u00e1strofe humanit\u00e1ria, as tropas russas colocaram press\u00e3o sobre os avan\u00e7os recentes, esperando compensar o fracasso em capturar Kiev.<\/p>\n<p>Moscou informou que seus avi\u00f5es atingiram uma f\u00e1brica de reparos de tanques na capital, onde p\u00f4de ser ouvida uma explos\u00e3o no distrito de Darnytskyi, no sudeste de Kiev. O prefeito da capital da Ucr\u00e2nia disse que pelo menos uma pessoa morreu e que os m\u00e9dicos est\u00e3o lutando para salvar outras vidas.<\/p>\n<p>O ex\u00e9rcito da Ucr\u00e2nia disse que os avi\u00f5es de guerra russos que decolaram de Belarus tamb\u00e9m dispararam m\u00edsseis na regi\u00e3o de Lviv, perto da fronteira com a Pol\u00f4nia, onde quatro m\u00edsseis de cruzeiro foram abatidos por defesas a\u00e9reas ucranianas.<\/p>\n<p>Em Mariupol, jornalistas da Reuters nas partes da cidade controladas pelos russos chegaram \u00e0 sider\u00fargica Ilyich, que Moscou alegou ter capturado na sexta-feira (15). O local abriga uma das duas gigantescas f\u00e1bricas de metal onde defensores t\u00eam resistido em t\u00faneis subterr\u00e2neos e bunkers.<\/p>\n<p>Os ataques seguiram o an\u00fancio da R\u00fassia de que o pa\u00eds intensificaria a ofensiva de longo alcance em retalia\u00e7\u00e3o a atos n\u00e3o especificados de &#8220;sabotagem&#8221; e &#8220;terrorismo&#8221;, horas depois de confirmar o naufr\u00e1gio de seu navio almirante no Mar Negro, o Moskva.<\/p>\n","protected":false},"excerpt":{"rendered":"<p>Avi\u00f5es de guerra russos bombardearam Lviv e m\u00edsseis atingiram Kiev e Kharkiv neste s\u00e1bado (16), conforme Moscou cumpre a amea\u00e7a de lan\u00e7ar mais ataques contra cidades ucranianas. Na sitiada Mariupol, cen\u00e1rio dos combates mais pesados da guerra e da pior cat\u00e1strofe humanit\u00e1ria, as tropas russas colocaram press\u00e3o sobre os avan\u00e7os recentes, esperando compensar o fracasso [&hellip;]<\/p>\n","protected":false},"author":2,"featured_media":283989,"comment_status":"closed","ping_status":"closed","sticky":false,"template":"","format":"standard","meta":{"_acf_changed":false,"footnotes":""},"categories":[159],"tags":[95],"class_list":["post-283988","post","type-post","status-publish","format-standard","has-post-thumbnail","hentry","category-apocalipse","tag-capa"],"acf":[],"yoast_head":"<!-- This site is optimized with the Yoast SEO plugin v27.2 - https:\/\/yoast.com\/product\/yoast-seo-wordpress\/ -->\n<title>R\u00fassia amplia ofensiva e lan\u00e7a m\u00edsseis contra Kiev e Lviv - Notibras<\/title>\n<meta name=\"robots\" content=\"index, follow, max-snippet:-1, max-image-preview:large, max-video-preview:-1\" \/>\n<link rel=\"canonical\" href=\"https:\/\/www.notibras.com\/site\/russia-amplia-ofensiva-e-lanca-misseis-contra-kiev-e-lviv\/\" \/>\n<meta property=\"og:locale\" content=\"pt_BR\" \/>\n<meta property=\"og:type\" content=\"article\" \/>\n<meta property=\"og:title\" content=\"R\u00fassia amplia ofensiva e lan\u00e7a m\u00edsseis contra Kiev e Lviv - Notibras\" \/>\n<meta property=\"og:description\" content=\"Avi\u00f5es de guerra russos bombardearam Lviv e m\u00edsseis atingiram Kiev e Kharkiv neste s\u00e1bado (16), conforme Moscou cumpre a amea\u00e7a de lan\u00e7ar mais ataques contra cidades ucranianas. Na sitiada Mariupol, cen\u00e1rio dos combates mais pesados da guerra e da pior cat\u00e1strofe humanit\u00e1ria, as tropas russas colocaram press\u00e3o sobre os avan\u00e7os recentes, esperando compensar o fracasso [&hellip;]\" \/>\n<meta property=\"og:url\" content=\"https:\/\/www.notibras.com\/site\/russia-amplia-ofensiva-e-lanca-misseis-contra-kiev-e-lviv\/\" \/>\n<meta property=\"og:site_name\" content=\"Notibras\" \/>\n<meta property=\"article:publisher\" content=\"https:\/\/www.facebook.com\/notibras\/\" \/>\n<meta property=\"article:published_time\" content=\"2022-04-16T18:15:14+00:00\" \/>\n<meta property=\"article:modified_time\" content=\"2022-04-16T19:04:16+00:00\" \/>\n<meta property=\"og:image\" content=\"https:\/\/www.notibras.com\/site\/wp-content\/uploads\/2022\/04\/2022-03-12t000000z_1341920017_mt1nurpho000vyft87_rtrmadp_3_ukraine-crisis.jpg\" \/>\n\t<meta property=\"og:image:width\" content=\"1170\" \/>\n\t<meta property=\"og:image:height\" content=\"700\" \/>\n\t<meta property=\"og:image:type\" content=\"image\/jpeg\" \/>\n<meta name=\"author\" content=\"Reda\u00e7\u00e3o\" \/>\n<meta name=\"twitter:card\" content=\"summary_large_image\" \/>\n<meta name=\"twitter:creator\" content=\"@Notibras\" \/>\n<meta name=\"twitter:site\" content=\"@Notibras\" \/>\n<meta name=\"twitter:label1\" content=\"Escrito por\" \/>\n\t<meta name=\"twitter:data1\" content=\"Reda\u00e7\u00e3o\" \/>\n\t<meta name=\"twitter:label2\" content=\"Est. tempo de leitura\" \/>\n\t<meta name=\"twitter:data2\" content=\"2 minutos\" \/>\n<script type=\"application\/ld+json\" class=\"yoast-schema-graph\">{\"@context\":\"https:\/\/schema.org\",\"@graph\":[{\"@type\":\"Article\",\"@id\":\"https:\/\/www.notibras.com\/site\/russia-amplia-ofensiva-e-lanca-misseis-contra-kiev-e-lviv\/#article\",\"isPartOf\":{\"@id\":\"https:\/\/www.notibras.com\/site\/russia-amplia-ofensiva-e-lanca-misseis-contra-kiev-e-lviv\/\"},\"author\":{\"name\":\"Reda\u00e7\u00e3o\",\"@id\":\"https:\/\/www.notibras.com\/site\/#\/schema\/person\/36ab0979449956132d3e5b517ea76ac8\"},\"headline\":\"R\u00fassia amplia ofensiva e lan\u00e7a m\u00edsseis contra Kiev e Lviv\",\"datePublished\":\"2022-04-16T18:15:14+00:00\",\"dateModified\":\"2022-04-16T19:04:16+00:00\",\"mainEntityOfPage\":{\"@id\":\"https:\/\/www.notibras.com\/site\/russia-amplia-ofensiva-e-lanca-misseis-contra-kiev-e-lviv\/\"},\"wordCount\":280,\"publisher\":{\"@id\":\"https:\/\/www.notibras.com\/site\/#organization\"},\"image\":{\"@id\":\"https:\/\/www.notibras.com\/site\/russia-amplia-ofensiva-e-lanca-misseis-contra-kiev-e-lviv\/#primaryimage\"},\"thumbnailUrl\":\"https:\/\/www.notibras.com\/site\/wp-content\/uploads\/2022\/04\/2022-03-12t000000z_1341920017_mt1nurpho000vyft87_rtrmadp_3_ukraine-crisis.jpg\",\"keywords\":[\"capa\"],\"articleSection\":[\"Apocalipse\"],\"inLanguage\":\"pt-BR\"},{\"@type\":\"WebPage\",\"@id\":\"https:\/\/www.notibras.com\/site\/russia-amplia-ofensiva-e-lanca-misseis-contra-kiev-e-lviv\/\",\"url\":\"https:\/\/www.notibras.com\/site\/russia-amplia-ofensiva-e-lanca-misseis-contra-kiev-e-lviv\/\",\"name\":\"R\u00fassia amplia ofensiva e lan\u00e7a m\u00edsseis contra Kiev e Lviv - Notibras\",\"isPartOf\":{\"@id\":\"https:\/\/www.notibras.com\/site\/#website\"},\"primaryImageOfPage\":{\"@id\":\"https:\/\/www.notibras.com\/site\/russia-amplia-ofensiva-e-lanca-misseis-contra-kiev-e-lviv\/#primaryimage\"},\"image\":{\"@id\":\"https:\/\/www.notibras.com\/site\/russia-amplia-ofensiva-e-lanca-misseis-contra-kiev-e-lviv\/#primaryimage\"},\"thumbnailUrl\":\"https:\/\/www.notibras.com\/site\/wp-content\/uploads\/2022\/04\/2022-03-12t000000z_1341920017_mt1nurpho000vyft87_rtrmadp_3_ukraine-crisis.jpg\",\"datePublished\":\"2022-04-16T18:15:14+00:00\",\"dateModified\":\"2022-04-16T19:04:16+00:00\",\"breadcrumb\":{\"@id\":\"https:\/\/www.notibras.com\/site\/russia-amplia-ofensiva-e-lanca-misseis-contra-kiev-e-lviv\/#breadcrumb\"},\"inLanguage\":\"pt-BR\",\"potentialAction\":[{\"@type\":\"ReadAction\",\"target\":[\"https:\/\/www.notibras.com\/site\/russia-amplia-ofensiva-e-lanca-misseis-contra-kiev-e-lviv\/\"]}]},{\"@type\":\"ImageObject\",\"inLanguage\":\"pt-BR\",\"@id\":\"https:\/\/www.notibras.com\/site\/russia-amplia-ofensiva-e-lanca-misseis-contra-kiev-e-lviv\/#primaryimage\",\"url\":\"https:\/\/www.notibras.com\/site\/wp-content\/uploads\/2022\/04\/2022-03-12t000000z_1341920017_mt1nurpho000vyft87_rtrmadp_3_ukraine-crisis.jpg\",\"contentUrl\":\"https:\/\/www.notibras.com\/site\/wp-content\/uploads\/2022\/04\/2022-03-12t000000z_1341920017_mt1nurpho000vyft87_rtrmadp_3_ukraine-crisis.jpg\",\"width\":1170,\"height\":700,\"caption\":\"Residential tower blocks and the Motherland Monument are pictured in the morning, Kyiv, capital of Ukraine, on March 12, 2022. (Photo by Evgen Kotenko\/Ukrinform\/NurPhoto) NO USE FRANCE\"},{\"@type\":\"BreadcrumbList\",\"@id\":\"https:\/\/www.notibras.com\/site\/russia-amplia-ofensiva-e-lanca-misseis-contra-kiev-e-lviv\/#breadcrumb\",\"itemListElement\":[{\"@type\":\"ListItem\",\"position\":1,\"name\":\"In\u00edcio\",\"item\":\"https:\/\/www.notibras.com\/site\/\"},{\"@type\":\"ListItem\",\"position\":2,\"name\":\"R\u00fassia amplia ofensiva e lan\u00e7a m\u00edsseis contra Kiev e Lviv\"}]},{\"@type\":\"WebSite\",\"@id\":\"https:\/\/www.notibras.com\/site\/#website\",\"url\":\"https:\/\/www.notibras.com\/site\/\",\"name\":\"Notibras\",\"description\":\"Not\u00edcias de Bras\u00edlia, do Brasil e do Mundo\",\"publisher\":{\"@id\":\"https:\/\/www.notibras.com\/site\/#organization\"},\"potentialAction\":[{\"@type\":\"SearchAction\",\"target\":{\"@type\":\"EntryPoint\",\"urlTemplate\":\"https:\/\/www.notibras.com\/site\/?s={search_term_string}\"},\"query-input\":{\"@type\":\"PropertyValueSpecification\",\"valueRequired\":true,\"valueName\":\"search_term_string\"}}],\"inLanguage\":\"pt-BR\"},{\"@type\":\"Organization\",\"@id\":\"https:\/\/www.notibras.com\/site\/#organization\",\"name\":\"Grupo Notibras de Comunica\u00e7\u00e3o\",\"url\":\"https:\/\/www.notibras.com\/site\/\",\"logo\":{\"@type\":\"ImageObject\",\"inLanguage\":\"pt-BR\",\"@id\":\"https:\/\/www.notibras.com\/site\/#\/schema\/logo\/image\/\",\"url\":\"https:\/\/www.notibras.com\/site\/wp-content\/uploads\/2023\/01\/notibras23.png\",\"contentUrl\":\"https:\/\/www.notibras.com\/site\/wp-content\/uploads\/2023\/01\/notibras23.png\",\"width\":350,\"height\":87,\"caption\":\"Grupo Notibras de Comunica\u00e7\u00e3o\"},\"image\":{\"@id\":\"https:\/\/www.notibras.com\/site\/#\/schema\/logo\/image\/\"},\"sameAs\":[\"https:\/\/www.facebook.com\/notibras\/\",\"https:\/\/x.com\/Notibras\",\"https:\/\/www.instagram.com\/notibras\/\"]},{\"@type\":\"Person\",\"@id\":\"https:\/\/www.notibras.com\/site\/#\/schema\/person\/36ab0979449956132d3e5b517ea76ac8\",\"name\":\"Reda\u00e7\u00e3o\",\"image\":{\"@type\":\"ImageObject\",\"inLanguage\":\"pt-BR\",\"@id\":\"https:\/\/secure.gravatar.com\/avatar\/e0a867bdedb85fd243eadf09663511f96fc81e0720a4a42581f334ad4303aa6b?s=96&d=mm&r=g\",\"url\":\"https:\/\/secure.gravatar.com\/avatar\/e0a867bdedb85fd243eadf09663511f96fc81e0720a4a42581f334ad4303aa6b?s=96&d=mm&r=g\",\"contentUrl\":\"https:\/\/secure.gravatar.com\/avatar\/e0a867bdedb85fd243eadf09663511f96fc81e0720a4a42581f334ad4303aa6b?s=96&d=mm&r=g\",\"caption\":\"Reda\u00e7\u00e3o\"}}]}<\/script>\n<!-- \/ Yoast SEO plugin. -->","yoast_head_json":{"title":"R\u00fassia amplia ofensiva e lan\u00e7a m\u00edsseis contra Kiev e Lviv - Notibras","robots":{"index":"index","follow":"follow","max-snippet":"max-snippet:-1","max-image-preview":"max-image-preview:large","max-video-preview":"max-video-preview:-1"},"canonical":"https:\/\/www.notibras.com\/site\/russia-amplia-ofensiva-e-lanca-misseis-contra-kiev-e-lviv\/","og_locale":"pt_BR","og_type":"article","og_title":"R\u00fassia amplia ofensiva e lan\u00e7a m\u00edsseis contra Kiev e Lviv - Notibras","og_description":"Avi\u00f5es de guerra russos bombardearam Lviv e m\u00edsseis atingiram Kiev e Kharkiv neste s\u00e1bado (16), conforme Moscou cumpre a amea\u00e7a de lan\u00e7ar mais ataques contra cidades ucranianas. Na sitiada Mariupol, cen\u00e1rio dos combates mais pesados da guerra e da pior cat\u00e1strofe humanit\u00e1ria, as tropas russas colocaram press\u00e3o sobre os avan\u00e7os recentes, esperando compensar o fracasso [&hellip;]","og_url":"https:\/\/www.notibras.com\/site\/russia-amplia-ofensiva-e-lanca-misseis-contra-kiev-e-lviv\/","og_site_name":"Notibras","article_publisher":"https:\/\/www.facebook.com\/notibras\/","article_published_time":"2022-04-16T18:15:14+00:00","article_modified_time":"2022-04-16T19:04:16+00:00","og_image":[{"width":1170,"height":700,"url":"https:\/\/www.notibras.com\/site\/wp-content\/uploads\/2022\/04\/2022-03-12t000000z_1341920017_mt1nurpho000vyft87_rtrmadp_3_ukraine-crisis.jpg","type":"image\/jpeg"}],"author":"Reda\u00e7\u00e3o","twitter_card":"summary_large_image","twitter_creator":"@Notibras","twitter_site":"@Notibras","twitter_misc":{"Escrito por":"Reda\u00e7\u00e3o","Est. tempo de leitura":"2 minutos"},"schema":{"@context":"https:\/\/schema.org","@graph":[{"@type":"Article","@id":"https:\/\/www.notibras.com\/site\/russia-amplia-ofensiva-e-lanca-misseis-contra-kiev-e-lviv\/#article","isPartOf":{"@id":"https:\/\/www.notibras.com\/site\/russia-amplia-ofensiva-e-lanca-misseis-contra-kiev-e-lviv\/"},"author":{"name":"Reda\u00e7\u00e3o","@id":"https:\/\/www.notibras.com\/site\/#\/schema\/person\/36ab0979449956132d3e5b517ea76ac8"},"headline":"R\u00fassia amplia ofensiva e lan\u00e7a m\u00edsseis contra Kiev e Lviv","datePublished":"2022-04-16T18:15:14+00:00","dateModified":"2022-04-16T19:04:16+00:00","mainEntityOfPage":{"@id":"https:\/\/www.notibras.com\/site\/russia-amplia-ofensiva-e-lanca-misseis-contra-kiev-e-lviv\/"},"wordCount":280,"publisher":{"@id":"https:\/\/www.notibras.com\/site\/#organization"},"image":{"@id":"https:\/\/www.notibras.com\/site\/russia-amplia-ofensiva-e-lanca-misseis-contra-kiev-e-lviv\/#primaryimage"},"thumbnailUrl":"https:\/\/www.notibras.com\/site\/wp-content\/uploads\/2022\/04\/2022-03-12t000000z_1341920017_mt1nurpho000vyft87_rtrmadp_3_ukraine-crisis.jpg","keywords":["capa"],"articleSection":["Apocalipse"],"inLanguage":"pt-BR"},{"@type":"WebPage","@id":"https:\/\/www.notibras.com\/site\/russia-amplia-ofensiva-e-lanca-misseis-contra-kiev-e-lviv\/","url":"https:\/\/www.notibras.com\/site\/russia-amplia-ofensiva-e-lanca-misseis-contra-kiev-e-lviv\/","name":"R\u00fassia amplia ofensiva e lan\u00e7a m\u00edsseis contra Kiev e Lviv - Notibras","isPartOf":{"@id":"https:\/\/www.notibras.com\/site\/#website"},"primaryImageOfPage":{"@id":"https:\/\/www.notibras.com\/site\/russia-amplia-ofensiva-e-lanca-misseis-contra-kiev-e-lviv\/#primaryimage"},"image":{"@id":"https:\/\/www.notibras.com\/site\/russia-amplia-ofensiva-e-lanca-misseis-contra-kiev-e-lviv\/#primaryimage"},"thumbnailUrl":"https:\/\/www.notibras.com\/site\/wp-content\/uploads\/2022\/04\/2022-03-12t000000z_1341920017_mt1nurpho000vyft87_rtrmadp_3_ukraine-crisis.jpg","datePublished":"2022-04-16T18:15:14+00:00","dateModified":"2022-04-16T19:04:16+00:00","breadcrumb":{"@id":"https:\/\/www.notibras.com\/site\/russia-amplia-ofensiva-e-lanca-misseis-contra-kiev-e-lviv\/#breadcrumb"},"inLanguage":"pt-BR","potentialAction":[{"@type":"ReadAction","target":["https:\/\/www.notibras.com\/site\/russia-amplia-ofensiva-e-lanca-misseis-contra-kiev-e-lviv\/"]}]},{"@type":"ImageObject","inLanguage":"pt-BR","@id":"https:\/\/www.notibras.com\/site\/russia-amplia-ofensiva-e-lanca-misseis-contra-kiev-e-lviv\/#primaryimage","url":"https:\/\/www.notibras.com\/site\/wp-content\/uploads\/2022\/04\/2022-03-12t000000z_1341920017_mt1nurpho000vyft87_rtrmadp_3_ukraine-crisis.jpg","contentUrl":"https:\/\/www.notibras.com\/site\/wp-content\/uploads\/2022\/04\/2022-03-12t000000z_1341920017_mt1nurpho000vyft87_rtrmadp_3_ukraine-crisis.jpg","width":1170,"height":700,"caption":"Residential tower blocks and the Motherland Monument are pictured in the morning, Kyiv, capital of Ukraine, on March 12, 2022. (Photo by Evgen Kotenko\/Ukrinform\/NurPhoto) NO USE FRANCE"},{"@type":"BreadcrumbList","@id":"https:\/\/www.notibras.com\/site\/russia-amplia-ofensiva-e-lanca-misseis-contra-kiev-e-lviv\/#breadcrumb","itemListElement":[{"@type":"ListItem","position":1,"name":"In\u00edcio","item":"https:\/\/www.notibras.com\/site\/"},{"@type":"ListItem","position":2,"name":"R\u00fassia amplia ofensiva e lan\u00e7a m\u00edsseis contra Kiev e Lviv"}]},{"@type":"WebSite","@id":"https:\/\/www.notibras.com\/site\/#website","url":"https:\/\/www.notibras.com\/site\/","name":"Notibras","description":"Not\u00edcias de Bras\u00edlia, do Brasil e do Mundo","publisher":{"@id":"https:\/\/www.notibras.com\/site\/#organization"},"potentialAction":[{"@type":"SearchAction","target":{"@type":"EntryPoint","urlTemplate":"https:\/\/www.notibras.com\/site\/?s={search_term_string}"},"query-input":{"@type":"PropertyValueSpecification","valueRequired":true,"valueName":"search_term_string"}}],"inLanguage":"pt-BR"},{"@type":"Organization","@id":"https:\/\/www.notibras.com\/site\/#organization","name":"Grupo Notibras de Comunica\u00e7\u00e3o","url":"https:\/\/www.notibras.com\/site\/","logo":{"@type":"ImageObject","inLanguage":"pt-BR","@id":"https:\/\/www.notibras.com\/site\/#\/schema\/logo\/image\/","url":"https:\/\/www.notibras.com\/site\/wp-content\/uploads\/2023\/01\/notibras23.png","contentUrl":"https:\/\/www.notibras.com\/site\/wp-content\/uploads\/2023\/01\/notibras23.png","width":350,"height":87,"caption":"Grupo Notibras de Comunica\u00e7\u00e3o"},"image":{"@id":"https:\/\/www.notibras.com\/site\/#\/schema\/logo\/image\/"},"sameAs":["https:\/\/www.facebook.com\/notibras\/","https:\/\/x.com\/Notibras","https:\/\/www.instagram.com\/notibras\/"]},{"@type":"Person","@id":"https:\/\/www.notibras.com\/site\/#\/schema\/person\/36ab0979449956132d3e5b517ea76ac8","name":"Reda\u00e7\u00e3o","image":{"@type":"ImageObject","inLanguage":"pt-BR","@id":"https:\/\/secure.gravatar.com\/avatar\/e0a867bdedb85fd243eadf09663511f96fc81e0720a4a42581f334ad4303aa6b?s=96&d=mm&r=g","url":"https:\/\/secure.gravatar.com\/avatar\/e0a867bdedb85fd243eadf09663511f96fc81e0720a4a42581f334ad4303aa6b?s=96&d=mm&r=g","contentUrl":"https:\/\/secure.gravatar.com\/avatar\/e0a867bdedb85fd243eadf09663511f96fc81e0720a4a42581f334ad4303aa6b?s=96&d=mm&r=g","caption":"Reda\u00e7\u00e3o"}}]}},"amp_enabled":true,"_links":{"self":[{"href":"https:\/\/www.notibras.com\/site\/wp-json\/wp\/v2\/posts\/283988","targetHints":{"allow":["GET"]}}],"collection":[{"href":"https:\/\/www.notibras.com\/site\/wp-json\/wp\/v2\/posts"}],"about":[{"href":"https:\/\/www.notibras.com\/site\/wp-json\/wp\/v2\/types\/post"}],"author":[{"embeddable":true,"href":"https:\/\/www.notibras.com\/site\/wp-json\/wp\/v2\/users\/2"}],"replies":[{"embeddable":true,"href":"https:\/\/www.notibras.com\/site\/wp-json\/wp\/v2\/comments?post=283988"}],"version-history":[{"count":1,"href":"https:\/\/www.notibras.com\/site\/wp-json\/wp\/v2\/posts\/283988\/revisions"}],"predecessor-version":[{"id":283990,"href":"https:\/\/www.notibras.com\/site\/wp-json\/wp\/v2\/posts\/283988\/revisions\/283990"}],"wp:featuredmedia":[{"embeddable":true,"href":"https:\/\/www.notibras.com\/site\/wp-json\/wp\/v2\/media\/283989"}],"wp:attachment":[{"href":"https:\/\/www.notibras.com\/site\/wp-json\/wp\/v2\/media?parent=283988"}],"wp:term":[{"taxonomy":"category","embeddable":true,"href":"https:\/\/www.notibras.com\/site\/wp-json\/wp\/v2\/categories?post=283988"},{"taxonomy":"post_tag","embeddable":true,"href":"https:\/\/www.notibras.com\/site\/wp-json\/wp\/v2\/tags?post=283988"}],"curies":[{"name":"wp","href":"https:\/\/api.w.org\/{rel}","templated":true}]}}