{"id":284002,"date":"2022-04-18T00:10:04","date_gmt":"2022-04-18T03:10:04","guid":{"rendered":"https:\/\/www.notibras.com\/site\/?p=284002"},"modified":"2022-04-18T12:10:33","modified_gmt":"2022-04-18T15:10:33","slug":"guerra-nuclear-aparece-no-horizonte-como-quarto-cavaleiro","status":"publish","type":"post","link":"https:\/\/www.notibras.com\/site\/guerra-nuclear-aparece-no-horizonte-como-quarto-cavaleiro\/","title":{"rendered":"Guerra nuclear aparece no horizonte como quarto cavaleiro"},"content":{"rendered":"<p>Alguns leitores perguntaram por que a R\u00fassia considera a ades\u00e3o da Finl\u00e2ndia \u00e0 Otan como uma provoca\u00e7\u00e3o. Pela mesma raz\u00e3o porque a ades\u00e3o da Ucr\u00e2nia \u00e9 uma provoca\u00e7\u00e3o: por causa das bases de m\u00edsseis americanos na fronteira com a R\u00fassia. Os Estados Unidos n\u00e3o possuem m\u00edsseis hipers\u00f3nicos, mas mais cedo ou mais tarde ir\u00e3o possu\u00ed-los. Tais m\u00edsseis nas fronteiras da R\u00fassia poderiam chegar a Moscou em 3 ou 4 minutos, o que constitui claramente uma amea\u00e7a existencial. Juntamente com a Finl\u00e2ndia, Washington quer as bases na Su\u00e9cia e nos Estados B\u00e1lticos, al\u00e9m das bases de m\u00edsseis que j\u00e1 tem na Pol\u00f3nia e na Rom\u00e9nia.<\/p>\n<p>Se bem que Washington pretenda a ades\u00e3o da Finl\u00e2ndia \u00e0 Otan como uma nova provoca\u00e7\u00e3o, n\u00e3o devemos esquecer duas outras provoca\u00e7\u00f5es existentes que o Kremlin declarou inaceit\u00e1veis: as bases de m\u00edsseis j\u00e1 instaladas na Pol\u00f3nia e na Rom\u00e9nia. N\u00e3o faz sentido a R\u00fassia impedir preventivamente bases de m\u00edsseis na Ucr\u00e2nia e na Finl\u00e2ndia enquanto permite a perman\u00eancia das bases existentes na Pol\u00f3nia e na Rom\u00e9nia. A interven\u00e7\u00e3o russa contra estas duas bases s\u00e3o provavelmente as pr\u00f3ximas a\u00e7\u00f5es de autodefesa que os russos ir\u00e3 empreender.<\/p>\n<p>Parte da m\u00eddia do Ocidente tem feito o melhor que pode para criar uma indigna\u00e7\u00e3o mundial contra a R\u00fassia. Pessoas levadas \u00e0 indigna\u00e7\u00e3o n\u00e3o percebem a irresponsabilidade dos governos ocidentais ao amea\u00e7ar gratuitamente a R\u00fassia com bases de m\u00edsseis nas suas fronteiras. Ao inv\u00e9s de perceberem corretamente a coloca\u00e7\u00e3o das bases como uma agress\u00e3o contra a R\u00fassia, as pessoas doutrinadas encaram a resposta da R\u00fassia a amea\u00e7as existenciais como uma agress\u00e3o.<\/p>\n<p>Durante anos enfatizei que estas provoca\u00e7\u00f5es \u00e0 R\u00fassia acabar\u00e3o por cruzar uma linha vermelha e resultar numa guerra nuclear. H\u00e1 muito que critico o Kremlin por n\u00e3o ter travado tais provoca\u00e7\u00f5es, pondo em a\u00e7\u00e3o medidas en\u00e9rgicas. A R\u00fassia teve essa oportunidade na Ucr\u00e2nia, mas o Kremlin escolheu um curso de a\u00e7\u00e3o que falhou em dar a necess\u00e1ria impress\u00e3o de que pa\u00edses que acomodam a agress\u00e3o dos EUA contra a R\u00fassia sofrer\u00e3o experi\u00eancia devastadora.<\/p>\n<p>\u00c9 menos arriscado fazer esta manifesta\u00e7\u00e3o num pa\u00eds que n\u00e3o seja membro da Otan. Al\u00e9m disso, o Kremlin esperou demasiado tempo antes de intervir na Ucr\u00e2nia, dando assim aos EUA oito anos para armar e treinar for\u00e7as ucranianas. Por andar com luvas de pelica na Ucr\u00e2nia, a R\u00fassia ser\u00e1 novamente confrontada com o mesmo problema na Finl\u00e2ndia ou alhures, para al\u00e9m das duas bases j\u00e1 existentes em dois membros da Otan junto \u00e0 sua fronteira.<\/p>\n<p>N\u00e3o h\u00e1 d\u00favida de que os EUA\/Otan estabeleceram um caminho que conduz diretamente \u00e0 guerra nuclear. Como nada que esteja fora da narrativa pode ser publicado ou discutido no mundo ocidental, nada pode ser feito para travar este insano impulso para a guerra nuclear. N\u00e3o \u00e9 sequer poss\u00edvel discutir esta amea\u00e7a nos c\u00edrculos ocidentais de pol\u00edtica externa. Mais uma vez, o mundo est\u00e1 caminhando como son\u00e2mbulo para a guerra, mas esta guerra ser\u00e1 nuclear e a guerra final.<\/p>\n<p>Tudo o que o Kremlin conseguiu com a sua autoconten\u00e7\u00e3o e confian\u00e7a na negocia\u00e7\u00e3o com o Ocidente foi intensificar o ritmo e o n\u00edvel das provoca\u00e7\u00f5es. A Otan est\u00e1 cortejando tanto a Finl\u00e2ndia como a Su\u00e9cia para se juntarem \u00e0 organiza\u00e7\u00e3o, prometendo-lhes que a ades\u00e3o seria acelerada e provavelmente outros benef\u00edcios, incluindo sacos cheios de dinheiro. Algu\u00e9m precisa acordar para a situa\u00e7\u00e3o real, que est\u00e1 expandindo o conflito. Em dado momento, considera\u00e7\u00f5es existenciais for\u00e7ar\u00e3o a R\u00fassia a tomar a iniciativa e cessar de responder \u00e0 agenda de Washington. Isso soa como inevit\u00e1vel. E como prev\u00ea a B\u00edblia, ser\u00e1 o apocalipse. Em outras palavras, o fim de tudo.<\/p>\n","protected":false},"excerpt":{"rendered":"<p>Alguns leitores perguntaram por que a R\u00fassia considera a ades\u00e3o da Finl\u00e2ndia \u00e0 Otan como uma provoca\u00e7\u00e3o. Pela mesma raz\u00e3o porque a ades\u00e3o da Ucr\u00e2nia \u00e9 uma provoca\u00e7\u00e3o: por causa das bases de m\u00edsseis americanos na fronteira com a R\u00fassia. Os Estados Unidos n\u00e3o possuem m\u00edsseis hipers\u00f3nicos, mas mais cedo ou mais tarde ir\u00e3o possu\u00ed-los. [&hellip;]<\/p>\n","protected":false},"author":2,"featured_media":119080,"comment_status":"closed","ping_status":"closed","sticky":false,"template":"","format":"standard","meta":{"_acf_changed":false,"footnotes":""},"categories":[159],"tags":[],"class_list":["post-284002","post","type-post","status-publish","format-standard","has-post-thumbnail","hentry","category-apocalipse"],"acf":[],"yoast_head":"<!-- This site is optimized with the Yoast SEO plugin v27.2 - https:\/\/yoast.com\/product\/yoast-seo-wordpress\/ -->\n<title>Guerra nuclear aparece no horizonte como quarto cavaleiro - Notibras<\/title>\n<meta name=\"robots\" content=\"index, follow, max-snippet:-1, max-image-preview:large, max-video-preview:-1\" \/>\n<link rel=\"canonical\" href=\"https:\/\/www.notibras.com\/site\/guerra-nuclear-aparece-no-horizonte-como-quarto-cavaleiro\/\" \/>\n<meta property=\"og:locale\" content=\"pt_BR\" \/>\n<meta property=\"og:type\" content=\"article\" \/>\n<meta property=\"og:title\" content=\"Guerra nuclear aparece no horizonte como quarto cavaleiro - Notibras\" \/>\n<meta property=\"og:description\" content=\"Alguns leitores perguntaram por que a R\u00fassia considera a ades\u00e3o da Finl\u00e2ndia \u00e0 Otan como uma provoca\u00e7\u00e3o. Pela mesma raz\u00e3o porque a ades\u00e3o da Ucr\u00e2nia \u00e9 uma provoca\u00e7\u00e3o: por causa das bases de m\u00edsseis americanos na fronteira com a R\u00fassia. Os Estados Unidos n\u00e3o possuem m\u00edsseis hipers\u00f3nicos, mas mais cedo ou mais tarde ir\u00e3o possu\u00ed-los. [&hellip;]\" \/>\n<meta property=\"og:url\" content=\"https:\/\/www.notibras.com\/site\/guerra-nuclear-aparece-no-horizonte-como-quarto-cavaleiro\/\" \/>\n<meta property=\"og:site_name\" content=\"Notibras\" \/>\n<meta property=\"article:publisher\" content=\"https:\/\/www.facebook.com\/notibras\/\" \/>\n<meta property=\"article:published_time\" content=\"2022-04-18T03:10:04+00:00\" \/>\n<meta property=\"article:modified_time\" content=\"2022-04-18T15:10:33+00:00\" \/>\n<meta property=\"og:image\" content=\"https:\/\/www.notibras.com\/site\/wp-content\/uploads\/2016\/10\/JTW-Guerra-Nuclear.png\" \/>\n\t<meta property=\"og:image:width\" content=\"960\" \/>\n\t<meta property=\"og:image:height\" content=\"720\" \/>\n\t<meta property=\"og:image:type\" content=\"image\/png\" \/>\n<meta name=\"author\" content=\"Reda\u00e7\u00e3o\" \/>\n<meta name=\"twitter:card\" content=\"summary_large_image\" \/>\n<meta name=\"twitter:creator\" content=\"@Notibras\" \/>\n<meta name=\"twitter:site\" content=\"@Notibras\" \/>\n<meta name=\"twitter:label1\" content=\"Escrito por\" \/>\n\t<meta name=\"twitter:data1\" content=\"Reda\u00e7\u00e3o\" \/>\n\t<meta name=\"twitter:label2\" content=\"Est. tempo de leitura\" \/>\n\t<meta name=\"twitter:data2\" content=\"4 minutos\" \/>\n<script type=\"application\/ld+json\" class=\"yoast-schema-graph\">{\"@context\":\"https:\/\/schema.org\",\"@graph\":[{\"@type\":\"Article\",\"@id\":\"https:\/\/www.notibras.com\/site\/guerra-nuclear-aparece-no-horizonte-como-quarto-cavaleiro\/#article\",\"isPartOf\":{\"@id\":\"https:\/\/www.notibras.com\/site\/guerra-nuclear-aparece-no-horizonte-como-quarto-cavaleiro\/\"},\"author\":{\"name\":\"Reda\u00e7\u00e3o\",\"@id\":\"https:\/\/www.notibras.com\/site\/#\/schema\/person\/36ab0979449956132d3e5b517ea76ac8\"},\"headline\":\"Guerra nuclear aparece no horizonte como quarto cavaleiro\",\"datePublished\":\"2022-04-18T03:10:04+00:00\",\"dateModified\":\"2022-04-18T15:10:33+00:00\",\"mainEntityOfPage\":{\"@id\":\"https:\/\/www.notibras.com\/site\/guerra-nuclear-aparece-no-horizonte-como-quarto-cavaleiro\/\"},\"wordCount\":702,\"publisher\":{\"@id\":\"https:\/\/www.notibras.com\/site\/#organization\"},\"image\":{\"@id\":\"https:\/\/www.notibras.com\/site\/guerra-nuclear-aparece-no-horizonte-como-quarto-cavaleiro\/#primaryimage\"},\"thumbnailUrl\":\"https:\/\/www.notibras.com\/site\/wp-content\/uploads\/2016\/10\/JTW-Guerra-Nuclear.png\",\"articleSection\":[\"Apocalipse\"],\"inLanguage\":\"pt-BR\"},{\"@type\":\"WebPage\",\"@id\":\"https:\/\/www.notibras.com\/site\/guerra-nuclear-aparece-no-horizonte-como-quarto-cavaleiro\/\",\"url\":\"https:\/\/www.notibras.com\/site\/guerra-nuclear-aparece-no-horizonte-como-quarto-cavaleiro\/\",\"name\":\"Guerra nuclear aparece no horizonte como quarto cavaleiro - Notibras\",\"isPartOf\":{\"@id\":\"https:\/\/www.notibras.com\/site\/#website\"},\"primaryImageOfPage\":{\"@id\":\"https:\/\/www.notibras.com\/site\/guerra-nuclear-aparece-no-horizonte-como-quarto-cavaleiro\/#primaryimage\"},\"image\":{\"@id\":\"https:\/\/www.notibras.com\/site\/guerra-nuclear-aparece-no-horizonte-como-quarto-cavaleiro\/#primaryimage\"},\"thumbnailUrl\":\"https:\/\/www.notibras.com\/site\/wp-content\/uploads\/2016\/10\/JTW-Guerra-Nuclear.png\",\"datePublished\":\"2022-04-18T03:10:04+00:00\",\"dateModified\":\"2022-04-18T15:10:33+00:00\",\"breadcrumb\":{\"@id\":\"https:\/\/www.notibras.com\/site\/guerra-nuclear-aparece-no-horizonte-como-quarto-cavaleiro\/#breadcrumb\"},\"inLanguage\":\"pt-BR\",\"potentialAction\":[{\"@type\":\"ReadAction\",\"target\":[\"https:\/\/www.notibras.com\/site\/guerra-nuclear-aparece-no-horizonte-como-quarto-cavaleiro\/\"]}]},{\"@type\":\"ImageObject\",\"inLanguage\":\"pt-BR\",\"@id\":\"https:\/\/www.notibras.com\/site\/guerra-nuclear-aparece-no-horizonte-como-quarto-cavaleiro\/#primaryimage\",\"url\":\"https:\/\/www.notibras.com\/site\/wp-content\/uploads\/2016\/10\/JTW-Guerra-Nuclear.png\",\"contentUrl\":\"https:\/\/www.notibras.com\/site\/wp-content\/uploads\/2016\/10\/JTW-Guerra-Nuclear.png\",\"width\":960,\"height\":720,\"caption\":\"Ataque verbal \u00e0 Coreia pode ter revide sem precedentes. Foto: Propaganda do regime norte-coreano\/Arquivo Notibras\"},{\"@type\":\"BreadcrumbList\",\"@id\":\"https:\/\/www.notibras.com\/site\/guerra-nuclear-aparece-no-horizonte-como-quarto-cavaleiro\/#breadcrumb\",\"itemListElement\":[{\"@type\":\"ListItem\",\"position\":1,\"name\":\"In\u00edcio\",\"item\":\"https:\/\/www.notibras.com\/site\/\"},{\"@type\":\"ListItem\",\"position\":2,\"name\":\"Guerra nuclear aparece no horizonte como quarto cavaleiro\"}]},{\"@type\":\"WebSite\",\"@id\":\"https:\/\/www.notibras.com\/site\/#website\",\"url\":\"https:\/\/www.notibras.com\/site\/\",\"name\":\"Notibras\",\"description\":\"Not\u00edcias de Bras\u00edlia, do Brasil e do Mundo\",\"publisher\":{\"@id\":\"https:\/\/www.notibras.com\/site\/#organization\"},\"potentialAction\":[{\"@type\":\"SearchAction\",\"target\":{\"@type\":\"EntryPoint\",\"urlTemplate\":\"https:\/\/www.notibras.com\/site\/?s={search_term_string}\"},\"query-input\":{\"@type\":\"PropertyValueSpecification\",\"valueRequired\":true,\"valueName\":\"search_term_string\"}}],\"inLanguage\":\"pt-BR\"},{\"@type\":\"Organization\",\"@id\":\"https:\/\/www.notibras.com\/site\/#organization\",\"name\":\"Grupo Notibras de Comunica\u00e7\u00e3o\",\"url\":\"https:\/\/www.notibras.com\/site\/\",\"logo\":{\"@type\":\"ImageObject\",\"inLanguage\":\"pt-BR\",\"@id\":\"https:\/\/www.notibras.com\/site\/#\/schema\/logo\/image\/\",\"url\":\"https:\/\/www.notibras.com\/site\/wp-content\/uploads\/2023\/01\/notibras23.png\",\"contentUrl\":\"https:\/\/www.notibras.com\/site\/wp-content\/uploads\/2023\/01\/notibras23.png\",\"width\":350,\"height\":87,\"caption\":\"Grupo Notibras de Comunica\u00e7\u00e3o\"},\"image\":{\"@id\":\"https:\/\/www.notibras.com\/site\/#\/schema\/logo\/image\/\"},\"sameAs\":[\"https:\/\/www.facebook.com\/notibras\/\",\"https:\/\/x.com\/Notibras\",\"https:\/\/www.instagram.com\/notibras\/\"]},{\"@type\":\"Person\",\"@id\":\"https:\/\/www.notibras.com\/site\/#\/schema\/person\/36ab0979449956132d3e5b517ea76ac8\",\"name\":\"Reda\u00e7\u00e3o\",\"image\":{\"@type\":\"ImageObject\",\"inLanguage\":\"pt-BR\",\"@id\":\"https:\/\/secure.gravatar.com\/avatar\/e0a867bdedb85fd243eadf09663511f96fc81e0720a4a42581f334ad4303aa6b?s=96&d=mm&r=g\",\"url\":\"https:\/\/secure.gravatar.com\/avatar\/e0a867bdedb85fd243eadf09663511f96fc81e0720a4a42581f334ad4303aa6b?s=96&d=mm&r=g\",\"contentUrl\":\"https:\/\/secure.gravatar.com\/avatar\/e0a867bdedb85fd243eadf09663511f96fc81e0720a4a42581f334ad4303aa6b?s=96&d=mm&r=g\",\"caption\":\"Reda\u00e7\u00e3o\"}}]}<\/script>\n<!-- \/ Yoast SEO plugin. -->","yoast_head_json":{"title":"Guerra nuclear aparece no horizonte como quarto cavaleiro - Notibras","robots":{"index":"index","follow":"follow","max-snippet":"max-snippet:-1","max-image-preview":"max-image-preview:large","max-video-preview":"max-video-preview:-1"},"canonical":"https:\/\/www.notibras.com\/site\/guerra-nuclear-aparece-no-horizonte-como-quarto-cavaleiro\/","og_locale":"pt_BR","og_type":"article","og_title":"Guerra nuclear aparece no horizonte como quarto cavaleiro - Notibras","og_description":"Alguns leitores perguntaram por que a R\u00fassia considera a ades\u00e3o da Finl\u00e2ndia \u00e0 Otan como uma provoca\u00e7\u00e3o. Pela mesma raz\u00e3o porque a ades\u00e3o da Ucr\u00e2nia \u00e9 uma provoca\u00e7\u00e3o: por causa das bases de m\u00edsseis americanos na fronteira com a R\u00fassia. Os Estados Unidos n\u00e3o possuem m\u00edsseis hipers\u00f3nicos, mas mais cedo ou mais tarde ir\u00e3o possu\u00ed-los. [&hellip;]","og_url":"https:\/\/www.notibras.com\/site\/guerra-nuclear-aparece-no-horizonte-como-quarto-cavaleiro\/","og_site_name":"Notibras","article_publisher":"https:\/\/www.facebook.com\/notibras\/","article_published_time":"2022-04-18T03:10:04+00:00","article_modified_time":"2022-04-18T15:10:33+00:00","og_image":[{"width":960,"height":720,"url":"https:\/\/www.notibras.com\/site\/wp-content\/uploads\/2016\/10\/JTW-Guerra-Nuclear.png","type":"image\/png"}],"author":"Reda\u00e7\u00e3o","twitter_card":"summary_large_image","twitter_creator":"@Notibras","twitter_site":"@Notibras","twitter_misc":{"Escrito por":"Reda\u00e7\u00e3o","Est. tempo de leitura":"4 minutos"},"schema":{"@context":"https:\/\/schema.org","@graph":[{"@type":"Article","@id":"https:\/\/www.notibras.com\/site\/guerra-nuclear-aparece-no-horizonte-como-quarto-cavaleiro\/#article","isPartOf":{"@id":"https:\/\/www.notibras.com\/site\/guerra-nuclear-aparece-no-horizonte-como-quarto-cavaleiro\/"},"author":{"name":"Reda\u00e7\u00e3o","@id":"https:\/\/www.notibras.com\/site\/#\/schema\/person\/36ab0979449956132d3e5b517ea76ac8"},"headline":"Guerra nuclear aparece no horizonte como quarto cavaleiro","datePublished":"2022-04-18T03:10:04+00:00","dateModified":"2022-04-18T15:10:33+00:00","mainEntityOfPage":{"@id":"https:\/\/www.notibras.com\/site\/guerra-nuclear-aparece-no-horizonte-como-quarto-cavaleiro\/"},"wordCount":702,"publisher":{"@id":"https:\/\/www.notibras.com\/site\/#organization"},"image":{"@id":"https:\/\/www.notibras.com\/site\/guerra-nuclear-aparece-no-horizonte-como-quarto-cavaleiro\/#primaryimage"},"thumbnailUrl":"https:\/\/www.notibras.com\/site\/wp-content\/uploads\/2016\/10\/JTW-Guerra-Nuclear.png","articleSection":["Apocalipse"],"inLanguage":"pt-BR"},{"@type":"WebPage","@id":"https:\/\/www.notibras.com\/site\/guerra-nuclear-aparece-no-horizonte-como-quarto-cavaleiro\/","url":"https:\/\/www.notibras.com\/site\/guerra-nuclear-aparece-no-horizonte-como-quarto-cavaleiro\/","name":"Guerra nuclear aparece no horizonte como quarto cavaleiro - Notibras","isPartOf":{"@id":"https:\/\/www.notibras.com\/site\/#website"},"primaryImageOfPage":{"@id":"https:\/\/www.notibras.com\/site\/guerra-nuclear-aparece-no-horizonte-como-quarto-cavaleiro\/#primaryimage"},"image":{"@id":"https:\/\/www.notibras.com\/site\/guerra-nuclear-aparece-no-horizonte-como-quarto-cavaleiro\/#primaryimage"},"thumbnailUrl":"https:\/\/www.notibras.com\/site\/wp-content\/uploads\/2016\/10\/JTW-Guerra-Nuclear.png","datePublished":"2022-04-18T03:10:04+00:00","dateModified":"2022-04-18T15:10:33+00:00","breadcrumb":{"@id":"https:\/\/www.notibras.com\/site\/guerra-nuclear-aparece-no-horizonte-como-quarto-cavaleiro\/#breadcrumb"},"inLanguage":"pt-BR","potentialAction":[{"@type":"ReadAction","target":["https:\/\/www.notibras.com\/site\/guerra-nuclear-aparece-no-horizonte-como-quarto-cavaleiro\/"]}]},{"@type":"ImageObject","inLanguage":"pt-BR","@id":"https:\/\/www.notibras.com\/site\/guerra-nuclear-aparece-no-horizonte-como-quarto-cavaleiro\/#primaryimage","url":"https:\/\/www.notibras.com\/site\/wp-content\/uploads\/2016\/10\/JTW-Guerra-Nuclear.png","contentUrl":"https:\/\/www.notibras.com\/site\/wp-content\/uploads\/2016\/10\/JTW-Guerra-Nuclear.png","width":960,"height":720,"caption":"Ataque verbal \u00e0 Coreia pode ter revide sem precedentes. Foto: Propaganda do regime norte-coreano\/Arquivo Notibras"},{"@type":"BreadcrumbList","@id":"https:\/\/www.notibras.com\/site\/guerra-nuclear-aparece-no-horizonte-como-quarto-cavaleiro\/#breadcrumb","itemListElement":[{"@type":"ListItem","position":1,"name":"In\u00edcio","item":"https:\/\/www.notibras.com\/site\/"},{"@type":"ListItem","position":2,"name":"Guerra nuclear aparece no horizonte como quarto cavaleiro"}]},{"@type":"WebSite","@id":"https:\/\/www.notibras.com\/site\/#website","url":"https:\/\/www.notibras.com\/site\/","name":"Notibras","description":"Not\u00edcias de Bras\u00edlia, do Brasil e do Mundo","publisher":{"@id":"https:\/\/www.notibras.com\/site\/#organization"},"potentialAction":[{"@type":"SearchAction","target":{"@type":"EntryPoint","urlTemplate":"https:\/\/www.notibras.com\/site\/?s={search_term_string}"},"query-input":{"@type":"PropertyValueSpecification","valueRequired":true,"valueName":"search_term_string"}}],"inLanguage":"pt-BR"},{"@type":"Organization","@id":"https:\/\/www.notibras.com\/site\/#organization","name":"Grupo Notibras de Comunica\u00e7\u00e3o","url":"https:\/\/www.notibras.com\/site\/","logo":{"@type":"ImageObject","inLanguage":"pt-BR","@id":"https:\/\/www.notibras.com\/site\/#\/schema\/logo\/image\/","url":"https:\/\/www.notibras.com\/site\/wp-content\/uploads\/2023\/01\/notibras23.png","contentUrl":"https:\/\/www.notibras.com\/site\/wp-content\/uploads\/2023\/01\/notibras23.png","width":350,"height":87,"caption":"Grupo Notibras de Comunica\u00e7\u00e3o"},"image":{"@id":"https:\/\/www.notibras.com\/site\/#\/schema\/logo\/image\/"},"sameAs":["https:\/\/www.facebook.com\/notibras\/","https:\/\/x.com\/Notibras","https:\/\/www.instagram.com\/notibras\/"]},{"@type":"Person","@id":"https:\/\/www.notibras.com\/site\/#\/schema\/person\/36ab0979449956132d3e5b517ea76ac8","name":"Reda\u00e7\u00e3o","image":{"@type":"ImageObject","inLanguage":"pt-BR","@id":"https:\/\/secure.gravatar.com\/avatar\/e0a867bdedb85fd243eadf09663511f96fc81e0720a4a42581f334ad4303aa6b?s=96&d=mm&r=g","url":"https:\/\/secure.gravatar.com\/avatar\/e0a867bdedb85fd243eadf09663511f96fc81e0720a4a42581f334ad4303aa6b?s=96&d=mm&r=g","contentUrl":"https:\/\/secure.gravatar.com\/avatar\/e0a867bdedb85fd243eadf09663511f96fc81e0720a4a42581f334ad4303aa6b?s=96&d=mm&r=g","caption":"Reda\u00e7\u00e3o"}}]}},"amp_enabled":true,"_links":{"self":[{"href":"https:\/\/www.notibras.com\/site\/wp-json\/wp\/v2\/posts\/284002","targetHints":{"allow":["GET"]}}],"collection":[{"href":"https:\/\/www.notibras.com\/site\/wp-json\/wp\/v2\/posts"}],"about":[{"href":"https:\/\/www.notibras.com\/site\/wp-json\/wp\/v2\/types\/post"}],"author":[{"embeddable":true,"href":"https:\/\/www.notibras.com\/site\/wp-json\/wp\/v2\/users\/2"}],"replies":[{"embeddable":true,"href":"https:\/\/www.notibras.com\/site\/wp-json\/wp\/v2\/comments?post=284002"}],"version-history":[{"count":3,"href":"https:\/\/www.notibras.com\/site\/wp-json\/wp\/v2\/posts\/284002\/revisions"}],"predecessor-version":[{"id":284005,"href":"https:\/\/www.notibras.com\/site\/wp-json\/wp\/v2\/posts\/284002\/revisions\/284005"}],"wp:featuredmedia":[{"embeddable":true,"href":"https:\/\/www.notibras.com\/site\/wp-json\/wp\/v2\/media\/119080"}],"wp:attachment":[{"href":"https:\/\/www.notibras.com\/site\/wp-json\/wp\/v2\/media?parent=284002"}],"wp:term":[{"taxonomy":"category","embeddable":true,"href":"https:\/\/www.notibras.com\/site\/wp-json\/wp\/v2\/categories?post=284002"},{"taxonomy":"post_tag","embeddable":true,"href":"https:\/\/www.notibras.com\/site\/wp-json\/wp\/v2\/tags?post=284002"}],"curies":[{"name":"wp","href":"https:\/\/api.w.org\/{rel}","templated":true}]}}