{"id":284250,"date":"2022-04-21T13:29:48","date_gmt":"2022-04-21T16:29:48","guid":{"rendered":"https:\/\/www.notibras.com\/site\/?p=284250"},"modified":"2022-04-21T15:35:27","modified_gmt":"2022-04-21T18:35:27","slug":"ira-prende-espioes-de-israel-que-atuavam-no-pais","status":"publish","type":"post","link":"https:\/\/www.notibras.com\/site\/ira-prende-espioes-de-israel-que-atuavam-no-pais\/","title":{"rendered":"Ir\u00e3 prende espi\u00f5es de Israel que atuavam no pa\u00eds"},"content":{"rendered":"<p>O Minist\u00e9rio da Intelig\u00eancia do Ir\u00e3 informou a pris\u00e3o de tr\u00eas pessoas suspeitas de trabalhar para a ag\u00eancia de espionagem israelense Mossad. O trio foi preso nas prov\u00edncias de Sist\u00e3o e Balouquist\u00e3o, no sudeste do pa\u00eds.<\/p>\n<p>De acordo com a intelig\u00eancia iraniana, os tr\u00eas espi\u00f5es estavam envolvidos na coleta de documentos e informa\u00e7\u00f5es confidenciais.<\/p>\n<p>O minist\u00e9rio n\u00e3o especificou as nacionalidades das pessoas presas e h\u00e1 quanto tempo eles supostamente trabalhavam para o Mossad.<\/p>\n<p>No in\u00edcio de mar\u00e7o, o servi\u00e7o de seguran\u00e7a do Ir\u00e3 relatou frustrar as opera\u00e7\u00f5es de duas equipes de sabotagem estrangeiras financiadas do exterior. Segundo as autoridades, os detidos planejavam assassinar v\u00e1rios estrangeiros que trabalhavam em projetos de infraestrutura na Rep\u00fablica Isl\u00e2mica.<\/p>\n<p>Em julho passado, o Minist\u00e9rio da Intelig\u00eancia do Ir\u00e3 tamb\u00e9m disse que descobriu uma rede de agentes do Mossad perto das fronteiras ocidentais do pa\u00eds.<\/p>\n<p>De acordo com Teer\u00e3, os agentes presos planejavam instigar tumultos e realizar ataques terroristas no pa\u00eds. Uma grande quantidade de armas e muni\u00e7\u00f5es tamb\u00e9m foi apreendida durante a pris\u00e3o, disse o Minist\u00e9rio da Intelig\u00eancia.<\/p>\n<p>A pris\u00e3o dos supostos agentes do Mossad tamb\u00e9m ocorre enquanto Tel Aviv continua acusando Teer\u00e3 de abrigar planos para construir armas nucleares. O Ir\u00e3 rejeita veementemente a alega\u00e7\u00e3o, apontando que tais armas contradizem os ensinamentos do Isl\u00e3.<\/p>\n<p>Israel prometeu responder \u00e0 amea\u00e7a de o Ir\u00e3 obter armas nucleares e est\u00e1 considerando ataques a\u00e9reos contra as instala\u00e7\u00f5es nucleares de Teer\u00e3 se as negocia\u00e7\u00f5es para os EUA se juntarem novamente ao Plano de A\u00e7\u00e3o Abrangente Conjunto chegarem a um acordo.<\/p>\n<p>O acordo internacional suspendeu as san\u00e7\u00f5es ocidentais ao Ir\u00e3 em troca de permitir inspe\u00e7\u00f5es da ONU em suas instala\u00e7\u00f5es nucleares. As negocia\u00e7\u00f5es do JCPOA em Viena, no entanto, est\u00e3o paralisadas h\u00e1 quase dois meses depois que as negocia\u00e7\u00f5es fracassaram quando um acordo foi proposto para ser fechado.<\/p>\n","protected":false},"excerpt":{"rendered":"<p>O Minist\u00e9rio da Intelig\u00eancia do Ir\u00e3 informou a pris\u00e3o de tr\u00eas pessoas suspeitas de trabalhar para a ag\u00eancia de espionagem israelense Mossad. O trio foi preso nas prov\u00edncias de Sist\u00e3o e Balouquist\u00e3o, no sudeste do pa\u00eds. De acordo com a intelig\u00eancia iraniana, os tr\u00eas espi\u00f5es estavam envolvidos na coleta de documentos e informa\u00e7\u00f5es confidenciais. O [&hellip;]<\/p>\n","protected":false},"author":2,"featured_media":284251,"comment_status":"closed","ping_status":"closed","sticky":false,"template":"","format":"standard","meta":{"_acf_changed":false,"footnotes":""},"categories":[159],"tags":[95],"class_list":["post-284250","post","type-post","status-publish","format-standard","has-post-thumbnail","hentry","category-apocalipse","tag-capa"],"acf":[],"yoast_head":"<!-- This site is optimized with the Yoast SEO plugin v27.2 - https:\/\/yoast.com\/product\/yoast-seo-wordpress\/ -->\n<title>Ir\u00e3 prende espi\u00f5es de Israel que atuavam no pa\u00eds - Notibras<\/title>\n<meta name=\"robots\" content=\"index, follow, max-snippet:-1, max-image-preview:large, max-video-preview:-1\" \/>\n<link rel=\"canonical\" href=\"https:\/\/www.notibras.com\/site\/ira-prende-espioes-de-israel-que-atuavam-no-pais\/\" \/>\n<meta property=\"og:locale\" content=\"pt_BR\" \/>\n<meta property=\"og:type\" content=\"article\" \/>\n<meta property=\"og:title\" content=\"Ir\u00e3 prende espi\u00f5es de Israel que atuavam no pa\u00eds - Notibras\" \/>\n<meta property=\"og:description\" content=\"O Minist\u00e9rio da Intelig\u00eancia do Ir\u00e3 informou a pris\u00e3o de tr\u00eas pessoas suspeitas de trabalhar para a ag\u00eancia de espionagem israelense Mossad. O trio foi preso nas prov\u00edncias de Sist\u00e3o e Balouquist\u00e3o, no sudeste do pa\u00eds. De acordo com a intelig\u00eancia iraniana, os tr\u00eas espi\u00f5es estavam envolvidos na coleta de documentos e informa\u00e7\u00f5es confidenciais. O [&hellip;]\" \/>\n<meta property=\"og:url\" content=\"https:\/\/www.notibras.com\/site\/ira-prende-espioes-de-israel-que-atuavam-no-pais\/\" \/>\n<meta property=\"og:site_name\" content=\"Notibras\" \/>\n<meta property=\"article:publisher\" content=\"https:\/\/www.facebook.com\/notibras\/\" \/>\n<meta property=\"article:published_time\" content=\"2022-04-21T16:29:48+00:00\" \/>\n<meta property=\"article:modified_time\" content=\"2022-04-21T18:35:27+00:00\" \/>\n<meta property=\"og:image\" content=\"https:\/\/www.notibras.com\/site\/wp-content\/uploads\/2022\/04\/ira.espioes.webp\" \/>\n\t<meta property=\"og:image:width\" content=\"1920\" \/>\n\t<meta property=\"og:image:height\" content=\"1080\" \/>\n\t<meta property=\"og:image:type\" content=\"image\/webp\" \/>\n<meta name=\"author\" content=\"Reda\u00e7\u00e3o\" \/>\n<meta name=\"twitter:card\" content=\"summary_large_image\" \/>\n<meta name=\"twitter:creator\" content=\"@Notibras\" \/>\n<meta name=\"twitter:site\" content=\"@Notibras\" \/>\n<meta name=\"twitter:label1\" content=\"Escrito por\" \/>\n\t<meta name=\"twitter:data1\" content=\"Reda\u00e7\u00e3o\" \/>\n\t<meta name=\"twitter:label2\" content=\"Est. tempo de leitura\" \/>\n\t<meta name=\"twitter:data2\" content=\"2 minutos\" \/>\n<script type=\"application\/ld+json\" class=\"yoast-schema-graph\">{\"@context\":\"https:\/\/schema.org\",\"@graph\":[{\"@type\":\"Article\",\"@id\":\"https:\/\/www.notibras.com\/site\/ira-prende-espioes-de-israel-que-atuavam-no-pais\/#article\",\"isPartOf\":{\"@id\":\"https:\/\/www.notibras.com\/site\/ira-prende-espioes-de-israel-que-atuavam-no-pais\/\"},\"author\":{\"name\":\"Reda\u00e7\u00e3o\",\"@id\":\"https:\/\/www.notibras.com\/site\/#\/schema\/person\/36ab0979449956132d3e5b517ea76ac8\"},\"headline\":\"Ir\u00e3 prende espi\u00f5es de Israel que atuavam no pa\u00eds\",\"datePublished\":\"2022-04-21T16:29:48+00:00\",\"dateModified\":\"2022-04-21T18:35:27+00:00\",\"mainEntityOfPage\":{\"@id\":\"https:\/\/www.notibras.com\/site\/ira-prende-espioes-de-israel-que-atuavam-no-pais\/\"},\"wordCount\":355,\"publisher\":{\"@id\":\"https:\/\/www.notibras.com\/site\/#organization\"},\"image\":{\"@id\":\"https:\/\/www.notibras.com\/site\/ira-prende-espioes-de-israel-que-atuavam-no-pais\/#primaryimage\"},\"thumbnailUrl\":\"https:\/\/www.notibras.com\/site\/wp-content\/uploads\/2022\/04\/ira.espioes.webp\",\"keywords\":[\"capa\"],\"articleSection\":[\"Apocalipse\"],\"inLanguage\":\"pt-BR\"},{\"@type\":\"WebPage\",\"@id\":\"https:\/\/www.notibras.com\/site\/ira-prende-espioes-de-israel-que-atuavam-no-pais\/\",\"url\":\"https:\/\/www.notibras.com\/site\/ira-prende-espioes-de-israel-que-atuavam-no-pais\/\",\"name\":\"Ir\u00e3 prende espi\u00f5es de Israel que atuavam no pa\u00eds - Notibras\",\"isPartOf\":{\"@id\":\"https:\/\/www.notibras.com\/site\/#website\"},\"primaryImageOfPage\":{\"@id\":\"https:\/\/www.notibras.com\/site\/ira-prende-espioes-de-israel-que-atuavam-no-pais\/#primaryimage\"},\"image\":{\"@id\":\"https:\/\/www.notibras.com\/site\/ira-prende-espioes-de-israel-que-atuavam-no-pais\/#primaryimage\"},\"thumbnailUrl\":\"https:\/\/www.notibras.com\/site\/wp-content\/uploads\/2022\/04\/ira.espioes.webp\",\"datePublished\":\"2022-04-21T16:29:48+00:00\",\"dateModified\":\"2022-04-21T18:35:27+00:00\",\"breadcrumb\":{\"@id\":\"https:\/\/www.notibras.com\/site\/ira-prende-espioes-de-israel-que-atuavam-no-pais\/#breadcrumb\"},\"inLanguage\":\"pt-BR\",\"potentialAction\":[{\"@type\":\"ReadAction\",\"target\":[\"https:\/\/www.notibras.com\/site\/ira-prende-espioes-de-israel-que-atuavam-no-pais\/\"]}]},{\"@type\":\"ImageObject\",\"inLanguage\":\"pt-BR\",\"@id\":\"https:\/\/www.notibras.com\/site\/ira-prende-espioes-de-israel-que-atuavam-no-pais\/#primaryimage\",\"url\":\"https:\/\/www.notibras.com\/site\/wp-content\/uploads\/2022\/04\/ira.espioes.webp\",\"contentUrl\":\"https:\/\/www.notibras.com\/site\/wp-content\/uploads\/2022\/04\/ira.espioes.webp\",\"width\":1920,\"height\":1080},{\"@type\":\"BreadcrumbList\",\"@id\":\"https:\/\/www.notibras.com\/site\/ira-prende-espioes-de-israel-que-atuavam-no-pais\/#breadcrumb\",\"itemListElement\":[{\"@type\":\"ListItem\",\"position\":1,\"name\":\"In\u00edcio\",\"item\":\"https:\/\/www.notibras.com\/site\/\"},{\"@type\":\"ListItem\",\"position\":2,\"name\":\"Ir\u00e3 prende espi\u00f5es de Israel que atuavam no pa\u00eds\"}]},{\"@type\":\"WebSite\",\"@id\":\"https:\/\/www.notibras.com\/site\/#website\",\"url\":\"https:\/\/www.notibras.com\/site\/\",\"name\":\"Notibras\",\"description\":\"Not\u00edcias de Bras\u00edlia, do Brasil e do Mundo\",\"publisher\":{\"@id\":\"https:\/\/www.notibras.com\/site\/#organization\"},\"potentialAction\":[{\"@type\":\"SearchAction\",\"target\":{\"@type\":\"EntryPoint\",\"urlTemplate\":\"https:\/\/www.notibras.com\/site\/?s={search_term_string}\"},\"query-input\":{\"@type\":\"PropertyValueSpecification\",\"valueRequired\":true,\"valueName\":\"search_term_string\"}}],\"inLanguage\":\"pt-BR\"},{\"@type\":\"Organization\",\"@id\":\"https:\/\/www.notibras.com\/site\/#organization\",\"name\":\"Grupo Notibras de Comunica\u00e7\u00e3o\",\"url\":\"https:\/\/www.notibras.com\/site\/\",\"logo\":{\"@type\":\"ImageObject\",\"inLanguage\":\"pt-BR\",\"@id\":\"https:\/\/www.notibras.com\/site\/#\/schema\/logo\/image\/\",\"url\":\"https:\/\/www.notibras.com\/site\/wp-content\/uploads\/2023\/01\/notibras23.png\",\"contentUrl\":\"https:\/\/www.notibras.com\/site\/wp-content\/uploads\/2023\/01\/notibras23.png\",\"width\":350,\"height\":87,\"caption\":\"Grupo Notibras de Comunica\u00e7\u00e3o\"},\"image\":{\"@id\":\"https:\/\/www.notibras.com\/site\/#\/schema\/logo\/image\/\"},\"sameAs\":[\"https:\/\/www.facebook.com\/notibras\/\",\"https:\/\/x.com\/Notibras\",\"https:\/\/www.instagram.com\/notibras\/\"]},{\"@type\":\"Person\",\"@id\":\"https:\/\/www.notibras.com\/site\/#\/schema\/person\/36ab0979449956132d3e5b517ea76ac8\",\"name\":\"Reda\u00e7\u00e3o\",\"image\":{\"@type\":\"ImageObject\",\"inLanguage\":\"pt-BR\",\"@id\":\"https:\/\/secure.gravatar.com\/avatar\/e0a867bdedb85fd243eadf09663511f96fc81e0720a4a42581f334ad4303aa6b?s=96&d=mm&r=g\",\"url\":\"https:\/\/secure.gravatar.com\/avatar\/e0a867bdedb85fd243eadf09663511f96fc81e0720a4a42581f334ad4303aa6b?s=96&d=mm&r=g\",\"contentUrl\":\"https:\/\/secure.gravatar.com\/avatar\/e0a867bdedb85fd243eadf09663511f96fc81e0720a4a42581f334ad4303aa6b?s=96&d=mm&r=g\",\"caption\":\"Reda\u00e7\u00e3o\"}}]}<\/script>\n<!-- \/ Yoast SEO plugin. -->","yoast_head_json":{"title":"Ir\u00e3 prende espi\u00f5es de Israel que atuavam no pa\u00eds - Notibras","robots":{"index":"index","follow":"follow","max-snippet":"max-snippet:-1","max-image-preview":"max-image-preview:large","max-video-preview":"max-video-preview:-1"},"canonical":"https:\/\/www.notibras.com\/site\/ira-prende-espioes-de-israel-que-atuavam-no-pais\/","og_locale":"pt_BR","og_type":"article","og_title":"Ir\u00e3 prende espi\u00f5es de Israel que atuavam no pa\u00eds - Notibras","og_description":"O Minist\u00e9rio da Intelig\u00eancia do Ir\u00e3 informou a pris\u00e3o de tr\u00eas pessoas suspeitas de trabalhar para a ag\u00eancia de espionagem israelense Mossad. O trio foi preso nas prov\u00edncias de Sist\u00e3o e Balouquist\u00e3o, no sudeste do pa\u00eds. De acordo com a intelig\u00eancia iraniana, os tr\u00eas espi\u00f5es estavam envolvidos na coleta de documentos e informa\u00e7\u00f5es confidenciais. O [&hellip;]","og_url":"https:\/\/www.notibras.com\/site\/ira-prende-espioes-de-israel-que-atuavam-no-pais\/","og_site_name":"Notibras","article_publisher":"https:\/\/www.facebook.com\/notibras\/","article_published_time":"2022-04-21T16:29:48+00:00","article_modified_time":"2022-04-21T18:35:27+00:00","og_image":[{"width":1920,"height":1080,"url":"https:\/\/www.notibras.com\/site\/wp-content\/uploads\/2022\/04\/ira.espioes.webp","type":"image\/webp"}],"author":"Reda\u00e7\u00e3o","twitter_card":"summary_large_image","twitter_creator":"@Notibras","twitter_site":"@Notibras","twitter_misc":{"Escrito por":"Reda\u00e7\u00e3o","Est. tempo de leitura":"2 minutos"},"schema":{"@context":"https:\/\/schema.org","@graph":[{"@type":"Article","@id":"https:\/\/www.notibras.com\/site\/ira-prende-espioes-de-israel-que-atuavam-no-pais\/#article","isPartOf":{"@id":"https:\/\/www.notibras.com\/site\/ira-prende-espioes-de-israel-que-atuavam-no-pais\/"},"author":{"name":"Reda\u00e7\u00e3o","@id":"https:\/\/www.notibras.com\/site\/#\/schema\/person\/36ab0979449956132d3e5b517ea76ac8"},"headline":"Ir\u00e3 prende espi\u00f5es de Israel que atuavam no pa\u00eds","datePublished":"2022-04-21T16:29:48+00:00","dateModified":"2022-04-21T18:35:27+00:00","mainEntityOfPage":{"@id":"https:\/\/www.notibras.com\/site\/ira-prende-espioes-de-israel-que-atuavam-no-pais\/"},"wordCount":355,"publisher":{"@id":"https:\/\/www.notibras.com\/site\/#organization"},"image":{"@id":"https:\/\/www.notibras.com\/site\/ira-prende-espioes-de-israel-que-atuavam-no-pais\/#primaryimage"},"thumbnailUrl":"https:\/\/www.notibras.com\/site\/wp-content\/uploads\/2022\/04\/ira.espioes.webp","keywords":["capa"],"articleSection":["Apocalipse"],"inLanguage":"pt-BR"},{"@type":"WebPage","@id":"https:\/\/www.notibras.com\/site\/ira-prende-espioes-de-israel-que-atuavam-no-pais\/","url":"https:\/\/www.notibras.com\/site\/ira-prende-espioes-de-israel-que-atuavam-no-pais\/","name":"Ir\u00e3 prende espi\u00f5es de Israel que atuavam no pa\u00eds - Notibras","isPartOf":{"@id":"https:\/\/www.notibras.com\/site\/#website"},"primaryImageOfPage":{"@id":"https:\/\/www.notibras.com\/site\/ira-prende-espioes-de-israel-que-atuavam-no-pais\/#primaryimage"},"image":{"@id":"https:\/\/www.notibras.com\/site\/ira-prende-espioes-de-israel-que-atuavam-no-pais\/#primaryimage"},"thumbnailUrl":"https:\/\/www.notibras.com\/site\/wp-content\/uploads\/2022\/04\/ira.espioes.webp","datePublished":"2022-04-21T16:29:48+00:00","dateModified":"2022-04-21T18:35:27+00:00","breadcrumb":{"@id":"https:\/\/www.notibras.com\/site\/ira-prende-espioes-de-israel-que-atuavam-no-pais\/#breadcrumb"},"inLanguage":"pt-BR","potentialAction":[{"@type":"ReadAction","target":["https:\/\/www.notibras.com\/site\/ira-prende-espioes-de-israel-que-atuavam-no-pais\/"]}]},{"@type":"ImageObject","inLanguage":"pt-BR","@id":"https:\/\/www.notibras.com\/site\/ira-prende-espioes-de-israel-que-atuavam-no-pais\/#primaryimage","url":"https:\/\/www.notibras.com\/site\/wp-content\/uploads\/2022\/04\/ira.espioes.webp","contentUrl":"https:\/\/www.notibras.com\/site\/wp-content\/uploads\/2022\/04\/ira.espioes.webp","width":1920,"height":1080},{"@type":"BreadcrumbList","@id":"https:\/\/www.notibras.com\/site\/ira-prende-espioes-de-israel-que-atuavam-no-pais\/#breadcrumb","itemListElement":[{"@type":"ListItem","position":1,"name":"In\u00edcio","item":"https:\/\/www.notibras.com\/site\/"},{"@type":"ListItem","position":2,"name":"Ir\u00e3 prende espi\u00f5es de Israel que atuavam no pa\u00eds"}]},{"@type":"WebSite","@id":"https:\/\/www.notibras.com\/site\/#website","url":"https:\/\/www.notibras.com\/site\/","name":"Notibras","description":"Not\u00edcias de Bras\u00edlia, do Brasil e do Mundo","publisher":{"@id":"https:\/\/www.notibras.com\/site\/#organization"},"potentialAction":[{"@type":"SearchAction","target":{"@type":"EntryPoint","urlTemplate":"https:\/\/www.notibras.com\/site\/?s={search_term_string}"},"query-input":{"@type":"PropertyValueSpecification","valueRequired":true,"valueName":"search_term_string"}}],"inLanguage":"pt-BR"},{"@type":"Organization","@id":"https:\/\/www.notibras.com\/site\/#organization","name":"Grupo Notibras de Comunica\u00e7\u00e3o","url":"https:\/\/www.notibras.com\/site\/","logo":{"@type":"ImageObject","inLanguage":"pt-BR","@id":"https:\/\/www.notibras.com\/site\/#\/schema\/logo\/image\/","url":"https:\/\/www.notibras.com\/site\/wp-content\/uploads\/2023\/01\/notibras23.png","contentUrl":"https:\/\/www.notibras.com\/site\/wp-content\/uploads\/2023\/01\/notibras23.png","width":350,"height":87,"caption":"Grupo Notibras de Comunica\u00e7\u00e3o"},"image":{"@id":"https:\/\/www.notibras.com\/site\/#\/schema\/logo\/image\/"},"sameAs":["https:\/\/www.facebook.com\/notibras\/","https:\/\/x.com\/Notibras","https:\/\/www.instagram.com\/notibras\/"]},{"@type":"Person","@id":"https:\/\/www.notibras.com\/site\/#\/schema\/person\/36ab0979449956132d3e5b517ea76ac8","name":"Reda\u00e7\u00e3o","image":{"@type":"ImageObject","inLanguage":"pt-BR","@id":"https:\/\/secure.gravatar.com\/avatar\/e0a867bdedb85fd243eadf09663511f96fc81e0720a4a42581f334ad4303aa6b?s=96&d=mm&r=g","url":"https:\/\/secure.gravatar.com\/avatar\/e0a867bdedb85fd243eadf09663511f96fc81e0720a4a42581f334ad4303aa6b?s=96&d=mm&r=g","contentUrl":"https:\/\/secure.gravatar.com\/avatar\/e0a867bdedb85fd243eadf09663511f96fc81e0720a4a42581f334ad4303aa6b?s=96&d=mm&r=g","caption":"Reda\u00e7\u00e3o"}}]}},"amp_enabled":true,"_links":{"self":[{"href":"https:\/\/www.notibras.com\/site\/wp-json\/wp\/v2\/posts\/284250","targetHints":{"allow":["GET"]}}],"collection":[{"href":"https:\/\/www.notibras.com\/site\/wp-json\/wp\/v2\/posts"}],"about":[{"href":"https:\/\/www.notibras.com\/site\/wp-json\/wp\/v2\/types\/post"}],"author":[{"embeddable":true,"href":"https:\/\/www.notibras.com\/site\/wp-json\/wp\/v2\/users\/2"}],"replies":[{"embeddable":true,"href":"https:\/\/www.notibras.com\/site\/wp-json\/wp\/v2\/comments?post=284250"}],"version-history":[{"count":1,"href":"https:\/\/www.notibras.com\/site\/wp-json\/wp\/v2\/posts\/284250\/revisions"}],"predecessor-version":[{"id":284252,"href":"https:\/\/www.notibras.com\/site\/wp-json\/wp\/v2\/posts\/284250\/revisions\/284252"}],"wp:featuredmedia":[{"embeddable":true,"href":"https:\/\/www.notibras.com\/site\/wp-json\/wp\/v2\/media\/284251"}],"wp:attachment":[{"href":"https:\/\/www.notibras.com\/site\/wp-json\/wp\/v2\/media?parent=284250"}],"wp:term":[{"taxonomy":"category","embeddable":true,"href":"https:\/\/www.notibras.com\/site\/wp-json\/wp\/v2\/categories?post=284250"},{"taxonomy":"post_tag","embeddable":true,"href":"https:\/\/www.notibras.com\/site\/wp-json\/wp\/v2\/tags?post=284250"}],"curies":[{"name":"wp","href":"https:\/\/api.w.org\/{rel}","templated":true}]}}