{"id":28427,"date":"2014-11-16T02:31:56","date_gmt":"2014-11-16T05:31:56","guid":{"rendered":"http:\/\/www.notibras.com\/site\/?p=28427"},"modified":"2014-11-16T02:31:56","modified_gmt":"2014-11-16T05:31:56","slug":"acordo-nuclear-com-ira-preve-fim-das-sancoes-e-gas-mais-barato","status":"publish","type":"post","link":"https:\/\/www.notibras.com\/site\/acordo-nuclear-com-ira-preve-fim-das-sancoes-e-gas-mais-barato\/","title":{"rendered":"Acordo nuclear com Ir\u00e3 prev\u00ea fim das san\u00e7\u00f5es e g\u00e1s mais barato"},"content":{"rendered":"<p>Negocia\u00e7\u00f5es entre a Rep\u00fablica Isl\u00e2mica do Ir\u00e3 e o P5+1, que inclui R\u00fassia, China, Estados Unidos, Reino Unido, Fran\u00e7a e Alemanha, se aproximam da assinatura de um acordo capaz de dar um fim ao conflito em torno do programa nuclear iraniano e preparar terreno para a consequente aboli\u00e7\u00e3o das san\u00e7\u00f5es econ\u00f4micas aplicadas ao pa\u00eds.<\/p>\n<p>No dia 24 de novembro termina o prazo para assinatura do acordo universal que confirmar\u00e1 o car\u00e1ter pac\u00edfico do programa nuclear do Ir\u00e3 em troca do cancelamento das san\u00e7\u00f5es econ\u00f4micas impostas ao pa\u00eds. Apesar da conquista, uma fonte diplom\u00e1tica do jornal russo \u201cKommersant\u201d n\u00e3o acredita que a iniciativa seja capaz de influenciar as rela\u00e7\u00f5es internacionais.<\/p>\n<p>\u201cEmbora a maioria dos detalhes t\u00e9cnicos j\u00e1 esteja aprovada pelas partes envolvidas e o restante n\u00e3o seja dif\u00edcil de resolver, uma quest\u00e3o \u2013 referente \u00e0 anula\u00e7\u00e3o das san\u00e7\u00f5es \u2013 encontra-se sem solu\u00e7\u00e3o devido \u00e0 solicita\u00e7\u00e3o pouco real\u00edstica do Ir\u00e3 de ter todas elas canceladas no dia da publica\u00e7\u00e3o do acordo\u201d, explica a fonte que preferiu n\u00e3o ser identificada.<\/p>\n<blockquote><p>A atual pol\u00edtica interna dos Estados Unidos exige progresso na resolu\u00e7\u00e3o do conflito iraniano. \u201cIsso faz com que os representantes do pa\u00eds tentem acelerar a celebra\u00e7\u00e3o do acordo at\u00e9 24 de novembro, enquanto os demais membros do grupo dos seis priorizam solu\u00e7\u00f5es s\u00f3lidas\u201d, acrescentou o diplomata ao \u201cKommersant\u201d.<\/p><\/blockquote>\n<p>Em novembro de 2013, o prazo para aprova\u00e7\u00e3o do documento foi inicialmente agendado para 20 de julho deste ano, mas logo adiado para 24 de novembro. Al\u00e9m do procedimento para aboli\u00e7\u00e3o das san\u00e7\u00f5es, tamb\u00e9m causa impasse a quest\u00e3o sobre a quantidade de centr\u00edfugas para enriquecimento de ur\u00e2nio autorizadas a permanecerem em territ\u00f3rio iraniano.<\/p>\n<p>\u201cAl\u00e9m de outras diferen\u00e7as, as partes n\u00e3o conseguem definir a quantidade permitida de centr\u00edfugas para o enriquecimento de ur\u00e2nio. Enquanto os EUA exigem a redu\u00e7\u00e3o das instala\u00e7\u00f5es de 9 mil a 1,5 mil unidades,\u00a0 o governo iraniano n\u00e3o est\u00e1 disposto a desistir das conquistas de uma d\u00e9cada inteira\u201d, disse \u00e0 Gazeta Russa Vlad\u00edmir Evseev, diretor do Centro de Pesquisas Pol\u00edticas e Sociais.<\/p>\n<p>\u201cMas tenho certeza que ningu\u00e9m exigir\u00e1 a redu\u00e7\u00e3o do programa nuclear junto ao projeto de cria\u00e7\u00e3o de foguetes, devido \u00e0 forte posi\u00e7\u00e3o do Ir\u00e3 em rela\u00e7\u00e3o ao assunto, nem o fechamento da usina subterr\u00e2nea de enriquecimento de urano localizada na cidade de Fordow. Quanto ao resto, tudo \u00e9 poss\u00edvel\u201d, acrescentou o especialista.<\/p>\n<p>Para Evseev, h\u00e1 dois poss\u00edveis cen\u00e1rios de resolu\u00e7\u00e3o do conflito nuclear iraniano: a assinatura de um acordo-quadro ou de um acordo universal at\u00e9 24 de novembro. \u201cA primeira op\u00e7\u00e3o parece mais adequada, pois n\u00e3o exige a anula\u00e7\u00e3o de todas as san\u00e7\u00f5es impostas ao Ir\u00e3 estimuladas tanto pela realiza\u00e7\u00e3o de projetos nucleares, quanto pela assist\u00eancia prestada a grupos terroristas da regi\u00e3o.\u201d<\/p>\n<p>O primeiro pacote de san\u00e7\u00f5es foi recebido pelo governo iraniano ainda em 1984, ap\u00f3s os terroristas do Hizbollah atacarem a base militar internacional no L\u00edbano. O incidente causou um grande n\u00famero de mortes entre os soldados americanos e franceses. Segundo o diretor do Centro de Pesquisas Pol\u00edticas e Sociais, um plano gradual de anula\u00e7\u00e3o das san\u00e7\u00f5es permitiria acelerar a resolu\u00e7\u00e3o do conflito.<\/p>\n<p>Em entrevista \u00e0 Gazeta Russa, Aleks\u00eai Sk\u00f3pin, chefe do departamento de Economia Regional e Geografia Econ\u00f4mica da Escola Superior de Economia, sugeriu que as negocia\u00e7\u00f5es voltadas para a resolu\u00e7\u00e3o do conflito nuclear iraniano tem por objetivo a prepara\u00e7\u00e3o de um novo aliado no \u201cjogo de g\u00e1s da Europa\u201d.<\/p>\n<p>\u201cEm troca da anula\u00e7\u00e3o das san\u00e7\u00f5es, o governo iraniano ser\u00e1 obrigado a encaminhar a maior parte da exporta\u00e7\u00e3o do seu g\u00e1s para o territ\u00f3rio europeu, conforme as rotas sugeridas pelo governo americano. Sem d\u00favida, o aparecimento de um novo fornecedor causar\u00e1 a redu\u00e7\u00e3o nos pre\u00e7os do g\u00e1s russo\u201d, prev\u00ea Sk\u00f3pin.<\/p>\n<p><strong>Nikolai Lit\u00f3vkin<br \/>\n<\/strong><\/p>\n<p>&nbsp;<\/p>\n","protected":false},"excerpt":{"rendered":"<p>Negocia\u00e7\u00f5es entre a Rep\u00fablica Isl\u00e2mica do Ir\u00e3 e o P5+1, que inclui R\u00fassia, China, Estados Unidos, Reino Unido, Fran\u00e7a e Alemanha, se aproximam da assinatura de um acordo capaz de dar um fim ao conflito em torno do programa nuclear iraniano e preparar terreno para a consequente aboli\u00e7\u00e3o das san\u00e7\u00f5es econ\u00f4micas aplicadas ao pa\u00eds. No [&hellip;]<\/p>\n","protected":false},"author":2,"featured_media":28430,"comment_status":"open","ping_status":"closed","sticky":false,"template":"","format":"standard","meta":{"_acf_changed":false,"footnotes":""},"categories":[25],"tags":[],"class_list":["post-28427","post","type-post","status-publish","format-standard","has-post-thumbnail","hentry","category-opina-ai"],"acf":[],"yoast_head":"<!-- This site is optimized with the Yoast SEO plugin v27.2 - https:\/\/yoast.com\/product\/yoast-seo-wordpress\/ -->\n<title>Acordo nuclear com Ir\u00e3 prev\u00ea fim das san\u00e7\u00f5es e g\u00e1s mais barato - Notibras<\/title>\n<meta name=\"robots\" content=\"index, follow, max-snippet:-1, max-image-preview:large, max-video-preview:-1\" \/>\n<link rel=\"canonical\" href=\"https:\/\/www.notibras.com\/site\/acordo-nuclear-com-ira-preve-fim-das-sancoes-e-gas-mais-barato\/\" \/>\n<meta property=\"og:locale\" content=\"pt_BR\" \/>\n<meta property=\"og:type\" content=\"article\" \/>\n<meta property=\"og:title\" content=\"Acordo nuclear com Ir\u00e3 prev\u00ea fim das san\u00e7\u00f5es e g\u00e1s mais barato - Notibras\" \/>\n<meta property=\"og:description\" content=\"Negocia\u00e7\u00f5es entre a Rep\u00fablica Isl\u00e2mica do Ir\u00e3 e o P5+1, que inclui R\u00fassia, China, Estados Unidos, Reino Unido, Fran\u00e7a e Alemanha, se aproximam da assinatura de um acordo capaz de dar um fim ao conflito em torno do programa nuclear iraniano e preparar terreno para a consequente aboli\u00e7\u00e3o das san\u00e7\u00f5es econ\u00f4micas aplicadas ao pa\u00eds. No [&hellip;]\" \/>\n<meta property=\"og:url\" content=\"https:\/\/www.notibras.com\/site\/acordo-nuclear-com-ira-preve-fim-das-sancoes-e-gas-mais-barato\/\" \/>\n<meta property=\"og:site_name\" content=\"Notibras\" \/>\n<meta property=\"article:publisher\" content=\"https:\/\/www.facebook.com\/notibras\/\" \/>\n<meta property=\"article:published_time\" content=\"2014-11-16T05:31:56+00:00\" \/>\n<meta property=\"og:image\" content=\"https:\/\/www.notibras.com\/site\/wp-content\/uploads\/2014\/11\/Terremoto-perto-de-planta-nuclear-de-Bushehr-no-Ira-size-598.jpg\" \/>\n\t<meta property=\"og:image:width\" content=\"597\" \/>\n\t<meta property=\"og:image:height\" content=\"336\" \/>\n\t<meta property=\"og:image:type\" content=\"image\/jpeg\" \/>\n<meta name=\"author\" content=\"Reda\u00e7\u00e3o\" \/>\n<meta name=\"twitter:card\" content=\"summary_large_image\" \/>\n<meta name=\"twitter:creator\" content=\"@Notibras\" \/>\n<meta name=\"twitter:site\" content=\"@Notibras\" \/>\n<meta name=\"twitter:label1\" content=\"Escrito por\" \/>\n\t<meta name=\"twitter:data1\" content=\"Reda\u00e7\u00e3o\" \/>\n\t<meta name=\"twitter:label2\" content=\"Est. tempo de leitura\" \/>\n\t<meta name=\"twitter:data2\" content=\"3 minutos\" \/>\n<script type=\"application\/ld+json\" class=\"yoast-schema-graph\">{\"@context\":\"https:\/\/schema.org\",\"@graph\":[{\"@type\":\"Article\",\"@id\":\"https:\/\/www.notibras.com\/site\/acordo-nuclear-com-ira-preve-fim-das-sancoes-e-gas-mais-barato\/#article\",\"isPartOf\":{\"@id\":\"https:\/\/www.notibras.com\/site\/acordo-nuclear-com-ira-preve-fim-das-sancoes-e-gas-mais-barato\/\"},\"author\":{\"name\":\"Reda\u00e7\u00e3o\",\"@id\":\"https:\/\/www.notibras.com\/site\/#\/schema\/person\/36ab0979449956132d3e5b517ea76ac8\"},\"headline\":\"Acordo nuclear com Ir\u00e3 prev\u00ea fim das san\u00e7\u00f5es e g\u00e1s mais barato\",\"datePublished\":\"2014-11-16T05:31:56+00:00\",\"mainEntityOfPage\":{\"@id\":\"https:\/\/www.notibras.com\/site\/acordo-nuclear-com-ira-preve-fim-das-sancoes-e-gas-mais-barato\/\"},\"wordCount\":699,\"commentCount\":0,\"publisher\":{\"@id\":\"https:\/\/www.notibras.com\/site\/#organization\"},\"image\":{\"@id\":\"https:\/\/www.notibras.com\/site\/acordo-nuclear-com-ira-preve-fim-das-sancoes-e-gas-mais-barato\/#primaryimage\"},\"thumbnailUrl\":\"https:\/\/www.notibras.com\/site\/wp-content\/uploads\/2014\/11\/Terremoto-perto-de-planta-nuclear-de-Bushehr-no-Ira-size-598.jpg\",\"articleSection\":[\"Opina a\u00ed\"],\"inLanguage\":\"pt-BR\",\"potentialAction\":[{\"@type\":\"CommentAction\",\"name\":\"Comment\",\"target\":[\"https:\/\/www.notibras.com\/site\/acordo-nuclear-com-ira-preve-fim-das-sancoes-e-gas-mais-barato\/#respond\"]}]},{\"@type\":\"WebPage\",\"@id\":\"https:\/\/www.notibras.com\/site\/acordo-nuclear-com-ira-preve-fim-das-sancoes-e-gas-mais-barato\/\",\"url\":\"https:\/\/www.notibras.com\/site\/acordo-nuclear-com-ira-preve-fim-das-sancoes-e-gas-mais-barato\/\",\"name\":\"Acordo nuclear com Ir\u00e3 prev\u00ea fim das san\u00e7\u00f5es e g\u00e1s mais barato - Notibras\",\"isPartOf\":{\"@id\":\"https:\/\/www.notibras.com\/site\/#website\"},\"primaryImageOfPage\":{\"@id\":\"https:\/\/www.notibras.com\/site\/acordo-nuclear-com-ira-preve-fim-das-sancoes-e-gas-mais-barato\/#primaryimage\"},\"image\":{\"@id\":\"https:\/\/www.notibras.com\/site\/acordo-nuclear-com-ira-preve-fim-das-sancoes-e-gas-mais-barato\/#primaryimage\"},\"thumbnailUrl\":\"https:\/\/www.notibras.com\/site\/wp-content\/uploads\/2014\/11\/Terremoto-perto-de-planta-nuclear-de-Bushehr-no-Ira-size-598.jpg\",\"datePublished\":\"2014-11-16T05:31:56+00:00\",\"breadcrumb\":{\"@id\":\"https:\/\/www.notibras.com\/site\/acordo-nuclear-com-ira-preve-fim-das-sancoes-e-gas-mais-barato\/#breadcrumb\"},\"inLanguage\":\"pt-BR\",\"potentialAction\":[{\"@type\":\"ReadAction\",\"target\":[\"https:\/\/www.notibras.com\/site\/acordo-nuclear-com-ira-preve-fim-das-sancoes-e-gas-mais-barato\/\"]}]},{\"@type\":\"ImageObject\",\"inLanguage\":\"pt-BR\",\"@id\":\"https:\/\/www.notibras.com\/site\/acordo-nuclear-com-ira-preve-fim-das-sancoes-e-gas-mais-barato\/#primaryimage\",\"url\":\"https:\/\/www.notibras.com\/site\/wp-content\/uploads\/2014\/11\/Terremoto-perto-de-planta-nuclear-de-Bushehr-no-Ira-size-598.jpg\",\"contentUrl\":\"https:\/\/www.notibras.com\/site\/wp-content\/uploads\/2014\/11\/Terremoto-perto-de-planta-nuclear-de-Bushehr-no-Ira-size-598.jpg\",\"width\":597,\"height\":336},{\"@type\":\"BreadcrumbList\",\"@id\":\"https:\/\/www.notibras.com\/site\/acordo-nuclear-com-ira-preve-fim-das-sancoes-e-gas-mais-barato\/#breadcrumb\",\"itemListElement\":[{\"@type\":\"ListItem\",\"position\":1,\"name\":\"In\u00edcio\",\"item\":\"https:\/\/www.notibras.com\/site\/\"},{\"@type\":\"ListItem\",\"position\":2,\"name\":\"Acordo nuclear com Ir\u00e3 prev\u00ea fim das san\u00e7\u00f5es e g\u00e1s mais barato\"}]},{\"@type\":\"WebSite\",\"@id\":\"https:\/\/www.notibras.com\/site\/#website\",\"url\":\"https:\/\/www.notibras.com\/site\/\",\"name\":\"Notibras\",\"description\":\"Not\u00edcias de Bras\u00edlia, do Brasil e do Mundo\",\"publisher\":{\"@id\":\"https:\/\/www.notibras.com\/site\/#organization\"},\"potentialAction\":[{\"@type\":\"SearchAction\",\"target\":{\"@type\":\"EntryPoint\",\"urlTemplate\":\"https:\/\/www.notibras.com\/site\/?s={search_term_string}\"},\"query-input\":{\"@type\":\"PropertyValueSpecification\",\"valueRequired\":true,\"valueName\":\"search_term_string\"}}],\"inLanguage\":\"pt-BR\"},{\"@type\":\"Organization\",\"@id\":\"https:\/\/www.notibras.com\/site\/#organization\",\"name\":\"Grupo Notibras de Comunica\u00e7\u00e3o\",\"url\":\"https:\/\/www.notibras.com\/site\/\",\"logo\":{\"@type\":\"ImageObject\",\"inLanguage\":\"pt-BR\",\"@id\":\"https:\/\/www.notibras.com\/site\/#\/schema\/logo\/image\/\",\"url\":\"https:\/\/www.notibras.com\/site\/wp-content\/uploads\/2023\/01\/notibras23.png\",\"contentUrl\":\"https:\/\/www.notibras.com\/site\/wp-content\/uploads\/2023\/01\/notibras23.png\",\"width\":350,\"height\":87,\"caption\":\"Grupo Notibras de Comunica\u00e7\u00e3o\"},\"image\":{\"@id\":\"https:\/\/www.notibras.com\/site\/#\/schema\/logo\/image\/\"},\"sameAs\":[\"https:\/\/www.facebook.com\/notibras\/\",\"https:\/\/x.com\/Notibras\",\"https:\/\/www.instagram.com\/notibras\/\"]},{\"@type\":\"Person\",\"@id\":\"https:\/\/www.notibras.com\/site\/#\/schema\/person\/36ab0979449956132d3e5b517ea76ac8\",\"name\":\"Reda\u00e7\u00e3o\",\"image\":{\"@type\":\"ImageObject\",\"inLanguage\":\"pt-BR\",\"@id\":\"https:\/\/secure.gravatar.com\/avatar\/e0a867bdedb85fd243eadf09663511f96fc81e0720a4a42581f334ad4303aa6b?s=96&d=mm&r=g\",\"url\":\"https:\/\/secure.gravatar.com\/avatar\/e0a867bdedb85fd243eadf09663511f96fc81e0720a4a42581f334ad4303aa6b?s=96&d=mm&r=g\",\"contentUrl\":\"https:\/\/secure.gravatar.com\/avatar\/e0a867bdedb85fd243eadf09663511f96fc81e0720a4a42581f334ad4303aa6b?s=96&d=mm&r=g\",\"caption\":\"Reda\u00e7\u00e3o\"}}]}<\/script>\n<!-- \/ Yoast SEO plugin. -->","yoast_head_json":{"title":"Acordo nuclear com Ir\u00e3 prev\u00ea fim das san\u00e7\u00f5es e g\u00e1s mais barato - Notibras","robots":{"index":"index","follow":"follow","max-snippet":"max-snippet:-1","max-image-preview":"max-image-preview:large","max-video-preview":"max-video-preview:-1"},"canonical":"https:\/\/www.notibras.com\/site\/acordo-nuclear-com-ira-preve-fim-das-sancoes-e-gas-mais-barato\/","og_locale":"pt_BR","og_type":"article","og_title":"Acordo nuclear com Ir\u00e3 prev\u00ea fim das san\u00e7\u00f5es e g\u00e1s mais barato - Notibras","og_description":"Negocia\u00e7\u00f5es entre a Rep\u00fablica Isl\u00e2mica do Ir\u00e3 e o P5+1, que inclui R\u00fassia, China, Estados Unidos, Reino Unido, Fran\u00e7a e Alemanha, se aproximam da assinatura de um acordo capaz de dar um fim ao conflito em torno do programa nuclear iraniano e preparar terreno para a consequente aboli\u00e7\u00e3o das san\u00e7\u00f5es econ\u00f4micas aplicadas ao pa\u00eds. No [&hellip;]","og_url":"https:\/\/www.notibras.com\/site\/acordo-nuclear-com-ira-preve-fim-das-sancoes-e-gas-mais-barato\/","og_site_name":"Notibras","article_publisher":"https:\/\/www.facebook.com\/notibras\/","article_published_time":"2014-11-16T05:31:56+00:00","og_image":[{"width":597,"height":336,"url":"https:\/\/www.notibras.com\/site\/wp-content\/uploads\/2014\/11\/Terremoto-perto-de-planta-nuclear-de-Bushehr-no-Ira-size-598.jpg","type":"image\/jpeg"}],"author":"Reda\u00e7\u00e3o","twitter_card":"summary_large_image","twitter_creator":"@Notibras","twitter_site":"@Notibras","twitter_misc":{"Escrito por":"Reda\u00e7\u00e3o","Est. tempo de leitura":"3 minutos"},"schema":{"@context":"https:\/\/schema.org","@graph":[{"@type":"Article","@id":"https:\/\/www.notibras.com\/site\/acordo-nuclear-com-ira-preve-fim-das-sancoes-e-gas-mais-barato\/#article","isPartOf":{"@id":"https:\/\/www.notibras.com\/site\/acordo-nuclear-com-ira-preve-fim-das-sancoes-e-gas-mais-barato\/"},"author":{"name":"Reda\u00e7\u00e3o","@id":"https:\/\/www.notibras.com\/site\/#\/schema\/person\/36ab0979449956132d3e5b517ea76ac8"},"headline":"Acordo nuclear com Ir\u00e3 prev\u00ea fim das san\u00e7\u00f5es e g\u00e1s mais barato","datePublished":"2014-11-16T05:31:56+00:00","mainEntityOfPage":{"@id":"https:\/\/www.notibras.com\/site\/acordo-nuclear-com-ira-preve-fim-das-sancoes-e-gas-mais-barato\/"},"wordCount":699,"commentCount":0,"publisher":{"@id":"https:\/\/www.notibras.com\/site\/#organization"},"image":{"@id":"https:\/\/www.notibras.com\/site\/acordo-nuclear-com-ira-preve-fim-das-sancoes-e-gas-mais-barato\/#primaryimage"},"thumbnailUrl":"https:\/\/www.notibras.com\/site\/wp-content\/uploads\/2014\/11\/Terremoto-perto-de-planta-nuclear-de-Bushehr-no-Ira-size-598.jpg","articleSection":["Opina a\u00ed"],"inLanguage":"pt-BR","potentialAction":[{"@type":"CommentAction","name":"Comment","target":["https:\/\/www.notibras.com\/site\/acordo-nuclear-com-ira-preve-fim-das-sancoes-e-gas-mais-barato\/#respond"]}]},{"@type":"WebPage","@id":"https:\/\/www.notibras.com\/site\/acordo-nuclear-com-ira-preve-fim-das-sancoes-e-gas-mais-barato\/","url":"https:\/\/www.notibras.com\/site\/acordo-nuclear-com-ira-preve-fim-das-sancoes-e-gas-mais-barato\/","name":"Acordo nuclear com Ir\u00e3 prev\u00ea fim das san\u00e7\u00f5es e g\u00e1s mais barato - Notibras","isPartOf":{"@id":"https:\/\/www.notibras.com\/site\/#website"},"primaryImageOfPage":{"@id":"https:\/\/www.notibras.com\/site\/acordo-nuclear-com-ira-preve-fim-das-sancoes-e-gas-mais-barato\/#primaryimage"},"image":{"@id":"https:\/\/www.notibras.com\/site\/acordo-nuclear-com-ira-preve-fim-das-sancoes-e-gas-mais-barato\/#primaryimage"},"thumbnailUrl":"https:\/\/www.notibras.com\/site\/wp-content\/uploads\/2014\/11\/Terremoto-perto-de-planta-nuclear-de-Bushehr-no-Ira-size-598.jpg","datePublished":"2014-11-16T05:31:56+00:00","breadcrumb":{"@id":"https:\/\/www.notibras.com\/site\/acordo-nuclear-com-ira-preve-fim-das-sancoes-e-gas-mais-barato\/#breadcrumb"},"inLanguage":"pt-BR","potentialAction":[{"@type":"ReadAction","target":["https:\/\/www.notibras.com\/site\/acordo-nuclear-com-ira-preve-fim-das-sancoes-e-gas-mais-barato\/"]}]},{"@type":"ImageObject","inLanguage":"pt-BR","@id":"https:\/\/www.notibras.com\/site\/acordo-nuclear-com-ira-preve-fim-das-sancoes-e-gas-mais-barato\/#primaryimage","url":"https:\/\/www.notibras.com\/site\/wp-content\/uploads\/2014\/11\/Terremoto-perto-de-planta-nuclear-de-Bushehr-no-Ira-size-598.jpg","contentUrl":"https:\/\/www.notibras.com\/site\/wp-content\/uploads\/2014\/11\/Terremoto-perto-de-planta-nuclear-de-Bushehr-no-Ira-size-598.jpg","width":597,"height":336},{"@type":"BreadcrumbList","@id":"https:\/\/www.notibras.com\/site\/acordo-nuclear-com-ira-preve-fim-das-sancoes-e-gas-mais-barato\/#breadcrumb","itemListElement":[{"@type":"ListItem","position":1,"name":"In\u00edcio","item":"https:\/\/www.notibras.com\/site\/"},{"@type":"ListItem","position":2,"name":"Acordo nuclear com Ir\u00e3 prev\u00ea fim das san\u00e7\u00f5es e g\u00e1s mais barato"}]},{"@type":"WebSite","@id":"https:\/\/www.notibras.com\/site\/#website","url":"https:\/\/www.notibras.com\/site\/","name":"Notibras","description":"Not\u00edcias de Bras\u00edlia, do Brasil e do Mundo","publisher":{"@id":"https:\/\/www.notibras.com\/site\/#organization"},"potentialAction":[{"@type":"SearchAction","target":{"@type":"EntryPoint","urlTemplate":"https:\/\/www.notibras.com\/site\/?s={search_term_string}"},"query-input":{"@type":"PropertyValueSpecification","valueRequired":true,"valueName":"search_term_string"}}],"inLanguage":"pt-BR"},{"@type":"Organization","@id":"https:\/\/www.notibras.com\/site\/#organization","name":"Grupo Notibras de Comunica\u00e7\u00e3o","url":"https:\/\/www.notibras.com\/site\/","logo":{"@type":"ImageObject","inLanguage":"pt-BR","@id":"https:\/\/www.notibras.com\/site\/#\/schema\/logo\/image\/","url":"https:\/\/www.notibras.com\/site\/wp-content\/uploads\/2023\/01\/notibras23.png","contentUrl":"https:\/\/www.notibras.com\/site\/wp-content\/uploads\/2023\/01\/notibras23.png","width":350,"height":87,"caption":"Grupo Notibras de Comunica\u00e7\u00e3o"},"image":{"@id":"https:\/\/www.notibras.com\/site\/#\/schema\/logo\/image\/"},"sameAs":["https:\/\/www.facebook.com\/notibras\/","https:\/\/x.com\/Notibras","https:\/\/www.instagram.com\/notibras\/"]},{"@type":"Person","@id":"https:\/\/www.notibras.com\/site\/#\/schema\/person\/36ab0979449956132d3e5b517ea76ac8","name":"Reda\u00e7\u00e3o","image":{"@type":"ImageObject","inLanguage":"pt-BR","@id":"https:\/\/secure.gravatar.com\/avatar\/e0a867bdedb85fd243eadf09663511f96fc81e0720a4a42581f334ad4303aa6b?s=96&d=mm&r=g","url":"https:\/\/secure.gravatar.com\/avatar\/e0a867bdedb85fd243eadf09663511f96fc81e0720a4a42581f334ad4303aa6b?s=96&d=mm&r=g","contentUrl":"https:\/\/secure.gravatar.com\/avatar\/e0a867bdedb85fd243eadf09663511f96fc81e0720a4a42581f334ad4303aa6b?s=96&d=mm&r=g","caption":"Reda\u00e7\u00e3o"}}]}},"amp_enabled":true,"_links":{"self":[{"href":"https:\/\/www.notibras.com\/site\/wp-json\/wp\/v2\/posts\/28427","targetHints":{"allow":["GET"]}}],"collection":[{"href":"https:\/\/www.notibras.com\/site\/wp-json\/wp\/v2\/posts"}],"about":[{"href":"https:\/\/www.notibras.com\/site\/wp-json\/wp\/v2\/types\/post"}],"author":[{"embeddable":true,"href":"https:\/\/www.notibras.com\/site\/wp-json\/wp\/v2\/users\/2"}],"replies":[{"embeddable":true,"href":"https:\/\/www.notibras.com\/site\/wp-json\/wp\/v2\/comments?post=28427"}],"version-history":[{"count":0,"href":"https:\/\/www.notibras.com\/site\/wp-json\/wp\/v2\/posts\/28427\/revisions"}],"wp:featuredmedia":[{"embeddable":true,"href":"https:\/\/www.notibras.com\/site\/wp-json\/wp\/v2\/media\/28430"}],"wp:attachment":[{"href":"https:\/\/www.notibras.com\/site\/wp-json\/wp\/v2\/media?parent=28427"}],"wp:term":[{"taxonomy":"category","embeddable":true,"href":"https:\/\/www.notibras.com\/site\/wp-json\/wp\/v2\/categories?post=28427"},{"taxonomy":"post_tag","embeddable":true,"href":"https:\/\/www.notibras.com\/site\/wp-json\/wp\/v2\/tags?post=28427"}],"curies":[{"name":"wp","href":"https:\/\/api.w.org\/{rel}","templated":true}]}}