{"id":28431,"date":"2014-11-16T02:39:52","date_gmt":"2014-11-16T05:39:52","guid":{"rendered":"http:\/\/www.notibras.com\/site\/?p=28431"},"modified":"2014-11-16T02:45:38","modified_gmt":"2014-11-16T05:45:38","slug":"gremio-vence-fora-e-deixa-criciuma-mais-perto-da-segundona","status":"publish","type":"post","link":"https:\/\/www.notibras.com\/site\/gremio-vence-fora-e-deixa-criciuma-mais-perto-da-segundona\/","title":{"rendered":"Gr\u00eamio vence fora e deixa Crici\u00fama \u00e0 beira da degola"},"content":{"rendered":"<p>Apesar de viverem situa\u00e7\u00f5es opostas na S\u00e9rie A, Gr\u00eamio e Crici\u00fama jogavam pelo mesmo objetivo neste s\u00e1bado, na partida que abriu a 34\u00aa rodada do Campeonato Brasileiro: uma vit\u00f3ria para manter viva a esperan\u00e7a de suas respectivas metas na competi\u00e7\u00e3o. E quem se deu bem foram os ga\u00fachos, que venceram por 3 a 0 e conseguiram se manter no G-4.<\/p>\n<p>Para os donos da casa, que atuaram no Heriberto H\u00fclse, em Santa Catarina, o resultado foi p\u00e9ssimo e deixou a equipe na lanterna da competi\u00e7\u00e3o, cada vez mais perto do rebaixamento. Dudu,\u00a0Barcos e Ramiro, fizeram os gols da vit\u00f3ria gremista.<\/p>\n<p>Com o resultado positivo, a equipe comandada por Luiz Felipe Scolari acumula seis rodadas sem saber o que \u00e9 perder e se mant\u00e9m na terceira posi\u00e7\u00e3o, dentro do grupo de classifica\u00e7\u00e3o para a Copa Libertadores, com 60 pontos. J\u00e1 o Crici\u00fama vive o oposto. O clube catarinense est\u00e1 ladeira abaixo, com seis derrotas seguidas, na \u00faltima posi\u00e7\u00e3o da S\u00e9rie A. A situa\u00e7\u00e3o vai piorando a cada rodada, j\u00e1 que o time possui apenas 30 tentos conquistados, seis a menos que a Chapecoense, primeira fora da degola, mas que ainda entra em campo neste domingo.<\/p>\n<p>Mesmo jogando fora de casa, o Gr\u00eamio n\u00e3o teve dificuldades para impor seu ritmo de jogo e conquistar os tr\u00eas pontos. Os visitantes foram melhores nos dois tempos e quase n\u00e3o foram amea\u00e7ados pelo Crici\u00fama. Os ga\u00fachos abriram o placar aos 12min, quando Dudu roubou de Jo\u00edlson, driblou o goleiro e empurrou para o gol vazio. Aos 38min, Barcos ampliou. Ap\u00f3s cobran\u00e7a de escanteio de Z\u00e9 Roberto, o argentino nem precisou pular para cabecear e marcar o segundo.<\/p>\n<blockquote><p>Apesar de uma boa vantagem conquistada na etapa inicial, se engana quem pensa que a equipe de Luiz Felipe Scolari recuaria no segundo tempo para tentar segurar o placar. O Gr\u00eamio continuou jogando para frente, sufocando os donos da casa e conseguiram deixar o placar el\u00e1stico aos 21min. Dudu acertou um passe preciso para Ramiro, que recebeu sozinho na frente de Bruno e s\u00f3 teve o trabalho de tocar na sa\u00edda do goleiro para dar n\u00fameros finais em Santa Catarina.<\/p><\/blockquote>\n<p>Na pr\u00f3xima rodada, o Gr\u00eamio tem uma miss\u00e3o complicada contra o l\u00edder Cruzeiro, na quinta-feira (20), \u00e0s 21h50 (de Bras\u00edlia), na Arena em Porto Alegre. J\u00e1 o Crici\u00fama faz um confronto direto contra o Bahia, quarta-feira (19), \u00e0s 21h, no Heriberto H\u00fclse, em Santa Catarina.<\/p>\n","protected":false},"excerpt":{"rendered":"<p>Apesar de viverem situa\u00e7\u00f5es opostas na S\u00e9rie A, Gr\u00eamio e Crici\u00fama jogavam pelo mesmo objetivo neste s\u00e1bado, na partida que abriu a 34\u00aa rodada do Campeonato Brasileiro: uma vit\u00f3ria para manter viva a esperan\u00e7a de suas respectivas metas na competi\u00e7\u00e3o. E quem se deu bem foram os ga\u00fachos, que venceram por 3 a 0 e [&hellip;]<\/p>\n","protected":false},"author":2,"featured_media":28432,"comment_status":"open","ping_status":"closed","sticky":false,"template":"","format":"standard","meta":{"_acf_changed":false,"footnotes":""},"categories":[19,29],"tags":[],"class_list":["post-28431","post","type-post","status-publish","format-standard","has-post-thumbnail","hentry","category-esportes","category-futebol"],"acf":[],"yoast_head":"<!-- This site is optimized with the Yoast SEO plugin v27.2 - https:\/\/yoast.com\/product\/yoast-seo-wordpress\/ -->\n<title>Gr\u00eamio vence fora e deixa Crici\u00fama \u00e0 beira da degola - Notibras<\/title>\n<meta name=\"robots\" content=\"index, follow, max-snippet:-1, max-image-preview:large, max-video-preview:-1\" \/>\n<link rel=\"canonical\" href=\"https:\/\/www.notibras.com\/site\/gremio-vence-fora-e-deixa-criciuma-mais-perto-da-segundona\/\" \/>\n<meta property=\"og:locale\" content=\"pt_BR\" \/>\n<meta property=\"og:type\" content=\"article\" \/>\n<meta property=\"og:title\" content=\"Gr\u00eamio vence fora e deixa Crici\u00fama \u00e0 beira da degola - Notibras\" \/>\n<meta property=\"og:description\" content=\"Apesar de viverem situa\u00e7\u00f5es opostas na S\u00e9rie A, Gr\u00eamio e Crici\u00fama jogavam pelo mesmo objetivo neste s\u00e1bado, na partida que abriu a 34\u00aa rodada do Campeonato Brasileiro: uma vit\u00f3ria para manter viva a esperan\u00e7a de suas respectivas metas na competi\u00e7\u00e3o. E quem se deu bem foram os ga\u00fachos, que venceram por 3 a 0 e [&hellip;]\" \/>\n<meta property=\"og:url\" content=\"https:\/\/www.notibras.com\/site\/gremio-vence-fora-e-deixa-criciuma-mais-perto-da-segundona\/\" \/>\n<meta property=\"og:site_name\" content=\"Notibras\" \/>\n<meta property=\"article:publisher\" content=\"https:\/\/www.facebook.com\/notibras\/\" \/>\n<meta property=\"article:published_time\" content=\"2014-11-16T05:39:52+00:00\" \/>\n<meta property=\"article:modified_time\" content=\"2014-11-16T05:45:38+00:00\" \/>\n<meta property=\"og:image\" content=\"https:\/\/www.notibras.com\/site\/wp-content\/uploads\/2014\/11\/gremiofestacriciumaxgremioalanpedrogetty.jpg\" \/>\n\t<meta property=\"og:image:width\" content=\"460\" \/>\n\t<meta property=\"og:image:height\" content=\"340\" \/>\n\t<meta property=\"og:image:type\" content=\"image\/jpeg\" \/>\n<meta name=\"author\" content=\"Reda\u00e7\u00e3o\" \/>\n<meta name=\"twitter:card\" content=\"summary_large_image\" \/>\n<meta name=\"twitter:creator\" content=\"@Notibras\" \/>\n<meta name=\"twitter:site\" content=\"@Notibras\" \/>\n<meta name=\"twitter:label1\" content=\"Escrito por\" \/>\n\t<meta name=\"twitter:data1\" content=\"Reda\u00e7\u00e3o\" \/>\n\t<meta name=\"twitter:label2\" content=\"Est. tempo de leitura\" \/>\n\t<meta name=\"twitter:data2\" content=\"2 minutos\" \/>\n<script type=\"application\/ld+json\" class=\"yoast-schema-graph\">{\"@context\":\"https:\/\/schema.org\",\"@graph\":[{\"@type\":\"Article\",\"@id\":\"https:\/\/www.notibras.com\/site\/gremio-vence-fora-e-deixa-criciuma-mais-perto-da-segundona\/#article\",\"isPartOf\":{\"@id\":\"https:\/\/www.notibras.com\/site\/gremio-vence-fora-e-deixa-criciuma-mais-perto-da-segundona\/\"},\"author\":{\"name\":\"Reda\u00e7\u00e3o\",\"@id\":\"https:\/\/www.notibras.com\/site\/#\/schema\/person\/36ab0979449956132d3e5b517ea76ac8\"},\"headline\":\"Gr\u00eamio vence fora e deixa Crici\u00fama \u00e0 beira da degola\",\"datePublished\":\"2014-11-16T05:39:52+00:00\",\"dateModified\":\"2014-11-16T05:45:38+00:00\",\"mainEntityOfPage\":{\"@id\":\"https:\/\/www.notibras.com\/site\/gremio-vence-fora-e-deixa-criciuma-mais-perto-da-segundona\/\"},\"wordCount\":442,\"commentCount\":0,\"publisher\":{\"@id\":\"https:\/\/www.notibras.com\/site\/#organization\"},\"image\":{\"@id\":\"https:\/\/www.notibras.com\/site\/gremio-vence-fora-e-deixa-criciuma-mais-perto-da-segundona\/#primaryimage\"},\"thumbnailUrl\":\"https:\/\/www.notibras.com\/site\/wp-content\/uploads\/2014\/11\/gremiofestacriciumaxgremioalanpedrogetty.jpg\",\"articleSection\":[\"Esportes\",\"Futebol\"],\"inLanguage\":\"pt-BR\",\"potentialAction\":[{\"@type\":\"CommentAction\",\"name\":\"Comment\",\"target\":[\"https:\/\/www.notibras.com\/site\/gremio-vence-fora-e-deixa-criciuma-mais-perto-da-segundona\/#respond\"]}]},{\"@type\":\"WebPage\",\"@id\":\"https:\/\/www.notibras.com\/site\/gremio-vence-fora-e-deixa-criciuma-mais-perto-da-segundona\/\",\"url\":\"https:\/\/www.notibras.com\/site\/gremio-vence-fora-e-deixa-criciuma-mais-perto-da-segundona\/\",\"name\":\"Gr\u00eamio vence fora e deixa Crici\u00fama \u00e0 beira da degola - Notibras\",\"isPartOf\":{\"@id\":\"https:\/\/www.notibras.com\/site\/#website\"},\"primaryImageOfPage\":{\"@id\":\"https:\/\/www.notibras.com\/site\/gremio-vence-fora-e-deixa-criciuma-mais-perto-da-segundona\/#primaryimage\"},\"image\":{\"@id\":\"https:\/\/www.notibras.com\/site\/gremio-vence-fora-e-deixa-criciuma-mais-perto-da-segundona\/#primaryimage\"},\"thumbnailUrl\":\"https:\/\/www.notibras.com\/site\/wp-content\/uploads\/2014\/11\/gremiofestacriciumaxgremioalanpedrogetty.jpg\",\"datePublished\":\"2014-11-16T05:39:52+00:00\",\"dateModified\":\"2014-11-16T05:45:38+00:00\",\"breadcrumb\":{\"@id\":\"https:\/\/www.notibras.com\/site\/gremio-vence-fora-e-deixa-criciuma-mais-perto-da-segundona\/#breadcrumb\"},\"inLanguage\":\"pt-BR\",\"potentialAction\":[{\"@type\":\"ReadAction\",\"target\":[\"https:\/\/www.notibras.com\/site\/gremio-vence-fora-e-deixa-criciuma-mais-perto-da-segundona\/\"]}]},{\"@type\":\"ImageObject\",\"inLanguage\":\"pt-BR\",\"@id\":\"https:\/\/www.notibras.com\/site\/gremio-vence-fora-e-deixa-criciuma-mais-perto-da-segundona\/#primaryimage\",\"url\":\"https:\/\/www.notibras.com\/site\/wp-content\/uploads\/2014\/11\/gremiofestacriciumaxgremioalanpedrogetty.jpg\",\"contentUrl\":\"https:\/\/www.notibras.com\/site\/wp-content\/uploads\/2014\/11\/gremiofestacriciumaxgremioalanpedrogetty.jpg\",\"width\":460,\"height\":340},{\"@type\":\"BreadcrumbList\",\"@id\":\"https:\/\/www.notibras.com\/site\/gremio-vence-fora-e-deixa-criciuma-mais-perto-da-segundona\/#breadcrumb\",\"itemListElement\":[{\"@type\":\"ListItem\",\"position\":1,\"name\":\"In\u00edcio\",\"item\":\"https:\/\/www.notibras.com\/site\/\"},{\"@type\":\"ListItem\",\"position\":2,\"name\":\"Gr\u00eamio vence fora e deixa Crici\u00fama \u00e0 beira da degola\"}]},{\"@type\":\"WebSite\",\"@id\":\"https:\/\/www.notibras.com\/site\/#website\",\"url\":\"https:\/\/www.notibras.com\/site\/\",\"name\":\"Notibras\",\"description\":\"Not\u00edcias de Bras\u00edlia, do Brasil e do Mundo\",\"publisher\":{\"@id\":\"https:\/\/www.notibras.com\/site\/#organization\"},\"potentialAction\":[{\"@type\":\"SearchAction\",\"target\":{\"@type\":\"EntryPoint\",\"urlTemplate\":\"https:\/\/www.notibras.com\/site\/?s={search_term_string}\"},\"query-input\":{\"@type\":\"PropertyValueSpecification\",\"valueRequired\":true,\"valueName\":\"search_term_string\"}}],\"inLanguage\":\"pt-BR\"},{\"@type\":\"Organization\",\"@id\":\"https:\/\/www.notibras.com\/site\/#organization\",\"name\":\"Grupo Notibras de Comunica\u00e7\u00e3o\",\"url\":\"https:\/\/www.notibras.com\/site\/\",\"logo\":{\"@type\":\"ImageObject\",\"inLanguage\":\"pt-BR\",\"@id\":\"https:\/\/www.notibras.com\/site\/#\/schema\/logo\/image\/\",\"url\":\"https:\/\/www.notibras.com\/site\/wp-content\/uploads\/2023\/01\/notibras23.png\",\"contentUrl\":\"https:\/\/www.notibras.com\/site\/wp-content\/uploads\/2023\/01\/notibras23.png\",\"width\":350,\"height\":87,\"caption\":\"Grupo Notibras de Comunica\u00e7\u00e3o\"},\"image\":{\"@id\":\"https:\/\/www.notibras.com\/site\/#\/schema\/logo\/image\/\"},\"sameAs\":[\"https:\/\/www.facebook.com\/notibras\/\",\"https:\/\/x.com\/Notibras\",\"https:\/\/www.instagram.com\/notibras\/\"]},{\"@type\":\"Person\",\"@id\":\"https:\/\/www.notibras.com\/site\/#\/schema\/person\/36ab0979449956132d3e5b517ea76ac8\",\"name\":\"Reda\u00e7\u00e3o\",\"image\":{\"@type\":\"ImageObject\",\"inLanguage\":\"pt-BR\",\"@id\":\"https:\/\/secure.gravatar.com\/avatar\/e0a867bdedb85fd243eadf09663511f96fc81e0720a4a42581f334ad4303aa6b?s=96&d=mm&r=g\",\"url\":\"https:\/\/secure.gravatar.com\/avatar\/e0a867bdedb85fd243eadf09663511f96fc81e0720a4a42581f334ad4303aa6b?s=96&d=mm&r=g\",\"contentUrl\":\"https:\/\/secure.gravatar.com\/avatar\/e0a867bdedb85fd243eadf09663511f96fc81e0720a4a42581f334ad4303aa6b?s=96&d=mm&r=g\",\"caption\":\"Reda\u00e7\u00e3o\"}}]}<\/script>\n<!-- \/ Yoast SEO plugin. -->","yoast_head_json":{"title":"Gr\u00eamio vence fora e deixa Crici\u00fama \u00e0 beira da degola - Notibras","robots":{"index":"index","follow":"follow","max-snippet":"max-snippet:-1","max-image-preview":"max-image-preview:large","max-video-preview":"max-video-preview:-1"},"canonical":"https:\/\/www.notibras.com\/site\/gremio-vence-fora-e-deixa-criciuma-mais-perto-da-segundona\/","og_locale":"pt_BR","og_type":"article","og_title":"Gr\u00eamio vence fora e deixa Crici\u00fama \u00e0 beira da degola - Notibras","og_description":"Apesar de viverem situa\u00e7\u00f5es opostas na S\u00e9rie A, Gr\u00eamio e Crici\u00fama jogavam pelo mesmo objetivo neste s\u00e1bado, na partida que abriu a 34\u00aa rodada do Campeonato Brasileiro: uma vit\u00f3ria para manter viva a esperan\u00e7a de suas respectivas metas na competi\u00e7\u00e3o. E quem se deu bem foram os ga\u00fachos, que venceram por 3 a 0 e [&hellip;]","og_url":"https:\/\/www.notibras.com\/site\/gremio-vence-fora-e-deixa-criciuma-mais-perto-da-segundona\/","og_site_name":"Notibras","article_publisher":"https:\/\/www.facebook.com\/notibras\/","article_published_time":"2014-11-16T05:39:52+00:00","article_modified_time":"2014-11-16T05:45:38+00:00","og_image":[{"width":460,"height":340,"url":"https:\/\/www.notibras.com\/site\/wp-content\/uploads\/2014\/11\/gremiofestacriciumaxgremioalanpedrogetty.jpg","type":"image\/jpeg"}],"author":"Reda\u00e7\u00e3o","twitter_card":"summary_large_image","twitter_creator":"@Notibras","twitter_site":"@Notibras","twitter_misc":{"Escrito por":"Reda\u00e7\u00e3o","Est. tempo de leitura":"2 minutos"},"schema":{"@context":"https:\/\/schema.org","@graph":[{"@type":"Article","@id":"https:\/\/www.notibras.com\/site\/gremio-vence-fora-e-deixa-criciuma-mais-perto-da-segundona\/#article","isPartOf":{"@id":"https:\/\/www.notibras.com\/site\/gremio-vence-fora-e-deixa-criciuma-mais-perto-da-segundona\/"},"author":{"name":"Reda\u00e7\u00e3o","@id":"https:\/\/www.notibras.com\/site\/#\/schema\/person\/36ab0979449956132d3e5b517ea76ac8"},"headline":"Gr\u00eamio vence fora e deixa Crici\u00fama \u00e0 beira da degola","datePublished":"2014-11-16T05:39:52+00:00","dateModified":"2014-11-16T05:45:38+00:00","mainEntityOfPage":{"@id":"https:\/\/www.notibras.com\/site\/gremio-vence-fora-e-deixa-criciuma-mais-perto-da-segundona\/"},"wordCount":442,"commentCount":0,"publisher":{"@id":"https:\/\/www.notibras.com\/site\/#organization"},"image":{"@id":"https:\/\/www.notibras.com\/site\/gremio-vence-fora-e-deixa-criciuma-mais-perto-da-segundona\/#primaryimage"},"thumbnailUrl":"https:\/\/www.notibras.com\/site\/wp-content\/uploads\/2014\/11\/gremiofestacriciumaxgremioalanpedrogetty.jpg","articleSection":["Esportes","Futebol"],"inLanguage":"pt-BR","potentialAction":[{"@type":"CommentAction","name":"Comment","target":["https:\/\/www.notibras.com\/site\/gremio-vence-fora-e-deixa-criciuma-mais-perto-da-segundona\/#respond"]}]},{"@type":"WebPage","@id":"https:\/\/www.notibras.com\/site\/gremio-vence-fora-e-deixa-criciuma-mais-perto-da-segundona\/","url":"https:\/\/www.notibras.com\/site\/gremio-vence-fora-e-deixa-criciuma-mais-perto-da-segundona\/","name":"Gr\u00eamio vence fora e deixa Crici\u00fama \u00e0 beira da degola - Notibras","isPartOf":{"@id":"https:\/\/www.notibras.com\/site\/#website"},"primaryImageOfPage":{"@id":"https:\/\/www.notibras.com\/site\/gremio-vence-fora-e-deixa-criciuma-mais-perto-da-segundona\/#primaryimage"},"image":{"@id":"https:\/\/www.notibras.com\/site\/gremio-vence-fora-e-deixa-criciuma-mais-perto-da-segundona\/#primaryimage"},"thumbnailUrl":"https:\/\/www.notibras.com\/site\/wp-content\/uploads\/2014\/11\/gremiofestacriciumaxgremioalanpedrogetty.jpg","datePublished":"2014-11-16T05:39:52+00:00","dateModified":"2014-11-16T05:45:38+00:00","breadcrumb":{"@id":"https:\/\/www.notibras.com\/site\/gremio-vence-fora-e-deixa-criciuma-mais-perto-da-segundona\/#breadcrumb"},"inLanguage":"pt-BR","potentialAction":[{"@type":"ReadAction","target":["https:\/\/www.notibras.com\/site\/gremio-vence-fora-e-deixa-criciuma-mais-perto-da-segundona\/"]}]},{"@type":"ImageObject","inLanguage":"pt-BR","@id":"https:\/\/www.notibras.com\/site\/gremio-vence-fora-e-deixa-criciuma-mais-perto-da-segundona\/#primaryimage","url":"https:\/\/www.notibras.com\/site\/wp-content\/uploads\/2014\/11\/gremiofestacriciumaxgremioalanpedrogetty.jpg","contentUrl":"https:\/\/www.notibras.com\/site\/wp-content\/uploads\/2014\/11\/gremiofestacriciumaxgremioalanpedrogetty.jpg","width":460,"height":340},{"@type":"BreadcrumbList","@id":"https:\/\/www.notibras.com\/site\/gremio-vence-fora-e-deixa-criciuma-mais-perto-da-segundona\/#breadcrumb","itemListElement":[{"@type":"ListItem","position":1,"name":"In\u00edcio","item":"https:\/\/www.notibras.com\/site\/"},{"@type":"ListItem","position":2,"name":"Gr\u00eamio vence fora e deixa Crici\u00fama \u00e0 beira da degola"}]},{"@type":"WebSite","@id":"https:\/\/www.notibras.com\/site\/#website","url":"https:\/\/www.notibras.com\/site\/","name":"Notibras","description":"Not\u00edcias de Bras\u00edlia, do Brasil e do Mundo","publisher":{"@id":"https:\/\/www.notibras.com\/site\/#organization"},"potentialAction":[{"@type":"SearchAction","target":{"@type":"EntryPoint","urlTemplate":"https:\/\/www.notibras.com\/site\/?s={search_term_string}"},"query-input":{"@type":"PropertyValueSpecification","valueRequired":true,"valueName":"search_term_string"}}],"inLanguage":"pt-BR"},{"@type":"Organization","@id":"https:\/\/www.notibras.com\/site\/#organization","name":"Grupo Notibras de Comunica\u00e7\u00e3o","url":"https:\/\/www.notibras.com\/site\/","logo":{"@type":"ImageObject","inLanguage":"pt-BR","@id":"https:\/\/www.notibras.com\/site\/#\/schema\/logo\/image\/","url":"https:\/\/www.notibras.com\/site\/wp-content\/uploads\/2023\/01\/notibras23.png","contentUrl":"https:\/\/www.notibras.com\/site\/wp-content\/uploads\/2023\/01\/notibras23.png","width":350,"height":87,"caption":"Grupo Notibras de Comunica\u00e7\u00e3o"},"image":{"@id":"https:\/\/www.notibras.com\/site\/#\/schema\/logo\/image\/"},"sameAs":["https:\/\/www.facebook.com\/notibras\/","https:\/\/x.com\/Notibras","https:\/\/www.instagram.com\/notibras\/"]},{"@type":"Person","@id":"https:\/\/www.notibras.com\/site\/#\/schema\/person\/36ab0979449956132d3e5b517ea76ac8","name":"Reda\u00e7\u00e3o","image":{"@type":"ImageObject","inLanguage":"pt-BR","@id":"https:\/\/secure.gravatar.com\/avatar\/e0a867bdedb85fd243eadf09663511f96fc81e0720a4a42581f334ad4303aa6b?s=96&d=mm&r=g","url":"https:\/\/secure.gravatar.com\/avatar\/e0a867bdedb85fd243eadf09663511f96fc81e0720a4a42581f334ad4303aa6b?s=96&d=mm&r=g","contentUrl":"https:\/\/secure.gravatar.com\/avatar\/e0a867bdedb85fd243eadf09663511f96fc81e0720a4a42581f334ad4303aa6b?s=96&d=mm&r=g","caption":"Reda\u00e7\u00e3o"}}]}},"amp_enabled":true,"_links":{"self":[{"href":"https:\/\/www.notibras.com\/site\/wp-json\/wp\/v2\/posts\/28431","targetHints":{"allow":["GET"]}}],"collection":[{"href":"https:\/\/www.notibras.com\/site\/wp-json\/wp\/v2\/posts"}],"about":[{"href":"https:\/\/www.notibras.com\/site\/wp-json\/wp\/v2\/types\/post"}],"author":[{"embeddable":true,"href":"https:\/\/www.notibras.com\/site\/wp-json\/wp\/v2\/users\/2"}],"replies":[{"embeddable":true,"href":"https:\/\/www.notibras.com\/site\/wp-json\/wp\/v2\/comments?post=28431"}],"version-history":[{"count":0,"href":"https:\/\/www.notibras.com\/site\/wp-json\/wp\/v2\/posts\/28431\/revisions"}],"wp:featuredmedia":[{"embeddable":true,"href":"https:\/\/www.notibras.com\/site\/wp-json\/wp\/v2\/media\/28432"}],"wp:attachment":[{"href":"https:\/\/www.notibras.com\/site\/wp-json\/wp\/v2\/media?parent=28431"}],"wp:term":[{"taxonomy":"category","embeddable":true,"href":"https:\/\/www.notibras.com\/site\/wp-json\/wp\/v2\/categories?post=28431"},{"taxonomy":"post_tag","embeddable":true,"href":"https:\/\/www.notibras.com\/site\/wp-json\/wp\/v2\/tags?post=28431"}],"curies":[{"name":"wp","href":"https:\/\/api.w.org\/{rel}","templated":true}]}}