{"id":284381,"date":"2022-04-24T07:10:17","date_gmt":"2022-04-24T10:10:17","guid":{"rendered":"https:\/\/www.notibras.com\/site\/?p=284381"},"modified":"2022-04-24T08:08:01","modified_gmt":"2022-04-24T11:08:01","slug":"preie-hindu-vai-a-area-disputa-e-acirra-animos-com-paquistao","status":"publish","type":"post","link":"https:\/\/www.notibras.com\/site\/preie-hindu-vai-a-area-disputa-e-acirra-animos-com-paquistao\/","title":{"rendered":"Premi\u00ea hindu vai a \u00e1rea disputada e acirra \u00e2nimos com Paquist\u00e3o"},"content":{"rendered":"<p>O clima de tens\u00e3o voltou a esquentar entre \u00cdndia e Paquist\u00e3o, duas pot\u00eancias nucleares asi\u00e1ticas que n\u00e3o se entendem politicamente h\u00e1 muito tempo. A nova desaven\u00e7a est\u00e1 na visita que o primeiro-ministro indiano Narendra Modi fez neste fim de semana ao antigo estado de Jammu, na Caxemira, desde que seu governo descartou o status semi-aut\u00f4nomo da regi\u00e3o em agosto de 2019.<\/p>\n<p>Como resposta, o Paquist\u00e3o convocou o povo da Caxemira que vive em ambos os lados da Linha de Controle para repudiar a visita e classificar a data como \u201cdia negro\u201d, conforme afirmou o primeiro-ministro da Caxemira administrada pelo Paquist\u00e3o Sardar Tanveer Ilyas.<\/p>\n<p>Tanto a \u00cdndia quanto o Paquist\u00e3o controlam partes da regi\u00e3o de Jammu e Caxemira e ambos os vizinhos com armas nucleares rejeitam a soberania um do outro sobre a regi\u00e3o.<\/p>\n<p>Falando em uma coletiva de imprensa em Islamabad, juntamente com o grupo centrado na Caxemira, All Parties Hurriyat Conference (APHC) Ilyas disse que manifesta\u00e7\u00f5es e protestos ser\u00e3o realizados em toda a regi\u00e3o de Jammu e Caxemira contra Nova D\u00e9lhi. Ele tamb\u00e9m criticou a \u201cideologia hindu\u201d do governo indiano, afirmando que representava uma \u201cs\u00e9ria amea\u00e7a\u201d \u00e0 paz na regi\u00e3o.<\/p>\n<p>\u201cEm um momento em que os caxemires est\u00e3o privados at\u00e9 mesmo dos direitos inconsequentes de governan\u00e7a devido \u00e0 retirada do status especial de seu estado, quando as for\u00e7as de ocupa\u00e7\u00e3o indianas intensificaram as piores atrocidades de todos os tempos, a visita de Modi equivale a esfregar sal nas feridas dos caxemires &#8220;, disse o governante paquistan\u00eas.<\/p>\n<p>O APHC \u00e9 um grupo que representa 26 partidos pol\u00edticos que defendem a \u201cliberdade\u201d da Caxemira. Seu organizador Farooq Rehmani acusou as for\u00e7as de seguran\u00e7a indianas de matar caxemires em grande n\u00famero, uma refer\u00eancia \u00e0 repress\u00e3o de Nova D\u00e9lhi \u00e0 atividade terrorista na regi\u00e3o.<\/p>\n<p>Nova Delhi acusa o Paquist\u00e3o de apoiar grupos terroristas como Jaish-e-Mohammed (JeM) de realizar ataques contra for\u00e7as de seguran\u00e7a e civis na regi\u00e3o. No fim de semana, um violento tiroteio eclodiu entre os que as ag\u00eancias de seguran\u00e7a indianas descreveram como \u201cbombardeiros suicidas\u201d que se infiltraram do Paquist\u00e3o.<\/p>\n<p>O diretor-geral de pol\u00edcia (DGP) de Jammu e Caxemira, Dilbag Singh, disse que os homens-bomba faziam parte de um esquadr\u00e3o empurrado pelo Paquist\u00e3o para \u201cinterromper\u201d a visita do primeiro-ministro. &#8220;O encontro aconteceu dois dias antes da visita do primeiro-ministro. Faz parte de uma grande conspira\u00e7\u00e3o para perturbar a atmosfera pac\u00edfica de Jammu e pode ser uma grande conspira\u00e7\u00e3o para sabotar a visita&#8221;, disse.<\/p>\n<p>Posteriormente, a presen\u00e7a de seguran\u00e7a na regi\u00e3o foi refor\u00e7ada e a pol\u00edcia e as for\u00e7as de seguran\u00e7a realizaram patrulhamento conjunto para evitar qualquer incidente. Enquanto isso, o Minist\u00e9rio das Rela\u00e7\u00f5es Exteriores do Paquist\u00e3o classificou o encontro como &#8220;falso&#8221; e uma &#8220;opera\u00e7\u00e3o encenada de cerco e busca&#8221;.<\/p>\n<p>&#8220;O Paquist\u00e3o reitera seu pedido de investiga\u00e7\u00e3o de assassinatos extrajudiciais em Jammu e Caxemira (\u00cdndia) pela Comiss\u00e3o de Inqu\u00e9rito, conforme recomendado pelo Escrit\u00f3rio do Alto Comissariado das Na\u00e7\u00f5es Unidas para os Direitos Humanos (ACNUDH) em seus relat\u00f3rios da Caxemira de 2018 e 2019, &#8220;, disse em comunicado.<\/p>\n<p>Durante a visita, Modi dirigiu-se aos conselhos das aldeias da \u00cdndia por ocasi\u00e3o do Dia Nacional do Panchayati Raj (dia dos conselhos das aldeias). O primeiro-ministro indiano tamb\u00e9m lan\u00e7ou as pedras fundamentais de v\u00e1rios projetos de desenvolvimento e infraestrutura, totalizando mais de US $ 2 bilh\u00f5es, incluindo o t\u00fanel rodovi\u00e1rio Banihal Qazigund, que reduzir\u00e1 o tempo de deslocamento entre as regi\u00f5es de Jammu e Caxemira.<\/p>\n<p>A visita de Modi tamb\u00e9m ocorre ap\u00f3s a posse do primeiro-ministro do Paquist\u00e3o, Shehbaz Sharif. Seu antecessor Imran Khan havia sido muito cr\u00edtico do primeiro-ministro Modi sobre a decis\u00e3o de mudar o status constitucional de Jammu e Caxemira e bifurc\u00e1-lo em dois territ\u00f3rios da Uni\u00e3o &#8211; Jammu e Caxemira e Ladakh. Islamabad rejeitou a decis\u00e3o e rebaixou seus la\u00e7os comerciais e diplom\u00e1ticos com a \u00cdndia em protesto.<\/p>\n","protected":false},"excerpt":{"rendered":"<p>O clima de tens\u00e3o voltou a esquentar entre \u00cdndia e Paquist\u00e3o, duas pot\u00eancias nucleares asi\u00e1ticas que n\u00e3o se entendem politicamente h\u00e1 muito tempo. A nova desaven\u00e7a est\u00e1 na visita que o primeiro-ministro indiano Narendra Modi fez neste fim de semana ao antigo estado de Jammu, na Caxemira, desde que seu governo descartou o status semi-aut\u00f4nomo [&hellip;]<\/p>\n","protected":false},"author":2,"featured_media":284382,"comment_status":"closed","ping_status":"closed","sticky":false,"template":"","format":"standard","meta":{"_acf_changed":false,"footnotes":""},"categories":[159],"tags":[95],"class_list":["post-284381","post","type-post","status-publish","format-standard","has-post-thumbnail","hentry","category-apocalipse","tag-capa"],"acf":[],"yoast_head":"<!-- This site is optimized with the Yoast SEO plugin v27.2 - https:\/\/yoast.com\/product\/yoast-seo-wordpress\/ -->\n<title>Premi\u00ea hindu vai a \u00e1rea disputada e acirra \u00e2nimos com Paquist\u00e3o - Notibras<\/title>\n<meta name=\"robots\" content=\"index, follow, max-snippet:-1, max-image-preview:large, max-video-preview:-1\" \/>\n<link rel=\"canonical\" href=\"https:\/\/www.notibras.com\/site\/preie-hindu-vai-a-area-disputa-e-acirra-animos-com-paquistao\/\" \/>\n<meta property=\"og:locale\" content=\"pt_BR\" \/>\n<meta property=\"og:type\" content=\"article\" \/>\n<meta property=\"og:title\" content=\"Premi\u00ea hindu vai a \u00e1rea disputada e acirra \u00e2nimos com Paquist\u00e3o - Notibras\" \/>\n<meta property=\"og:description\" content=\"O clima de tens\u00e3o voltou a esquentar entre \u00cdndia e Paquist\u00e3o, duas pot\u00eancias nucleares asi\u00e1ticas que n\u00e3o se entendem politicamente h\u00e1 muito tempo. A nova desaven\u00e7a est\u00e1 na visita que o primeiro-ministro indiano Narendra Modi fez neste fim de semana ao antigo estado de Jammu, na Caxemira, desde que seu governo descartou o status semi-aut\u00f4nomo [&hellip;]\" \/>\n<meta property=\"og:url\" content=\"https:\/\/www.notibras.com\/site\/preie-hindu-vai-a-area-disputa-e-acirra-animos-com-paquistao\/\" \/>\n<meta property=\"og:site_name\" content=\"Notibras\" \/>\n<meta property=\"article:publisher\" content=\"https:\/\/www.facebook.com\/notibras\/\" \/>\n<meta property=\"article:published_time\" content=\"2022-04-24T10:10:17+00:00\" \/>\n<meta property=\"article:modified_time\" content=\"2022-04-24T11:08:01+00:00\" \/>\n<meta property=\"og:image\" content=\"https:\/\/www.notibras.com\/site\/wp-content\/uploads\/2022\/04\/caxmira.tnsao_.webp\" \/>\n\t<meta property=\"og:image:width\" content=\"1920\" \/>\n\t<meta property=\"og:image:height\" content=\"1080\" \/>\n\t<meta property=\"og:image:type\" content=\"image\/webp\" \/>\n<meta name=\"author\" content=\"Reda\u00e7\u00e3o\" \/>\n<meta name=\"twitter:card\" content=\"summary_large_image\" \/>\n<meta name=\"twitter:creator\" content=\"@Notibras\" \/>\n<meta name=\"twitter:site\" content=\"@Notibras\" \/>\n<meta name=\"twitter:label1\" content=\"Escrito por\" \/>\n\t<meta name=\"twitter:data1\" content=\"Reda\u00e7\u00e3o\" \/>\n\t<meta name=\"twitter:label2\" content=\"Est. tempo de leitura\" \/>\n\t<meta name=\"twitter:data2\" content=\"3 minutos\" \/>\n<script type=\"application\/ld+json\" class=\"yoast-schema-graph\">{\"@context\":\"https:\/\/schema.org\",\"@graph\":[{\"@type\":\"Article\",\"@id\":\"https:\/\/www.notibras.com\/site\/preie-hindu-vai-a-area-disputa-e-acirra-animos-com-paquistao\/#article\",\"isPartOf\":{\"@id\":\"https:\/\/www.notibras.com\/site\/preie-hindu-vai-a-area-disputa-e-acirra-animos-com-paquistao\/\"},\"author\":{\"name\":\"Reda\u00e7\u00e3o\",\"@id\":\"https:\/\/www.notibras.com\/site\/#\/schema\/person\/36ab0979449956132d3e5b517ea76ac8\"},\"headline\":\"Premi\u00ea hindu vai a \u00e1rea disputada e acirra \u00e2nimos com Paquist\u00e3o\",\"datePublished\":\"2022-04-24T10:10:17+00:00\",\"dateModified\":\"2022-04-24T11:08:01+00:00\",\"mainEntityOfPage\":{\"@id\":\"https:\/\/www.notibras.com\/site\/preie-hindu-vai-a-area-disputa-e-acirra-animos-com-paquistao\/\"},\"wordCount\":710,\"publisher\":{\"@id\":\"https:\/\/www.notibras.com\/site\/#organization\"},\"image\":{\"@id\":\"https:\/\/www.notibras.com\/site\/preie-hindu-vai-a-area-disputa-e-acirra-animos-com-paquistao\/#primaryimage\"},\"thumbnailUrl\":\"https:\/\/www.notibras.com\/site\/wp-content\/uploads\/2022\/04\/caxmira.tnsao_.webp\",\"keywords\":[\"capa\"],\"articleSection\":[\"Apocalipse\"],\"inLanguage\":\"pt-BR\"},{\"@type\":\"WebPage\",\"@id\":\"https:\/\/www.notibras.com\/site\/preie-hindu-vai-a-area-disputa-e-acirra-animos-com-paquistao\/\",\"url\":\"https:\/\/www.notibras.com\/site\/preie-hindu-vai-a-area-disputa-e-acirra-animos-com-paquistao\/\",\"name\":\"Premi\u00ea hindu vai a \u00e1rea disputada e acirra \u00e2nimos com Paquist\u00e3o - Notibras\",\"isPartOf\":{\"@id\":\"https:\/\/www.notibras.com\/site\/#website\"},\"primaryImageOfPage\":{\"@id\":\"https:\/\/www.notibras.com\/site\/preie-hindu-vai-a-area-disputa-e-acirra-animos-com-paquistao\/#primaryimage\"},\"image\":{\"@id\":\"https:\/\/www.notibras.com\/site\/preie-hindu-vai-a-area-disputa-e-acirra-animos-com-paquistao\/#primaryimage\"},\"thumbnailUrl\":\"https:\/\/www.notibras.com\/site\/wp-content\/uploads\/2022\/04\/caxmira.tnsao_.webp\",\"datePublished\":\"2022-04-24T10:10:17+00:00\",\"dateModified\":\"2022-04-24T11:08:01+00:00\",\"breadcrumb\":{\"@id\":\"https:\/\/www.notibras.com\/site\/preie-hindu-vai-a-area-disputa-e-acirra-animos-com-paquistao\/#breadcrumb\"},\"inLanguage\":\"pt-BR\",\"potentialAction\":[{\"@type\":\"ReadAction\",\"target\":[\"https:\/\/www.notibras.com\/site\/preie-hindu-vai-a-area-disputa-e-acirra-animos-com-paquistao\/\"]}]},{\"@type\":\"ImageObject\",\"inLanguage\":\"pt-BR\",\"@id\":\"https:\/\/www.notibras.com\/site\/preie-hindu-vai-a-area-disputa-e-acirra-animos-com-paquistao\/#primaryimage\",\"url\":\"https:\/\/www.notibras.com\/site\/wp-content\/uploads\/2022\/04\/caxmira.tnsao_.webp\",\"contentUrl\":\"https:\/\/www.notibras.com\/site\/wp-content\/uploads\/2022\/04\/caxmira.tnsao_.webp\",\"width\":1920,\"height\":1080},{\"@type\":\"BreadcrumbList\",\"@id\":\"https:\/\/www.notibras.com\/site\/preie-hindu-vai-a-area-disputa-e-acirra-animos-com-paquistao\/#breadcrumb\",\"itemListElement\":[{\"@type\":\"ListItem\",\"position\":1,\"name\":\"In\u00edcio\",\"item\":\"https:\/\/www.notibras.com\/site\/\"},{\"@type\":\"ListItem\",\"position\":2,\"name\":\"Premi\u00ea hindu vai a \u00e1rea disputada e acirra \u00e2nimos com Paquist\u00e3o\"}]},{\"@type\":\"WebSite\",\"@id\":\"https:\/\/www.notibras.com\/site\/#website\",\"url\":\"https:\/\/www.notibras.com\/site\/\",\"name\":\"Notibras\",\"description\":\"Not\u00edcias de Bras\u00edlia, do Brasil e do Mundo\",\"publisher\":{\"@id\":\"https:\/\/www.notibras.com\/site\/#organization\"},\"potentialAction\":[{\"@type\":\"SearchAction\",\"target\":{\"@type\":\"EntryPoint\",\"urlTemplate\":\"https:\/\/www.notibras.com\/site\/?s={search_term_string}\"},\"query-input\":{\"@type\":\"PropertyValueSpecification\",\"valueRequired\":true,\"valueName\":\"search_term_string\"}}],\"inLanguage\":\"pt-BR\"},{\"@type\":\"Organization\",\"@id\":\"https:\/\/www.notibras.com\/site\/#organization\",\"name\":\"Grupo Notibras de Comunica\u00e7\u00e3o\",\"url\":\"https:\/\/www.notibras.com\/site\/\",\"logo\":{\"@type\":\"ImageObject\",\"inLanguage\":\"pt-BR\",\"@id\":\"https:\/\/www.notibras.com\/site\/#\/schema\/logo\/image\/\",\"url\":\"https:\/\/www.notibras.com\/site\/wp-content\/uploads\/2023\/01\/notibras23.png\",\"contentUrl\":\"https:\/\/www.notibras.com\/site\/wp-content\/uploads\/2023\/01\/notibras23.png\",\"width\":350,\"height\":87,\"caption\":\"Grupo Notibras de Comunica\u00e7\u00e3o\"},\"image\":{\"@id\":\"https:\/\/www.notibras.com\/site\/#\/schema\/logo\/image\/\"},\"sameAs\":[\"https:\/\/www.facebook.com\/notibras\/\",\"https:\/\/x.com\/Notibras\",\"https:\/\/www.instagram.com\/notibras\/\"]},{\"@type\":\"Person\",\"@id\":\"https:\/\/www.notibras.com\/site\/#\/schema\/person\/36ab0979449956132d3e5b517ea76ac8\",\"name\":\"Reda\u00e7\u00e3o\",\"image\":{\"@type\":\"ImageObject\",\"inLanguage\":\"pt-BR\",\"@id\":\"https:\/\/secure.gravatar.com\/avatar\/e0a867bdedb85fd243eadf09663511f96fc81e0720a4a42581f334ad4303aa6b?s=96&d=mm&r=g\",\"url\":\"https:\/\/secure.gravatar.com\/avatar\/e0a867bdedb85fd243eadf09663511f96fc81e0720a4a42581f334ad4303aa6b?s=96&d=mm&r=g\",\"contentUrl\":\"https:\/\/secure.gravatar.com\/avatar\/e0a867bdedb85fd243eadf09663511f96fc81e0720a4a42581f334ad4303aa6b?s=96&d=mm&r=g\",\"caption\":\"Reda\u00e7\u00e3o\"}}]}<\/script>\n<!-- \/ Yoast SEO plugin. -->","yoast_head_json":{"title":"Premi\u00ea hindu vai a \u00e1rea disputada e acirra \u00e2nimos com Paquist\u00e3o - Notibras","robots":{"index":"index","follow":"follow","max-snippet":"max-snippet:-1","max-image-preview":"max-image-preview:large","max-video-preview":"max-video-preview:-1"},"canonical":"https:\/\/www.notibras.com\/site\/preie-hindu-vai-a-area-disputa-e-acirra-animos-com-paquistao\/","og_locale":"pt_BR","og_type":"article","og_title":"Premi\u00ea hindu vai a \u00e1rea disputada e acirra \u00e2nimos com Paquist\u00e3o - Notibras","og_description":"O clima de tens\u00e3o voltou a esquentar entre \u00cdndia e Paquist\u00e3o, duas pot\u00eancias nucleares asi\u00e1ticas que n\u00e3o se entendem politicamente h\u00e1 muito tempo. A nova desaven\u00e7a est\u00e1 na visita que o primeiro-ministro indiano Narendra Modi fez neste fim de semana ao antigo estado de Jammu, na Caxemira, desde que seu governo descartou o status semi-aut\u00f4nomo [&hellip;]","og_url":"https:\/\/www.notibras.com\/site\/preie-hindu-vai-a-area-disputa-e-acirra-animos-com-paquistao\/","og_site_name":"Notibras","article_publisher":"https:\/\/www.facebook.com\/notibras\/","article_published_time":"2022-04-24T10:10:17+00:00","article_modified_time":"2022-04-24T11:08:01+00:00","og_image":[{"width":1920,"height":1080,"url":"https:\/\/www.notibras.com\/site\/wp-content\/uploads\/2022\/04\/caxmira.tnsao_.webp","type":"image\/webp"}],"author":"Reda\u00e7\u00e3o","twitter_card":"summary_large_image","twitter_creator":"@Notibras","twitter_site":"@Notibras","twitter_misc":{"Escrito por":"Reda\u00e7\u00e3o","Est. tempo de leitura":"3 minutos"},"schema":{"@context":"https:\/\/schema.org","@graph":[{"@type":"Article","@id":"https:\/\/www.notibras.com\/site\/preie-hindu-vai-a-area-disputa-e-acirra-animos-com-paquistao\/#article","isPartOf":{"@id":"https:\/\/www.notibras.com\/site\/preie-hindu-vai-a-area-disputa-e-acirra-animos-com-paquistao\/"},"author":{"name":"Reda\u00e7\u00e3o","@id":"https:\/\/www.notibras.com\/site\/#\/schema\/person\/36ab0979449956132d3e5b517ea76ac8"},"headline":"Premi\u00ea hindu vai a \u00e1rea disputada e acirra \u00e2nimos com Paquist\u00e3o","datePublished":"2022-04-24T10:10:17+00:00","dateModified":"2022-04-24T11:08:01+00:00","mainEntityOfPage":{"@id":"https:\/\/www.notibras.com\/site\/preie-hindu-vai-a-area-disputa-e-acirra-animos-com-paquistao\/"},"wordCount":710,"publisher":{"@id":"https:\/\/www.notibras.com\/site\/#organization"},"image":{"@id":"https:\/\/www.notibras.com\/site\/preie-hindu-vai-a-area-disputa-e-acirra-animos-com-paquistao\/#primaryimage"},"thumbnailUrl":"https:\/\/www.notibras.com\/site\/wp-content\/uploads\/2022\/04\/caxmira.tnsao_.webp","keywords":["capa"],"articleSection":["Apocalipse"],"inLanguage":"pt-BR"},{"@type":"WebPage","@id":"https:\/\/www.notibras.com\/site\/preie-hindu-vai-a-area-disputa-e-acirra-animos-com-paquistao\/","url":"https:\/\/www.notibras.com\/site\/preie-hindu-vai-a-area-disputa-e-acirra-animos-com-paquistao\/","name":"Premi\u00ea hindu vai a \u00e1rea disputada e acirra \u00e2nimos com Paquist\u00e3o - Notibras","isPartOf":{"@id":"https:\/\/www.notibras.com\/site\/#website"},"primaryImageOfPage":{"@id":"https:\/\/www.notibras.com\/site\/preie-hindu-vai-a-area-disputa-e-acirra-animos-com-paquistao\/#primaryimage"},"image":{"@id":"https:\/\/www.notibras.com\/site\/preie-hindu-vai-a-area-disputa-e-acirra-animos-com-paquistao\/#primaryimage"},"thumbnailUrl":"https:\/\/www.notibras.com\/site\/wp-content\/uploads\/2022\/04\/caxmira.tnsao_.webp","datePublished":"2022-04-24T10:10:17+00:00","dateModified":"2022-04-24T11:08:01+00:00","breadcrumb":{"@id":"https:\/\/www.notibras.com\/site\/preie-hindu-vai-a-area-disputa-e-acirra-animos-com-paquistao\/#breadcrumb"},"inLanguage":"pt-BR","potentialAction":[{"@type":"ReadAction","target":["https:\/\/www.notibras.com\/site\/preie-hindu-vai-a-area-disputa-e-acirra-animos-com-paquistao\/"]}]},{"@type":"ImageObject","inLanguage":"pt-BR","@id":"https:\/\/www.notibras.com\/site\/preie-hindu-vai-a-area-disputa-e-acirra-animos-com-paquistao\/#primaryimage","url":"https:\/\/www.notibras.com\/site\/wp-content\/uploads\/2022\/04\/caxmira.tnsao_.webp","contentUrl":"https:\/\/www.notibras.com\/site\/wp-content\/uploads\/2022\/04\/caxmira.tnsao_.webp","width":1920,"height":1080},{"@type":"BreadcrumbList","@id":"https:\/\/www.notibras.com\/site\/preie-hindu-vai-a-area-disputa-e-acirra-animos-com-paquistao\/#breadcrumb","itemListElement":[{"@type":"ListItem","position":1,"name":"In\u00edcio","item":"https:\/\/www.notibras.com\/site\/"},{"@type":"ListItem","position":2,"name":"Premi\u00ea hindu vai a \u00e1rea disputada e acirra \u00e2nimos com Paquist\u00e3o"}]},{"@type":"WebSite","@id":"https:\/\/www.notibras.com\/site\/#website","url":"https:\/\/www.notibras.com\/site\/","name":"Notibras","description":"Not\u00edcias de Bras\u00edlia, do Brasil e do Mundo","publisher":{"@id":"https:\/\/www.notibras.com\/site\/#organization"},"potentialAction":[{"@type":"SearchAction","target":{"@type":"EntryPoint","urlTemplate":"https:\/\/www.notibras.com\/site\/?s={search_term_string}"},"query-input":{"@type":"PropertyValueSpecification","valueRequired":true,"valueName":"search_term_string"}}],"inLanguage":"pt-BR"},{"@type":"Organization","@id":"https:\/\/www.notibras.com\/site\/#organization","name":"Grupo Notibras de Comunica\u00e7\u00e3o","url":"https:\/\/www.notibras.com\/site\/","logo":{"@type":"ImageObject","inLanguage":"pt-BR","@id":"https:\/\/www.notibras.com\/site\/#\/schema\/logo\/image\/","url":"https:\/\/www.notibras.com\/site\/wp-content\/uploads\/2023\/01\/notibras23.png","contentUrl":"https:\/\/www.notibras.com\/site\/wp-content\/uploads\/2023\/01\/notibras23.png","width":350,"height":87,"caption":"Grupo Notibras de Comunica\u00e7\u00e3o"},"image":{"@id":"https:\/\/www.notibras.com\/site\/#\/schema\/logo\/image\/"},"sameAs":["https:\/\/www.facebook.com\/notibras\/","https:\/\/x.com\/Notibras","https:\/\/www.instagram.com\/notibras\/"]},{"@type":"Person","@id":"https:\/\/www.notibras.com\/site\/#\/schema\/person\/36ab0979449956132d3e5b517ea76ac8","name":"Reda\u00e7\u00e3o","image":{"@type":"ImageObject","inLanguage":"pt-BR","@id":"https:\/\/secure.gravatar.com\/avatar\/e0a867bdedb85fd243eadf09663511f96fc81e0720a4a42581f334ad4303aa6b?s=96&d=mm&r=g","url":"https:\/\/secure.gravatar.com\/avatar\/e0a867bdedb85fd243eadf09663511f96fc81e0720a4a42581f334ad4303aa6b?s=96&d=mm&r=g","contentUrl":"https:\/\/secure.gravatar.com\/avatar\/e0a867bdedb85fd243eadf09663511f96fc81e0720a4a42581f334ad4303aa6b?s=96&d=mm&r=g","caption":"Reda\u00e7\u00e3o"}}]}},"amp_enabled":true,"_links":{"self":[{"href":"https:\/\/www.notibras.com\/site\/wp-json\/wp\/v2\/posts\/284381","targetHints":{"allow":["GET"]}}],"collection":[{"href":"https:\/\/www.notibras.com\/site\/wp-json\/wp\/v2\/posts"}],"about":[{"href":"https:\/\/www.notibras.com\/site\/wp-json\/wp\/v2\/types\/post"}],"author":[{"embeddable":true,"href":"https:\/\/www.notibras.com\/site\/wp-json\/wp\/v2\/users\/2"}],"replies":[{"embeddable":true,"href":"https:\/\/www.notibras.com\/site\/wp-json\/wp\/v2\/comments?post=284381"}],"version-history":[{"count":2,"href":"https:\/\/www.notibras.com\/site\/wp-json\/wp\/v2\/posts\/284381\/revisions"}],"predecessor-version":[{"id":284384,"href":"https:\/\/www.notibras.com\/site\/wp-json\/wp\/v2\/posts\/284381\/revisions\/284384"}],"wp:featuredmedia":[{"embeddable":true,"href":"https:\/\/www.notibras.com\/site\/wp-json\/wp\/v2\/media\/284382"}],"wp:attachment":[{"href":"https:\/\/www.notibras.com\/site\/wp-json\/wp\/v2\/media?parent=284381"}],"wp:term":[{"taxonomy":"category","embeddable":true,"href":"https:\/\/www.notibras.com\/site\/wp-json\/wp\/v2\/categories?post=284381"},{"taxonomy":"post_tag","embeddable":true,"href":"https:\/\/www.notibras.com\/site\/wp-json\/wp\/v2\/tags?post=284381"}],"curies":[{"name":"wp","href":"https:\/\/api.w.org\/{rel}","templated":true}]}}