{"id":284385,"date":"2022-04-24T07:38:16","date_gmt":"2022-04-24T10:38:16","guid":{"rendered":"https:\/\/www.notibras.com\/site\/?p=284385"},"modified":"2022-04-24T08:17:12","modified_gmt":"2022-04-24T11:17:12","slug":"ministro-da-defesa-incendeia-relacoes-com-a-china","status":"publish","type":"post","link":"https:\/\/www.notibras.com\/site\/ministro-da-defesa-incendeia-relacoes-com-a-china\/","title":{"rendered":"Ministro da Defesa incendeia rela\u00e7\u00f5es com a China"},"content":{"rendered":"<p>O ministro da Defesa australiano, Peter Dutton, foi acusado de provocar histeria sobre a China depois de afirmar em uma entrevista que Pequim poderia lan\u00e7ar um \u201cataque de guerra qu\u00edmica\u201d contra um \u201caliado\u201d australiano nos pr\u00f3ximos quatro anos.<\/p>\n<p>\u201cPeter Dutton \u00e9 o chefe de defesa ou o chefe de propaganda? Em suma, ele deve ser psicologicamente distorcido. Espero que a Austr\u00e1lia seja um pa\u00eds normal que possa identificar esse lun\u00e1tico\u201d, afirmou Hu Xijin , ex-editor do <em>Global Times<\/em>, apoiado pelo Estado chin\u00eas, neste domingo, 24.<\/p>\n<p>Outro observador descreveu os coment\u00e1rios de Dutton como um \u201ccaso cl\u00e1ssico de lun\u00e1ticos administrando o asilo\u201d.<\/p>\n<p>Na entrevista concedida \u00e0 <em>News Corp Australia<\/em>, Dutton tamb\u00e9m refor\u00e7ou suas declara\u00e7\u00f5es anteriores sobre a crescente \u201cfor\u00e7a militar e posi\u00e7\u00e3o estrat\u00e9gica\u201d da China.<\/p>\n<p>\u201cAcho que as circunst\u00e2ncias s\u00e3o t\u00e3o terr\u00edveis quanto na d\u00e9cada de 1930. Fico feliz em apresentar os fatos&#8230; e ent\u00e3o as pessoas podem tirar suas pr\u00f3prias conclus\u00f5es\u201d, afirmou Dutton.<\/p>\n<p>O ministro australiano disse ser a favor de ter uma \u201crela\u00e7\u00e3o normalizada\u201d com todos os pa\u00edses, incluindo a China.<br \/>\n\u201cMas a China mudou. E ser\u00e1 preciso dinheiro para responder a isso tanto em termos de pessoal adicional quanto em investimento em tecnologias e equipamentos\u201d, calculou Dutton.<\/p>\n<p>Ele ent\u00e3o disse que as for\u00e7as australianas devem manter suas capacidades militares e navais \u201cpreparadas para o que um ano atr\u00e1s seria inconceb\u00edvel\u201d.<\/p>\n<p>\u201c\u00c9 conceb\u00edvel que possa haver um ataque de guerra qu\u00edmica a uma capital de um de nossos aliados e, portanto, possa ser arrastado de volta para um conflito no Oriente M\u00e9dio\u201d, disse Dutton.<\/p>\n<p>O ministro da Defesa tamb\u00e9m fez alus\u00e3o ao conflito na Ucr\u00e2nia durante sua entrevista, embora n\u00e3o tenha citado diretamente nenhum pa\u00eds.<\/p>\n<p>\u201cNeste momento, as mudan\u00e7as do mundo, de nossos tempos, de nossa hist\u00f3ria, est\u00e3o se desenrolando de maneiras como nunca antes\u201d, disse ele, acrescentando que essas mudan\u00e7as \u201cest\u00e3o apresentando desafios que devem ser levados a s\u00e9rio pela humanidade\u201d.<\/p>\n<p>Dutton tamb\u00e9m atacou o pol\u00edtico da oposi\u00e7\u00e3o e a ministra das Rela\u00e7\u00f5es Exteriores Penny Wong, dizendo que Pequim a faria &#8220;como uma tola&#8221;.<\/p>\n<p>Dutton afirmou que a estrat\u00e9gia de Wong para lidar com a China, resolvendo as diferen\u00e7as entre as duas capitais por meio de uma visita bilateral, era \u201cperigosa\u201d.<\/p>\n<p>\u201cEla acredita que poderia embarcar efetivamente em uma estrat\u00e9gia de apaziguamento que considero francamente bastante perigosa\u201d, observou ele, acrescentando que o \u201cchamado charme\u201d de Wong seria incapaz de influenciar Pequim.<\/p>\n<p>O l\u00edder da oposi\u00e7\u00e3o e candidato a primeiro-ministro, Anthony Albanese, descreveu o pacto como um \u201cfracasso de pol\u00edtica\u201d por parte do governo do primeiro-ministro Scott Morrison.<\/p>\n<p>Apesar de ter sido criticado por seu coment\u00e1rio hip\u00e9rbole contra Pequim, Dutton manteve suas observa\u00e7\u00f5es em uma entrevista concedida \u00e0 emissora australiana <em>Sky News<\/em>.<\/p>\n<p>\u201cEstou tentando dar \u00e0s pessoas uma compreens\u00e3o realista do que estou vendo sem divulgar a natureza sens\u00edvel da intelig\u00eancia\u201d, disse Dutton.<\/p>\n<p>\u201cVivemos em uma \u00e9poca muito prec\u00e1ria e devemos ser abertos e honestos com o povo australiano sobre isso\u201d, comentou.<\/p>\n<p>A cr\u00edtica contundente de Dutton \u00e0 pol\u00edtica da China vem contra o pano de fundo de seu pr\u00f3prio governo liberal sendo criticado por n\u00e3o conseguir antecipar um pacto de seguran\u00e7a entre a China e as Ilhas Salom\u00e3o, que fica a cerca de 2.000 quil\u00f4metros da costa nordeste da Austr\u00e1lia.<\/p>\n<p>\u201cA China \u00e9 incrivelmente agressiva. Os atos de interfer\u00eancia estrangeira, a prepara\u00e7\u00e3o para pagar subornos para obter resultados, vencer outros pa\u00edses para obter acordos\u201d, disse Dutton \u00e0 Sky News, quando perguntado por que seu governo n\u00e3o conseguiu interromper o acordo de seguran\u00e7a entre Pequim e Honiara.<\/p>\n<p>\u201cEssa \u00e9 a realidade da China moderna\u201d, afirmou.<\/p>\n","protected":false},"excerpt":{"rendered":"<p>O ministro da Defesa australiano, Peter Dutton, foi acusado de provocar histeria sobre a China depois de afirmar em uma entrevista que Pequim poderia lan\u00e7ar um \u201cataque de guerra qu\u00edmica\u201d contra um \u201caliado\u201d australiano nos pr\u00f3ximos quatro anos. \u201cPeter Dutton \u00e9 o chefe de defesa ou o chefe de propaganda? Em suma, ele deve ser [&hellip;]<\/p>\n","protected":false},"author":2,"featured_media":284386,"comment_status":"closed","ping_status":"closed","sticky":false,"template":"","format":"standard","meta":{"_acf_changed":false,"footnotes":""},"categories":[159],"tags":[95],"class_list":["post-284385","post","type-post","status-publish","format-standard","has-post-thumbnail","hentry","category-apocalipse","tag-capa"],"acf":[],"yoast_head":"<!-- This site is optimized with the Yoast SEO plugin v27.2 - https:\/\/yoast.com\/product\/yoast-seo-wordpress\/ -->\n<title>Ministro da Defesa incendeia rela\u00e7\u00f5es com a China - Notibras<\/title>\n<meta name=\"robots\" content=\"index, follow, max-snippet:-1, max-image-preview:large, max-video-preview:-1\" \/>\n<link rel=\"canonical\" href=\"https:\/\/www.notibras.com\/site\/ministro-da-defesa-incendeia-relacoes-com-a-china\/\" \/>\n<meta property=\"og:locale\" content=\"pt_BR\" \/>\n<meta property=\"og:type\" content=\"article\" \/>\n<meta property=\"og:title\" content=\"Ministro da Defesa incendeia rela\u00e7\u00f5es com a China - Notibras\" \/>\n<meta property=\"og:description\" content=\"O ministro da Defesa australiano, Peter Dutton, foi acusado de provocar histeria sobre a China depois de afirmar em uma entrevista que Pequim poderia lan\u00e7ar um \u201cataque de guerra qu\u00edmica\u201d contra um \u201caliado\u201d australiano nos pr\u00f3ximos quatro anos. \u201cPeter Dutton \u00e9 o chefe de defesa ou o chefe de propaganda? Em suma, ele deve ser [&hellip;]\" \/>\n<meta property=\"og:url\" content=\"https:\/\/www.notibras.com\/site\/ministro-da-defesa-incendeia-relacoes-com-a-china\/\" \/>\n<meta property=\"og:site_name\" content=\"Notibras\" \/>\n<meta property=\"article:publisher\" content=\"https:\/\/www.facebook.com\/notibras\/\" \/>\n<meta property=\"article:published_time\" content=\"2022-04-24T10:38:16+00:00\" \/>\n<meta property=\"article:modified_time\" content=\"2022-04-24T11:17:12+00:00\" \/>\n<meta property=\"og:image\" content=\"https:\/\/www.notibras.com\/site\/wp-content\/uploads\/2022\/04\/pter-duton.australia.webp\" \/>\n\t<meta property=\"og:image:width\" content=\"1920\" \/>\n\t<meta property=\"og:image:height\" content=\"1079\" \/>\n\t<meta property=\"og:image:type\" content=\"image\/webp\" \/>\n<meta name=\"author\" content=\"Reda\u00e7\u00e3o\" \/>\n<meta name=\"twitter:card\" content=\"summary_large_image\" \/>\n<meta name=\"twitter:creator\" content=\"@Notibras\" \/>\n<meta name=\"twitter:site\" content=\"@Notibras\" \/>\n<meta name=\"twitter:label1\" content=\"Escrito por\" \/>\n\t<meta name=\"twitter:data1\" content=\"Reda\u00e7\u00e3o\" \/>\n\t<meta name=\"twitter:label2\" content=\"Est. tempo de leitura\" \/>\n\t<meta name=\"twitter:data2\" content=\"4 minutos\" \/>\n<script type=\"application\/ld+json\" class=\"yoast-schema-graph\">{\"@context\":\"https:\/\/schema.org\",\"@graph\":[{\"@type\":\"Article\",\"@id\":\"https:\/\/www.notibras.com\/site\/ministro-da-defesa-incendeia-relacoes-com-a-china\/#article\",\"isPartOf\":{\"@id\":\"https:\/\/www.notibras.com\/site\/ministro-da-defesa-incendeia-relacoes-com-a-china\/\"},\"author\":{\"name\":\"Reda\u00e7\u00e3o\",\"@id\":\"https:\/\/www.notibras.com\/site\/#\/schema\/person\/36ab0979449956132d3e5b517ea76ac8\"},\"headline\":\"Ministro da Defesa incendeia rela\u00e7\u00f5es com a China\",\"datePublished\":\"2022-04-24T10:38:16+00:00\",\"dateModified\":\"2022-04-24T11:17:12+00:00\",\"mainEntityOfPage\":{\"@id\":\"https:\/\/www.notibras.com\/site\/ministro-da-defesa-incendeia-relacoes-com-a-china\/\"},\"wordCount\":657,\"publisher\":{\"@id\":\"https:\/\/www.notibras.com\/site\/#organization\"},\"image\":{\"@id\":\"https:\/\/www.notibras.com\/site\/ministro-da-defesa-incendeia-relacoes-com-a-china\/#primaryimage\"},\"thumbnailUrl\":\"https:\/\/www.notibras.com\/site\/wp-content\/uploads\/2022\/04\/pter-duton.australia.webp\",\"keywords\":[\"capa\"],\"articleSection\":[\"Apocalipse\"],\"inLanguage\":\"pt-BR\"},{\"@type\":\"WebPage\",\"@id\":\"https:\/\/www.notibras.com\/site\/ministro-da-defesa-incendeia-relacoes-com-a-china\/\",\"url\":\"https:\/\/www.notibras.com\/site\/ministro-da-defesa-incendeia-relacoes-com-a-china\/\",\"name\":\"Ministro da Defesa incendeia rela\u00e7\u00f5es com a China - Notibras\",\"isPartOf\":{\"@id\":\"https:\/\/www.notibras.com\/site\/#website\"},\"primaryImageOfPage\":{\"@id\":\"https:\/\/www.notibras.com\/site\/ministro-da-defesa-incendeia-relacoes-com-a-china\/#primaryimage\"},\"image\":{\"@id\":\"https:\/\/www.notibras.com\/site\/ministro-da-defesa-incendeia-relacoes-com-a-china\/#primaryimage\"},\"thumbnailUrl\":\"https:\/\/www.notibras.com\/site\/wp-content\/uploads\/2022\/04\/pter-duton.australia.webp\",\"datePublished\":\"2022-04-24T10:38:16+00:00\",\"dateModified\":\"2022-04-24T11:17:12+00:00\",\"breadcrumb\":{\"@id\":\"https:\/\/www.notibras.com\/site\/ministro-da-defesa-incendeia-relacoes-com-a-china\/#breadcrumb\"},\"inLanguage\":\"pt-BR\",\"potentialAction\":[{\"@type\":\"ReadAction\",\"target\":[\"https:\/\/www.notibras.com\/site\/ministro-da-defesa-incendeia-relacoes-com-a-china\/\"]}]},{\"@type\":\"ImageObject\",\"inLanguage\":\"pt-BR\",\"@id\":\"https:\/\/www.notibras.com\/site\/ministro-da-defesa-incendeia-relacoes-com-a-china\/#primaryimage\",\"url\":\"https:\/\/www.notibras.com\/site\/wp-content\/uploads\/2022\/04\/pter-duton.australia.webp\",\"contentUrl\":\"https:\/\/www.notibras.com\/site\/wp-content\/uploads\/2022\/04\/pter-duton.australia.webp\",\"width\":1920,\"height\":1079},{\"@type\":\"BreadcrumbList\",\"@id\":\"https:\/\/www.notibras.com\/site\/ministro-da-defesa-incendeia-relacoes-com-a-china\/#breadcrumb\",\"itemListElement\":[{\"@type\":\"ListItem\",\"position\":1,\"name\":\"In\u00edcio\",\"item\":\"https:\/\/www.notibras.com\/site\/\"},{\"@type\":\"ListItem\",\"position\":2,\"name\":\"Ministro da Defesa incendeia rela\u00e7\u00f5es com a China\"}]},{\"@type\":\"WebSite\",\"@id\":\"https:\/\/www.notibras.com\/site\/#website\",\"url\":\"https:\/\/www.notibras.com\/site\/\",\"name\":\"Notibras\",\"description\":\"Not\u00edcias de Bras\u00edlia, do Brasil e do Mundo\",\"publisher\":{\"@id\":\"https:\/\/www.notibras.com\/site\/#organization\"},\"potentialAction\":[{\"@type\":\"SearchAction\",\"target\":{\"@type\":\"EntryPoint\",\"urlTemplate\":\"https:\/\/www.notibras.com\/site\/?s={search_term_string}\"},\"query-input\":{\"@type\":\"PropertyValueSpecification\",\"valueRequired\":true,\"valueName\":\"search_term_string\"}}],\"inLanguage\":\"pt-BR\"},{\"@type\":\"Organization\",\"@id\":\"https:\/\/www.notibras.com\/site\/#organization\",\"name\":\"Grupo Notibras de Comunica\u00e7\u00e3o\",\"url\":\"https:\/\/www.notibras.com\/site\/\",\"logo\":{\"@type\":\"ImageObject\",\"inLanguage\":\"pt-BR\",\"@id\":\"https:\/\/www.notibras.com\/site\/#\/schema\/logo\/image\/\",\"url\":\"https:\/\/www.notibras.com\/site\/wp-content\/uploads\/2023\/01\/notibras23.png\",\"contentUrl\":\"https:\/\/www.notibras.com\/site\/wp-content\/uploads\/2023\/01\/notibras23.png\",\"width\":350,\"height\":87,\"caption\":\"Grupo Notibras de Comunica\u00e7\u00e3o\"},\"image\":{\"@id\":\"https:\/\/www.notibras.com\/site\/#\/schema\/logo\/image\/\"},\"sameAs\":[\"https:\/\/www.facebook.com\/notibras\/\",\"https:\/\/x.com\/Notibras\",\"https:\/\/www.instagram.com\/notibras\/\"]},{\"@type\":\"Person\",\"@id\":\"https:\/\/www.notibras.com\/site\/#\/schema\/person\/36ab0979449956132d3e5b517ea76ac8\",\"name\":\"Reda\u00e7\u00e3o\",\"image\":{\"@type\":\"ImageObject\",\"inLanguage\":\"pt-BR\",\"@id\":\"https:\/\/secure.gravatar.com\/avatar\/e0a867bdedb85fd243eadf09663511f96fc81e0720a4a42581f334ad4303aa6b?s=96&d=mm&r=g\",\"url\":\"https:\/\/secure.gravatar.com\/avatar\/e0a867bdedb85fd243eadf09663511f96fc81e0720a4a42581f334ad4303aa6b?s=96&d=mm&r=g\",\"contentUrl\":\"https:\/\/secure.gravatar.com\/avatar\/e0a867bdedb85fd243eadf09663511f96fc81e0720a4a42581f334ad4303aa6b?s=96&d=mm&r=g\",\"caption\":\"Reda\u00e7\u00e3o\"}}]}<\/script>\n<!-- \/ Yoast SEO plugin. -->","yoast_head_json":{"title":"Ministro da Defesa incendeia rela\u00e7\u00f5es com a China - Notibras","robots":{"index":"index","follow":"follow","max-snippet":"max-snippet:-1","max-image-preview":"max-image-preview:large","max-video-preview":"max-video-preview:-1"},"canonical":"https:\/\/www.notibras.com\/site\/ministro-da-defesa-incendeia-relacoes-com-a-china\/","og_locale":"pt_BR","og_type":"article","og_title":"Ministro da Defesa incendeia rela\u00e7\u00f5es com a China - Notibras","og_description":"O ministro da Defesa australiano, Peter Dutton, foi acusado de provocar histeria sobre a China depois de afirmar em uma entrevista que Pequim poderia lan\u00e7ar um \u201cataque de guerra qu\u00edmica\u201d contra um \u201caliado\u201d australiano nos pr\u00f3ximos quatro anos. \u201cPeter Dutton \u00e9 o chefe de defesa ou o chefe de propaganda? Em suma, ele deve ser [&hellip;]","og_url":"https:\/\/www.notibras.com\/site\/ministro-da-defesa-incendeia-relacoes-com-a-china\/","og_site_name":"Notibras","article_publisher":"https:\/\/www.facebook.com\/notibras\/","article_published_time":"2022-04-24T10:38:16+00:00","article_modified_time":"2022-04-24T11:17:12+00:00","og_image":[{"width":1920,"height":1079,"url":"https:\/\/www.notibras.com\/site\/wp-content\/uploads\/2022\/04\/pter-duton.australia.webp","type":"image\/webp"}],"author":"Reda\u00e7\u00e3o","twitter_card":"summary_large_image","twitter_creator":"@Notibras","twitter_site":"@Notibras","twitter_misc":{"Escrito por":"Reda\u00e7\u00e3o","Est. tempo de leitura":"4 minutos"},"schema":{"@context":"https:\/\/schema.org","@graph":[{"@type":"Article","@id":"https:\/\/www.notibras.com\/site\/ministro-da-defesa-incendeia-relacoes-com-a-china\/#article","isPartOf":{"@id":"https:\/\/www.notibras.com\/site\/ministro-da-defesa-incendeia-relacoes-com-a-china\/"},"author":{"name":"Reda\u00e7\u00e3o","@id":"https:\/\/www.notibras.com\/site\/#\/schema\/person\/36ab0979449956132d3e5b517ea76ac8"},"headline":"Ministro da Defesa incendeia rela\u00e7\u00f5es com a China","datePublished":"2022-04-24T10:38:16+00:00","dateModified":"2022-04-24T11:17:12+00:00","mainEntityOfPage":{"@id":"https:\/\/www.notibras.com\/site\/ministro-da-defesa-incendeia-relacoes-com-a-china\/"},"wordCount":657,"publisher":{"@id":"https:\/\/www.notibras.com\/site\/#organization"},"image":{"@id":"https:\/\/www.notibras.com\/site\/ministro-da-defesa-incendeia-relacoes-com-a-china\/#primaryimage"},"thumbnailUrl":"https:\/\/www.notibras.com\/site\/wp-content\/uploads\/2022\/04\/pter-duton.australia.webp","keywords":["capa"],"articleSection":["Apocalipse"],"inLanguage":"pt-BR"},{"@type":"WebPage","@id":"https:\/\/www.notibras.com\/site\/ministro-da-defesa-incendeia-relacoes-com-a-china\/","url":"https:\/\/www.notibras.com\/site\/ministro-da-defesa-incendeia-relacoes-com-a-china\/","name":"Ministro da Defesa incendeia rela\u00e7\u00f5es com a China - Notibras","isPartOf":{"@id":"https:\/\/www.notibras.com\/site\/#website"},"primaryImageOfPage":{"@id":"https:\/\/www.notibras.com\/site\/ministro-da-defesa-incendeia-relacoes-com-a-china\/#primaryimage"},"image":{"@id":"https:\/\/www.notibras.com\/site\/ministro-da-defesa-incendeia-relacoes-com-a-china\/#primaryimage"},"thumbnailUrl":"https:\/\/www.notibras.com\/site\/wp-content\/uploads\/2022\/04\/pter-duton.australia.webp","datePublished":"2022-04-24T10:38:16+00:00","dateModified":"2022-04-24T11:17:12+00:00","breadcrumb":{"@id":"https:\/\/www.notibras.com\/site\/ministro-da-defesa-incendeia-relacoes-com-a-china\/#breadcrumb"},"inLanguage":"pt-BR","potentialAction":[{"@type":"ReadAction","target":["https:\/\/www.notibras.com\/site\/ministro-da-defesa-incendeia-relacoes-com-a-china\/"]}]},{"@type":"ImageObject","inLanguage":"pt-BR","@id":"https:\/\/www.notibras.com\/site\/ministro-da-defesa-incendeia-relacoes-com-a-china\/#primaryimage","url":"https:\/\/www.notibras.com\/site\/wp-content\/uploads\/2022\/04\/pter-duton.australia.webp","contentUrl":"https:\/\/www.notibras.com\/site\/wp-content\/uploads\/2022\/04\/pter-duton.australia.webp","width":1920,"height":1079},{"@type":"BreadcrumbList","@id":"https:\/\/www.notibras.com\/site\/ministro-da-defesa-incendeia-relacoes-com-a-china\/#breadcrumb","itemListElement":[{"@type":"ListItem","position":1,"name":"In\u00edcio","item":"https:\/\/www.notibras.com\/site\/"},{"@type":"ListItem","position":2,"name":"Ministro da Defesa incendeia rela\u00e7\u00f5es com a China"}]},{"@type":"WebSite","@id":"https:\/\/www.notibras.com\/site\/#website","url":"https:\/\/www.notibras.com\/site\/","name":"Notibras","description":"Not\u00edcias de Bras\u00edlia, do Brasil e do Mundo","publisher":{"@id":"https:\/\/www.notibras.com\/site\/#organization"},"potentialAction":[{"@type":"SearchAction","target":{"@type":"EntryPoint","urlTemplate":"https:\/\/www.notibras.com\/site\/?s={search_term_string}"},"query-input":{"@type":"PropertyValueSpecification","valueRequired":true,"valueName":"search_term_string"}}],"inLanguage":"pt-BR"},{"@type":"Organization","@id":"https:\/\/www.notibras.com\/site\/#organization","name":"Grupo Notibras de Comunica\u00e7\u00e3o","url":"https:\/\/www.notibras.com\/site\/","logo":{"@type":"ImageObject","inLanguage":"pt-BR","@id":"https:\/\/www.notibras.com\/site\/#\/schema\/logo\/image\/","url":"https:\/\/www.notibras.com\/site\/wp-content\/uploads\/2023\/01\/notibras23.png","contentUrl":"https:\/\/www.notibras.com\/site\/wp-content\/uploads\/2023\/01\/notibras23.png","width":350,"height":87,"caption":"Grupo Notibras de Comunica\u00e7\u00e3o"},"image":{"@id":"https:\/\/www.notibras.com\/site\/#\/schema\/logo\/image\/"},"sameAs":["https:\/\/www.facebook.com\/notibras\/","https:\/\/x.com\/Notibras","https:\/\/www.instagram.com\/notibras\/"]},{"@type":"Person","@id":"https:\/\/www.notibras.com\/site\/#\/schema\/person\/36ab0979449956132d3e5b517ea76ac8","name":"Reda\u00e7\u00e3o","image":{"@type":"ImageObject","inLanguage":"pt-BR","@id":"https:\/\/secure.gravatar.com\/avatar\/e0a867bdedb85fd243eadf09663511f96fc81e0720a4a42581f334ad4303aa6b?s=96&d=mm&r=g","url":"https:\/\/secure.gravatar.com\/avatar\/e0a867bdedb85fd243eadf09663511f96fc81e0720a4a42581f334ad4303aa6b?s=96&d=mm&r=g","contentUrl":"https:\/\/secure.gravatar.com\/avatar\/e0a867bdedb85fd243eadf09663511f96fc81e0720a4a42581f334ad4303aa6b?s=96&d=mm&r=g","caption":"Reda\u00e7\u00e3o"}}]}},"amp_enabled":true,"_links":{"self":[{"href":"https:\/\/www.notibras.com\/site\/wp-json\/wp\/v2\/posts\/284385","targetHints":{"allow":["GET"]}}],"collection":[{"href":"https:\/\/www.notibras.com\/site\/wp-json\/wp\/v2\/posts"}],"about":[{"href":"https:\/\/www.notibras.com\/site\/wp-json\/wp\/v2\/types\/post"}],"author":[{"embeddable":true,"href":"https:\/\/www.notibras.com\/site\/wp-json\/wp\/v2\/users\/2"}],"replies":[{"embeddable":true,"href":"https:\/\/www.notibras.com\/site\/wp-json\/wp\/v2\/comments?post=284385"}],"version-history":[{"count":1,"href":"https:\/\/www.notibras.com\/site\/wp-json\/wp\/v2\/posts\/284385\/revisions"}],"predecessor-version":[{"id":284387,"href":"https:\/\/www.notibras.com\/site\/wp-json\/wp\/v2\/posts\/284385\/revisions\/284387"}],"wp:featuredmedia":[{"embeddable":true,"href":"https:\/\/www.notibras.com\/site\/wp-json\/wp\/v2\/media\/284386"}],"wp:attachment":[{"href":"https:\/\/www.notibras.com\/site\/wp-json\/wp\/v2\/media?parent=284385"}],"wp:term":[{"taxonomy":"category","embeddable":true,"href":"https:\/\/www.notibras.com\/site\/wp-json\/wp\/v2\/categories?post=284385"},{"taxonomy":"post_tag","embeddable":true,"href":"https:\/\/www.notibras.com\/site\/wp-json\/wp\/v2\/tags?post=284385"}],"curies":[{"name":"wp","href":"https:\/\/api.w.org\/{rel}","templated":true}]}}