{"id":284388,"date":"2022-04-24T07:48:58","date_gmt":"2022-04-24T10:48:58","guid":{"rendered":"https:\/\/www.notibras.com\/site\/?p=284388"},"modified":"2022-04-24T08:29:27","modified_gmt":"2022-04-24T11:29:27","slug":"trump-acusa-biden-de-levar-eua-para-o-inferno","status":"publish","type":"post","link":"https:\/\/www.notibras.com\/site\/trump-acusa-biden-de-levar-eua-para-o-inferno\/","title":{"rendered":"Trump acusa Biden de levar EUA para o Inferno"},"content":{"rendered":"<p>O ex-presidente dos EUA, o republicano Donald Trump, voltou o ataque. Segundo ele, os democratas e o governo do presidente dos EUA, Joe Biden, est\u00e3o destruindo os Estados Unidos com san\u00e7\u00f5es indiscriminadas a pa\u00edses advers\u00e1rios e inger\u00eancia direta na guerra da Ucr\u00e2nia.<\/p>\n<p>&#8220;O fato \u00e9 que a elei\u00e7\u00e3o foi fraudada e roubada e agora nosso pa\u00eds est\u00e1 sendo destru\u00eddo. Nosso pa\u00eds est\u00e1 sendo destru\u00eddo, nosso pa\u00eds est\u00e1 indo para o inferno. Nunca tivemos nada assim&#8221;, disse Trump a seus apoiadores em um com\u00edcio no s\u00e1bado, 23. em Delaware, Ohio.<\/p>\n<p>Trump zombou de Biden, lembrando alguns dos recentes incidentes embara\u00e7osos envolvendo o presidente dos EUA.<br \/>\n&#8220;Temos um presidente agora, infelizmente, que n\u00e3o tem absolutamente nenhuma ideia do que diabos est\u00e1 acontecendo. Ele est\u00e1 apertando as m\u00e3os no ar, andando um pouco confuso&#8230; e recebendo ordens do coelhinho da P\u00e1scoa&#8221;, disse Trump, acrescentando que Biden &#8220;est\u00e1 fazendo tudo isso enquanto [o presidente russo Vladimir] Putin n\u00e3o faz nada al\u00e9m de falar sobre armas nucleares e destruir o mundo&#8221;.<\/p>\n<p>Trump disse que o atual governo \u00e9 o culpado pelos altos pre\u00e7os do g\u00e1s e pela infla\u00e7\u00e3o recorde nos Estados Unidos.<br \/>\n&#8220;Temos nossos sinais muito cruzados em nosso pa\u00eds&#8221;, disse o ex-presidente. Segundo ele, o atual governo coloca o pa\u00eds em \u00faltimo lugar. Como base para sua afirma\u00e7\u00e3o, ele citou os pre\u00e7os da gasolina, que durante seu governo supostamente eram de US$ 1,90 o gal\u00e3o e agora est\u00e3o &#8220;at\u00e9 US$ 5-6,-US$ 7-8&#8221;.<\/p>\n<p>O ex-presidente afirmou que, sob sua dire\u00e7\u00e3o, os Estados Unidos modernizaram suas for\u00e7as nucleares, embora n\u00e3o goste de falar sobre isso. Na ter\u00e7a-feira, o <em>The Hill<\/em> informou citando duas fontes que Biden havia dito ao ex-presidente dos EUA Barack Obama que tentaria a reelei\u00e7\u00e3o em 2024. Biden acredita que ele \u00e9 o \u00fanico que pode derrotar Donald Trump.<\/p>\n<p>Trump n\u00e3o anunciou oficialmente sua inten\u00e7\u00e3o de concorrer \u00e0 presid\u00eancia novamente, embora tenha sugerido a possibilidade durante v\u00e1rios com\u00edcios da Save America que realizou nos EUA.<\/p>\n","protected":false},"excerpt":{"rendered":"<p>O ex-presidente dos EUA, o republicano Donald Trump, voltou o ataque. Segundo ele, os democratas e o governo do presidente dos EUA, Joe Biden, est\u00e3o destruindo os Estados Unidos com san\u00e7\u00f5es indiscriminadas a pa\u00edses advers\u00e1rios e inger\u00eancia direta na guerra da Ucr\u00e2nia. &#8220;O fato \u00e9 que a elei\u00e7\u00e3o foi fraudada e roubada e agora nosso [&hellip;]<\/p>\n","protected":false},"author":2,"featured_media":284389,"comment_status":"closed","ping_status":"closed","sticky":false,"template":"","format":"standard","meta":{"_acf_changed":false,"footnotes":""},"categories":[159],"tags":[95],"class_list":["post-284388","post","type-post","status-publish","format-standard","has-post-thumbnail","hentry","category-apocalipse","tag-capa"],"acf":[],"yoast_head":"<!-- This site is optimized with the Yoast SEO plugin v27.2 - https:\/\/yoast.com\/product\/yoast-seo-wordpress\/ -->\n<title>Trump acusa Biden de levar EUA para o Inferno - Notibras<\/title>\n<meta name=\"robots\" content=\"index, follow, max-snippet:-1, max-image-preview:large, max-video-preview:-1\" \/>\n<link rel=\"canonical\" href=\"https:\/\/www.notibras.com\/site\/trump-acusa-biden-de-levar-eua-para-o-inferno\/\" \/>\n<meta property=\"og:locale\" content=\"pt_BR\" \/>\n<meta property=\"og:type\" content=\"article\" \/>\n<meta property=\"og:title\" content=\"Trump acusa Biden de levar EUA para o Inferno - Notibras\" \/>\n<meta property=\"og:description\" content=\"O ex-presidente dos EUA, o republicano Donald Trump, voltou o ataque. Segundo ele, os democratas e o governo do presidente dos EUA, Joe Biden, est\u00e3o destruindo os Estados Unidos com san\u00e7\u00f5es indiscriminadas a pa\u00edses advers\u00e1rios e inger\u00eancia direta na guerra da Ucr\u00e2nia. &#8220;O fato \u00e9 que a elei\u00e7\u00e3o foi fraudada e roubada e agora nosso [&hellip;]\" \/>\n<meta property=\"og:url\" content=\"https:\/\/www.notibras.com\/site\/trump-acusa-biden-de-levar-eua-para-o-inferno\/\" \/>\n<meta property=\"og:site_name\" content=\"Notibras\" \/>\n<meta property=\"article:publisher\" content=\"https:\/\/www.facebook.com\/notibras\/\" \/>\n<meta property=\"article:published_time\" content=\"2022-04-24T10:48:58+00:00\" \/>\n<meta property=\"article:modified_time\" content=\"2022-04-24T11:29:27+00:00\" \/>\n<meta property=\"og:image\" content=\"https:\/\/www.notibras.com\/site\/wp-content\/uploads\/2022\/04\/trum.biden_.webp\" \/>\n\t<meta property=\"og:image:width\" content=\"1920\" \/>\n\t<meta property=\"og:image:height\" content=\"1080\" \/>\n\t<meta property=\"og:image:type\" content=\"image\/webp\" \/>\n<meta name=\"author\" content=\"Reda\u00e7\u00e3o\" \/>\n<meta name=\"twitter:card\" content=\"summary_large_image\" \/>\n<meta name=\"twitter:creator\" content=\"@Notibras\" \/>\n<meta name=\"twitter:site\" content=\"@Notibras\" \/>\n<meta name=\"twitter:label1\" content=\"Escrito por\" \/>\n\t<meta name=\"twitter:data1\" content=\"Reda\u00e7\u00e3o\" \/>\n\t<meta name=\"twitter:label2\" content=\"Est. tempo de leitura\" \/>\n\t<meta name=\"twitter:data2\" content=\"2 minutos\" \/>\n<script type=\"application\/ld+json\" class=\"yoast-schema-graph\">{\"@context\":\"https:\/\/schema.org\",\"@graph\":[{\"@type\":\"Article\",\"@id\":\"https:\/\/www.notibras.com\/site\/trump-acusa-biden-de-levar-eua-para-o-inferno\/#article\",\"isPartOf\":{\"@id\":\"https:\/\/www.notibras.com\/site\/trump-acusa-biden-de-levar-eua-para-o-inferno\/\"},\"author\":{\"name\":\"Reda\u00e7\u00e3o\",\"@id\":\"https:\/\/www.notibras.com\/site\/#\/schema\/person\/36ab0979449956132d3e5b517ea76ac8\"},\"headline\":\"Trump acusa Biden de levar EUA para o Inferno\",\"datePublished\":\"2022-04-24T10:48:58+00:00\",\"dateModified\":\"2022-04-24T11:29:27+00:00\",\"mainEntityOfPage\":{\"@id\":\"https:\/\/www.notibras.com\/site\/trump-acusa-biden-de-levar-eua-para-o-inferno\/\"},\"wordCount\":364,\"publisher\":{\"@id\":\"https:\/\/www.notibras.com\/site\/#organization\"},\"image\":{\"@id\":\"https:\/\/www.notibras.com\/site\/trump-acusa-biden-de-levar-eua-para-o-inferno\/#primaryimage\"},\"thumbnailUrl\":\"https:\/\/www.notibras.com\/site\/wp-content\/uploads\/2022\/04\/trum.biden_.webp\",\"keywords\":[\"capa\"],\"articleSection\":[\"Apocalipse\"],\"inLanguage\":\"pt-BR\"},{\"@type\":\"WebPage\",\"@id\":\"https:\/\/www.notibras.com\/site\/trump-acusa-biden-de-levar-eua-para-o-inferno\/\",\"url\":\"https:\/\/www.notibras.com\/site\/trump-acusa-biden-de-levar-eua-para-o-inferno\/\",\"name\":\"Trump acusa Biden de levar EUA para o Inferno - Notibras\",\"isPartOf\":{\"@id\":\"https:\/\/www.notibras.com\/site\/#website\"},\"primaryImageOfPage\":{\"@id\":\"https:\/\/www.notibras.com\/site\/trump-acusa-biden-de-levar-eua-para-o-inferno\/#primaryimage\"},\"image\":{\"@id\":\"https:\/\/www.notibras.com\/site\/trump-acusa-biden-de-levar-eua-para-o-inferno\/#primaryimage\"},\"thumbnailUrl\":\"https:\/\/www.notibras.com\/site\/wp-content\/uploads\/2022\/04\/trum.biden_.webp\",\"datePublished\":\"2022-04-24T10:48:58+00:00\",\"dateModified\":\"2022-04-24T11:29:27+00:00\",\"breadcrumb\":{\"@id\":\"https:\/\/www.notibras.com\/site\/trump-acusa-biden-de-levar-eua-para-o-inferno\/#breadcrumb\"},\"inLanguage\":\"pt-BR\",\"potentialAction\":[{\"@type\":\"ReadAction\",\"target\":[\"https:\/\/www.notibras.com\/site\/trump-acusa-biden-de-levar-eua-para-o-inferno\/\"]}]},{\"@type\":\"ImageObject\",\"inLanguage\":\"pt-BR\",\"@id\":\"https:\/\/www.notibras.com\/site\/trump-acusa-biden-de-levar-eua-para-o-inferno\/#primaryimage\",\"url\":\"https:\/\/www.notibras.com\/site\/wp-content\/uploads\/2022\/04\/trum.biden_.webp\",\"contentUrl\":\"https:\/\/www.notibras.com\/site\/wp-content\/uploads\/2022\/04\/trum.biden_.webp\",\"width\":1920,\"height\":1080},{\"@type\":\"BreadcrumbList\",\"@id\":\"https:\/\/www.notibras.com\/site\/trump-acusa-biden-de-levar-eua-para-o-inferno\/#breadcrumb\",\"itemListElement\":[{\"@type\":\"ListItem\",\"position\":1,\"name\":\"In\u00edcio\",\"item\":\"https:\/\/www.notibras.com\/site\/\"},{\"@type\":\"ListItem\",\"position\":2,\"name\":\"Trump acusa Biden de levar EUA para o Inferno\"}]},{\"@type\":\"WebSite\",\"@id\":\"https:\/\/www.notibras.com\/site\/#website\",\"url\":\"https:\/\/www.notibras.com\/site\/\",\"name\":\"Notibras\",\"description\":\"Not\u00edcias de Bras\u00edlia, do Brasil e do Mundo\",\"publisher\":{\"@id\":\"https:\/\/www.notibras.com\/site\/#organization\"},\"potentialAction\":[{\"@type\":\"SearchAction\",\"target\":{\"@type\":\"EntryPoint\",\"urlTemplate\":\"https:\/\/www.notibras.com\/site\/?s={search_term_string}\"},\"query-input\":{\"@type\":\"PropertyValueSpecification\",\"valueRequired\":true,\"valueName\":\"search_term_string\"}}],\"inLanguage\":\"pt-BR\"},{\"@type\":\"Organization\",\"@id\":\"https:\/\/www.notibras.com\/site\/#organization\",\"name\":\"Grupo Notibras de Comunica\u00e7\u00e3o\",\"url\":\"https:\/\/www.notibras.com\/site\/\",\"logo\":{\"@type\":\"ImageObject\",\"inLanguage\":\"pt-BR\",\"@id\":\"https:\/\/www.notibras.com\/site\/#\/schema\/logo\/image\/\",\"url\":\"https:\/\/www.notibras.com\/site\/wp-content\/uploads\/2023\/01\/notibras23.png\",\"contentUrl\":\"https:\/\/www.notibras.com\/site\/wp-content\/uploads\/2023\/01\/notibras23.png\",\"width\":350,\"height\":87,\"caption\":\"Grupo Notibras de Comunica\u00e7\u00e3o\"},\"image\":{\"@id\":\"https:\/\/www.notibras.com\/site\/#\/schema\/logo\/image\/\"},\"sameAs\":[\"https:\/\/www.facebook.com\/notibras\/\",\"https:\/\/x.com\/Notibras\",\"https:\/\/www.instagram.com\/notibras\/\"]},{\"@type\":\"Person\",\"@id\":\"https:\/\/www.notibras.com\/site\/#\/schema\/person\/36ab0979449956132d3e5b517ea76ac8\",\"name\":\"Reda\u00e7\u00e3o\",\"image\":{\"@type\":\"ImageObject\",\"inLanguage\":\"pt-BR\",\"@id\":\"https:\/\/secure.gravatar.com\/avatar\/e0a867bdedb85fd243eadf09663511f96fc81e0720a4a42581f334ad4303aa6b?s=96&d=mm&r=g\",\"url\":\"https:\/\/secure.gravatar.com\/avatar\/e0a867bdedb85fd243eadf09663511f96fc81e0720a4a42581f334ad4303aa6b?s=96&d=mm&r=g\",\"contentUrl\":\"https:\/\/secure.gravatar.com\/avatar\/e0a867bdedb85fd243eadf09663511f96fc81e0720a4a42581f334ad4303aa6b?s=96&d=mm&r=g\",\"caption\":\"Reda\u00e7\u00e3o\"}}]}<\/script>\n<!-- \/ Yoast SEO plugin. -->","yoast_head_json":{"title":"Trump acusa Biden de levar EUA para o Inferno - Notibras","robots":{"index":"index","follow":"follow","max-snippet":"max-snippet:-1","max-image-preview":"max-image-preview:large","max-video-preview":"max-video-preview:-1"},"canonical":"https:\/\/www.notibras.com\/site\/trump-acusa-biden-de-levar-eua-para-o-inferno\/","og_locale":"pt_BR","og_type":"article","og_title":"Trump acusa Biden de levar EUA para o Inferno - Notibras","og_description":"O ex-presidente dos EUA, o republicano Donald Trump, voltou o ataque. Segundo ele, os democratas e o governo do presidente dos EUA, Joe Biden, est\u00e3o destruindo os Estados Unidos com san\u00e7\u00f5es indiscriminadas a pa\u00edses advers\u00e1rios e inger\u00eancia direta na guerra da Ucr\u00e2nia. &#8220;O fato \u00e9 que a elei\u00e7\u00e3o foi fraudada e roubada e agora nosso [&hellip;]","og_url":"https:\/\/www.notibras.com\/site\/trump-acusa-biden-de-levar-eua-para-o-inferno\/","og_site_name":"Notibras","article_publisher":"https:\/\/www.facebook.com\/notibras\/","article_published_time":"2022-04-24T10:48:58+00:00","article_modified_time":"2022-04-24T11:29:27+00:00","og_image":[{"width":1920,"height":1080,"url":"https:\/\/www.notibras.com\/site\/wp-content\/uploads\/2022\/04\/trum.biden_.webp","type":"image\/webp"}],"author":"Reda\u00e7\u00e3o","twitter_card":"summary_large_image","twitter_creator":"@Notibras","twitter_site":"@Notibras","twitter_misc":{"Escrito por":"Reda\u00e7\u00e3o","Est. tempo de leitura":"2 minutos"},"schema":{"@context":"https:\/\/schema.org","@graph":[{"@type":"Article","@id":"https:\/\/www.notibras.com\/site\/trump-acusa-biden-de-levar-eua-para-o-inferno\/#article","isPartOf":{"@id":"https:\/\/www.notibras.com\/site\/trump-acusa-biden-de-levar-eua-para-o-inferno\/"},"author":{"name":"Reda\u00e7\u00e3o","@id":"https:\/\/www.notibras.com\/site\/#\/schema\/person\/36ab0979449956132d3e5b517ea76ac8"},"headline":"Trump acusa Biden de levar EUA para o Inferno","datePublished":"2022-04-24T10:48:58+00:00","dateModified":"2022-04-24T11:29:27+00:00","mainEntityOfPage":{"@id":"https:\/\/www.notibras.com\/site\/trump-acusa-biden-de-levar-eua-para-o-inferno\/"},"wordCount":364,"publisher":{"@id":"https:\/\/www.notibras.com\/site\/#organization"},"image":{"@id":"https:\/\/www.notibras.com\/site\/trump-acusa-biden-de-levar-eua-para-o-inferno\/#primaryimage"},"thumbnailUrl":"https:\/\/www.notibras.com\/site\/wp-content\/uploads\/2022\/04\/trum.biden_.webp","keywords":["capa"],"articleSection":["Apocalipse"],"inLanguage":"pt-BR"},{"@type":"WebPage","@id":"https:\/\/www.notibras.com\/site\/trump-acusa-biden-de-levar-eua-para-o-inferno\/","url":"https:\/\/www.notibras.com\/site\/trump-acusa-biden-de-levar-eua-para-o-inferno\/","name":"Trump acusa Biden de levar EUA para o Inferno - Notibras","isPartOf":{"@id":"https:\/\/www.notibras.com\/site\/#website"},"primaryImageOfPage":{"@id":"https:\/\/www.notibras.com\/site\/trump-acusa-biden-de-levar-eua-para-o-inferno\/#primaryimage"},"image":{"@id":"https:\/\/www.notibras.com\/site\/trump-acusa-biden-de-levar-eua-para-o-inferno\/#primaryimage"},"thumbnailUrl":"https:\/\/www.notibras.com\/site\/wp-content\/uploads\/2022\/04\/trum.biden_.webp","datePublished":"2022-04-24T10:48:58+00:00","dateModified":"2022-04-24T11:29:27+00:00","breadcrumb":{"@id":"https:\/\/www.notibras.com\/site\/trump-acusa-biden-de-levar-eua-para-o-inferno\/#breadcrumb"},"inLanguage":"pt-BR","potentialAction":[{"@type":"ReadAction","target":["https:\/\/www.notibras.com\/site\/trump-acusa-biden-de-levar-eua-para-o-inferno\/"]}]},{"@type":"ImageObject","inLanguage":"pt-BR","@id":"https:\/\/www.notibras.com\/site\/trump-acusa-biden-de-levar-eua-para-o-inferno\/#primaryimage","url":"https:\/\/www.notibras.com\/site\/wp-content\/uploads\/2022\/04\/trum.biden_.webp","contentUrl":"https:\/\/www.notibras.com\/site\/wp-content\/uploads\/2022\/04\/trum.biden_.webp","width":1920,"height":1080},{"@type":"BreadcrumbList","@id":"https:\/\/www.notibras.com\/site\/trump-acusa-biden-de-levar-eua-para-o-inferno\/#breadcrumb","itemListElement":[{"@type":"ListItem","position":1,"name":"In\u00edcio","item":"https:\/\/www.notibras.com\/site\/"},{"@type":"ListItem","position":2,"name":"Trump acusa Biden de levar EUA para o Inferno"}]},{"@type":"WebSite","@id":"https:\/\/www.notibras.com\/site\/#website","url":"https:\/\/www.notibras.com\/site\/","name":"Notibras","description":"Not\u00edcias de Bras\u00edlia, do Brasil e do Mundo","publisher":{"@id":"https:\/\/www.notibras.com\/site\/#organization"},"potentialAction":[{"@type":"SearchAction","target":{"@type":"EntryPoint","urlTemplate":"https:\/\/www.notibras.com\/site\/?s={search_term_string}"},"query-input":{"@type":"PropertyValueSpecification","valueRequired":true,"valueName":"search_term_string"}}],"inLanguage":"pt-BR"},{"@type":"Organization","@id":"https:\/\/www.notibras.com\/site\/#organization","name":"Grupo Notibras de Comunica\u00e7\u00e3o","url":"https:\/\/www.notibras.com\/site\/","logo":{"@type":"ImageObject","inLanguage":"pt-BR","@id":"https:\/\/www.notibras.com\/site\/#\/schema\/logo\/image\/","url":"https:\/\/www.notibras.com\/site\/wp-content\/uploads\/2023\/01\/notibras23.png","contentUrl":"https:\/\/www.notibras.com\/site\/wp-content\/uploads\/2023\/01\/notibras23.png","width":350,"height":87,"caption":"Grupo Notibras de Comunica\u00e7\u00e3o"},"image":{"@id":"https:\/\/www.notibras.com\/site\/#\/schema\/logo\/image\/"},"sameAs":["https:\/\/www.facebook.com\/notibras\/","https:\/\/x.com\/Notibras","https:\/\/www.instagram.com\/notibras\/"]},{"@type":"Person","@id":"https:\/\/www.notibras.com\/site\/#\/schema\/person\/36ab0979449956132d3e5b517ea76ac8","name":"Reda\u00e7\u00e3o","image":{"@type":"ImageObject","inLanguage":"pt-BR","@id":"https:\/\/secure.gravatar.com\/avatar\/e0a867bdedb85fd243eadf09663511f96fc81e0720a4a42581f334ad4303aa6b?s=96&d=mm&r=g","url":"https:\/\/secure.gravatar.com\/avatar\/e0a867bdedb85fd243eadf09663511f96fc81e0720a4a42581f334ad4303aa6b?s=96&d=mm&r=g","contentUrl":"https:\/\/secure.gravatar.com\/avatar\/e0a867bdedb85fd243eadf09663511f96fc81e0720a4a42581f334ad4303aa6b?s=96&d=mm&r=g","caption":"Reda\u00e7\u00e3o"}}]}},"amp_enabled":true,"_links":{"self":[{"href":"https:\/\/www.notibras.com\/site\/wp-json\/wp\/v2\/posts\/284388","targetHints":{"allow":["GET"]}}],"collection":[{"href":"https:\/\/www.notibras.com\/site\/wp-json\/wp\/v2\/posts"}],"about":[{"href":"https:\/\/www.notibras.com\/site\/wp-json\/wp\/v2\/types\/post"}],"author":[{"embeddable":true,"href":"https:\/\/www.notibras.com\/site\/wp-json\/wp\/v2\/users\/2"}],"replies":[{"embeddable":true,"href":"https:\/\/www.notibras.com\/site\/wp-json\/wp\/v2\/comments?post=284388"}],"version-history":[{"count":1,"href":"https:\/\/www.notibras.com\/site\/wp-json\/wp\/v2\/posts\/284388\/revisions"}],"predecessor-version":[{"id":284390,"href":"https:\/\/www.notibras.com\/site\/wp-json\/wp\/v2\/posts\/284388\/revisions\/284390"}],"wp:featuredmedia":[{"embeddable":true,"href":"https:\/\/www.notibras.com\/site\/wp-json\/wp\/v2\/media\/284389"}],"wp:attachment":[{"href":"https:\/\/www.notibras.com\/site\/wp-json\/wp\/v2\/media?parent=284388"}],"wp:term":[{"taxonomy":"category","embeddable":true,"href":"https:\/\/www.notibras.com\/site\/wp-json\/wp\/v2\/categories?post=284388"},{"taxonomy":"post_tag","embeddable":true,"href":"https:\/\/www.notibras.com\/site\/wp-json\/wp\/v2\/tags?post=284388"}],"curies":[{"name":"wp","href":"https:\/\/api.w.org\/{rel}","templated":true}]}}