{"id":284422,"date":"2022-04-25T00:25:09","date_gmt":"2022-04-25T03:25:09","guid":{"rendered":"https:\/\/www.notibras.com\/site\/?p=284422"},"modified":"2022-04-25T00:32:05","modified_gmt":"2022-04-25T03:32:05","slug":"suica-proibe-alemanha-de-reexportar-armas-para-ucrania","status":"publish","type":"post","link":"https:\/\/www.notibras.com\/site\/suica-proibe-alemanha-de-reexportar-armas-para-ucrania\/","title":{"rendered":"Su\u00ed\u00e7a pro\u00edbe Alemanha de reexportar armas para Ucr\u00e2nia"},"content":{"rendered":"<p>A Su\u00ed\u00e7a vetou pedidos de autoridades alem\u00e3s para reexportar para a Ucr\u00e2nia muni\u00e7\u00e3o usada em ve\u00edculos de combate de infantaria Marder. Tratan-se de tanques-de-guerra que usam muni\u00e7\u00e3o produzida na Su\u00ed\u00e7a.<\/p>\n<p>&#8220;Ambas as solicita\u00e7\u00f5es alem\u00e3s foram respondidas negativamente com refer\u00eancia \u00e0 neutralidade su\u00ed\u00e7a e aos crit\u00e9rios para uma recusa obrigat\u00f3ria sob a Lei de Materiais de Guerra&#8221;, disse um representante do governo citado pelo jornal <em>SonntagsZeitung<\/em>.<\/p>\n<p>Em 21 de abril, o jornal <em>Die Welt<\/em> informou que a empresa de defesa alem\u00e3 Rheinmetall, que produz IFVs Marder, enviou um pedido oficial ao governo alem\u00e3o para aprovar a venda de 100 unidades desses ve\u00edculos de combate para a Ucr\u00e2nia.<\/p>\n<p>Em 20 de abril, o chanceler alem\u00e3o Olaf Scholz anunciou que a Alemanha estava considerando a lista de armas que poderiam ser entregues \u00e0 Ucr\u00e2nia como parte da assist\u00eancia militar de Berlim a Kiev. Ele se comprometeu a prosseguir com os pagamentos do armamento fornecido logo ap\u00f3s a decis\u00e3o sobre a lista final, &#8220;n\u00e3o h\u00e1 mais espera&#8221;.<\/p>\n<p>Ao mesmo tempo, a Alemanha se recusou repetidamente a fornecer \u00e0 Ucr\u00e2nia armamentos espec\u00edficos que Kiev havia solicitado, incluindo artilharia pesada. No in\u00edcio do m\u00eas, a Alemanha negou o pedido de Kiev para ve\u00edculos de combate de infantaria Marder, mas entregou cerca de 500 Stingers, quase 2.000 m\u00edsseis antia\u00e9reos Strela e mais de 1.000 armas antitanque.<\/p>\n<p>Desde que a R\u00fassia lan\u00e7ou sua opera\u00e7\u00e3o militar na Ucr\u00e2nia, o Ocidente, incluindo a Alemanha, tem fornecido \u00e0 Ucr\u00e2nia v\u00e1rios tipos de armamento letal, incluindo armas pesadas, como m\u00edsseis antitanque, ca\u00e7as, sistemas de m\u00edsseis e ve\u00edculos blindados. No entanto, as autoridades alem\u00e3s, particularmente Scholz, foram criticadas por Kiev e alguns aliados ocidentais por apoio militar insuficiente \u00e0 Ucr\u00e2nia e por n\u00e3o tomarem uma posi\u00e7\u00e3o forte o suficiente contra a R\u00fassia.<\/p>\n","protected":false},"excerpt":{"rendered":"<p>A Su\u00ed\u00e7a vetou pedidos de autoridades alem\u00e3s para reexportar para a Ucr\u00e2nia muni\u00e7\u00e3o usada em ve\u00edculos de combate de infantaria Marder. Tratan-se de tanques-de-guerra que usam muni\u00e7\u00e3o produzida na Su\u00ed\u00e7a. &#8220;Ambas as solicita\u00e7\u00f5es alem\u00e3s foram respondidas negativamente com refer\u00eancia \u00e0 neutralidade su\u00ed\u00e7a e aos crit\u00e9rios para uma recusa obrigat\u00f3ria sob a Lei de Materiais de [&hellip;]<\/p>\n","protected":false},"author":2,"featured_media":284423,"comment_status":"closed","ping_status":"closed","sticky":false,"template":"","format":"standard","meta":{"_acf_changed":false,"footnotes":""},"categories":[159],"tags":[95],"class_list":["post-284422","post","type-post","status-publish","format-standard","has-post-thumbnail","hentry","category-apocalipse","tag-capa"],"acf":[],"yoast_head":"<!-- This site is optimized with the Yoast SEO plugin v27.2 - https:\/\/yoast.com\/product\/yoast-seo-wordpress\/ -->\n<title>Su\u00ed\u00e7a pro\u00edbe Alemanha de reexportar armas para Ucr\u00e2nia - Notibras<\/title>\n<meta name=\"robots\" content=\"index, follow, max-snippet:-1, max-image-preview:large, max-video-preview:-1\" \/>\n<link rel=\"canonical\" href=\"https:\/\/www.notibras.com\/site\/suica-proibe-alemanha-de-reexportar-armas-para-ucrania\/\" \/>\n<meta property=\"og:locale\" content=\"pt_BR\" \/>\n<meta property=\"og:type\" content=\"article\" \/>\n<meta property=\"og:title\" content=\"Su\u00ed\u00e7a pro\u00edbe Alemanha de reexportar armas para Ucr\u00e2nia - Notibras\" \/>\n<meta property=\"og:description\" content=\"A Su\u00ed\u00e7a vetou pedidos de autoridades alem\u00e3s para reexportar para a Ucr\u00e2nia muni\u00e7\u00e3o usada em ve\u00edculos de combate de infantaria Marder. Tratan-se de tanques-de-guerra que usam muni\u00e7\u00e3o produzida na Su\u00ed\u00e7a. &#8220;Ambas as solicita\u00e7\u00f5es alem\u00e3s foram respondidas negativamente com refer\u00eancia \u00e0 neutralidade su\u00ed\u00e7a e aos crit\u00e9rios para uma recusa obrigat\u00f3ria sob a Lei de Materiais de [&hellip;]\" \/>\n<meta property=\"og:url\" content=\"https:\/\/www.notibras.com\/site\/suica-proibe-alemanha-de-reexportar-armas-para-ucrania\/\" \/>\n<meta property=\"og:site_name\" content=\"Notibras\" \/>\n<meta property=\"article:publisher\" content=\"https:\/\/www.facebook.com\/notibras\/\" \/>\n<meta property=\"article:published_time\" content=\"2022-04-25T03:25:09+00:00\" \/>\n<meta property=\"article:modified_time\" content=\"2022-04-25T03:32:05+00:00\" \/>\n<meta property=\"og:image\" content=\"https:\/\/www.notibras.com\/site\/wp-content\/uploads\/2022\/04\/tanque.guerra.webp\" \/>\n\t<meta property=\"og:image:width\" content=\"1920\" \/>\n\t<meta property=\"og:image:height\" content=\"1079\" \/>\n\t<meta property=\"og:image:type\" content=\"image\/webp\" \/>\n<meta name=\"author\" content=\"Reda\u00e7\u00e3o\" \/>\n<meta name=\"twitter:card\" content=\"summary_large_image\" \/>\n<meta name=\"twitter:creator\" content=\"@Notibras\" \/>\n<meta name=\"twitter:site\" content=\"@Notibras\" \/>\n<meta name=\"twitter:label1\" content=\"Escrito por\" \/>\n\t<meta name=\"twitter:data1\" content=\"Reda\u00e7\u00e3o\" \/>\n\t<meta name=\"twitter:label2\" content=\"Est. tempo de leitura\" \/>\n\t<meta name=\"twitter:data2\" content=\"2 minutos\" \/>\n<script type=\"application\/ld+json\" class=\"yoast-schema-graph\">{\"@context\":\"https:\/\/schema.org\",\"@graph\":[{\"@type\":\"Article\",\"@id\":\"https:\/\/www.notibras.com\/site\/suica-proibe-alemanha-de-reexportar-armas-para-ucrania\/#article\",\"isPartOf\":{\"@id\":\"https:\/\/www.notibras.com\/site\/suica-proibe-alemanha-de-reexportar-armas-para-ucrania\/\"},\"author\":{\"name\":\"Reda\u00e7\u00e3o\",\"@id\":\"https:\/\/www.notibras.com\/site\/#\/schema\/person\/36ab0979449956132d3e5b517ea76ac8\"},\"headline\":\"Su\u00ed\u00e7a pro\u00edbe Alemanha de reexportar armas para Ucr\u00e2nia\",\"datePublished\":\"2022-04-25T03:25:09+00:00\",\"dateModified\":\"2022-04-25T03:32:05+00:00\",\"mainEntityOfPage\":{\"@id\":\"https:\/\/www.notibras.com\/site\/suica-proibe-alemanha-de-reexportar-armas-para-ucrania\/\"},\"wordCount\":333,\"publisher\":{\"@id\":\"https:\/\/www.notibras.com\/site\/#organization\"},\"image\":{\"@id\":\"https:\/\/www.notibras.com\/site\/suica-proibe-alemanha-de-reexportar-armas-para-ucrania\/#primaryimage\"},\"thumbnailUrl\":\"https:\/\/www.notibras.com\/site\/wp-content\/uploads\/2022\/04\/tanque.guerra.webp\",\"keywords\":[\"capa\"],\"articleSection\":[\"Apocalipse\"],\"inLanguage\":\"pt-BR\"},{\"@type\":\"WebPage\",\"@id\":\"https:\/\/www.notibras.com\/site\/suica-proibe-alemanha-de-reexportar-armas-para-ucrania\/\",\"url\":\"https:\/\/www.notibras.com\/site\/suica-proibe-alemanha-de-reexportar-armas-para-ucrania\/\",\"name\":\"Su\u00ed\u00e7a pro\u00edbe Alemanha de reexportar armas para Ucr\u00e2nia - Notibras\",\"isPartOf\":{\"@id\":\"https:\/\/www.notibras.com\/site\/#website\"},\"primaryImageOfPage\":{\"@id\":\"https:\/\/www.notibras.com\/site\/suica-proibe-alemanha-de-reexportar-armas-para-ucrania\/#primaryimage\"},\"image\":{\"@id\":\"https:\/\/www.notibras.com\/site\/suica-proibe-alemanha-de-reexportar-armas-para-ucrania\/#primaryimage\"},\"thumbnailUrl\":\"https:\/\/www.notibras.com\/site\/wp-content\/uploads\/2022\/04\/tanque.guerra.webp\",\"datePublished\":\"2022-04-25T03:25:09+00:00\",\"dateModified\":\"2022-04-25T03:32:05+00:00\",\"breadcrumb\":{\"@id\":\"https:\/\/www.notibras.com\/site\/suica-proibe-alemanha-de-reexportar-armas-para-ucrania\/#breadcrumb\"},\"inLanguage\":\"pt-BR\",\"potentialAction\":[{\"@type\":\"ReadAction\",\"target\":[\"https:\/\/www.notibras.com\/site\/suica-proibe-alemanha-de-reexportar-armas-para-ucrania\/\"]}]},{\"@type\":\"ImageObject\",\"inLanguage\":\"pt-BR\",\"@id\":\"https:\/\/www.notibras.com\/site\/suica-proibe-alemanha-de-reexportar-armas-para-ucrania\/#primaryimage\",\"url\":\"https:\/\/www.notibras.com\/site\/wp-content\/uploads\/2022\/04\/tanque.guerra.webp\",\"contentUrl\":\"https:\/\/www.notibras.com\/site\/wp-content\/uploads\/2022\/04\/tanque.guerra.webp\",\"width\":1920,\"height\":1079},{\"@type\":\"BreadcrumbList\",\"@id\":\"https:\/\/www.notibras.com\/site\/suica-proibe-alemanha-de-reexportar-armas-para-ucrania\/#breadcrumb\",\"itemListElement\":[{\"@type\":\"ListItem\",\"position\":1,\"name\":\"In\u00edcio\",\"item\":\"https:\/\/www.notibras.com\/site\/\"},{\"@type\":\"ListItem\",\"position\":2,\"name\":\"Su\u00ed\u00e7a pro\u00edbe Alemanha de reexportar armas para Ucr\u00e2nia\"}]},{\"@type\":\"WebSite\",\"@id\":\"https:\/\/www.notibras.com\/site\/#website\",\"url\":\"https:\/\/www.notibras.com\/site\/\",\"name\":\"Notibras\",\"description\":\"Not\u00edcias de Bras\u00edlia, do Brasil e do Mundo\",\"publisher\":{\"@id\":\"https:\/\/www.notibras.com\/site\/#organization\"},\"potentialAction\":[{\"@type\":\"SearchAction\",\"target\":{\"@type\":\"EntryPoint\",\"urlTemplate\":\"https:\/\/www.notibras.com\/site\/?s={search_term_string}\"},\"query-input\":{\"@type\":\"PropertyValueSpecification\",\"valueRequired\":true,\"valueName\":\"search_term_string\"}}],\"inLanguage\":\"pt-BR\"},{\"@type\":\"Organization\",\"@id\":\"https:\/\/www.notibras.com\/site\/#organization\",\"name\":\"Grupo Notibras de Comunica\u00e7\u00e3o\",\"url\":\"https:\/\/www.notibras.com\/site\/\",\"logo\":{\"@type\":\"ImageObject\",\"inLanguage\":\"pt-BR\",\"@id\":\"https:\/\/www.notibras.com\/site\/#\/schema\/logo\/image\/\",\"url\":\"https:\/\/www.notibras.com\/site\/wp-content\/uploads\/2023\/01\/notibras23.png\",\"contentUrl\":\"https:\/\/www.notibras.com\/site\/wp-content\/uploads\/2023\/01\/notibras23.png\",\"width\":350,\"height\":87,\"caption\":\"Grupo Notibras de Comunica\u00e7\u00e3o\"},\"image\":{\"@id\":\"https:\/\/www.notibras.com\/site\/#\/schema\/logo\/image\/\"},\"sameAs\":[\"https:\/\/www.facebook.com\/notibras\/\",\"https:\/\/x.com\/Notibras\",\"https:\/\/www.instagram.com\/notibras\/\"]},{\"@type\":\"Person\",\"@id\":\"https:\/\/www.notibras.com\/site\/#\/schema\/person\/36ab0979449956132d3e5b517ea76ac8\",\"name\":\"Reda\u00e7\u00e3o\",\"image\":{\"@type\":\"ImageObject\",\"inLanguage\":\"pt-BR\",\"@id\":\"https:\/\/secure.gravatar.com\/avatar\/e0a867bdedb85fd243eadf09663511f96fc81e0720a4a42581f334ad4303aa6b?s=96&d=mm&r=g\",\"url\":\"https:\/\/secure.gravatar.com\/avatar\/e0a867bdedb85fd243eadf09663511f96fc81e0720a4a42581f334ad4303aa6b?s=96&d=mm&r=g\",\"contentUrl\":\"https:\/\/secure.gravatar.com\/avatar\/e0a867bdedb85fd243eadf09663511f96fc81e0720a4a42581f334ad4303aa6b?s=96&d=mm&r=g\",\"caption\":\"Reda\u00e7\u00e3o\"}}]}<\/script>\n<!-- \/ Yoast SEO plugin. -->","yoast_head_json":{"title":"Su\u00ed\u00e7a pro\u00edbe Alemanha de reexportar armas para Ucr\u00e2nia - Notibras","robots":{"index":"index","follow":"follow","max-snippet":"max-snippet:-1","max-image-preview":"max-image-preview:large","max-video-preview":"max-video-preview:-1"},"canonical":"https:\/\/www.notibras.com\/site\/suica-proibe-alemanha-de-reexportar-armas-para-ucrania\/","og_locale":"pt_BR","og_type":"article","og_title":"Su\u00ed\u00e7a pro\u00edbe Alemanha de reexportar armas para Ucr\u00e2nia - Notibras","og_description":"A Su\u00ed\u00e7a vetou pedidos de autoridades alem\u00e3s para reexportar para a Ucr\u00e2nia muni\u00e7\u00e3o usada em ve\u00edculos de combate de infantaria Marder. Tratan-se de tanques-de-guerra que usam muni\u00e7\u00e3o produzida na Su\u00ed\u00e7a. &#8220;Ambas as solicita\u00e7\u00f5es alem\u00e3s foram respondidas negativamente com refer\u00eancia \u00e0 neutralidade su\u00ed\u00e7a e aos crit\u00e9rios para uma recusa obrigat\u00f3ria sob a Lei de Materiais de [&hellip;]","og_url":"https:\/\/www.notibras.com\/site\/suica-proibe-alemanha-de-reexportar-armas-para-ucrania\/","og_site_name":"Notibras","article_publisher":"https:\/\/www.facebook.com\/notibras\/","article_published_time":"2022-04-25T03:25:09+00:00","article_modified_time":"2022-04-25T03:32:05+00:00","og_image":[{"width":1920,"height":1079,"url":"https:\/\/www.notibras.com\/site\/wp-content\/uploads\/2022\/04\/tanque.guerra.webp","type":"image\/webp"}],"author":"Reda\u00e7\u00e3o","twitter_card":"summary_large_image","twitter_creator":"@Notibras","twitter_site":"@Notibras","twitter_misc":{"Escrito por":"Reda\u00e7\u00e3o","Est. tempo de leitura":"2 minutos"},"schema":{"@context":"https:\/\/schema.org","@graph":[{"@type":"Article","@id":"https:\/\/www.notibras.com\/site\/suica-proibe-alemanha-de-reexportar-armas-para-ucrania\/#article","isPartOf":{"@id":"https:\/\/www.notibras.com\/site\/suica-proibe-alemanha-de-reexportar-armas-para-ucrania\/"},"author":{"name":"Reda\u00e7\u00e3o","@id":"https:\/\/www.notibras.com\/site\/#\/schema\/person\/36ab0979449956132d3e5b517ea76ac8"},"headline":"Su\u00ed\u00e7a pro\u00edbe Alemanha de reexportar armas para Ucr\u00e2nia","datePublished":"2022-04-25T03:25:09+00:00","dateModified":"2022-04-25T03:32:05+00:00","mainEntityOfPage":{"@id":"https:\/\/www.notibras.com\/site\/suica-proibe-alemanha-de-reexportar-armas-para-ucrania\/"},"wordCount":333,"publisher":{"@id":"https:\/\/www.notibras.com\/site\/#organization"},"image":{"@id":"https:\/\/www.notibras.com\/site\/suica-proibe-alemanha-de-reexportar-armas-para-ucrania\/#primaryimage"},"thumbnailUrl":"https:\/\/www.notibras.com\/site\/wp-content\/uploads\/2022\/04\/tanque.guerra.webp","keywords":["capa"],"articleSection":["Apocalipse"],"inLanguage":"pt-BR"},{"@type":"WebPage","@id":"https:\/\/www.notibras.com\/site\/suica-proibe-alemanha-de-reexportar-armas-para-ucrania\/","url":"https:\/\/www.notibras.com\/site\/suica-proibe-alemanha-de-reexportar-armas-para-ucrania\/","name":"Su\u00ed\u00e7a pro\u00edbe Alemanha de reexportar armas para Ucr\u00e2nia - Notibras","isPartOf":{"@id":"https:\/\/www.notibras.com\/site\/#website"},"primaryImageOfPage":{"@id":"https:\/\/www.notibras.com\/site\/suica-proibe-alemanha-de-reexportar-armas-para-ucrania\/#primaryimage"},"image":{"@id":"https:\/\/www.notibras.com\/site\/suica-proibe-alemanha-de-reexportar-armas-para-ucrania\/#primaryimage"},"thumbnailUrl":"https:\/\/www.notibras.com\/site\/wp-content\/uploads\/2022\/04\/tanque.guerra.webp","datePublished":"2022-04-25T03:25:09+00:00","dateModified":"2022-04-25T03:32:05+00:00","breadcrumb":{"@id":"https:\/\/www.notibras.com\/site\/suica-proibe-alemanha-de-reexportar-armas-para-ucrania\/#breadcrumb"},"inLanguage":"pt-BR","potentialAction":[{"@type":"ReadAction","target":["https:\/\/www.notibras.com\/site\/suica-proibe-alemanha-de-reexportar-armas-para-ucrania\/"]}]},{"@type":"ImageObject","inLanguage":"pt-BR","@id":"https:\/\/www.notibras.com\/site\/suica-proibe-alemanha-de-reexportar-armas-para-ucrania\/#primaryimage","url":"https:\/\/www.notibras.com\/site\/wp-content\/uploads\/2022\/04\/tanque.guerra.webp","contentUrl":"https:\/\/www.notibras.com\/site\/wp-content\/uploads\/2022\/04\/tanque.guerra.webp","width":1920,"height":1079},{"@type":"BreadcrumbList","@id":"https:\/\/www.notibras.com\/site\/suica-proibe-alemanha-de-reexportar-armas-para-ucrania\/#breadcrumb","itemListElement":[{"@type":"ListItem","position":1,"name":"In\u00edcio","item":"https:\/\/www.notibras.com\/site\/"},{"@type":"ListItem","position":2,"name":"Su\u00ed\u00e7a pro\u00edbe Alemanha de reexportar armas para Ucr\u00e2nia"}]},{"@type":"WebSite","@id":"https:\/\/www.notibras.com\/site\/#website","url":"https:\/\/www.notibras.com\/site\/","name":"Notibras","description":"Not\u00edcias de Bras\u00edlia, do Brasil e do Mundo","publisher":{"@id":"https:\/\/www.notibras.com\/site\/#organization"},"potentialAction":[{"@type":"SearchAction","target":{"@type":"EntryPoint","urlTemplate":"https:\/\/www.notibras.com\/site\/?s={search_term_string}"},"query-input":{"@type":"PropertyValueSpecification","valueRequired":true,"valueName":"search_term_string"}}],"inLanguage":"pt-BR"},{"@type":"Organization","@id":"https:\/\/www.notibras.com\/site\/#organization","name":"Grupo Notibras de Comunica\u00e7\u00e3o","url":"https:\/\/www.notibras.com\/site\/","logo":{"@type":"ImageObject","inLanguage":"pt-BR","@id":"https:\/\/www.notibras.com\/site\/#\/schema\/logo\/image\/","url":"https:\/\/www.notibras.com\/site\/wp-content\/uploads\/2023\/01\/notibras23.png","contentUrl":"https:\/\/www.notibras.com\/site\/wp-content\/uploads\/2023\/01\/notibras23.png","width":350,"height":87,"caption":"Grupo Notibras de Comunica\u00e7\u00e3o"},"image":{"@id":"https:\/\/www.notibras.com\/site\/#\/schema\/logo\/image\/"},"sameAs":["https:\/\/www.facebook.com\/notibras\/","https:\/\/x.com\/Notibras","https:\/\/www.instagram.com\/notibras\/"]},{"@type":"Person","@id":"https:\/\/www.notibras.com\/site\/#\/schema\/person\/36ab0979449956132d3e5b517ea76ac8","name":"Reda\u00e7\u00e3o","image":{"@type":"ImageObject","inLanguage":"pt-BR","@id":"https:\/\/secure.gravatar.com\/avatar\/e0a867bdedb85fd243eadf09663511f96fc81e0720a4a42581f334ad4303aa6b?s=96&d=mm&r=g","url":"https:\/\/secure.gravatar.com\/avatar\/e0a867bdedb85fd243eadf09663511f96fc81e0720a4a42581f334ad4303aa6b?s=96&d=mm&r=g","contentUrl":"https:\/\/secure.gravatar.com\/avatar\/e0a867bdedb85fd243eadf09663511f96fc81e0720a4a42581f334ad4303aa6b?s=96&d=mm&r=g","caption":"Reda\u00e7\u00e3o"}}]}},"amp_enabled":true,"_links":{"self":[{"href":"https:\/\/www.notibras.com\/site\/wp-json\/wp\/v2\/posts\/284422","targetHints":{"allow":["GET"]}}],"collection":[{"href":"https:\/\/www.notibras.com\/site\/wp-json\/wp\/v2\/posts"}],"about":[{"href":"https:\/\/www.notibras.com\/site\/wp-json\/wp\/v2\/types\/post"}],"author":[{"embeddable":true,"href":"https:\/\/www.notibras.com\/site\/wp-json\/wp\/v2\/users\/2"}],"replies":[{"embeddable":true,"href":"https:\/\/www.notibras.com\/site\/wp-json\/wp\/v2\/comments?post=284422"}],"version-history":[{"count":1,"href":"https:\/\/www.notibras.com\/site\/wp-json\/wp\/v2\/posts\/284422\/revisions"}],"predecessor-version":[{"id":284424,"href":"https:\/\/www.notibras.com\/site\/wp-json\/wp\/v2\/posts\/284422\/revisions\/284424"}],"wp:featuredmedia":[{"embeddable":true,"href":"https:\/\/www.notibras.com\/site\/wp-json\/wp\/v2\/media\/284423"}],"wp:attachment":[{"href":"https:\/\/www.notibras.com\/site\/wp-json\/wp\/v2\/media?parent=284422"}],"wp:term":[{"taxonomy":"category","embeddable":true,"href":"https:\/\/www.notibras.com\/site\/wp-json\/wp\/v2\/categories?post=284422"},{"taxonomy":"post_tag","embeddable":true,"href":"https:\/\/www.notibras.com\/site\/wp-json\/wp\/v2\/tags?post=284422"}],"curies":[{"name":"wp","href":"https:\/\/api.w.org\/{rel}","templated":true}]}}