{"id":284520,"date":"2022-04-27T00:06:24","date_gmt":"2022-04-27T03:06:24","guid":{"rendered":"https:\/\/www.notibras.com\/site\/?p=284520"},"modified":"2022-04-26T23:33:21","modified_gmt":"2022-04-27T02:33:21","slug":"australia-cria-linha-vermelha-contra-avanco-chines","status":"publish","type":"post","link":"https:\/\/www.notibras.com\/site\/australia-cria-linha-vermelha-contra-avanco-chines\/","title":{"rendered":"Austr\u00e1lia cria linha vermelha contra avan\u00e7o chin\u00eas"},"content":{"rendered":"<p>O pacto de seguran\u00e7a China-Ilhas Salom\u00e3o provocou um desconforto significativo entre os EUA e seus aliados do Pac\u00edfico. Uma delega\u00e7\u00e3o dos EUA alertou abertamente o governo das Ilhas Salom\u00e3o, dizendo que qualquer passo para estabelecer uma presen\u00e7a militar permanente de Pequim na na\u00e7\u00e3o do Pac\u00edfico Sul receberia uma forte resposta.<\/p>\n<p>Seguindo esse racioc\u00ednio, a Austr\u00e1lia emitiu um alerta sobre o pacto de seguran\u00e7a Ilhas Salom\u00e3o-China ap\u00f3s esfor\u00e7os significativos dos EUA e seus aliados para impedir o acordo. O ministro da Defesa, Peter Dutton, disse que a Austr\u00e1lia s\u00f3 poderia preservar a paz preparando-se para a guerra.<\/p>\n<p>&#8220;A \u00fanica maneira de preservar a paz \u00e9 se preparar para a guerra e ser forte como pa\u00eds. N\u00e3o se acovardar, n\u00e3o se ajoelhar e ser fraco. Essa \u00e9 a realidade&#8221;, disse Dutton sobre a decis\u00e3o do primeiro-ministro Scott Morrison. E antecipou que a Austr\u00e1lia estava estabelecendo uma linha vermelha no Pac\u00edfico sobre o pacto de seguran\u00e7a Ilhas Salom\u00e3o-China.<\/p>\n<p>O ministro disse que n\u00e3o \u00e9 do interesse da Austr\u00e1lia a longo prazo permanecer ignorante sobre os incidentes que acontecem na regi\u00e3o. &#8220;O acordo que firmamos com os aliados e particularmente com os Estados Unidos e o Reino Unido, e agora com o Jap\u00e3o e a \u00cdndia, s\u00e3o todos pa\u00edses que querem a paz e a preserva\u00e7\u00e3o dessa paz em nossa regi\u00e3o&#8221;, acrescentou Dutton.<\/p>\n<p>Dutton comparou a atual situa\u00e7\u00e3o geopol\u00edtica \u00e0 d\u00e9cada de 1930 e instou os pa\u00edses a se manifestarem contra as agress\u00f5es em todo o mundo. &#8220;Estamos em um per\u00edodo muito semelhante \u00e0 d\u00e9cada de 1930 agora, e acho que havia muitas pessoas nos anos de 1930 que gostariam de ter falado muito no in\u00edcio da d\u00e9cada. Acho que essa \u00e9 a realidade s\u00f3bria de onde estamos&#8221;, calculou.<\/p>\n<p>O governo de Scott Morrison vem enfrentando intensa rea\u00e7\u00e3o da oposi\u00e7\u00e3o, com os trabalhistas classificando o pacto Ilhas Salom\u00e3o-China como o fracasso de pol\u00edtica externa mais significativo da Austr\u00e1lia desde a Segunda Guerra Mundial. Mais de 17 milh\u00f5es de australianos votar\u00e3o para eleger o pr\u00f3ximo governo do pa\u00eds em 21 de maio.<\/p>\n<p>Pequim anunciou o pacto na semana passada, dias antes da chegada de uma delega\u00e7\u00e3o de alta pot\u00eancia da Casa Branca em Honiara. Os EUA disseram que tomariam medidas n\u00e3o especificadas contra a na\u00e7\u00e3o do Pac\u00edfico Sul se Pequim mantiver qualquer presen\u00e7a militar l\u00e1. O primeiro-ministro australiano Morrison disse que compartilha a mesma linha vermelha que os EUA t\u00eam sobre o pacto de seguran\u00e7a. &#8220;N\u00e3o teremos bases navais militares chinesas em nossa regi\u00e3o, \u00e0 nossa porta&#8221;, disse Morrison.<\/p>\n<p>A Embaixada da China em Honiara reagiu \u00e0s advert\u00eancias, dizendo que Pequim se op\u00f5e \u00e0 inten\u00e7\u00e3o de qualquer terceiro de interferir na coopera\u00e7\u00e3o entre a China e as Ilhas Salom\u00e3o como estados soberanos. A embaixada disse que o aviso exp\u00f4s os atos condescendentes de desrespeito dos EUA em rela\u00e7\u00e3o a outras na\u00e7\u00f5es.<\/p>\n","protected":false},"excerpt":{"rendered":"<p>O pacto de seguran\u00e7a China-Ilhas Salom\u00e3o provocou um desconforto significativo entre os EUA e seus aliados do Pac\u00edfico. Uma delega\u00e7\u00e3o dos EUA alertou abertamente o governo das Ilhas Salom\u00e3o, dizendo que qualquer passo para estabelecer uma presen\u00e7a militar permanente de Pequim na na\u00e7\u00e3o do Pac\u00edfico Sul receberia uma forte resposta. Seguindo esse racioc\u00ednio, a Austr\u00e1lia [&hellip;]<\/p>\n","protected":false},"author":2,"featured_media":284522,"comment_status":"closed","ping_status":"closed","sticky":false,"template":"","format":"standard","meta":{"_acf_changed":false,"footnotes":""},"categories":[159],"tags":[95],"class_list":["post-284520","post","type-post","status-publish","format-standard","has-post-thumbnail","hentry","category-apocalipse","tag-capa"],"acf":[],"yoast_head":"<!-- This site is optimized with the Yoast SEO plugin v27.2 - https:\/\/yoast.com\/product\/yoast-seo-wordpress\/ -->\n<title>Austr\u00e1lia cria linha vermelha contra avan\u00e7o chin\u00eas - Notibras<\/title>\n<meta name=\"robots\" content=\"index, follow, max-snippet:-1, max-image-preview:large, max-video-preview:-1\" \/>\n<link rel=\"canonical\" href=\"https:\/\/www.notibras.com\/site\/australia-cria-linha-vermelha-contra-avanco-chines\/\" \/>\n<meta property=\"og:locale\" content=\"pt_BR\" \/>\n<meta property=\"og:type\" content=\"article\" \/>\n<meta property=\"og:title\" content=\"Austr\u00e1lia cria linha vermelha contra avan\u00e7o chin\u00eas - Notibras\" \/>\n<meta property=\"og:description\" content=\"O pacto de seguran\u00e7a China-Ilhas Salom\u00e3o provocou um desconforto significativo entre os EUA e seus aliados do Pac\u00edfico. Uma delega\u00e7\u00e3o dos EUA alertou abertamente o governo das Ilhas Salom\u00e3o, dizendo que qualquer passo para estabelecer uma presen\u00e7a militar permanente de Pequim na na\u00e7\u00e3o do Pac\u00edfico Sul receberia uma forte resposta. Seguindo esse racioc\u00ednio, a Austr\u00e1lia [&hellip;]\" \/>\n<meta property=\"og:url\" content=\"https:\/\/www.notibras.com\/site\/australia-cria-linha-vermelha-contra-avanco-chines\/\" \/>\n<meta property=\"og:site_name\" content=\"Notibras\" \/>\n<meta property=\"article:publisher\" content=\"https:\/\/www.facebook.com\/notibras\/\" \/>\n<meta property=\"article:published_time\" content=\"2022-04-27T03:06:24+00:00\" \/>\n<meta property=\"og:image\" content=\"https:\/\/www.notibras.com\/site\/wp-content\/uploads\/2022\/04\/austra\u00b4lia.guerra.webp\" \/>\n\t<meta property=\"og:image:width\" content=\"1920\" \/>\n\t<meta property=\"og:image:height\" content=\"1080\" \/>\n\t<meta property=\"og:image:type\" content=\"image\/webp\" \/>\n<meta name=\"author\" content=\"Reda\u00e7\u00e3o\" \/>\n<meta name=\"twitter:card\" content=\"summary_large_image\" \/>\n<meta name=\"twitter:creator\" content=\"@Notibras\" \/>\n<meta name=\"twitter:site\" content=\"@Notibras\" \/>\n<meta name=\"twitter:label1\" content=\"Escrito por\" \/>\n\t<meta name=\"twitter:data1\" content=\"Reda\u00e7\u00e3o\" \/>\n\t<meta name=\"twitter:label2\" content=\"Est. tempo de leitura\" \/>\n\t<meta name=\"twitter:data2\" content=\"3 minutos\" \/>\n<script type=\"application\/ld+json\" class=\"yoast-schema-graph\">{\"@context\":\"https:\/\/schema.org\",\"@graph\":[{\"@type\":\"Article\",\"@id\":\"https:\/\/www.notibras.com\/site\/australia-cria-linha-vermelha-contra-avanco-chines\/#article\",\"isPartOf\":{\"@id\":\"https:\/\/www.notibras.com\/site\/australia-cria-linha-vermelha-contra-avanco-chines\/\"},\"author\":{\"name\":\"Reda\u00e7\u00e3o\",\"@id\":\"https:\/\/www.notibras.com\/site\/#\/schema\/person\/36ab0979449956132d3e5b517ea76ac8\"},\"headline\":\"Austr\u00e1lia cria linha vermelha contra avan\u00e7o chin\u00eas\",\"datePublished\":\"2022-04-27T03:06:24+00:00\",\"mainEntityOfPage\":{\"@id\":\"https:\/\/www.notibras.com\/site\/australia-cria-linha-vermelha-contra-avanco-chines\/\"},\"wordCount\":531,\"publisher\":{\"@id\":\"https:\/\/www.notibras.com\/site\/#organization\"},\"image\":{\"@id\":\"https:\/\/www.notibras.com\/site\/australia-cria-linha-vermelha-contra-avanco-chines\/#primaryimage\"},\"thumbnailUrl\":\"https:\/\/www.notibras.com\/site\/wp-content\/uploads\/2022\/04\/austra\u00b4lia.guerra.webp\",\"keywords\":[\"capa\"],\"articleSection\":[\"Apocalipse\"],\"inLanguage\":\"pt-BR\"},{\"@type\":\"WebPage\",\"@id\":\"https:\/\/www.notibras.com\/site\/australia-cria-linha-vermelha-contra-avanco-chines\/\",\"url\":\"https:\/\/www.notibras.com\/site\/australia-cria-linha-vermelha-contra-avanco-chines\/\",\"name\":\"Austr\u00e1lia cria linha vermelha contra avan\u00e7o chin\u00eas - Notibras\",\"isPartOf\":{\"@id\":\"https:\/\/www.notibras.com\/site\/#website\"},\"primaryImageOfPage\":{\"@id\":\"https:\/\/www.notibras.com\/site\/australia-cria-linha-vermelha-contra-avanco-chines\/#primaryimage\"},\"image\":{\"@id\":\"https:\/\/www.notibras.com\/site\/australia-cria-linha-vermelha-contra-avanco-chines\/#primaryimage\"},\"thumbnailUrl\":\"https:\/\/www.notibras.com\/site\/wp-content\/uploads\/2022\/04\/austra\u00b4lia.guerra.webp\",\"datePublished\":\"2022-04-27T03:06:24+00:00\",\"breadcrumb\":{\"@id\":\"https:\/\/www.notibras.com\/site\/australia-cria-linha-vermelha-contra-avanco-chines\/#breadcrumb\"},\"inLanguage\":\"pt-BR\",\"potentialAction\":[{\"@type\":\"ReadAction\",\"target\":[\"https:\/\/www.notibras.com\/site\/australia-cria-linha-vermelha-contra-avanco-chines\/\"]}]},{\"@type\":\"ImageObject\",\"inLanguage\":\"pt-BR\",\"@id\":\"https:\/\/www.notibras.com\/site\/australia-cria-linha-vermelha-contra-avanco-chines\/#primaryimage\",\"url\":\"https:\/\/www.notibras.com\/site\/wp-content\/uploads\/2022\/04\/austra\u00b4lia.guerra.webp\",\"contentUrl\":\"https:\/\/www.notibras.com\/site\/wp-content\/uploads\/2022\/04\/austra\u00b4lia.guerra.webp\",\"width\":1920,\"height\":1080},{\"@type\":\"BreadcrumbList\",\"@id\":\"https:\/\/www.notibras.com\/site\/australia-cria-linha-vermelha-contra-avanco-chines\/#breadcrumb\",\"itemListElement\":[{\"@type\":\"ListItem\",\"position\":1,\"name\":\"In\u00edcio\",\"item\":\"https:\/\/www.notibras.com\/site\/\"},{\"@type\":\"ListItem\",\"position\":2,\"name\":\"Austr\u00e1lia cria linha vermelha contra avan\u00e7o chin\u00eas\"}]},{\"@type\":\"WebSite\",\"@id\":\"https:\/\/www.notibras.com\/site\/#website\",\"url\":\"https:\/\/www.notibras.com\/site\/\",\"name\":\"Notibras\",\"description\":\"Not\u00edcias de Bras\u00edlia, do Brasil e do Mundo\",\"publisher\":{\"@id\":\"https:\/\/www.notibras.com\/site\/#organization\"},\"potentialAction\":[{\"@type\":\"SearchAction\",\"target\":{\"@type\":\"EntryPoint\",\"urlTemplate\":\"https:\/\/www.notibras.com\/site\/?s={search_term_string}\"},\"query-input\":{\"@type\":\"PropertyValueSpecification\",\"valueRequired\":true,\"valueName\":\"search_term_string\"}}],\"inLanguage\":\"pt-BR\"},{\"@type\":\"Organization\",\"@id\":\"https:\/\/www.notibras.com\/site\/#organization\",\"name\":\"Grupo Notibras de Comunica\u00e7\u00e3o\",\"url\":\"https:\/\/www.notibras.com\/site\/\",\"logo\":{\"@type\":\"ImageObject\",\"inLanguage\":\"pt-BR\",\"@id\":\"https:\/\/www.notibras.com\/site\/#\/schema\/logo\/image\/\",\"url\":\"https:\/\/www.notibras.com\/site\/wp-content\/uploads\/2023\/01\/notibras23.png\",\"contentUrl\":\"https:\/\/www.notibras.com\/site\/wp-content\/uploads\/2023\/01\/notibras23.png\",\"width\":350,\"height\":87,\"caption\":\"Grupo Notibras de Comunica\u00e7\u00e3o\"},\"image\":{\"@id\":\"https:\/\/www.notibras.com\/site\/#\/schema\/logo\/image\/\"},\"sameAs\":[\"https:\/\/www.facebook.com\/notibras\/\",\"https:\/\/x.com\/Notibras\",\"https:\/\/www.instagram.com\/notibras\/\"]},{\"@type\":\"Person\",\"@id\":\"https:\/\/www.notibras.com\/site\/#\/schema\/person\/36ab0979449956132d3e5b517ea76ac8\",\"name\":\"Reda\u00e7\u00e3o\",\"image\":{\"@type\":\"ImageObject\",\"inLanguage\":\"pt-BR\",\"@id\":\"https:\/\/secure.gravatar.com\/avatar\/e0a867bdedb85fd243eadf09663511f96fc81e0720a4a42581f334ad4303aa6b?s=96&d=mm&r=g\",\"url\":\"https:\/\/secure.gravatar.com\/avatar\/e0a867bdedb85fd243eadf09663511f96fc81e0720a4a42581f334ad4303aa6b?s=96&d=mm&r=g\",\"contentUrl\":\"https:\/\/secure.gravatar.com\/avatar\/e0a867bdedb85fd243eadf09663511f96fc81e0720a4a42581f334ad4303aa6b?s=96&d=mm&r=g\",\"caption\":\"Reda\u00e7\u00e3o\"}}]}<\/script>\n<!-- \/ Yoast SEO plugin. -->","yoast_head_json":{"title":"Austr\u00e1lia cria linha vermelha contra avan\u00e7o chin\u00eas - Notibras","robots":{"index":"index","follow":"follow","max-snippet":"max-snippet:-1","max-image-preview":"max-image-preview:large","max-video-preview":"max-video-preview:-1"},"canonical":"https:\/\/www.notibras.com\/site\/australia-cria-linha-vermelha-contra-avanco-chines\/","og_locale":"pt_BR","og_type":"article","og_title":"Austr\u00e1lia cria linha vermelha contra avan\u00e7o chin\u00eas - Notibras","og_description":"O pacto de seguran\u00e7a China-Ilhas Salom\u00e3o provocou um desconforto significativo entre os EUA e seus aliados do Pac\u00edfico. Uma delega\u00e7\u00e3o dos EUA alertou abertamente o governo das Ilhas Salom\u00e3o, dizendo que qualquer passo para estabelecer uma presen\u00e7a militar permanente de Pequim na na\u00e7\u00e3o do Pac\u00edfico Sul receberia uma forte resposta. Seguindo esse racioc\u00ednio, a Austr\u00e1lia [&hellip;]","og_url":"https:\/\/www.notibras.com\/site\/australia-cria-linha-vermelha-contra-avanco-chines\/","og_site_name":"Notibras","article_publisher":"https:\/\/www.facebook.com\/notibras\/","article_published_time":"2022-04-27T03:06:24+00:00","og_image":[{"width":1920,"height":1080,"url":"https:\/\/www.notibras.com\/site\/wp-content\/uploads\/2022\/04\/austra\u00b4lia.guerra.webp","type":"image\/webp"}],"author":"Reda\u00e7\u00e3o","twitter_card":"summary_large_image","twitter_creator":"@Notibras","twitter_site":"@Notibras","twitter_misc":{"Escrito por":"Reda\u00e7\u00e3o","Est. tempo de leitura":"3 minutos"},"schema":{"@context":"https:\/\/schema.org","@graph":[{"@type":"Article","@id":"https:\/\/www.notibras.com\/site\/australia-cria-linha-vermelha-contra-avanco-chines\/#article","isPartOf":{"@id":"https:\/\/www.notibras.com\/site\/australia-cria-linha-vermelha-contra-avanco-chines\/"},"author":{"name":"Reda\u00e7\u00e3o","@id":"https:\/\/www.notibras.com\/site\/#\/schema\/person\/36ab0979449956132d3e5b517ea76ac8"},"headline":"Austr\u00e1lia cria linha vermelha contra avan\u00e7o chin\u00eas","datePublished":"2022-04-27T03:06:24+00:00","mainEntityOfPage":{"@id":"https:\/\/www.notibras.com\/site\/australia-cria-linha-vermelha-contra-avanco-chines\/"},"wordCount":531,"publisher":{"@id":"https:\/\/www.notibras.com\/site\/#organization"},"image":{"@id":"https:\/\/www.notibras.com\/site\/australia-cria-linha-vermelha-contra-avanco-chines\/#primaryimage"},"thumbnailUrl":"https:\/\/www.notibras.com\/site\/wp-content\/uploads\/2022\/04\/austra\u00b4lia.guerra.webp","keywords":["capa"],"articleSection":["Apocalipse"],"inLanguage":"pt-BR"},{"@type":"WebPage","@id":"https:\/\/www.notibras.com\/site\/australia-cria-linha-vermelha-contra-avanco-chines\/","url":"https:\/\/www.notibras.com\/site\/australia-cria-linha-vermelha-contra-avanco-chines\/","name":"Austr\u00e1lia cria linha vermelha contra avan\u00e7o chin\u00eas - Notibras","isPartOf":{"@id":"https:\/\/www.notibras.com\/site\/#website"},"primaryImageOfPage":{"@id":"https:\/\/www.notibras.com\/site\/australia-cria-linha-vermelha-contra-avanco-chines\/#primaryimage"},"image":{"@id":"https:\/\/www.notibras.com\/site\/australia-cria-linha-vermelha-contra-avanco-chines\/#primaryimage"},"thumbnailUrl":"https:\/\/www.notibras.com\/site\/wp-content\/uploads\/2022\/04\/austra\u00b4lia.guerra.webp","datePublished":"2022-04-27T03:06:24+00:00","breadcrumb":{"@id":"https:\/\/www.notibras.com\/site\/australia-cria-linha-vermelha-contra-avanco-chines\/#breadcrumb"},"inLanguage":"pt-BR","potentialAction":[{"@type":"ReadAction","target":["https:\/\/www.notibras.com\/site\/australia-cria-linha-vermelha-contra-avanco-chines\/"]}]},{"@type":"ImageObject","inLanguage":"pt-BR","@id":"https:\/\/www.notibras.com\/site\/australia-cria-linha-vermelha-contra-avanco-chines\/#primaryimage","url":"https:\/\/www.notibras.com\/site\/wp-content\/uploads\/2022\/04\/austra\u00b4lia.guerra.webp","contentUrl":"https:\/\/www.notibras.com\/site\/wp-content\/uploads\/2022\/04\/austra\u00b4lia.guerra.webp","width":1920,"height":1080},{"@type":"BreadcrumbList","@id":"https:\/\/www.notibras.com\/site\/australia-cria-linha-vermelha-contra-avanco-chines\/#breadcrumb","itemListElement":[{"@type":"ListItem","position":1,"name":"In\u00edcio","item":"https:\/\/www.notibras.com\/site\/"},{"@type":"ListItem","position":2,"name":"Austr\u00e1lia cria linha vermelha contra avan\u00e7o chin\u00eas"}]},{"@type":"WebSite","@id":"https:\/\/www.notibras.com\/site\/#website","url":"https:\/\/www.notibras.com\/site\/","name":"Notibras","description":"Not\u00edcias de Bras\u00edlia, do Brasil e do Mundo","publisher":{"@id":"https:\/\/www.notibras.com\/site\/#organization"},"potentialAction":[{"@type":"SearchAction","target":{"@type":"EntryPoint","urlTemplate":"https:\/\/www.notibras.com\/site\/?s={search_term_string}"},"query-input":{"@type":"PropertyValueSpecification","valueRequired":true,"valueName":"search_term_string"}}],"inLanguage":"pt-BR"},{"@type":"Organization","@id":"https:\/\/www.notibras.com\/site\/#organization","name":"Grupo Notibras de Comunica\u00e7\u00e3o","url":"https:\/\/www.notibras.com\/site\/","logo":{"@type":"ImageObject","inLanguage":"pt-BR","@id":"https:\/\/www.notibras.com\/site\/#\/schema\/logo\/image\/","url":"https:\/\/www.notibras.com\/site\/wp-content\/uploads\/2023\/01\/notibras23.png","contentUrl":"https:\/\/www.notibras.com\/site\/wp-content\/uploads\/2023\/01\/notibras23.png","width":350,"height":87,"caption":"Grupo Notibras de Comunica\u00e7\u00e3o"},"image":{"@id":"https:\/\/www.notibras.com\/site\/#\/schema\/logo\/image\/"},"sameAs":["https:\/\/www.facebook.com\/notibras\/","https:\/\/x.com\/Notibras","https:\/\/www.instagram.com\/notibras\/"]},{"@type":"Person","@id":"https:\/\/www.notibras.com\/site\/#\/schema\/person\/36ab0979449956132d3e5b517ea76ac8","name":"Reda\u00e7\u00e3o","image":{"@type":"ImageObject","inLanguage":"pt-BR","@id":"https:\/\/secure.gravatar.com\/avatar\/e0a867bdedb85fd243eadf09663511f96fc81e0720a4a42581f334ad4303aa6b?s=96&d=mm&r=g","url":"https:\/\/secure.gravatar.com\/avatar\/e0a867bdedb85fd243eadf09663511f96fc81e0720a4a42581f334ad4303aa6b?s=96&d=mm&r=g","contentUrl":"https:\/\/secure.gravatar.com\/avatar\/e0a867bdedb85fd243eadf09663511f96fc81e0720a4a42581f334ad4303aa6b?s=96&d=mm&r=g","caption":"Reda\u00e7\u00e3o"}}]}},"amp_enabled":true,"_links":{"self":[{"href":"https:\/\/www.notibras.com\/site\/wp-json\/wp\/v2\/posts\/284520","targetHints":{"allow":["GET"]}}],"collection":[{"href":"https:\/\/www.notibras.com\/site\/wp-json\/wp\/v2\/posts"}],"about":[{"href":"https:\/\/www.notibras.com\/site\/wp-json\/wp\/v2\/types\/post"}],"author":[{"embeddable":true,"href":"https:\/\/www.notibras.com\/site\/wp-json\/wp\/v2\/users\/2"}],"replies":[{"embeddable":true,"href":"https:\/\/www.notibras.com\/site\/wp-json\/wp\/v2\/comments?post=284520"}],"version-history":[{"count":1,"href":"https:\/\/www.notibras.com\/site\/wp-json\/wp\/v2\/posts\/284520\/revisions"}],"predecessor-version":[{"id":284523,"href":"https:\/\/www.notibras.com\/site\/wp-json\/wp\/v2\/posts\/284520\/revisions\/284523"}],"wp:featuredmedia":[{"embeddable":true,"href":"https:\/\/www.notibras.com\/site\/wp-json\/wp\/v2\/media\/284522"}],"wp:attachment":[{"href":"https:\/\/www.notibras.com\/site\/wp-json\/wp\/v2\/media?parent=284520"}],"wp:term":[{"taxonomy":"category","embeddable":true,"href":"https:\/\/www.notibras.com\/site\/wp-json\/wp\/v2\/categories?post=284520"},{"taxonomy":"post_tag","embeddable":true,"href":"https:\/\/www.notibras.com\/site\/wp-json\/wp\/v2\/tags?post=284520"}],"curies":[{"name":"wp","href":"https:\/\/api.w.org\/{rel}","templated":true}]}}