{"id":28462,"date":"2014-11-16T10:26:43","date_gmt":"2014-11-16T13:26:43","guid":{"rendered":"http:\/\/www.notibras.com\/site\/?p=28462"},"modified":"2014-11-16T18:24:26","modified_gmt":"2014-11-16T21:24:26","slug":"philip-foi-preso-aqui-azar-dele-que-nao-priva-como-baiano-e-vaccari-das-amizades-de-dilma-e-temer","status":"publish","type":"post","link":"https:\/\/www.notibras.com\/site\/philip-foi-preso-aqui-azar-dele-que-nao-priva-como-baiano-e-vaccari-das-amizades-de-dilma-e-temer\/","title":{"rendered":"Philip foi preso aqui. Azar dele, que n\u00e3o priva das amizades de Dilma e Temer"},"content":{"rendered":"<p>O neozeland\u00eas Philip John Smith, fugiu do seu pa\u00eds na semana passada, desembarcou em S\u00e3o Paulo e, menos de 24 horas depois, foi preso no Rio de Janeiro numa opera\u00e7\u00e3o que contou com agentes da Interpol e da Pol\u00edcia Federal. A mesma presteza, por\u00e9m, n\u00e3o se v\u00ea no caso do Petrol\u00e3o. Ningu\u00e9m sabe por onde anda Fernando <em>Baiano<\/em> Soares. E Jo\u00e3o Vaccari, sabe-se l\u00e1 com que costas largas, continua imprimindo extratos de contas banc\u00e1rias sem ser perturbado.<\/p>\n<p>Os tr\u00eas t\u00eam em comum acusa\u00e7\u00f5es pesadas. Ped\u00f3filo-assassino, Philip era tido por foragido na Nova Zel\u00e2ndia. Corrupto, Baiano teve a pris\u00e3o decretada e tamb\u00e9m anda sabe Deus por onde. E Vaccari, tesoureiro do PT, pode ser encontrado nos corredores do Congresso Nacional. Portanto, se for o caso de prender, n\u00e3o h\u00e1 desculpa.<\/p>\n<p>Baiano e Vaccari foram operadores dos dois principais partidos que d\u00e3o sustenta\u00e7\u00e3o parlamentar ao governo brasileiro. Juntos, teriam recebido ao menos R$ 200 milh\u00f5es em propinas na Petrobras para viabilizar contratos com empreiteiras. E a maior parte desse dinheiro foi parar nas m\u00e3os do PT de Dilma Rousseff e do PMDB de Michel Temer.<\/p>\n<p>Detalhes sobre o pagamento de suborno, que seria uma pr\u00e9-condi\u00e7\u00e3o para obter obras na companhia petrol\u00edfera, foram revelados aos investigadores da Opera\u00e7\u00e3o Lava Jato pelos executivos J\u00falio Camargo e Augusto Ribeiro, da Toyo Setal, em troca de eventual redu\u00e7\u00e3o de pena. Nos depoimentos, eles revelam os valores e as empresas usadas para o repasse do dinheiro aos dois investigados.<\/p>\n<blockquote><p>O relato do delator deu base \u00e0 s\u00e9tima fase da Lava Jato, batizada de &#8220;Ju\u00edzo Final&#8221;, deflagrada na sexta-feira 14, quando a c\u00fapula das maiores empreiteiras do Pa\u00eds e o ex-diretor de Servi\u00e7os e Engenharia da Petrobras Renato Duque, indicado pelo PT, foram presos.<\/p><\/blockquote>\n<p>Os fornecedores da Petrobras pagavam aos supostos operadores at\u00e9 3% de propina para conseguir contratos superfaturados, mediante fraude a licita\u00e7\u00f5es. Parte desses recursos seria repassada aos partidos da base aliada do governo.<\/p>\n<p>Fernando Baiano recebeu ao menos US$ 40 milh\u00f5es (R$ 104 milh\u00f5es) para viabilizar o fornecimento de sondas de perfura\u00e7\u00e3o. A negocia\u00e7\u00e3o foi feita com a Diretoria Internacional da Petrobras, sob o comando do ex-diretor Nestor Cerver\u00f3. O lobista teria influ\u00eancia na \u00e1rea. Outros R$ 95 milh\u00f5es teriam sido pagos a Duque e um de seus subordinados na estatal, o ent\u00e3o gerente Pedro Barusco, para que &#8220;arranjassem&#8221; contratos para construtoras em ao menos cinco grandes obras.<\/p>\n<p>Segundo as investiga\u00e7\u00f5es, as propinas eram pagas pelas empresas Treviso, Auguri e Piemonte, de J\u00falio Camargo, contratadas pelas empreiteiras como intermedi\u00e1rias junto \u00e0 Petrobras. Parte da comiss\u00e3o recebida por elas era transferida a Duque e Soares, conforme os depoimentos feitos na dela\u00e7\u00e3o.<\/p>\n<p>\u00c0 for\u00e7a-tarefa encarregada das investiga\u00e7\u00f5es, Camargo disse que o grosso dos pagamentos a Duque foi feito no exterior, em contas indicadas por ele. Uma delas estava em nome da offshore Drenos, mantida no Banco Cramer, na Su\u00ed\u00e7a. Segundo o executivo, tamb\u00e9m foi pago suborno em esp\u00e9cie, no Brasil, por meio de empresas controladas pelo doleiro Alberto Youssef, respons\u00e1vel por lavar dinheiro do esquema.na estatal, envolvendo o engenheiro, &#8220;s\u00e3o decorrentes de falsas dela\u00e7\u00f5es premiadas e, at\u00e9 o momento, sem nenhuma prova&#8221;.<\/p>\n<blockquote><p>As provas est\u00e3o na boca de todo o povo brasileiro. Mas em Baiano e Vaccari, ningu\u00e9m coloca algemas. Crime por crime, s\u00e3o t\u00e3o bandidos quanto Philip. A diferen\u00e7a \u00e9 que o neozeland\u00eas n\u00e3o priva da intimidade de Dilma e Temer.<\/p><\/blockquote>\n","protected":false},"excerpt":{"rendered":"<p>O neozeland\u00eas Philip John Smith, fugiu do seu pa\u00eds na semana passada, desembarcou em S\u00e3o Paulo e, menos de 24 horas depois, foi preso no Rio de Janeiro numa opera\u00e7\u00e3o que contou com agentes da Interpol e da Pol\u00edcia Federal. A mesma presteza, por\u00e9m, n\u00e3o se v\u00ea no caso do Petrol\u00e3o. Ningu\u00e9m sabe por onde [&hellip;]<\/p>\n","protected":false},"author":2,"featured_media":28463,"comment_status":"open","ping_status":"closed","sticky":false,"template":"","format":"standard","meta":{"_acf_changed":false,"footnotes":""},"categories":[16],"tags":[],"class_list":["post-28462","post","type-post","status-publish","format-standard","has-post-thumbnail","hentry","category-brasil"],"acf":[],"yoast_head":"<!-- This site is optimized with the Yoast SEO plugin v27.2 - https:\/\/yoast.com\/product\/yoast-seo-wordpress\/ -->\n<title>Philip foi preso aqui. Azar dele, que n\u00e3o priva das amizades de Dilma e Temer - Notibras<\/title>\n<meta name=\"robots\" content=\"index, follow, max-snippet:-1, max-image-preview:large, max-video-preview:-1\" \/>\n<link rel=\"canonical\" href=\"https:\/\/www.notibras.com\/site\/philip-foi-preso-aqui-azar-dele-que-nao-priva-como-baiano-e-vaccari-das-amizades-de-dilma-e-temer\/\" \/>\n<meta property=\"og:locale\" content=\"pt_BR\" \/>\n<meta property=\"og:type\" content=\"article\" \/>\n<meta property=\"og:title\" content=\"Philip foi preso aqui. Azar dele, que n\u00e3o priva das amizades de Dilma e Temer - Notibras\" \/>\n<meta property=\"og:description\" content=\"O neozeland\u00eas Philip John Smith, fugiu do seu pa\u00eds na semana passada, desembarcou em S\u00e3o Paulo e, menos de 24 horas depois, foi preso no Rio de Janeiro numa opera\u00e7\u00e3o que contou com agentes da Interpol e da Pol\u00edcia Federal. A mesma presteza, por\u00e9m, n\u00e3o se v\u00ea no caso do Petrol\u00e3o. Ningu\u00e9m sabe por onde [&hellip;]\" \/>\n<meta property=\"og:url\" content=\"https:\/\/www.notibras.com\/site\/philip-foi-preso-aqui-azar-dele-que-nao-priva-como-baiano-e-vaccari-das-amizades-de-dilma-e-temer\/\" \/>\n<meta property=\"og:site_name\" content=\"Notibras\" \/>\n<meta property=\"article:publisher\" content=\"https:\/\/www.facebook.com\/notibras\/\" \/>\n<meta property=\"article:published_time\" content=\"2014-11-16T13:26:43+00:00\" \/>\n<meta property=\"article:modified_time\" content=\"2014-11-16T21:24:26+00:00\" \/>\n<meta property=\"og:image\" content=\"https:\/\/www.notibras.com\/site\/wp-content\/uploads\/2014\/11\/dilma-rousseff-michel-temer-Evaristo-S\u00e1-AFP.jpg\" \/>\n\t<meta property=\"og:image:width\" content=\"597\" \/>\n\t<meta property=\"og:image:height\" content=\"336\" \/>\n\t<meta property=\"og:image:type\" content=\"image\/jpeg\" \/>\n<meta name=\"author\" content=\"Reda\u00e7\u00e3o\" \/>\n<meta name=\"twitter:card\" content=\"summary_large_image\" \/>\n<meta name=\"twitter:creator\" content=\"@Notibras\" \/>\n<meta name=\"twitter:site\" content=\"@Notibras\" \/>\n<meta name=\"twitter:label1\" content=\"Escrito por\" \/>\n\t<meta name=\"twitter:data1\" content=\"Reda\u00e7\u00e3o\" \/>\n\t<meta name=\"twitter:label2\" content=\"Est. tempo de leitura\" \/>\n\t<meta name=\"twitter:data2\" content=\"3 minutos\" \/>\n<script type=\"application\/ld+json\" class=\"yoast-schema-graph\">{\"@context\":\"https:\/\/schema.org\",\"@graph\":[{\"@type\":\"Article\",\"@id\":\"https:\/\/www.notibras.com\/site\/philip-foi-preso-aqui-azar-dele-que-nao-priva-como-baiano-e-vaccari-das-amizades-de-dilma-e-temer\/#article\",\"isPartOf\":{\"@id\":\"https:\/\/www.notibras.com\/site\/philip-foi-preso-aqui-azar-dele-que-nao-priva-como-baiano-e-vaccari-das-amizades-de-dilma-e-temer\/\"},\"author\":{\"name\":\"Reda\u00e7\u00e3o\",\"@id\":\"https:\/\/www.notibras.com\/site\/#\/schema\/person\/36ab0979449956132d3e5b517ea76ac8\"},\"headline\":\"Philip foi preso aqui. Azar dele, que n\u00e3o priva das amizades de Dilma e Temer\",\"datePublished\":\"2014-11-16T13:26:43+00:00\",\"dateModified\":\"2014-11-16T21:24:26+00:00\",\"mainEntityOfPage\":{\"@id\":\"https:\/\/www.notibras.com\/site\/philip-foi-preso-aqui-azar-dele-que-nao-priva-como-baiano-e-vaccari-das-amizades-de-dilma-e-temer\/\"},\"wordCount\":623,\"commentCount\":0,\"publisher\":{\"@id\":\"https:\/\/www.notibras.com\/site\/#organization\"},\"image\":{\"@id\":\"https:\/\/www.notibras.com\/site\/philip-foi-preso-aqui-azar-dele-que-nao-priva-como-baiano-e-vaccari-das-amizades-de-dilma-e-temer\/#primaryimage\"},\"thumbnailUrl\":\"https:\/\/www.notibras.com\/site\/wp-content\/uploads\/2014\/11\/dilma-rousseff-michel-temer-Evaristo-S\u00e1-AFP.jpg\",\"articleSection\":[\"Brasil\"],\"inLanguage\":\"pt-BR\",\"potentialAction\":[{\"@type\":\"CommentAction\",\"name\":\"Comment\",\"target\":[\"https:\/\/www.notibras.com\/site\/philip-foi-preso-aqui-azar-dele-que-nao-priva-como-baiano-e-vaccari-das-amizades-de-dilma-e-temer\/#respond\"]}]},{\"@type\":\"WebPage\",\"@id\":\"https:\/\/www.notibras.com\/site\/philip-foi-preso-aqui-azar-dele-que-nao-priva-como-baiano-e-vaccari-das-amizades-de-dilma-e-temer\/\",\"url\":\"https:\/\/www.notibras.com\/site\/philip-foi-preso-aqui-azar-dele-que-nao-priva-como-baiano-e-vaccari-das-amizades-de-dilma-e-temer\/\",\"name\":\"Philip foi preso aqui. Azar dele, que n\u00e3o priva das amizades de Dilma e Temer - Notibras\",\"isPartOf\":{\"@id\":\"https:\/\/www.notibras.com\/site\/#website\"},\"primaryImageOfPage\":{\"@id\":\"https:\/\/www.notibras.com\/site\/philip-foi-preso-aqui-azar-dele-que-nao-priva-como-baiano-e-vaccari-das-amizades-de-dilma-e-temer\/#primaryimage\"},\"image\":{\"@id\":\"https:\/\/www.notibras.com\/site\/philip-foi-preso-aqui-azar-dele-que-nao-priva-como-baiano-e-vaccari-das-amizades-de-dilma-e-temer\/#primaryimage\"},\"thumbnailUrl\":\"https:\/\/www.notibras.com\/site\/wp-content\/uploads\/2014\/11\/dilma-rousseff-michel-temer-Evaristo-S\u00e1-AFP.jpg\",\"datePublished\":\"2014-11-16T13:26:43+00:00\",\"dateModified\":\"2014-11-16T21:24:26+00:00\",\"breadcrumb\":{\"@id\":\"https:\/\/www.notibras.com\/site\/philip-foi-preso-aqui-azar-dele-que-nao-priva-como-baiano-e-vaccari-das-amizades-de-dilma-e-temer\/#breadcrumb\"},\"inLanguage\":\"pt-BR\",\"potentialAction\":[{\"@type\":\"ReadAction\",\"target\":[\"https:\/\/www.notibras.com\/site\/philip-foi-preso-aqui-azar-dele-que-nao-priva-como-baiano-e-vaccari-das-amizades-de-dilma-e-temer\/\"]}]},{\"@type\":\"ImageObject\",\"inLanguage\":\"pt-BR\",\"@id\":\"https:\/\/www.notibras.com\/site\/philip-foi-preso-aqui-azar-dele-que-nao-priva-como-baiano-e-vaccari-das-amizades-de-dilma-e-temer\/#primaryimage\",\"url\":\"https:\/\/www.notibras.com\/site\/wp-content\/uploads\/2014\/11\/dilma-rousseff-michel-temer-Evaristo-S\u00e1-AFP.jpg\",\"contentUrl\":\"https:\/\/www.notibras.com\/site\/wp-content\/uploads\/2014\/11\/dilma-rousseff-michel-temer-Evaristo-S\u00e1-AFP.jpg\",\"width\":597,\"height\":336},{\"@type\":\"BreadcrumbList\",\"@id\":\"https:\/\/www.notibras.com\/site\/philip-foi-preso-aqui-azar-dele-que-nao-priva-como-baiano-e-vaccari-das-amizades-de-dilma-e-temer\/#breadcrumb\",\"itemListElement\":[{\"@type\":\"ListItem\",\"position\":1,\"name\":\"In\u00edcio\",\"item\":\"https:\/\/www.notibras.com\/site\/\"},{\"@type\":\"ListItem\",\"position\":2,\"name\":\"Philip foi preso aqui. Azar dele, que n\u00e3o priva das amizades de Dilma e Temer\"}]},{\"@type\":\"WebSite\",\"@id\":\"https:\/\/www.notibras.com\/site\/#website\",\"url\":\"https:\/\/www.notibras.com\/site\/\",\"name\":\"Notibras\",\"description\":\"Not\u00edcias de Bras\u00edlia, do Brasil e do Mundo\",\"publisher\":{\"@id\":\"https:\/\/www.notibras.com\/site\/#organization\"},\"potentialAction\":[{\"@type\":\"SearchAction\",\"target\":{\"@type\":\"EntryPoint\",\"urlTemplate\":\"https:\/\/www.notibras.com\/site\/?s={search_term_string}\"},\"query-input\":{\"@type\":\"PropertyValueSpecification\",\"valueRequired\":true,\"valueName\":\"search_term_string\"}}],\"inLanguage\":\"pt-BR\"},{\"@type\":\"Organization\",\"@id\":\"https:\/\/www.notibras.com\/site\/#organization\",\"name\":\"Grupo Notibras de Comunica\u00e7\u00e3o\",\"url\":\"https:\/\/www.notibras.com\/site\/\",\"logo\":{\"@type\":\"ImageObject\",\"inLanguage\":\"pt-BR\",\"@id\":\"https:\/\/www.notibras.com\/site\/#\/schema\/logo\/image\/\",\"url\":\"https:\/\/www.notibras.com\/site\/wp-content\/uploads\/2023\/01\/notibras23.png\",\"contentUrl\":\"https:\/\/www.notibras.com\/site\/wp-content\/uploads\/2023\/01\/notibras23.png\",\"width\":350,\"height\":87,\"caption\":\"Grupo Notibras de Comunica\u00e7\u00e3o\"},\"image\":{\"@id\":\"https:\/\/www.notibras.com\/site\/#\/schema\/logo\/image\/\"},\"sameAs\":[\"https:\/\/www.facebook.com\/notibras\/\",\"https:\/\/x.com\/Notibras\",\"https:\/\/www.instagram.com\/notibras\/\"]},{\"@type\":\"Person\",\"@id\":\"https:\/\/www.notibras.com\/site\/#\/schema\/person\/36ab0979449956132d3e5b517ea76ac8\",\"name\":\"Reda\u00e7\u00e3o\",\"image\":{\"@type\":\"ImageObject\",\"inLanguage\":\"pt-BR\",\"@id\":\"https:\/\/secure.gravatar.com\/avatar\/e0a867bdedb85fd243eadf09663511f96fc81e0720a4a42581f334ad4303aa6b?s=96&d=mm&r=g\",\"url\":\"https:\/\/secure.gravatar.com\/avatar\/e0a867bdedb85fd243eadf09663511f96fc81e0720a4a42581f334ad4303aa6b?s=96&d=mm&r=g\",\"contentUrl\":\"https:\/\/secure.gravatar.com\/avatar\/e0a867bdedb85fd243eadf09663511f96fc81e0720a4a42581f334ad4303aa6b?s=96&d=mm&r=g\",\"caption\":\"Reda\u00e7\u00e3o\"}}]}<\/script>\n<!-- \/ Yoast SEO plugin. -->","yoast_head_json":{"title":"Philip foi preso aqui. Azar dele, que n\u00e3o priva das amizades de Dilma e Temer - Notibras","robots":{"index":"index","follow":"follow","max-snippet":"max-snippet:-1","max-image-preview":"max-image-preview:large","max-video-preview":"max-video-preview:-1"},"canonical":"https:\/\/www.notibras.com\/site\/philip-foi-preso-aqui-azar-dele-que-nao-priva-como-baiano-e-vaccari-das-amizades-de-dilma-e-temer\/","og_locale":"pt_BR","og_type":"article","og_title":"Philip foi preso aqui. Azar dele, que n\u00e3o priva das amizades de Dilma e Temer - Notibras","og_description":"O neozeland\u00eas Philip John Smith, fugiu do seu pa\u00eds na semana passada, desembarcou em S\u00e3o Paulo e, menos de 24 horas depois, foi preso no Rio de Janeiro numa opera\u00e7\u00e3o que contou com agentes da Interpol e da Pol\u00edcia Federal. A mesma presteza, por\u00e9m, n\u00e3o se v\u00ea no caso do Petrol\u00e3o. Ningu\u00e9m sabe por onde [&hellip;]","og_url":"https:\/\/www.notibras.com\/site\/philip-foi-preso-aqui-azar-dele-que-nao-priva-como-baiano-e-vaccari-das-amizades-de-dilma-e-temer\/","og_site_name":"Notibras","article_publisher":"https:\/\/www.facebook.com\/notibras\/","article_published_time":"2014-11-16T13:26:43+00:00","article_modified_time":"2014-11-16T21:24:26+00:00","og_image":[{"width":597,"height":336,"url":"https:\/\/www.notibras.com\/site\/wp-content\/uploads\/2014\/11\/dilma-rousseff-michel-temer-Evaristo-S\u00e1-AFP.jpg","type":"image\/jpeg"}],"author":"Reda\u00e7\u00e3o","twitter_card":"summary_large_image","twitter_creator":"@Notibras","twitter_site":"@Notibras","twitter_misc":{"Escrito por":"Reda\u00e7\u00e3o","Est. tempo de leitura":"3 minutos"},"schema":{"@context":"https:\/\/schema.org","@graph":[{"@type":"Article","@id":"https:\/\/www.notibras.com\/site\/philip-foi-preso-aqui-azar-dele-que-nao-priva-como-baiano-e-vaccari-das-amizades-de-dilma-e-temer\/#article","isPartOf":{"@id":"https:\/\/www.notibras.com\/site\/philip-foi-preso-aqui-azar-dele-que-nao-priva-como-baiano-e-vaccari-das-amizades-de-dilma-e-temer\/"},"author":{"name":"Reda\u00e7\u00e3o","@id":"https:\/\/www.notibras.com\/site\/#\/schema\/person\/36ab0979449956132d3e5b517ea76ac8"},"headline":"Philip foi preso aqui. Azar dele, que n\u00e3o priva das amizades de Dilma e Temer","datePublished":"2014-11-16T13:26:43+00:00","dateModified":"2014-11-16T21:24:26+00:00","mainEntityOfPage":{"@id":"https:\/\/www.notibras.com\/site\/philip-foi-preso-aqui-azar-dele-que-nao-priva-como-baiano-e-vaccari-das-amizades-de-dilma-e-temer\/"},"wordCount":623,"commentCount":0,"publisher":{"@id":"https:\/\/www.notibras.com\/site\/#organization"},"image":{"@id":"https:\/\/www.notibras.com\/site\/philip-foi-preso-aqui-azar-dele-que-nao-priva-como-baiano-e-vaccari-das-amizades-de-dilma-e-temer\/#primaryimage"},"thumbnailUrl":"https:\/\/www.notibras.com\/site\/wp-content\/uploads\/2014\/11\/dilma-rousseff-michel-temer-Evaristo-S\u00e1-AFP.jpg","articleSection":["Brasil"],"inLanguage":"pt-BR","potentialAction":[{"@type":"CommentAction","name":"Comment","target":["https:\/\/www.notibras.com\/site\/philip-foi-preso-aqui-azar-dele-que-nao-priva-como-baiano-e-vaccari-das-amizades-de-dilma-e-temer\/#respond"]}]},{"@type":"WebPage","@id":"https:\/\/www.notibras.com\/site\/philip-foi-preso-aqui-azar-dele-que-nao-priva-como-baiano-e-vaccari-das-amizades-de-dilma-e-temer\/","url":"https:\/\/www.notibras.com\/site\/philip-foi-preso-aqui-azar-dele-que-nao-priva-como-baiano-e-vaccari-das-amizades-de-dilma-e-temer\/","name":"Philip foi preso aqui. Azar dele, que n\u00e3o priva das amizades de Dilma e Temer - Notibras","isPartOf":{"@id":"https:\/\/www.notibras.com\/site\/#website"},"primaryImageOfPage":{"@id":"https:\/\/www.notibras.com\/site\/philip-foi-preso-aqui-azar-dele-que-nao-priva-como-baiano-e-vaccari-das-amizades-de-dilma-e-temer\/#primaryimage"},"image":{"@id":"https:\/\/www.notibras.com\/site\/philip-foi-preso-aqui-azar-dele-que-nao-priva-como-baiano-e-vaccari-das-amizades-de-dilma-e-temer\/#primaryimage"},"thumbnailUrl":"https:\/\/www.notibras.com\/site\/wp-content\/uploads\/2014\/11\/dilma-rousseff-michel-temer-Evaristo-S\u00e1-AFP.jpg","datePublished":"2014-11-16T13:26:43+00:00","dateModified":"2014-11-16T21:24:26+00:00","breadcrumb":{"@id":"https:\/\/www.notibras.com\/site\/philip-foi-preso-aqui-azar-dele-que-nao-priva-como-baiano-e-vaccari-das-amizades-de-dilma-e-temer\/#breadcrumb"},"inLanguage":"pt-BR","potentialAction":[{"@type":"ReadAction","target":["https:\/\/www.notibras.com\/site\/philip-foi-preso-aqui-azar-dele-que-nao-priva-como-baiano-e-vaccari-das-amizades-de-dilma-e-temer\/"]}]},{"@type":"ImageObject","inLanguage":"pt-BR","@id":"https:\/\/www.notibras.com\/site\/philip-foi-preso-aqui-azar-dele-que-nao-priva-como-baiano-e-vaccari-das-amizades-de-dilma-e-temer\/#primaryimage","url":"https:\/\/www.notibras.com\/site\/wp-content\/uploads\/2014\/11\/dilma-rousseff-michel-temer-Evaristo-S\u00e1-AFP.jpg","contentUrl":"https:\/\/www.notibras.com\/site\/wp-content\/uploads\/2014\/11\/dilma-rousseff-michel-temer-Evaristo-S\u00e1-AFP.jpg","width":597,"height":336},{"@type":"BreadcrumbList","@id":"https:\/\/www.notibras.com\/site\/philip-foi-preso-aqui-azar-dele-que-nao-priva-como-baiano-e-vaccari-das-amizades-de-dilma-e-temer\/#breadcrumb","itemListElement":[{"@type":"ListItem","position":1,"name":"In\u00edcio","item":"https:\/\/www.notibras.com\/site\/"},{"@type":"ListItem","position":2,"name":"Philip foi preso aqui. Azar dele, que n\u00e3o priva das amizades de Dilma e Temer"}]},{"@type":"WebSite","@id":"https:\/\/www.notibras.com\/site\/#website","url":"https:\/\/www.notibras.com\/site\/","name":"Notibras","description":"Not\u00edcias de Bras\u00edlia, do Brasil e do Mundo","publisher":{"@id":"https:\/\/www.notibras.com\/site\/#organization"},"potentialAction":[{"@type":"SearchAction","target":{"@type":"EntryPoint","urlTemplate":"https:\/\/www.notibras.com\/site\/?s={search_term_string}"},"query-input":{"@type":"PropertyValueSpecification","valueRequired":true,"valueName":"search_term_string"}}],"inLanguage":"pt-BR"},{"@type":"Organization","@id":"https:\/\/www.notibras.com\/site\/#organization","name":"Grupo Notibras de Comunica\u00e7\u00e3o","url":"https:\/\/www.notibras.com\/site\/","logo":{"@type":"ImageObject","inLanguage":"pt-BR","@id":"https:\/\/www.notibras.com\/site\/#\/schema\/logo\/image\/","url":"https:\/\/www.notibras.com\/site\/wp-content\/uploads\/2023\/01\/notibras23.png","contentUrl":"https:\/\/www.notibras.com\/site\/wp-content\/uploads\/2023\/01\/notibras23.png","width":350,"height":87,"caption":"Grupo Notibras de Comunica\u00e7\u00e3o"},"image":{"@id":"https:\/\/www.notibras.com\/site\/#\/schema\/logo\/image\/"},"sameAs":["https:\/\/www.facebook.com\/notibras\/","https:\/\/x.com\/Notibras","https:\/\/www.instagram.com\/notibras\/"]},{"@type":"Person","@id":"https:\/\/www.notibras.com\/site\/#\/schema\/person\/36ab0979449956132d3e5b517ea76ac8","name":"Reda\u00e7\u00e3o","image":{"@type":"ImageObject","inLanguage":"pt-BR","@id":"https:\/\/secure.gravatar.com\/avatar\/e0a867bdedb85fd243eadf09663511f96fc81e0720a4a42581f334ad4303aa6b?s=96&d=mm&r=g","url":"https:\/\/secure.gravatar.com\/avatar\/e0a867bdedb85fd243eadf09663511f96fc81e0720a4a42581f334ad4303aa6b?s=96&d=mm&r=g","contentUrl":"https:\/\/secure.gravatar.com\/avatar\/e0a867bdedb85fd243eadf09663511f96fc81e0720a4a42581f334ad4303aa6b?s=96&d=mm&r=g","caption":"Reda\u00e7\u00e3o"}}]}},"amp_enabled":true,"_links":{"self":[{"href":"https:\/\/www.notibras.com\/site\/wp-json\/wp\/v2\/posts\/28462","targetHints":{"allow":["GET"]}}],"collection":[{"href":"https:\/\/www.notibras.com\/site\/wp-json\/wp\/v2\/posts"}],"about":[{"href":"https:\/\/www.notibras.com\/site\/wp-json\/wp\/v2\/types\/post"}],"author":[{"embeddable":true,"href":"https:\/\/www.notibras.com\/site\/wp-json\/wp\/v2\/users\/2"}],"replies":[{"embeddable":true,"href":"https:\/\/www.notibras.com\/site\/wp-json\/wp\/v2\/comments?post=28462"}],"version-history":[{"count":0,"href":"https:\/\/www.notibras.com\/site\/wp-json\/wp\/v2\/posts\/28462\/revisions"}],"wp:featuredmedia":[{"embeddable":true,"href":"https:\/\/www.notibras.com\/site\/wp-json\/wp\/v2\/media\/28463"}],"wp:attachment":[{"href":"https:\/\/www.notibras.com\/site\/wp-json\/wp\/v2\/media?parent=28462"}],"wp:term":[{"taxonomy":"category","embeddable":true,"href":"https:\/\/www.notibras.com\/site\/wp-json\/wp\/v2\/categories?post=28462"},{"taxonomy":"post_tag","embeddable":true,"href":"https:\/\/www.notibras.com\/site\/wp-json\/wp\/v2\/tags?post=28462"}],"curies":[{"name":"wp","href":"https:\/\/api.w.org\/{rel}","templated":true}]}}