{"id":284718,"date":"2022-04-29T12:59:57","date_gmt":"2022-04-29T15:59:57","guid":{"rendered":"https:\/\/www.notibras.com\/site\/?p=284718"},"modified":"2022-04-29T14:26:30","modified_gmt":"2022-04-29T17:26:30","slug":"cacas-russos-atacam-e-destroem-fabrica-de-misseis-em-kiev","status":"publish","type":"post","link":"https:\/\/www.notibras.com\/site\/cacas-russos-atacam-e-destroem-fabrica-de-misseis-em-kiev\/","title":{"rendered":"Ca\u00e7as russos atacam e destroem f\u00e1brica de m\u00edsseis em Kiev"},"content":{"rendered":"<p>Avi\u00f5es de combate russos atingiram a f\u00e1brica de foguetes e tecnologia espacial Artem em Kiev, disse nesta sexyta, 29, o representante oficial do Minist\u00e9rio da Defesa, major-general Igor Konashenkov. &#8220;As armas a\u00e9reas de alta precis\u00e3o e longo alcance das For\u00e7as Aeroespaciais Russas destru\u00edram os edif\u00edcios de produ\u00e7\u00e3o da empresa de foguetes Artem e da ind\u00fastria espacial em Kiev&#8221;, afirmou Konashenkov.<\/p>\n<p>Os militares russos tamb\u00e9m atingiram tr\u00eas subesta\u00e7\u00f5es el\u00e9tricas nas \u00e1reas dos entroncamentos ferrovi\u00e1rios nas cidades de Fastiv, Krasnosilka e Polonne com m\u00edsseis de cruzeiro Kalibr de alta precis\u00e3o, acrescentou o porta-voz. Ele tamb\u00e9m observou que m\u00edsseis de alta precis\u00e3o foram usados \u200b\u200bpara destruir 10 objetivos militares em toda a Ucr\u00e2nia, incluindo um dep\u00f3sito de armas perto do assentamento de Ilyichevka.<\/p>\n<p>A R\u00fassia lan\u00e7ou sua opera\u00e7\u00e3o militar especial na Ucr\u00e2nia em 24 de fevereiro, em meio \u00e0 intensifica\u00e7\u00e3o dos ataques ao Donbass, perpetrados pelas for\u00e7as de Kiev, que levaram \u00e0 evacua\u00e7\u00e3o em massa de civis para a R\u00fassia.<\/p>\n<p>O presidente Vladimir Putin enfatizou que a opera\u00e7\u00e3o foi iniciada para p\u00f4r fim ao genoc\u00eddio do povo Donbass, j\u00e1 que milhares foram mortos e muitos outros ficaram feridos ou for\u00e7as para deixar suas casas em meio a uma guerra de oito anos, travada pela Ucr\u00e2nia contra os separatistas em Donetsk e Lugansk. O presidente tamb\u00e9m observou que o objetivo de Moscou \u00e9 a desmilitariza\u00e7\u00e3o e desnazifica\u00e7\u00e3o da Ucr\u00e2nia.<\/p>\n","protected":false},"excerpt":{"rendered":"<p>Avi\u00f5es de combate russos atingiram a f\u00e1brica de foguetes e tecnologia espacial Artem em Kiev, disse nesta sexyta, 29, o representante oficial do Minist\u00e9rio da Defesa, major-general Igor Konashenkov. &#8220;As armas a\u00e9reas de alta precis\u00e3o e longo alcance das For\u00e7as Aeroespaciais Russas destru\u00edram os edif\u00edcios de produ\u00e7\u00e3o da empresa de foguetes Artem e da ind\u00fastria [&hellip;]<\/p>\n","protected":false},"author":2,"featured_media":284719,"comment_status":"closed","ping_status":"closed","sticky":false,"template":"","format":"standard","meta":{"_acf_changed":false,"footnotes":""},"categories":[159],"tags":[95],"class_list":["post-284718","post","type-post","status-publish","format-standard","has-post-thumbnail","hentry","category-apocalipse","tag-capa"],"acf":[],"yoast_head":"<!-- This site is optimized with the Yoast SEO plugin v27.2 - https:\/\/yoast.com\/product\/yoast-seo-wordpress\/ -->\n<title>Ca\u00e7as russos atacam e destroem f\u00e1brica de m\u00edsseis em Kiev - Notibras<\/title>\n<meta name=\"robots\" content=\"index, follow, max-snippet:-1, max-image-preview:large, max-video-preview:-1\" \/>\n<link rel=\"canonical\" href=\"https:\/\/www.notibras.com\/site\/cacas-russos-atacam-e-destroem-fabrica-de-misseis-em-kiev\/\" \/>\n<meta property=\"og:locale\" content=\"pt_BR\" \/>\n<meta property=\"og:type\" content=\"article\" \/>\n<meta property=\"og:title\" content=\"Ca\u00e7as russos atacam e destroem f\u00e1brica de m\u00edsseis em Kiev - Notibras\" \/>\n<meta property=\"og:description\" content=\"Avi\u00f5es de combate russos atingiram a f\u00e1brica de foguetes e tecnologia espacial Artem em Kiev, disse nesta sexyta, 29, o representante oficial do Minist\u00e9rio da Defesa, major-general Igor Konashenkov. &#8220;As armas a\u00e9reas de alta precis\u00e3o e longo alcance das For\u00e7as Aeroespaciais Russas destru\u00edram os edif\u00edcios de produ\u00e7\u00e3o da empresa de foguetes Artem e da ind\u00fastria [&hellip;]\" \/>\n<meta property=\"og:url\" content=\"https:\/\/www.notibras.com\/site\/cacas-russos-atacam-e-destroem-fabrica-de-misseis-em-kiev\/\" \/>\n<meta property=\"og:site_name\" content=\"Notibras\" \/>\n<meta property=\"article:publisher\" content=\"https:\/\/www.facebook.com\/notibras\/\" \/>\n<meta property=\"article:published_time\" content=\"2022-04-29T15:59:57+00:00\" \/>\n<meta property=\"article:modified_time\" content=\"2022-04-29T17:26:30+00:00\" \/>\n<meta property=\"og:image\" content=\"https:\/\/www.notibras.com\/site\/wp-content\/uploads\/2022\/04\/pavel-kolovkin.webp\" \/>\n\t<meta property=\"og:image:width\" content=\"1920\" \/>\n\t<meta property=\"og:image:height\" content=\"1080\" \/>\n\t<meta property=\"og:image:type\" content=\"image\/webp\" \/>\n<meta name=\"author\" content=\"Reda\u00e7\u00e3o\" \/>\n<meta name=\"twitter:card\" content=\"summary_large_image\" \/>\n<meta name=\"twitter:creator\" content=\"@Notibras\" \/>\n<meta name=\"twitter:site\" content=\"@Notibras\" \/>\n<meta name=\"twitter:label1\" content=\"Escrito por\" \/>\n\t<meta name=\"twitter:data1\" content=\"Reda\u00e7\u00e3o\" \/>\n\t<meta name=\"twitter:label2\" content=\"Est. tempo de leitura\" \/>\n\t<meta name=\"twitter:data2\" content=\"2 minutos\" \/>\n<script type=\"application\/ld+json\" class=\"yoast-schema-graph\">{\"@context\":\"https:\/\/schema.org\",\"@graph\":[{\"@type\":\"Article\",\"@id\":\"https:\/\/www.notibras.com\/site\/cacas-russos-atacam-e-destroem-fabrica-de-misseis-em-kiev\/#article\",\"isPartOf\":{\"@id\":\"https:\/\/www.notibras.com\/site\/cacas-russos-atacam-e-destroem-fabrica-de-misseis-em-kiev\/\"},\"author\":{\"name\":\"Reda\u00e7\u00e3o\",\"@id\":\"https:\/\/www.notibras.com\/site\/#\/schema\/person\/36ab0979449956132d3e5b517ea76ac8\"},\"headline\":\"Ca\u00e7as russos atacam e destroem f\u00e1brica de m\u00edsseis em Kiev\",\"datePublished\":\"2022-04-29T15:59:57+00:00\",\"dateModified\":\"2022-04-29T17:26:30+00:00\",\"mainEntityOfPage\":{\"@id\":\"https:\/\/www.notibras.com\/site\/cacas-russos-atacam-e-destroem-fabrica-de-misseis-em-kiev\/\"},\"wordCount\":271,\"publisher\":{\"@id\":\"https:\/\/www.notibras.com\/site\/#organization\"},\"image\":{\"@id\":\"https:\/\/www.notibras.com\/site\/cacas-russos-atacam-e-destroem-fabrica-de-misseis-em-kiev\/#primaryimage\"},\"thumbnailUrl\":\"https:\/\/www.notibras.com\/site\/wp-content\/uploads\/2022\/04\/pavel-kolovkin.webp\",\"keywords\":[\"capa\"],\"articleSection\":[\"Apocalipse\"],\"inLanguage\":\"pt-BR\"},{\"@type\":\"WebPage\",\"@id\":\"https:\/\/www.notibras.com\/site\/cacas-russos-atacam-e-destroem-fabrica-de-misseis-em-kiev\/\",\"url\":\"https:\/\/www.notibras.com\/site\/cacas-russos-atacam-e-destroem-fabrica-de-misseis-em-kiev\/\",\"name\":\"Ca\u00e7as russos atacam e destroem f\u00e1brica de m\u00edsseis em Kiev - Notibras\",\"isPartOf\":{\"@id\":\"https:\/\/www.notibras.com\/site\/#website\"},\"primaryImageOfPage\":{\"@id\":\"https:\/\/www.notibras.com\/site\/cacas-russos-atacam-e-destroem-fabrica-de-misseis-em-kiev\/#primaryimage\"},\"image\":{\"@id\":\"https:\/\/www.notibras.com\/site\/cacas-russos-atacam-e-destroem-fabrica-de-misseis-em-kiev\/#primaryimage\"},\"thumbnailUrl\":\"https:\/\/www.notibras.com\/site\/wp-content\/uploads\/2022\/04\/pavel-kolovkin.webp\",\"datePublished\":\"2022-04-29T15:59:57+00:00\",\"dateModified\":\"2022-04-29T17:26:30+00:00\",\"breadcrumb\":{\"@id\":\"https:\/\/www.notibras.com\/site\/cacas-russos-atacam-e-destroem-fabrica-de-misseis-em-kiev\/#breadcrumb\"},\"inLanguage\":\"pt-BR\",\"potentialAction\":[{\"@type\":\"ReadAction\",\"target\":[\"https:\/\/www.notibras.com\/site\/cacas-russos-atacam-e-destroem-fabrica-de-misseis-em-kiev\/\"]}]},{\"@type\":\"ImageObject\",\"inLanguage\":\"pt-BR\",\"@id\":\"https:\/\/www.notibras.com\/site\/cacas-russos-atacam-e-destroem-fabrica-de-misseis-em-kiev\/#primaryimage\",\"url\":\"https:\/\/www.notibras.com\/site\/wp-content\/uploads\/2022\/04\/pavel-kolovkin.webp\",\"contentUrl\":\"https:\/\/www.notibras.com\/site\/wp-content\/uploads\/2022\/04\/pavel-kolovkin.webp\",\"width\":1920,\"height\":1080},{\"@type\":\"BreadcrumbList\",\"@id\":\"https:\/\/www.notibras.com\/site\/cacas-russos-atacam-e-destroem-fabrica-de-misseis-em-kiev\/#breadcrumb\",\"itemListElement\":[{\"@type\":\"ListItem\",\"position\":1,\"name\":\"In\u00edcio\",\"item\":\"https:\/\/www.notibras.com\/site\/\"},{\"@type\":\"ListItem\",\"position\":2,\"name\":\"Ca\u00e7as russos atacam e destroem f\u00e1brica de m\u00edsseis em Kiev\"}]},{\"@type\":\"WebSite\",\"@id\":\"https:\/\/www.notibras.com\/site\/#website\",\"url\":\"https:\/\/www.notibras.com\/site\/\",\"name\":\"Notibras\",\"description\":\"Not\u00edcias de Bras\u00edlia, do Brasil e do Mundo\",\"publisher\":{\"@id\":\"https:\/\/www.notibras.com\/site\/#organization\"},\"potentialAction\":[{\"@type\":\"SearchAction\",\"target\":{\"@type\":\"EntryPoint\",\"urlTemplate\":\"https:\/\/www.notibras.com\/site\/?s={search_term_string}\"},\"query-input\":{\"@type\":\"PropertyValueSpecification\",\"valueRequired\":true,\"valueName\":\"search_term_string\"}}],\"inLanguage\":\"pt-BR\"},{\"@type\":\"Organization\",\"@id\":\"https:\/\/www.notibras.com\/site\/#organization\",\"name\":\"Grupo Notibras de Comunica\u00e7\u00e3o\",\"url\":\"https:\/\/www.notibras.com\/site\/\",\"logo\":{\"@type\":\"ImageObject\",\"inLanguage\":\"pt-BR\",\"@id\":\"https:\/\/www.notibras.com\/site\/#\/schema\/logo\/image\/\",\"url\":\"https:\/\/www.notibras.com\/site\/wp-content\/uploads\/2023\/01\/notibras23.png\",\"contentUrl\":\"https:\/\/www.notibras.com\/site\/wp-content\/uploads\/2023\/01\/notibras23.png\",\"width\":350,\"height\":87,\"caption\":\"Grupo Notibras de Comunica\u00e7\u00e3o\"},\"image\":{\"@id\":\"https:\/\/www.notibras.com\/site\/#\/schema\/logo\/image\/\"},\"sameAs\":[\"https:\/\/www.facebook.com\/notibras\/\",\"https:\/\/x.com\/Notibras\",\"https:\/\/www.instagram.com\/notibras\/\"]},{\"@type\":\"Person\",\"@id\":\"https:\/\/www.notibras.com\/site\/#\/schema\/person\/36ab0979449956132d3e5b517ea76ac8\",\"name\":\"Reda\u00e7\u00e3o\",\"image\":{\"@type\":\"ImageObject\",\"inLanguage\":\"pt-BR\",\"@id\":\"https:\/\/secure.gravatar.com\/avatar\/e0a867bdedb85fd243eadf09663511f96fc81e0720a4a42581f334ad4303aa6b?s=96&d=mm&r=g\",\"url\":\"https:\/\/secure.gravatar.com\/avatar\/e0a867bdedb85fd243eadf09663511f96fc81e0720a4a42581f334ad4303aa6b?s=96&d=mm&r=g\",\"contentUrl\":\"https:\/\/secure.gravatar.com\/avatar\/e0a867bdedb85fd243eadf09663511f96fc81e0720a4a42581f334ad4303aa6b?s=96&d=mm&r=g\",\"caption\":\"Reda\u00e7\u00e3o\"}}]}<\/script>\n<!-- \/ Yoast SEO plugin. -->","yoast_head_json":{"title":"Ca\u00e7as russos atacam e destroem f\u00e1brica de m\u00edsseis em Kiev - Notibras","robots":{"index":"index","follow":"follow","max-snippet":"max-snippet:-1","max-image-preview":"max-image-preview:large","max-video-preview":"max-video-preview:-1"},"canonical":"https:\/\/www.notibras.com\/site\/cacas-russos-atacam-e-destroem-fabrica-de-misseis-em-kiev\/","og_locale":"pt_BR","og_type":"article","og_title":"Ca\u00e7as russos atacam e destroem f\u00e1brica de m\u00edsseis em Kiev - Notibras","og_description":"Avi\u00f5es de combate russos atingiram a f\u00e1brica de foguetes e tecnologia espacial Artem em Kiev, disse nesta sexyta, 29, o representante oficial do Minist\u00e9rio da Defesa, major-general Igor Konashenkov. &#8220;As armas a\u00e9reas de alta precis\u00e3o e longo alcance das For\u00e7as Aeroespaciais Russas destru\u00edram os edif\u00edcios de produ\u00e7\u00e3o da empresa de foguetes Artem e da ind\u00fastria [&hellip;]","og_url":"https:\/\/www.notibras.com\/site\/cacas-russos-atacam-e-destroem-fabrica-de-misseis-em-kiev\/","og_site_name":"Notibras","article_publisher":"https:\/\/www.facebook.com\/notibras\/","article_published_time":"2022-04-29T15:59:57+00:00","article_modified_time":"2022-04-29T17:26:30+00:00","og_image":[{"width":1920,"height":1080,"url":"https:\/\/www.notibras.com\/site\/wp-content\/uploads\/2022\/04\/pavel-kolovkin.webp","type":"image\/webp"}],"author":"Reda\u00e7\u00e3o","twitter_card":"summary_large_image","twitter_creator":"@Notibras","twitter_site":"@Notibras","twitter_misc":{"Escrito por":"Reda\u00e7\u00e3o","Est. tempo de leitura":"2 minutos"},"schema":{"@context":"https:\/\/schema.org","@graph":[{"@type":"Article","@id":"https:\/\/www.notibras.com\/site\/cacas-russos-atacam-e-destroem-fabrica-de-misseis-em-kiev\/#article","isPartOf":{"@id":"https:\/\/www.notibras.com\/site\/cacas-russos-atacam-e-destroem-fabrica-de-misseis-em-kiev\/"},"author":{"name":"Reda\u00e7\u00e3o","@id":"https:\/\/www.notibras.com\/site\/#\/schema\/person\/36ab0979449956132d3e5b517ea76ac8"},"headline":"Ca\u00e7as russos atacam e destroem f\u00e1brica de m\u00edsseis em Kiev","datePublished":"2022-04-29T15:59:57+00:00","dateModified":"2022-04-29T17:26:30+00:00","mainEntityOfPage":{"@id":"https:\/\/www.notibras.com\/site\/cacas-russos-atacam-e-destroem-fabrica-de-misseis-em-kiev\/"},"wordCount":271,"publisher":{"@id":"https:\/\/www.notibras.com\/site\/#organization"},"image":{"@id":"https:\/\/www.notibras.com\/site\/cacas-russos-atacam-e-destroem-fabrica-de-misseis-em-kiev\/#primaryimage"},"thumbnailUrl":"https:\/\/www.notibras.com\/site\/wp-content\/uploads\/2022\/04\/pavel-kolovkin.webp","keywords":["capa"],"articleSection":["Apocalipse"],"inLanguage":"pt-BR"},{"@type":"WebPage","@id":"https:\/\/www.notibras.com\/site\/cacas-russos-atacam-e-destroem-fabrica-de-misseis-em-kiev\/","url":"https:\/\/www.notibras.com\/site\/cacas-russos-atacam-e-destroem-fabrica-de-misseis-em-kiev\/","name":"Ca\u00e7as russos atacam e destroem f\u00e1brica de m\u00edsseis em Kiev - Notibras","isPartOf":{"@id":"https:\/\/www.notibras.com\/site\/#website"},"primaryImageOfPage":{"@id":"https:\/\/www.notibras.com\/site\/cacas-russos-atacam-e-destroem-fabrica-de-misseis-em-kiev\/#primaryimage"},"image":{"@id":"https:\/\/www.notibras.com\/site\/cacas-russos-atacam-e-destroem-fabrica-de-misseis-em-kiev\/#primaryimage"},"thumbnailUrl":"https:\/\/www.notibras.com\/site\/wp-content\/uploads\/2022\/04\/pavel-kolovkin.webp","datePublished":"2022-04-29T15:59:57+00:00","dateModified":"2022-04-29T17:26:30+00:00","breadcrumb":{"@id":"https:\/\/www.notibras.com\/site\/cacas-russos-atacam-e-destroem-fabrica-de-misseis-em-kiev\/#breadcrumb"},"inLanguage":"pt-BR","potentialAction":[{"@type":"ReadAction","target":["https:\/\/www.notibras.com\/site\/cacas-russos-atacam-e-destroem-fabrica-de-misseis-em-kiev\/"]}]},{"@type":"ImageObject","inLanguage":"pt-BR","@id":"https:\/\/www.notibras.com\/site\/cacas-russos-atacam-e-destroem-fabrica-de-misseis-em-kiev\/#primaryimage","url":"https:\/\/www.notibras.com\/site\/wp-content\/uploads\/2022\/04\/pavel-kolovkin.webp","contentUrl":"https:\/\/www.notibras.com\/site\/wp-content\/uploads\/2022\/04\/pavel-kolovkin.webp","width":1920,"height":1080},{"@type":"BreadcrumbList","@id":"https:\/\/www.notibras.com\/site\/cacas-russos-atacam-e-destroem-fabrica-de-misseis-em-kiev\/#breadcrumb","itemListElement":[{"@type":"ListItem","position":1,"name":"In\u00edcio","item":"https:\/\/www.notibras.com\/site\/"},{"@type":"ListItem","position":2,"name":"Ca\u00e7as russos atacam e destroem f\u00e1brica de m\u00edsseis em Kiev"}]},{"@type":"WebSite","@id":"https:\/\/www.notibras.com\/site\/#website","url":"https:\/\/www.notibras.com\/site\/","name":"Notibras","description":"Not\u00edcias de Bras\u00edlia, do Brasil e do Mundo","publisher":{"@id":"https:\/\/www.notibras.com\/site\/#organization"},"potentialAction":[{"@type":"SearchAction","target":{"@type":"EntryPoint","urlTemplate":"https:\/\/www.notibras.com\/site\/?s={search_term_string}"},"query-input":{"@type":"PropertyValueSpecification","valueRequired":true,"valueName":"search_term_string"}}],"inLanguage":"pt-BR"},{"@type":"Organization","@id":"https:\/\/www.notibras.com\/site\/#organization","name":"Grupo Notibras de Comunica\u00e7\u00e3o","url":"https:\/\/www.notibras.com\/site\/","logo":{"@type":"ImageObject","inLanguage":"pt-BR","@id":"https:\/\/www.notibras.com\/site\/#\/schema\/logo\/image\/","url":"https:\/\/www.notibras.com\/site\/wp-content\/uploads\/2023\/01\/notibras23.png","contentUrl":"https:\/\/www.notibras.com\/site\/wp-content\/uploads\/2023\/01\/notibras23.png","width":350,"height":87,"caption":"Grupo Notibras de Comunica\u00e7\u00e3o"},"image":{"@id":"https:\/\/www.notibras.com\/site\/#\/schema\/logo\/image\/"},"sameAs":["https:\/\/www.facebook.com\/notibras\/","https:\/\/x.com\/Notibras","https:\/\/www.instagram.com\/notibras\/"]},{"@type":"Person","@id":"https:\/\/www.notibras.com\/site\/#\/schema\/person\/36ab0979449956132d3e5b517ea76ac8","name":"Reda\u00e7\u00e3o","image":{"@type":"ImageObject","inLanguage":"pt-BR","@id":"https:\/\/secure.gravatar.com\/avatar\/e0a867bdedb85fd243eadf09663511f96fc81e0720a4a42581f334ad4303aa6b?s=96&d=mm&r=g","url":"https:\/\/secure.gravatar.com\/avatar\/e0a867bdedb85fd243eadf09663511f96fc81e0720a4a42581f334ad4303aa6b?s=96&d=mm&r=g","contentUrl":"https:\/\/secure.gravatar.com\/avatar\/e0a867bdedb85fd243eadf09663511f96fc81e0720a4a42581f334ad4303aa6b?s=96&d=mm&r=g","caption":"Reda\u00e7\u00e3o"}}]}},"amp_enabled":true,"_links":{"self":[{"href":"https:\/\/www.notibras.com\/site\/wp-json\/wp\/v2\/posts\/284718","targetHints":{"allow":["GET"]}}],"collection":[{"href":"https:\/\/www.notibras.com\/site\/wp-json\/wp\/v2\/posts"}],"about":[{"href":"https:\/\/www.notibras.com\/site\/wp-json\/wp\/v2\/types\/post"}],"author":[{"embeddable":true,"href":"https:\/\/www.notibras.com\/site\/wp-json\/wp\/v2\/users\/2"}],"replies":[{"embeddable":true,"href":"https:\/\/www.notibras.com\/site\/wp-json\/wp\/v2\/comments?post=284718"}],"version-history":[{"count":1,"href":"https:\/\/www.notibras.com\/site\/wp-json\/wp\/v2\/posts\/284718\/revisions"}],"predecessor-version":[{"id":284720,"href":"https:\/\/www.notibras.com\/site\/wp-json\/wp\/v2\/posts\/284718\/revisions\/284720"}],"wp:featuredmedia":[{"embeddable":true,"href":"https:\/\/www.notibras.com\/site\/wp-json\/wp\/v2\/media\/284719"}],"wp:attachment":[{"href":"https:\/\/www.notibras.com\/site\/wp-json\/wp\/v2\/media?parent=284718"}],"wp:term":[{"taxonomy":"category","embeddable":true,"href":"https:\/\/www.notibras.com\/site\/wp-json\/wp\/v2\/categories?post=284718"},{"taxonomy":"post_tag","embeddable":true,"href":"https:\/\/www.notibras.com\/site\/wp-json\/wp\/v2\/tags?post=284718"}],"curies":[{"name":"wp","href":"https:\/\/api.w.org\/{rel}","templated":true}]}}