{"id":284721,"date":"2022-04-29T13:08:57","date_gmt":"2022-04-29T16:08:57","guid":{"rendered":"https:\/\/www.notibras.com\/site\/?p=284721"},"modified":"2022-04-29T14:36:40","modified_gmt":"2022-04-29T17:36:40","slug":"bombardeio-mata-militares-ucranianos-e-mercenario-dinamarques","status":"publish","type":"post","link":"https:\/\/www.notibras.com\/site\/bombardeio-mata-militares-ucranianos-e-mercenario-dinamarques\/","title":{"rendered":"Bombardeio mata militares da Ucr\u00e2nia e mercen\u00e1rio dinamarqu\u00eas"},"content":{"rendered":"<p>Ao menos 43 militares ucranianos, incluindo 11 oficiais graduados, morreram nesta sexta, 29, durante um bombardeio das for\u00e7as da R\u00fassia. Tamb\u00e9m morreu um mercen\u00e1rio dinamarqu\u00eas que lutava ao lado das tropas ucranianas, relata o jornal <em>Jyllands-Posten<\/em>, citando a Embaixada da Ucr\u00e2nia em Copenhague.<\/p>\n<p>Segundo a embaixada, o mercen\u00e1rio chegou \u00e0 Ucr\u00e2nia em mar\u00e7o, tendo-se registado previamente. Ele tinha 25 anos. O Minist\u00e9rio das Rela\u00e7\u00f5es Exteriores dinamarqu\u00eas disse que ainda n\u00e3o pode confirmar a morte de seu compatriota.<\/p>\n<p>As autoridades da Dinamarca anunciara conversa\u00e7\u00f5es com diplomatas ucranianos &#8220;para estudar as informa\u00e7\u00f5es recebidas&#8221;. A Embaixada da Ucr\u00e2nia disse que o lado dinamarqu\u00eas est\u00e1 pronto para assumir o transporte do corpo do mercen\u00e1rio, ap\u00f3s a confirma\u00e7\u00e3o da morte.<\/p>\n","protected":false},"excerpt":{"rendered":"<p>Ao menos 43 militares ucranianos, incluindo 11 oficiais graduados, morreram nesta sexta, 29, durante um bombardeio das for\u00e7as da R\u00fassia. Tamb\u00e9m morreu um mercen\u00e1rio dinamarqu\u00eas que lutava ao lado das tropas ucranianas, relata o jornal Jyllands-Posten, citando a Embaixada da Ucr\u00e2nia em Copenhague. Segundo a embaixada, o mercen\u00e1rio chegou \u00e0 Ucr\u00e2nia em mar\u00e7o, tendo-se registado [&hellip;]<\/p>\n","protected":false},"author":2,"featured_media":284722,"comment_status":"closed","ping_status":"closed","sticky":false,"template":"","format":"standard","meta":{"_acf_changed":false,"footnotes":""},"categories":[159],"tags":[95],"class_list":["post-284721","post","type-post","status-publish","format-standard","has-post-thumbnail","hentry","category-apocalipse","tag-capa"],"acf":[],"yoast_head":"<!-- This site is optimized with the Yoast SEO plugin v27.2 - https:\/\/yoast.com\/product\/yoast-seo-wordpress\/ -->\n<title>Bombardeio mata militares da Ucr\u00e2nia e mercen\u00e1rio dinamarqu\u00eas - Notibras<\/title>\n<meta name=\"robots\" content=\"index, follow, max-snippet:-1, max-image-preview:large, max-video-preview:-1\" \/>\n<link rel=\"canonical\" href=\"https:\/\/www.notibras.com\/site\/bombardeio-mata-militares-ucranianos-e-mercenario-dinamarques\/\" \/>\n<meta property=\"og:locale\" content=\"pt_BR\" \/>\n<meta property=\"og:type\" content=\"article\" \/>\n<meta property=\"og:title\" content=\"Bombardeio mata militares da Ucr\u00e2nia e mercen\u00e1rio dinamarqu\u00eas - Notibras\" \/>\n<meta property=\"og:description\" content=\"Ao menos 43 militares ucranianos, incluindo 11 oficiais graduados, morreram nesta sexta, 29, durante um bombardeio das for\u00e7as da R\u00fassia. Tamb\u00e9m morreu um mercen\u00e1rio dinamarqu\u00eas que lutava ao lado das tropas ucranianas, relata o jornal Jyllands-Posten, citando a Embaixada da Ucr\u00e2nia em Copenhague. Segundo a embaixada, o mercen\u00e1rio chegou \u00e0 Ucr\u00e2nia em mar\u00e7o, tendo-se registado [&hellip;]\" \/>\n<meta property=\"og:url\" content=\"https:\/\/www.notibras.com\/site\/bombardeio-mata-militares-ucranianos-e-mercenario-dinamarques\/\" \/>\n<meta property=\"og:site_name\" content=\"Notibras\" \/>\n<meta property=\"article:publisher\" content=\"https:\/\/www.facebook.com\/notibras\/\" \/>\n<meta property=\"article:published_time\" content=\"2022-04-29T16:08:57+00:00\" \/>\n<meta property=\"article:modified_time\" content=\"2022-04-29T17:36:40+00:00\" \/>\n<meta property=\"og:image\" content=\"https:\/\/www.notibras.com\/site\/wp-content\/uploads\/2022\/04\/kiev.dinamarcva.webp\" \/>\n\t<meta property=\"og:image:width\" content=\"600\" \/>\n\t<meta property=\"og:image:height\" content=\"337\" \/>\n\t<meta property=\"og:image:type\" content=\"image\/webp\" \/>\n<meta name=\"author\" content=\"Reda\u00e7\u00e3o\" \/>\n<meta name=\"twitter:card\" content=\"summary_large_image\" \/>\n<meta name=\"twitter:creator\" content=\"@Notibras\" \/>\n<meta name=\"twitter:site\" content=\"@Notibras\" \/>\n<meta name=\"twitter:label1\" content=\"Escrito por\" \/>\n\t<meta name=\"twitter:data1\" content=\"Reda\u00e7\u00e3o\" \/>\n\t<meta name=\"twitter:label2\" content=\"Est. tempo de leitura\" \/>\n\t<meta name=\"twitter:data2\" content=\"1 minuto\" \/>\n<script type=\"application\/ld+json\" class=\"yoast-schema-graph\">{\"@context\":\"https:\/\/schema.org\",\"@graph\":[{\"@type\":\"Article\",\"@id\":\"https:\/\/www.notibras.com\/site\/bombardeio-mata-militares-ucranianos-e-mercenario-dinamarques\/#article\",\"isPartOf\":{\"@id\":\"https:\/\/www.notibras.com\/site\/bombardeio-mata-militares-ucranianos-e-mercenario-dinamarques\/\"},\"author\":{\"name\":\"Reda\u00e7\u00e3o\",\"@id\":\"https:\/\/www.notibras.com\/site\/#\/schema\/person\/36ab0979449956132d3e5b517ea76ac8\"},\"headline\":\"Bombardeio mata militares da Ucr\u00e2nia e mercen\u00e1rio dinamarqu\u00eas\",\"datePublished\":\"2022-04-29T16:08:57+00:00\",\"dateModified\":\"2022-04-29T17:36:40+00:00\",\"mainEntityOfPage\":{\"@id\":\"https:\/\/www.notibras.com\/site\/bombardeio-mata-militares-ucranianos-e-mercenario-dinamarques\/\"},\"wordCount\":141,\"publisher\":{\"@id\":\"https:\/\/www.notibras.com\/site\/#organization\"},\"image\":{\"@id\":\"https:\/\/www.notibras.com\/site\/bombardeio-mata-militares-ucranianos-e-mercenario-dinamarques\/#primaryimage\"},\"thumbnailUrl\":\"https:\/\/www.notibras.com\/site\/wp-content\/uploads\/2022\/04\/kiev.dinamarcva.webp\",\"keywords\":[\"capa\"],\"articleSection\":[\"Apocalipse\"],\"inLanguage\":\"pt-BR\"},{\"@type\":\"WebPage\",\"@id\":\"https:\/\/www.notibras.com\/site\/bombardeio-mata-militares-ucranianos-e-mercenario-dinamarques\/\",\"url\":\"https:\/\/www.notibras.com\/site\/bombardeio-mata-militares-ucranianos-e-mercenario-dinamarques\/\",\"name\":\"Bombardeio mata militares da Ucr\u00e2nia e mercen\u00e1rio dinamarqu\u00eas - Notibras\",\"isPartOf\":{\"@id\":\"https:\/\/www.notibras.com\/site\/#website\"},\"primaryImageOfPage\":{\"@id\":\"https:\/\/www.notibras.com\/site\/bombardeio-mata-militares-ucranianos-e-mercenario-dinamarques\/#primaryimage\"},\"image\":{\"@id\":\"https:\/\/www.notibras.com\/site\/bombardeio-mata-militares-ucranianos-e-mercenario-dinamarques\/#primaryimage\"},\"thumbnailUrl\":\"https:\/\/www.notibras.com\/site\/wp-content\/uploads\/2022\/04\/kiev.dinamarcva.webp\",\"datePublished\":\"2022-04-29T16:08:57+00:00\",\"dateModified\":\"2022-04-29T17:36:40+00:00\",\"breadcrumb\":{\"@id\":\"https:\/\/www.notibras.com\/site\/bombardeio-mata-militares-ucranianos-e-mercenario-dinamarques\/#breadcrumb\"},\"inLanguage\":\"pt-BR\",\"potentialAction\":[{\"@type\":\"ReadAction\",\"target\":[\"https:\/\/www.notibras.com\/site\/bombardeio-mata-militares-ucranianos-e-mercenario-dinamarques\/\"]}]},{\"@type\":\"ImageObject\",\"inLanguage\":\"pt-BR\",\"@id\":\"https:\/\/www.notibras.com\/site\/bombardeio-mata-militares-ucranianos-e-mercenario-dinamarques\/#primaryimage\",\"url\":\"https:\/\/www.notibras.com\/site\/wp-content\/uploads\/2022\/04\/kiev.dinamarcva.webp\",\"contentUrl\":\"https:\/\/www.notibras.com\/site\/wp-content\/uploads\/2022\/04\/kiev.dinamarcva.webp\",\"width\":600,\"height\":337},{\"@type\":\"BreadcrumbList\",\"@id\":\"https:\/\/www.notibras.com\/site\/bombardeio-mata-militares-ucranianos-e-mercenario-dinamarques\/#breadcrumb\",\"itemListElement\":[{\"@type\":\"ListItem\",\"position\":1,\"name\":\"In\u00edcio\",\"item\":\"https:\/\/www.notibras.com\/site\/\"},{\"@type\":\"ListItem\",\"position\":2,\"name\":\"Bombardeio mata militares da Ucr\u00e2nia e mercen\u00e1rio dinamarqu\u00eas\"}]},{\"@type\":\"WebSite\",\"@id\":\"https:\/\/www.notibras.com\/site\/#website\",\"url\":\"https:\/\/www.notibras.com\/site\/\",\"name\":\"Notibras\",\"description\":\"Not\u00edcias de Bras\u00edlia, do Brasil e do Mundo\",\"publisher\":{\"@id\":\"https:\/\/www.notibras.com\/site\/#organization\"},\"potentialAction\":[{\"@type\":\"SearchAction\",\"target\":{\"@type\":\"EntryPoint\",\"urlTemplate\":\"https:\/\/www.notibras.com\/site\/?s={search_term_string}\"},\"query-input\":{\"@type\":\"PropertyValueSpecification\",\"valueRequired\":true,\"valueName\":\"search_term_string\"}}],\"inLanguage\":\"pt-BR\"},{\"@type\":\"Organization\",\"@id\":\"https:\/\/www.notibras.com\/site\/#organization\",\"name\":\"Grupo Notibras de Comunica\u00e7\u00e3o\",\"url\":\"https:\/\/www.notibras.com\/site\/\",\"logo\":{\"@type\":\"ImageObject\",\"inLanguage\":\"pt-BR\",\"@id\":\"https:\/\/www.notibras.com\/site\/#\/schema\/logo\/image\/\",\"url\":\"https:\/\/www.notibras.com\/site\/wp-content\/uploads\/2023\/01\/notibras23.png\",\"contentUrl\":\"https:\/\/www.notibras.com\/site\/wp-content\/uploads\/2023\/01\/notibras23.png\",\"width\":350,\"height\":87,\"caption\":\"Grupo Notibras de Comunica\u00e7\u00e3o\"},\"image\":{\"@id\":\"https:\/\/www.notibras.com\/site\/#\/schema\/logo\/image\/\"},\"sameAs\":[\"https:\/\/www.facebook.com\/notibras\/\",\"https:\/\/x.com\/Notibras\",\"https:\/\/www.instagram.com\/notibras\/\"]},{\"@type\":\"Person\",\"@id\":\"https:\/\/www.notibras.com\/site\/#\/schema\/person\/36ab0979449956132d3e5b517ea76ac8\",\"name\":\"Reda\u00e7\u00e3o\",\"image\":{\"@type\":\"ImageObject\",\"inLanguage\":\"pt-BR\",\"@id\":\"https:\/\/secure.gravatar.com\/avatar\/e0a867bdedb85fd243eadf09663511f96fc81e0720a4a42581f334ad4303aa6b?s=96&d=mm&r=g\",\"url\":\"https:\/\/secure.gravatar.com\/avatar\/e0a867bdedb85fd243eadf09663511f96fc81e0720a4a42581f334ad4303aa6b?s=96&d=mm&r=g\",\"contentUrl\":\"https:\/\/secure.gravatar.com\/avatar\/e0a867bdedb85fd243eadf09663511f96fc81e0720a4a42581f334ad4303aa6b?s=96&d=mm&r=g\",\"caption\":\"Reda\u00e7\u00e3o\"}}]}<\/script>\n<!-- \/ Yoast SEO plugin. -->","yoast_head_json":{"title":"Bombardeio mata militares da Ucr\u00e2nia e mercen\u00e1rio dinamarqu\u00eas - Notibras","robots":{"index":"index","follow":"follow","max-snippet":"max-snippet:-1","max-image-preview":"max-image-preview:large","max-video-preview":"max-video-preview:-1"},"canonical":"https:\/\/www.notibras.com\/site\/bombardeio-mata-militares-ucranianos-e-mercenario-dinamarques\/","og_locale":"pt_BR","og_type":"article","og_title":"Bombardeio mata militares da Ucr\u00e2nia e mercen\u00e1rio dinamarqu\u00eas - Notibras","og_description":"Ao menos 43 militares ucranianos, incluindo 11 oficiais graduados, morreram nesta sexta, 29, durante um bombardeio das for\u00e7as da R\u00fassia. Tamb\u00e9m morreu um mercen\u00e1rio dinamarqu\u00eas que lutava ao lado das tropas ucranianas, relata o jornal Jyllands-Posten, citando a Embaixada da Ucr\u00e2nia em Copenhague. Segundo a embaixada, o mercen\u00e1rio chegou \u00e0 Ucr\u00e2nia em mar\u00e7o, tendo-se registado [&hellip;]","og_url":"https:\/\/www.notibras.com\/site\/bombardeio-mata-militares-ucranianos-e-mercenario-dinamarques\/","og_site_name":"Notibras","article_publisher":"https:\/\/www.facebook.com\/notibras\/","article_published_time":"2022-04-29T16:08:57+00:00","article_modified_time":"2022-04-29T17:36:40+00:00","og_image":[{"width":600,"height":337,"url":"https:\/\/www.notibras.com\/site\/wp-content\/uploads\/2022\/04\/kiev.dinamarcva.webp","type":"image\/webp"}],"author":"Reda\u00e7\u00e3o","twitter_card":"summary_large_image","twitter_creator":"@Notibras","twitter_site":"@Notibras","twitter_misc":{"Escrito por":"Reda\u00e7\u00e3o","Est. tempo de leitura":"1 minuto"},"schema":{"@context":"https:\/\/schema.org","@graph":[{"@type":"Article","@id":"https:\/\/www.notibras.com\/site\/bombardeio-mata-militares-ucranianos-e-mercenario-dinamarques\/#article","isPartOf":{"@id":"https:\/\/www.notibras.com\/site\/bombardeio-mata-militares-ucranianos-e-mercenario-dinamarques\/"},"author":{"name":"Reda\u00e7\u00e3o","@id":"https:\/\/www.notibras.com\/site\/#\/schema\/person\/36ab0979449956132d3e5b517ea76ac8"},"headline":"Bombardeio mata militares da Ucr\u00e2nia e mercen\u00e1rio dinamarqu\u00eas","datePublished":"2022-04-29T16:08:57+00:00","dateModified":"2022-04-29T17:36:40+00:00","mainEntityOfPage":{"@id":"https:\/\/www.notibras.com\/site\/bombardeio-mata-militares-ucranianos-e-mercenario-dinamarques\/"},"wordCount":141,"publisher":{"@id":"https:\/\/www.notibras.com\/site\/#organization"},"image":{"@id":"https:\/\/www.notibras.com\/site\/bombardeio-mata-militares-ucranianos-e-mercenario-dinamarques\/#primaryimage"},"thumbnailUrl":"https:\/\/www.notibras.com\/site\/wp-content\/uploads\/2022\/04\/kiev.dinamarcva.webp","keywords":["capa"],"articleSection":["Apocalipse"],"inLanguage":"pt-BR"},{"@type":"WebPage","@id":"https:\/\/www.notibras.com\/site\/bombardeio-mata-militares-ucranianos-e-mercenario-dinamarques\/","url":"https:\/\/www.notibras.com\/site\/bombardeio-mata-militares-ucranianos-e-mercenario-dinamarques\/","name":"Bombardeio mata militares da Ucr\u00e2nia e mercen\u00e1rio dinamarqu\u00eas - Notibras","isPartOf":{"@id":"https:\/\/www.notibras.com\/site\/#website"},"primaryImageOfPage":{"@id":"https:\/\/www.notibras.com\/site\/bombardeio-mata-militares-ucranianos-e-mercenario-dinamarques\/#primaryimage"},"image":{"@id":"https:\/\/www.notibras.com\/site\/bombardeio-mata-militares-ucranianos-e-mercenario-dinamarques\/#primaryimage"},"thumbnailUrl":"https:\/\/www.notibras.com\/site\/wp-content\/uploads\/2022\/04\/kiev.dinamarcva.webp","datePublished":"2022-04-29T16:08:57+00:00","dateModified":"2022-04-29T17:36:40+00:00","breadcrumb":{"@id":"https:\/\/www.notibras.com\/site\/bombardeio-mata-militares-ucranianos-e-mercenario-dinamarques\/#breadcrumb"},"inLanguage":"pt-BR","potentialAction":[{"@type":"ReadAction","target":["https:\/\/www.notibras.com\/site\/bombardeio-mata-militares-ucranianos-e-mercenario-dinamarques\/"]}]},{"@type":"ImageObject","inLanguage":"pt-BR","@id":"https:\/\/www.notibras.com\/site\/bombardeio-mata-militares-ucranianos-e-mercenario-dinamarques\/#primaryimage","url":"https:\/\/www.notibras.com\/site\/wp-content\/uploads\/2022\/04\/kiev.dinamarcva.webp","contentUrl":"https:\/\/www.notibras.com\/site\/wp-content\/uploads\/2022\/04\/kiev.dinamarcva.webp","width":600,"height":337},{"@type":"BreadcrumbList","@id":"https:\/\/www.notibras.com\/site\/bombardeio-mata-militares-ucranianos-e-mercenario-dinamarques\/#breadcrumb","itemListElement":[{"@type":"ListItem","position":1,"name":"In\u00edcio","item":"https:\/\/www.notibras.com\/site\/"},{"@type":"ListItem","position":2,"name":"Bombardeio mata militares da Ucr\u00e2nia e mercen\u00e1rio dinamarqu\u00eas"}]},{"@type":"WebSite","@id":"https:\/\/www.notibras.com\/site\/#website","url":"https:\/\/www.notibras.com\/site\/","name":"Notibras","description":"Not\u00edcias de Bras\u00edlia, do Brasil e do Mundo","publisher":{"@id":"https:\/\/www.notibras.com\/site\/#organization"},"potentialAction":[{"@type":"SearchAction","target":{"@type":"EntryPoint","urlTemplate":"https:\/\/www.notibras.com\/site\/?s={search_term_string}"},"query-input":{"@type":"PropertyValueSpecification","valueRequired":true,"valueName":"search_term_string"}}],"inLanguage":"pt-BR"},{"@type":"Organization","@id":"https:\/\/www.notibras.com\/site\/#organization","name":"Grupo Notibras de Comunica\u00e7\u00e3o","url":"https:\/\/www.notibras.com\/site\/","logo":{"@type":"ImageObject","inLanguage":"pt-BR","@id":"https:\/\/www.notibras.com\/site\/#\/schema\/logo\/image\/","url":"https:\/\/www.notibras.com\/site\/wp-content\/uploads\/2023\/01\/notibras23.png","contentUrl":"https:\/\/www.notibras.com\/site\/wp-content\/uploads\/2023\/01\/notibras23.png","width":350,"height":87,"caption":"Grupo Notibras de Comunica\u00e7\u00e3o"},"image":{"@id":"https:\/\/www.notibras.com\/site\/#\/schema\/logo\/image\/"},"sameAs":["https:\/\/www.facebook.com\/notibras\/","https:\/\/x.com\/Notibras","https:\/\/www.instagram.com\/notibras\/"]},{"@type":"Person","@id":"https:\/\/www.notibras.com\/site\/#\/schema\/person\/36ab0979449956132d3e5b517ea76ac8","name":"Reda\u00e7\u00e3o","image":{"@type":"ImageObject","inLanguage":"pt-BR","@id":"https:\/\/secure.gravatar.com\/avatar\/e0a867bdedb85fd243eadf09663511f96fc81e0720a4a42581f334ad4303aa6b?s=96&d=mm&r=g","url":"https:\/\/secure.gravatar.com\/avatar\/e0a867bdedb85fd243eadf09663511f96fc81e0720a4a42581f334ad4303aa6b?s=96&d=mm&r=g","contentUrl":"https:\/\/secure.gravatar.com\/avatar\/e0a867bdedb85fd243eadf09663511f96fc81e0720a4a42581f334ad4303aa6b?s=96&d=mm&r=g","caption":"Reda\u00e7\u00e3o"}}]}},"amp_enabled":true,"_links":{"self":[{"href":"https:\/\/www.notibras.com\/site\/wp-json\/wp\/v2\/posts\/284721","targetHints":{"allow":["GET"]}}],"collection":[{"href":"https:\/\/www.notibras.com\/site\/wp-json\/wp\/v2\/posts"}],"about":[{"href":"https:\/\/www.notibras.com\/site\/wp-json\/wp\/v2\/types\/post"}],"author":[{"embeddable":true,"href":"https:\/\/www.notibras.com\/site\/wp-json\/wp\/v2\/users\/2"}],"replies":[{"embeddable":true,"href":"https:\/\/www.notibras.com\/site\/wp-json\/wp\/v2\/comments?post=284721"}],"version-history":[{"count":2,"href":"https:\/\/www.notibras.com\/site\/wp-json\/wp\/v2\/posts\/284721\/revisions"}],"predecessor-version":[{"id":284724,"href":"https:\/\/www.notibras.com\/site\/wp-json\/wp\/v2\/posts\/284721\/revisions\/284724"}],"wp:featuredmedia":[{"embeddable":true,"href":"https:\/\/www.notibras.com\/site\/wp-json\/wp\/v2\/media\/284722"}],"wp:attachment":[{"href":"https:\/\/www.notibras.com\/site\/wp-json\/wp\/v2\/media?parent=284721"}],"wp:term":[{"taxonomy":"category","embeddable":true,"href":"https:\/\/www.notibras.com\/site\/wp-json\/wp\/v2\/categories?post=284721"},{"taxonomy":"post_tag","embeddable":true,"href":"https:\/\/www.notibras.com\/site\/wp-json\/wp\/v2\/tags?post=284721"}],"curies":[{"name":"wp","href":"https:\/\/api.w.org\/{rel}","templated":true}]}}