{"id":284754,"date":"2022-04-30T05:22:48","date_gmt":"2022-04-30T08:22:48","guid":{"rendered":"https:\/\/www.notibras.com\/site\/?p=284754"},"modified":"2022-04-30T06:14:15","modified_gmt":"2022-04-30T09:14:15","slug":"coreia-se-arma-mais-contra-surpresas-do-inimigo","status":"publish","type":"post","link":"https:\/\/www.notibras.com\/site\/coreia-se-arma-mais-contra-surpresas-do-inimigo\/","title":{"rendered":"Cor\u00e9ia se arma mais contra &#8216;surpresas&#8217; do inimigo"},"content":{"rendered":"<p>O l\u00edder norte-coreano Kim Jong-un enfatizou na manh\u00e3 deste s\u00e1bado, 30 (hor\u00e1rio local) a necessidade de fortalecer o poder militar do pa\u00eds para &#8220;conter preventiva e completamente&#8221; a amea\u00e7a nuclear das for\u00e7as hostis.<\/p>\n<p>Kim se reuniu com o comando do Ex\u00e9rcito do Povo Coreano (KPA), que organizou uma parada militar nesta semana em homenagem ao 90\u00ba anivers\u00e1rio de funda\u00e7\u00e3o do ex\u00e9rcito. A reuni\u00e3o contou com a presen\u00e7a do vice-presidente da Comiss\u00e3o Militar Central do Partido dos Trabalhadores da Coreia (PTC) e secret\u00e1rio do Comit\u00ea Central do PTC, Pak Jong Chon, e o ministro da Defesa Ri Yong Gil.<\/p>\n<p>O l\u00edder norte-coreano expressou a firme vontade do Comit\u00ea Central do partido de manter a absoluta superioridade das for\u00e7as armadas revolucion\u00e1rias do pa\u00eds e desenvolv\u00ea-la constantemente para conter e frustrar preventiva e completamente todas as tentativas perigosas e movimentos amea\u00e7adores, incluindo amea\u00e7as nucleares cada vez maiores de for\u00e7as hostis, A ag\u00eancia de not\u00edcias central norte-coreana (KCNA), estatal, citou Kim.<\/p>\n<p>Kim observou que &#8216;o tremendo poder ofensivo&#8217; do pa\u00eds \u00e9 uma t\u00e1bua de salva\u00e7\u00e3o, uma garantia de seguran\u00e7a, que preserva a dignidade, os direitos e os interesses do pa\u00eds no mundo moderno.<\/p>\n","protected":false},"excerpt":{"rendered":"<p>O l\u00edder norte-coreano Kim Jong-un enfatizou na manh\u00e3 deste s\u00e1bado, 30 (hor\u00e1rio local) a necessidade de fortalecer o poder militar do pa\u00eds para &#8220;conter preventiva e completamente&#8221; a amea\u00e7a nuclear das for\u00e7as hostis. Kim se reuniu com o comando do Ex\u00e9rcito do Povo Coreano (KPA), que organizou uma parada militar nesta semana em homenagem ao [&hellip;]<\/p>\n","protected":false},"author":2,"featured_media":284755,"comment_status":"closed","ping_status":"closed","sticky":false,"template":"","format":"standard","meta":{"_acf_changed":false,"footnotes":""},"categories":[159],"tags":[95],"class_list":["post-284754","post","type-post","status-publish","format-standard","has-post-thumbnail","hentry","category-apocalipse","tag-capa"],"acf":[],"yoast_head":"<!-- This site is optimized with the Yoast SEO plugin v27.2 - https:\/\/yoast.com\/product\/yoast-seo-wordpress\/ -->\n<title>Cor\u00e9ia se arma mais contra &#039;surpresas&#039; do inimigo - Notibras<\/title>\n<meta name=\"robots\" content=\"index, follow, max-snippet:-1, max-image-preview:large, max-video-preview:-1\" \/>\n<link rel=\"canonical\" href=\"https:\/\/www.notibras.com\/site\/coreia-se-arma-mais-contra-surpresas-do-inimigo\/\" \/>\n<meta property=\"og:locale\" content=\"pt_BR\" \/>\n<meta property=\"og:type\" content=\"article\" \/>\n<meta property=\"og:title\" content=\"Cor\u00e9ia se arma mais contra &#039;surpresas&#039; do inimigo - Notibras\" \/>\n<meta property=\"og:description\" content=\"O l\u00edder norte-coreano Kim Jong-un enfatizou na manh\u00e3 deste s\u00e1bado, 30 (hor\u00e1rio local) a necessidade de fortalecer o poder militar do pa\u00eds para &#8220;conter preventiva e completamente&#8221; a amea\u00e7a nuclear das for\u00e7as hostis. Kim se reuniu com o comando do Ex\u00e9rcito do Povo Coreano (KPA), que organizou uma parada militar nesta semana em homenagem ao [&hellip;]\" \/>\n<meta property=\"og:url\" content=\"https:\/\/www.notibras.com\/site\/coreia-se-arma-mais-contra-surpresas-do-inimigo\/\" \/>\n<meta property=\"og:site_name\" content=\"Notibras\" \/>\n<meta property=\"article:publisher\" content=\"https:\/\/www.facebook.com\/notibras\/\" \/>\n<meta property=\"article:published_time\" content=\"2022-04-30T08:22:48+00:00\" \/>\n<meta property=\"article:modified_time\" content=\"2022-04-30T09:14:15+00:00\" \/>\n<meta property=\"og:image\" content=\"https:\/\/www.notibras.com\/site\/wp-content\/uploads\/2022\/04\/kim.precavido.webp\" \/>\n\t<meta property=\"og:image:width\" content=\"1920\" \/>\n\t<meta property=\"og:image:height\" content=\"1079\" \/>\n\t<meta property=\"og:image:type\" content=\"image\/webp\" \/>\n<meta name=\"author\" content=\"Reda\u00e7\u00e3o\" \/>\n<meta name=\"twitter:card\" content=\"summary_large_image\" \/>\n<meta name=\"twitter:creator\" content=\"@Notibras\" \/>\n<meta name=\"twitter:site\" content=\"@Notibras\" \/>\n<meta name=\"twitter:label1\" content=\"Escrito por\" \/>\n\t<meta name=\"twitter:data1\" content=\"Reda\u00e7\u00e3o\" \/>\n\t<meta name=\"twitter:label2\" content=\"Est. tempo de leitura\" \/>\n\t<meta name=\"twitter:data2\" content=\"2 minutos\" \/>\n<script type=\"application\/ld+json\" class=\"yoast-schema-graph\">{\"@context\":\"https:\/\/schema.org\",\"@graph\":[{\"@type\":\"Article\",\"@id\":\"https:\/\/www.notibras.com\/site\/coreia-se-arma-mais-contra-surpresas-do-inimigo\/#article\",\"isPartOf\":{\"@id\":\"https:\/\/www.notibras.com\/site\/coreia-se-arma-mais-contra-surpresas-do-inimigo\/\"},\"author\":{\"name\":\"Reda\u00e7\u00e3o\",\"@id\":\"https:\/\/www.notibras.com\/site\/#\/schema\/person\/36ab0979449956132d3e5b517ea76ac8\"},\"headline\":\"Cor\u00e9ia se arma mais contra &#8216;surpresas&#8217; do inimigo\",\"datePublished\":\"2022-04-30T08:22:48+00:00\",\"dateModified\":\"2022-04-30T09:14:15+00:00\",\"mainEntityOfPage\":{\"@id\":\"https:\/\/www.notibras.com\/site\/coreia-se-arma-mais-contra-surpresas-do-inimigo\/\"},\"wordCount\":224,\"publisher\":{\"@id\":\"https:\/\/www.notibras.com\/site\/#organization\"},\"image\":{\"@id\":\"https:\/\/www.notibras.com\/site\/coreia-se-arma-mais-contra-surpresas-do-inimigo\/#primaryimage\"},\"thumbnailUrl\":\"https:\/\/www.notibras.com\/site\/wp-content\/uploads\/2022\/04\/kim.precavido.webp\",\"keywords\":[\"capa\"],\"articleSection\":[\"Apocalipse\"],\"inLanguage\":\"pt-BR\"},{\"@type\":\"WebPage\",\"@id\":\"https:\/\/www.notibras.com\/site\/coreia-se-arma-mais-contra-surpresas-do-inimigo\/\",\"url\":\"https:\/\/www.notibras.com\/site\/coreia-se-arma-mais-contra-surpresas-do-inimigo\/\",\"name\":\"Cor\u00e9ia se arma mais contra 'surpresas' do inimigo - Notibras\",\"isPartOf\":{\"@id\":\"https:\/\/www.notibras.com\/site\/#website\"},\"primaryImageOfPage\":{\"@id\":\"https:\/\/www.notibras.com\/site\/coreia-se-arma-mais-contra-surpresas-do-inimigo\/#primaryimage\"},\"image\":{\"@id\":\"https:\/\/www.notibras.com\/site\/coreia-se-arma-mais-contra-surpresas-do-inimigo\/#primaryimage\"},\"thumbnailUrl\":\"https:\/\/www.notibras.com\/site\/wp-content\/uploads\/2022\/04\/kim.precavido.webp\",\"datePublished\":\"2022-04-30T08:22:48+00:00\",\"dateModified\":\"2022-04-30T09:14:15+00:00\",\"breadcrumb\":{\"@id\":\"https:\/\/www.notibras.com\/site\/coreia-se-arma-mais-contra-surpresas-do-inimigo\/#breadcrumb\"},\"inLanguage\":\"pt-BR\",\"potentialAction\":[{\"@type\":\"ReadAction\",\"target\":[\"https:\/\/www.notibras.com\/site\/coreia-se-arma-mais-contra-surpresas-do-inimigo\/\"]}]},{\"@type\":\"ImageObject\",\"inLanguage\":\"pt-BR\",\"@id\":\"https:\/\/www.notibras.com\/site\/coreia-se-arma-mais-contra-surpresas-do-inimigo\/#primaryimage\",\"url\":\"https:\/\/www.notibras.com\/site\/wp-content\/uploads\/2022\/04\/kim.precavido.webp\",\"contentUrl\":\"https:\/\/www.notibras.com\/site\/wp-content\/uploads\/2022\/04\/kim.precavido.webp\",\"width\":1920,\"height\":1079},{\"@type\":\"BreadcrumbList\",\"@id\":\"https:\/\/www.notibras.com\/site\/coreia-se-arma-mais-contra-surpresas-do-inimigo\/#breadcrumb\",\"itemListElement\":[{\"@type\":\"ListItem\",\"position\":1,\"name\":\"In\u00edcio\",\"item\":\"https:\/\/www.notibras.com\/site\/\"},{\"@type\":\"ListItem\",\"position\":2,\"name\":\"Cor\u00e9ia se arma mais contra &#8216;surpresas&#8217; do inimigo\"}]},{\"@type\":\"WebSite\",\"@id\":\"https:\/\/www.notibras.com\/site\/#website\",\"url\":\"https:\/\/www.notibras.com\/site\/\",\"name\":\"Notibras\",\"description\":\"Not\u00edcias de Bras\u00edlia, do Brasil e do Mundo\",\"publisher\":{\"@id\":\"https:\/\/www.notibras.com\/site\/#organization\"},\"potentialAction\":[{\"@type\":\"SearchAction\",\"target\":{\"@type\":\"EntryPoint\",\"urlTemplate\":\"https:\/\/www.notibras.com\/site\/?s={search_term_string}\"},\"query-input\":{\"@type\":\"PropertyValueSpecification\",\"valueRequired\":true,\"valueName\":\"search_term_string\"}}],\"inLanguage\":\"pt-BR\"},{\"@type\":\"Organization\",\"@id\":\"https:\/\/www.notibras.com\/site\/#organization\",\"name\":\"Grupo Notibras de Comunica\u00e7\u00e3o\",\"url\":\"https:\/\/www.notibras.com\/site\/\",\"logo\":{\"@type\":\"ImageObject\",\"inLanguage\":\"pt-BR\",\"@id\":\"https:\/\/www.notibras.com\/site\/#\/schema\/logo\/image\/\",\"url\":\"https:\/\/www.notibras.com\/site\/wp-content\/uploads\/2023\/01\/notibras23.png\",\"contentUrl\":\"https:\/\/www.notibras.com\/site\/wp-content\/uploads\/2023\/01\/notibras23.png\",\"width\":350,\"height\":87,\"caption\":\"Grupo Notibras de Comunica\u00e7\u00e3o\"},\"image\":{\"@id\":\"https:\/\/www.notibras.com\/site\/#\/schema\/logo\/image\/\"},\"sameAs\":[\"https:\/\/www.facebook.com\/notibras\/\",\"https:\/\/x.com\/Notibras\",\"https:\/\/www.instagram.com\/notibras\/\"]},{\"@type\":\"Person\",\"@id\":\"https:\/\/www.notibras.com\/site\/#\/schema\/person\/36ab0979449956132d3e5b517ea76ac8\",\"name\":\"Reda\u00e7\u00e3o\",\"image\":{\"@type\":\"ImageObject\",\"inLanguage\":\"pt-BR\",\"@id\":\"https:\/\/secure.gravatar.com\/avatar\/e0a867bdedb85fd243eadf09663511f96fc81e0720a4a42581f334ad4303aa6b?s=96&d=mm&r=g\",\"url\":\"https:\/\/secure.gravatar.com\/avatar\/e0a867bdedb85fd243eadf09663511f96fc81e0720a4a42581f334ad4303aa6b?s=96&d=mm&r=g\",\"contentUrl\":\"https:\/\/secure.gravatar.com\/avatar\/e0a867bdedb85fd243eadf09663511f96fc81e0720a4a42581f334ad4303aa6b?s=96&d=mm&r=g\",\"caption\":\"Reda\u00e7\u00e3o\"}}]}<\/script>\n<!-- \/ Yoast SEO plugin. -->","yoast_head_json":{"title":"Cor\u00e9ia se arma mais contra 'surpresas' do inimigo - Notibras","robots":{"index":"index","follow":"follow","max-snippet":"max-snippet:-1","max-image-preview":"max-image-preview:large","max-video-preview":"max-video-preview:-1"},"canonical":"https:\/\/www.notibras.com\/site\/coreia-se-arma-mais-contra-surpresas-do-inimigo\/","og_locale":"pt_BR","og_type":"article","og_title":"Cor\u00e9ia se arma mais contra 'surpresas' do inimigo - Notibras","og_description":"O l\u00edder norte-coreano Kim Jong-un enfatizou na manh\u00e3 deste s\u00e1bado, 30 (hor\u00e1rio local) a necessidade de fortalecer o poder militar do pa\u00eds para &#8220;conter preventiva e completamente&#8221; a amea\u00e7a nuclear das for\u00e7as hostis. Kim se reuniu com o comando do Ex\u00e9rcito do Povo Coreano (KPA), que organizou uma parada militar nesta semana em homenagem ao [&hellip;]","og_url":"https:\/\/www.notibras.com\/site\/coreia-se-arma-mais-contra-surpresas-do-inimigo\/","og_site_name":"Notibras","article_publisher":"https:\/\/www.facebook.com\/notibras\/","article_published_time":"2022-04-30T08:22:48+00:00","article_modified_time":"2022-04-30T09:14:15+00:00","og_image":[{"width":1920,"height":1079,"url":"https:\/\/www.notibras.com\/site\/wp-content\/uploads\/2022\/04\/kim.precavido.webp","type":"image\/webp"}],"author":"Reda\u00e7\u00e3o","twitter_card":"summary_large_image","twitter_creator":"@Notibras","twitter_site":"@Notibras","twitter_misc":{"Escrito por":"Reda\u00e7\u00e3o","Est. tempo de leitura":"2 minutos"},"schema":{"@context":"https:\/\/schema.org","@graph":[{"@type":"Article","@id":"https:\/\/www.notibras.com\/site\/coreia-se-arma-mais-contra-surpresas-do-inimigo\/#article","isPartOf":{"@id":"https:\/\/www.notibras.com\/site\/coreia-se-arma-mais-contra-surpresas-do-inimigo\/"},"author":{"name":"Reda\u00e7\u00e3o","@id":"https:\/\/www.notibras.com\/site\/#\/schema\/person\/36ab0979449956132d3e5b517ea76ac8"},"headline":"Cor\u00e9ia se arma mais contra &#8216;surpresas&#8217; do inimigo","datePublished":"2022-04-30T08:22:48+00:00","dateModified":"2022-04-30T09:14:15+00:00","mainEntityOfPage":{"@id":"https:\/\/www.notibras.com\/site\/coreia-se-arma-mais-contra-surpresas-do-inimigo\/"},"wordCount":224,"publisher":{"@id":"https:\/\/www.notibras.com\/site\/#organization"},"image":{"@id":"https:\/\/www.notibras.com\/site\/coreia-se-arma-mais-contra-surpresas-do-inimigo\/#primaryimage"},"thumbnailUrl":"https:\/\/www.notibras.com\/site\/wp-content\/uploads\/2022\/04\/kim.precavido.webp","keywords":["capa"],"articleSection":["Apocalipse"],"inLanguage":"pt-BR"},{"@type":"WebPage","@id":"https:\/\/www.notibras.com\/site\/coreia-se-arma-mais-contra-surpresas-do-inimigo\/","url":"https:\/\/www.notibras.com\/site\/coreia-se-arma-mais-contra-surpresas-do-inimigo\/","name":"Cor\u00e9ia se arma mais contra 'surpresas' do inimigo - Notibras","isPartOf":{"@id":"https:\/\/www.notibras.com\/site\/#website"},"primaryImageOfPage":{"@id":"https:\/\/www.notibras.com\/site\/coreia-se-arma-mais-contra-surpresas-do-inimigo\/#primaryimage"},"image":{"@id":"https:\/\/www.notibras.com\/site\/coreia-se-arma-mais-contra-surpresas-do-inimigo\/#primaryimage"},"thumbnailUrl":"https:\/\/www.notibras.com\/site\/wp-content\/uploads\/2022\/04\/kim.precavido.webp","datePublished":"2022-04-30T08:22:48+00:00","dateModified":"2022-04-30T09:14:15+00:00","breadcrumb":{"@id":"https:\/\/www.notibras.com\/site\/coreia-se-arma-mais-contra-surpresas-do-inimigo\/#breadcrumb"},"inLanguage":"pt-BR","potentialAction":[{"@type":"ReadAction","target":["https:\/\/www.notibras.com\/site\/coreia-se-arma-mais-contra-surpresas-do-inimigo\/"]}]},{"@type":"ImageObject","inLanguage":"pt-BR","@id":"https:\/\/www.notibras.com\/site\/coreia-se-arma-mais-contra-surpresas-do-inimigo\/#primaryimage","url":"https:\/\/www.notibras.com\/site\/wp-content\/uploads\/2022\/04\/kim.precavido.webp","contentUrl":"https:\/\/www.notibras.com\/site\/wp-content\/uploads\/2022\/04\/kim.precavido.webp","width":1920,"height":1079},{"@type":"BreadcrumbList","@id":"https:\/\/www.notibras.com\/site\/coreia-se-arma-mais-contra-surpresas-do-inimigo\/#breadcrumb","itemListElement":[{"@type":"ListItem","position":1,"name":"In\u00edcio","item":"https:\/\/www.notibras.com\/site\/"},{"@type":"ListItem","position":2,"name":"Cor\u00e9ia se arma mais contra &#8216;surpresas&#8217; do inimigo"}]},{"@type":"WebSite","@id":"https:\/\/www.notibras.com\/site\/#website","url":"https:\/\/www.notibras.com\/site\/","name":"Notibras","description":"Not\u00edcias de Bras\u00edlia, do Brasil e do Mundo","publisher":{"@id":"https:\/\/www.notibras.com\/site\/#organization"},"potentialAction":[{"@type":"SearchAction","target":{"@type":"EntryPoint","urlTemplate":"https:\/\/www.notibras.com\/site\/?s={search_term_string}"},"query-input":{"@type":"PropertyValueSpecification","valueRequired":true,"valueName":"search_term_string"}}],"inLanguage":"pt-BR"},{"@type":"Organization","@id":"https:\/\/www.notibras.com\/site\/#organization","name":"Grupo Notibras de Comunica\u00e7\u00e3o","url":"https:\/\/www.notibras.com\/site\/","logo":{"@type":"ImageObject","inLanguage":"pt-BR","@id":"https:\/\/www.notibras.com\/site\/#\/schema\/logo\/image\/","url":"https:\/\/www.notibras.com\/site\/wp-content\/uploads\/2023\/01\/notibras23.png","contentUrl":"https:\/\/www.notibras.com\/site\/wp-content\/uploads\/2023\/01\/notibras23.png","width":350,"height":87,"caption":"Grupo Notibras de Comunica\u00e7\u00e3o"},"image":{"@id":"https:\/\/www.notibras.com\/site\/#\/schema\/logo\/image\/"},"sameAs":["https:\/\/www.facebook.com\/notibras\/","https:\/\/x.com\/Notibras","https:\/\/www.instagram.com\/notibras\/"]},{"@type":"Person","@id":"https:\/\/www.notibras.com\/site\/#\/schema\/person\/36ab0979449956132d3e5b517ea76ac8","name":"Reda\u00e7\u00e3o","image":{"@type":"ImageObject","inLanguage":"pt-BR","@id":"https:\/\/secure.gravatar.com\/avatar\/e0a867bdedb85fd243eadf09663511f96fc81e0720a4a42581f334ad4303aa6b?s=96&d=mm&r=g","url":"https:\/\/secure.gravatar.com\/avatar\/e0a867bdedb85fd243eadf09663511f96fc81e0720a4a42581f334ad4303aa6b?s=96&d=mm&r=g","contentUrl":"https:\/\/secure.gravatar.com\/avatar\/e0a867bdedb85fd243eadf09663511f96fc81e0720a4a42581f334ad4303aa6b?s=96&d=mm&r=g","caption":"Reda\u00e7\u00e3o"}}]}},"amp_enabled":true,"_links":{"self":[{"href":"https:\/\/www.notibras.com\/site\/wp-json\/wp\/v2\/posts\/284754","targetHints":{"allow":["GET"]}}],"collection":[{"href":"https:\/\/www.notibras.com\/site\/wp-json\/wp\/v2\/posts"}],"about":[{"href":"https:\/\/www.notibras.com\/site\/wp-json\/wp\/v2\/types\/post"}],"author":[{"embeddable":true,"href":"https:\/\/www.notibras.com\/site\/wp-json\/wp\/v2\/users\/2"}],"replies":[{"embeddable":true,"href":"https:\/\/www.notibras.com\/site\/wp-json\/wp\/v2\/comments?post=284754"}],"version-history":[{"count":1,"href":"https:\/\/www.notibras.com\/site\/wp-json\/wp\/v2\/posts\/284754\/revisions"}],"predecessor-version":[{"id":284756,"href":"https:\/\/www.notibras.com\/site\/wp-json\/wp\/v2\/posts\/284754\/revisions\/284756"}],"wp:featuredmedia":[{"embeddable":true,"href":"https:\/\/www.notibras.com\/site\/wp-json\/wp\/v2\/media\/284755"}],"wp:attachment":[{"href":"https:\/\/www.notibras.com\/site\/wp-json\/wp\/v2\/media?parent=284754"}],"wp:term":[{"taxonomy":"category","embeddable":true,"href":"https:\/\/www.notibras.com\/site\/wp-json\/wp\/v2\/categories?post=284754"},{"taxonomy":"post_tag","embeddable":true,"href":"https:\/\/www.notibras.com\/site\/wp-json\/wp\/v2\/tags?post=284754"}],"curies":[{"name":"wp","href":"https:\/\/api.w.org\/{rel}","templated":true}]}}