{"id":28479,"date":"2014-11-16T13:48:22","date_gmt":"2014-11-16T16:48:22","guid":{"rendered":"http:\/\/www.notibras.com\/site\/?p=28479"},"modified":"2014-11-16T23:05:22","modified_gmt":"2014-11-17T02:05:22","slug":"gays-invadem-copacabana-e-pedem-criminalizacao-da-homofobia","status":"publish","type":"post","link":"https:\/\/www.notibras.com\/site\/gays-invadem-copacabana-e-pedem-criminalizacao-da-homofobia\/","title":{"rendered":"Parada Gay congestiona a praia de Copacabana e cobra criminaliza\u00e7\u00e3o da homofobia"},"content":{"rendered":"<div class=\"content\">\n<p>Com o tema Somos Milh\u00f5es de Vozes, a 19\u00aa Parada do Orgulho LGBT (l\u00e9sbicas,<em> gays<\/em>, bissexuais e transg\u00eaneros) do Rio atraiu milhares de pessoas na orla da Praia de Copacabana, na zona sul da cidade, na tarde deste domingo 17.<\/p>\n<p>O desfile pela Avenida Atl\u00e2ntica come\u00e7ou \u00e0s 15h. A vice-presidente do Grupo Arco-Iris, Marcellle Esteves, um dos organizadores do evento, ressaltou que a criminaliza\u00e7\u00e3o da homofobia \u00e9 uma das principais bandeiras do movimento hoje.<\/p>\n<p>&#8220;Ao mesmo tempo que algumas pol\u00edticas p\u00fablicas avan\u00e7aram em nosso benef\u00edcio, o conservadorismo e a viol\u00eancia avan\u00e7aram na mesma medida&#8221;, disse.<\/p>\n<p>Um dos fundadores da parada, o coordenador do Programa Rio Sem Homofobia, Cl\u00e1udio Nascimento, lembrou que na primeira edi\u00e7\u00e3o do desfile, em 1995, havia apenas duas mil pessoas e que muitas usavam m\u00e1scaras com vergonha de se expor.<\/p>\n<blockquote><p>&#8220;Hoje passamos da marca de 1 milh\u00e3o, gente que vem com a cara e a coragem, se coloca e busca seus direitos&#8221;, disse. &#8220;A causa da cidadania LGBT ultrapassou os muros da comunidade<em> gay<\/em>, pois a popula\u00e7\u00e3o entende que uma sociedade feliz se todos tiverem direitos e o reconhecimento de sua liberdade&#8221;, completou.<\/p><\/blockquote>\n<p>Nascimento comemorou o fato de atualmente o movimento\u00a0ter\u00a0o apoio das autoridades e \u00f3rg\u00e3os p\u00fablicos, o que era impens\u00e1vel h\u00e1 20 anos. &#8220;Mas precisamos avan\u00e7ar. Al\u00e9m do apoio, \u00e9 preciso que a sociedade se indigne contra o preconceito e a discrimina\u00e7\u00e3o. Hoje muita gente \u00e9 discriminada, assassinada, porque algu\u00e9m viu e n\u00e3o procurou ajuda&#8221;, disse<\/p>\n<p>Para a professora de portugu\u00eas, Sui\u00e1 Dylan Ferreira, o clima de festa e descontra\u00e7\u00e3o n\u00e3o ofusca o principal objetivo do encontro que \u00e9 exigir respeito e o fim da viol\u00eancia contra l\u00e9sbicas, <em>gays<\/em>, bissexuais, travestis e transexuais.<\/p>\n<p>&#8220;\u00c9 uma op\u00e7\u00e3o pol\u00edtica do movimento, \u00e9 uma caracter\u00edstica do movimento, ser alegre, colorido e divertido. Acho \u00f3timo&#8221;, disse. &#8220;D\u00e1 visibilidade para as minorias, que merecem ser reconhecidas e\u00a0ter\u00a0seus direitos respeitados&#8221;, acrescentou.<\/p>\n<header>\n<div class=\"node-info\"><strong>Flavia Villela, ABr<\/strong><strong><br \/>\n<\/strong><\/div>\n<\/header>\n<\/div>\n","protected":false},"excerpt":{"rendered":"<p>Com o tema Somos Milh\u00f5es de Vozes, a 19\u00aa Parada do Orgulho LGBT (l\u00e9sbicas, gays, bissexuais e transg\u00eaneros) do Rio atraiu milhares de pessoas na orla da Praia de Copacabana, na zona sul da cidade, na tarde deste domingo 17. O desfile pela Avenida Atl\u00e2ntica come\u00e7ou \u00e0s 15h. A vice-presidente do Grupo Arco-Iris, Marcellle Esteves, [&hellip;]<\/p>\n","protected":false},"author":2,"featured_media":28480,"comment_status":"open","ping_status":"closed","sticky":false,"template":"","format":"standard","meta":{"_acf_changed":false,"footnotes":""},"categories":[16],"tags":[],"class_list":["post-28479","post","type-post","status-publish","format-standard","has-post-thumbnail","hentry","category-brasil"],"acf":[],"yoast_head":"<!-- This site is optimized with the Yoast SEO plugin v27.2 - https:\/\/yoast.com\/product\/yoast-seo-wordpress\/ -->\n<title>Parada Gay congestiona a praia de Copacabana e cobra criminaliza\u00e7\u00e3o da homofobia - Notibras<\/title>\n<meta name=\"robots\" content=\"index, follow, max-snippet:-1, max-image-preview:large, max-video-preview:-1\" \/>\n<link rel=\"canonical\" href=\"https:\/\/www.notibras.com\/site\/gays-invadem-copacabana-e-pedem-criminalizacao-da-homofobia\/\" \/>\n<meta property=\"og:locale\" content=\"pt_BR\" \/>\n<meta property=\"og:type\" content=\"article\" \/>\n<meta property=\"og:title\" content=\"Parada Gay congestiona a praia de Copacabana e cobra criminaliza\u00e7\u00e3o da homofobia - Notibras\" \/>\n<meta property=\"og:description\" content=\"Com o tema Somos Milh\u00f5es de Vozes, a 19\u00aa Parada do Orgulho LGBT (l\u00e9sbicas, gays, bissexuais e transg\u00eaneros) do Rio atraiu milhares de pessoas na orla da Praia de Copacabana, na zona sul da cidade, na tarde deste domingo 17. O desfile pela Avenida Atl\u00e2ntica come\u00e7ou \u00e0s 15h. A vice-presidente do Grupo Arco-Iris, Marcellle Esteves, [&hellip;]\" \/>\n<meta property=\"og:url\" content=\"https:\/\/www.notibras.com\/site\/gays-invadem-copacabana-e-pedem-criminalizacao-da-homofobia\/\" \/>\n<meta property=\"og:site_name\" content=\"Notibras\" \/>\n<meta property=\"article:publisher\" content=\"https:\/\/www.facebook.com\/notibras\/\" \/>\n<meta property=\"article:published_time\" content=\"2014-11-16T16:48:22+00:00\" \/>\n<meta property=\"article:modified_time\" content=\"2014-11-17T02:05:22+00:00\" \/>\n<meta property=\"og:image\" content=\"https:\/\/www.notibras.com\/site\/wp-content\/uploads\/2014\/11\/g.jpg\" \/>\n\t<meta property=\"og:image:width\" content=\"750\" \/>\n\t<meta property=\"og:image:height\" content=\"500\" \/>\n\t<meta property=\"og:image:type\" content=\"image\/jpeg\" \/>\n<meta name=\"author\" content=\"Reda\u00e7\u00e3o\" \/>\n<meta name=\"twitter:card\" content=\"summary_large_image\" \/>\n<meta name=\"twitter:creator\" content=\"@Notibras\" \/>\n<meta name=\"twitter:site\" content=\"@Notibras\" \/>\n<meta name=\"twitter:label1\" content=\"Escrito por\" \/>\n\t<meta name=\"twitter:data1\" content=\"Reda\u00e7\u00e3o\" \/>\n\t<meta name=\"twitter:label2\" content=\"Est. tempo de leitura\" \/>\n\t<meta name=\"twitter:data2\" content=\"2 minutos\" \/>\n<script type=\"application\/ld+json\" class=\"yoast-schema-graph\">{\"@context\":\"https:\/\/schema.org\",\"@graph\":[{\"@type\":\"Article\",\"@id\":\"https:\/\/www.notibras.com\/site\/gays-invadem-copacabana-e-pedem-criminalizacao-da-homofobia\/#article\",\"isPartOf\":{\"@id\":\"https:\/\/www.notibras.com\/site\/gays-invadem-copacabana-e-pedem-criminalizacao-da-homofobia\/\"},\"author\":{\"name\":\"Reda\u00e7\u00e3o\",\"@id\":\"https:\/\/www.notibras.com\/site\/#\/schema\/person\/36ab0979449956132d3e5b517ea76ac8\"},\"headline\":\"Parada Gay congestiona a praia de Copacabana e cobra criminaliza\u00e7\u00e3o da homofobia\",\"datePublished\":\"2014-11-16T16:48:22+00:00\",\"dateModified\":\"2014-11-17T02:05:22+00:00\",\"mainEntityOfPage\":{\"@id\":\"https:\/\/www.notibras.com\/site\/gays-invadem-copacabana-e-pedem-criminalizacao-da-homofobia\/\"},\"wordCount\":351,\"commentCount\":0,\"publisher\":{\"@id\":\"https:\/\/www.notibras.com\/site\/#organization\"},\"image\":{\"@id\":\"https:\/\/www.notibras.com\/site\/gays-invadem-copacabana-e-pedem-criminalizacao-da-homofobia\/#primaryimage\"},\"thumbnailUrl\":\"https:\/\/www.notibras.com\/site\/wp-content\/uploads\/2014\/11\/g.jpg\",\"articleSection\":[\"Brasil\"],\"inLanguage\":\"pt-BR\",\"potentialAction\":[{\"@type\":\"CommentAction\",\"name\":\"Comment\",\"target\":[\"https:\/\/www.notibras.com\/site\/gays-invadem-copacabana-e-pedem-criminalizacao-da-homofobia\/#respond\"]}]},{\"@type\":\"WebPage\",\"@id\":\"https:\/\/www.notibras.com\/site\/gays-invadem-copacabana-e-pedem-criminalizacao-da-homofobia\/\",\"url\":\"https:\/\/www.notibras.com\/site\/gays-invadem-copacabana-e-pedem-criminalizacao-da-homofobia\/\",\"name\":\"Parada Gay congestiona a praia de Copacabana e cobra criminaliza\u00e7\u00e3o da homofobia - Notibras\",\"isPartOf\":{\"@id\":\"https:\/\/www.notibras.com\/site\/#website\"},\"primaryImageOfPage\":{\"@id\":\"https:\/\/www.notibras.com\/site\/gays-invadem-copacabana-e-pedem-criminalizacao-da-homofobia\/#primaryimage\"},\"image\":{\"@id\":\"https:\/\/www.notibras.com\/site\/gays-invadem-copacabana-e-pedem-criminalizacao-da-homofobia\/#primaryimage\"},\"thumbnailUrl\":\"https:\/\/www.notibras.com\/site\/wp-content\/uploads\/2014\/11\/g.jpg\",\"datePublished\":\"2014-11-16T16:48:22+00:00\",\"dateModified\":\"2014-11-17T02:05:22+00:00\",\"breadcrumb\":{\"@id\":\"https:\/\/www.notibras.com\/site\/gays-invadem-copacabana-e-pedem-criminalizacao-da-homofobia\/#breadcrumb\"},\"inLanguage\":\"pt-BR\",\"potentialAction\":[{\"@type\":\"ReadAction\",\"target\":[\"https:\/\/www.notibras.com\/site\/gays-invadem-copacabana-e-pedem-criminalizacao-da-homofobia\/\"]}]},{\"@type\":\"ImageObject\",\"inLanguage\":\"pt-BR\",\"@id\":\"https:\/\/www.notibras.com\/site\/gays-invadem-copacabana-e-pedem-criminalizacao-da-homofobia\/#primaryimage\",\"url\":\"https:\/\/www.notibras.com\/site\/wp-content\/uploads\/2014\/11\/g.jpg\",\"contentUrl\":\"https:\/\/www.notibras.com\/site\/wp-content\/uploads\/2014\/11\/g.jpg\",\"width\":750,\"height\":500,\"caption\":\"Foto\/Arquivo Notibras\"},{\"@type\":\"BreadcrumbList\",\"@id\":\"https:\/\/www.notibras.com\/site\/gays-invadem-copacabana-e-pedem-criminalizacao-da-homofobia\/#breadcrumb\",\"itemListElement\":[{\"@type\":\"ListItem\",\"position\":1,\"name\":\"In\u00edcio\",\"item\":\"https:\/\/www.notibras.com\/site\/\"},{\"@type\":\"ListItem\",\"position\":2,\"name\":\"Parada Gay congestiona a praia de Copacabana e cobra criminaliza\u00e7\u00e3o da homofobia\"}]},{\"@type\":\"WebSite\",\"@id\":\"https:\/\/www.notibras.com\/site\/#website\",\"url\":\"https:\/\/www.notibras.com\/site\/\",\"name\":\"Notibras\",\"description\":\"Not\u00edcias de Bras\u00edlia, do Brasil e do Mundo\",\"publisher\":{\"@id\":\"https:\/\/www.notibras.com\/site\/#organization\"},\"potentialAction\":[{\"@type\":\"SearchAction\",\"target\":{\"@type\":\"EntryPoint\",\"urlTemplate\":\"https:\/\/www.notibras.com\/site\/?s={search_term_string}\"},\"query-input\":{\"@type\":\"PropertyValueSpecification\",\"valueRequired\":true,\"valueName\":\"search_term_string\"}}],\"inLanguage\":\"pt-BR\"},{\"@type\":\"Organization\",\"@id\":\"https:\/\/www.notibras.com\/site\/#organization\",\"name\":\"Grupo Notibras de Comunica\u00e7\u00e3o\",\"url\":\"https:\/\/www.notibras.com\/site\/\",\"logo\":{\"@type\":\"ImageObject\",\"inLanguage\":\"pt-BR\",\"@id\":\"https:\/\/www.notibras.com\/site\/#\/schema\/logo\/image\/\",\"url\":\"https:\/\/www.notibras.com\/site\/wp-content\/uploads\/2023\/01\/notibras23.png\",\"contentUrl\":\"https:\/\/www.notibras.com\/site\/wp-content\/uploads\/2023\/01\/notibras23.png\",\"width\":350,\"height\":87,\"caption\":\"Grupo Notibras de Comunica\u00e7\u00e3o\"},\"image\":{\"@id\":\"https:\/\/www.notibras.com\/site\/#\/schema\/logo\/image\/\"},\"sameAs\":[\"https:\/\/www.facebook.com\/notibras\/\",\"https:\/\/x.com\/Notibras\",\"https:\/\/www.instagram.com\/notibras\/\"]},{\"@type\":\"Person\",\"@id\":\"https:\/\/www.notibras.com\/site\/#\/schema\/person\/36ab0979449956132d3e5b517ea76ac8\",\"name\":\"Reda\u00e7\u00e3o\",\"image\":{\"@type\":\"ImageObject\",\"inLanguage\":\"pt-BR\",\"@id\":\"https:\/\/secure.gravatar.com\/avatar\/e0a867bdedb85fd243eadf09663511f96fc81e0720a4a42581f334ad4303aa6b?s=96&d=mm&r=g\",\"url\":\"https:\/\/secure.gravatar.com\/avatar\/e0a867bdedb85fd243eadf09663511f96fc81e0720a4a42581f334ad4303aa6b?s=96&d=mm&r=g\",\"contentUrl\":\"https:\/\/secure.gravatar.com\/avatar\/e0a867bdedb85fd243eadf09663511f96fc81e0720a4a42581f334ad4303aa6b?s=96&d=mm&r=g\",\"caption\":\"Reda\u00e7\u00e3o\"}}]}<\/script>\n<!-- \/ Yoast SEO plugin. -->","yoast_head_json":{"title":"Parada Gay congestiona a praia de Copacabana e cobra criminaliza\u00e7\u00e3o da homofobia - Notibras","robots":{"index":"index","follow":"follow","max-snippet":"max-snippet:-1","max-image-preview":"max-image-preview:large","max-video-preview":"max-video-preview:-1"},"canonical":"https:\/\/www.notibras.com\/site\/gays-invadem-copacabana-e-pedem-criminalizacao-da-homofobia\/","og_locale":"pt_BR","og_type":"article","og_title":"Parada Gay congestiona a praia de Copacabana e cobra criminaliza\u00e7\u00e3o da homofobia - Notibras","og_description":"Com o tema Somos Milh\u00f5es de Vozes, a 19\u00aa Parada do Orgulho LGBT (l\u00e9sbicas, gays, bissexuais e transg\u00eaneros) do Rio atraiu milhares de pessoas na orla da Praia de Copacabana, na zona sul da cidade, na tarde deste domingo 17. O desfile pela Avenida Atl\u00e2ntica come\u00e7ou \u00e0s 15h. A vice-presidente do Grupo Arco-Iris, Marcellle Esteves, [&hellip;]","og_url":"https:\/\/www.notibras.com\/site\/gays-invadem-copacabana-e-pedem-criminalizacao-da-homofobia\/","og_site_name":"Notibras","article_publisher":"https:\/\/www.facebook.com\/notibras\/","article_published_time":"2014-11-16T16:48:22+00:00","article_modified_time":"2014-11-17T02:05:22+00:00","og_image":[{"width":750,"height":500,"url":"https:\/\/www.notibras.com\/site\/wp-content\/uploads\/2014\/11\/g.jpg","type":"image\/jpeg"}],"author":"Reda\u00e7\u00e3o","twitter_card":"summary_large_image","twitter_creator":"@Notibras","twitter_site":"@Notibras","twitter_misc":{"Escrito por":"Reda\u00e7\u00e3o","Est. tempo de leitura":"2 minutos"},"schema":{"@context":"https:\/\/schema.org","@graph":[{"@type":"Article","@id":"https:\/\/www.notibras.com\/site\/gays-invadem-copacabana-e-pedem-criminalizacao-da-homofobia\/#article","isPartOf":{"@id":"https:\/\/www.notibras.com\/site\/gays-invadem-copacabana-e-pedem-criminalizacao-da-homofobia\/"},"author":{"name":"Reda\u00e7\u00e3o","@id":"https:\/\/www.notibras.com\/site\/#\/schema\/person\/36ab0979449956132d3e5b517ea76ac8"},"headline":"Parada Gay congestiona a praia de Copacabana e cobra criminaliza\u00e7\u00e3o da homofobia","datePublished":"2014-11-16T16:48:22+00:00","dateModified":"2014-11-17T02:05:22+00:00","mainEntityOfPage":{"@id":"https:\/\/www.notibras.com\/site\/gays-invadem-copacabana-e-pedem-criminalizacao-da-homofobia\/"},"wordCount":351,"commentCount":0,"publisher":{"@id":"https:\/\/www.notibras.com\/site\/#organization"},"image":{"@id":"https:\/\/www.notibras.com\/site\/gays-invadem-copacabana-e-pedem-criminalizacao-da-homofobia\/#primaryimage"},"thumbnailUrl":"https:\/\/www.notibras.com\/site\/wp-content\/uploads\/2014\/11\/g.jpg","articleSection":["Brasil"],"inLanguage":"pt-BR","potentialAction":[{"@type":"CommentAction","name":"Comment","target":["https:\/\/www.notibras.com\/site\/gays-invadem-copacabana-e-pedem-criminalizacao-da-homofobia\/#respond"]}]},{"@type":"WebPage","@id":"https:\/\/www.notibras.com\/site\/gays-invadem-copacabana-e-pedem-criminalizacao-da-homofobia\/","url":"https:\/\/www.notibras.com\/site\/gays-invadem-copacabana-e-pedem-criminalizacao-da-homofobia\/","name":"Parada Gay congestiona a praia de Copacabana e cobra criminaliza\u00e7\u00e3o da homofobia - Notibras","isPartOf":{"@id":"https:\/\/www.notibras.com\/site\/#website"},"primaryImageOfPage":{"@id":"https:\/\/www.notibras.com\/site\/gays-invadem-copacabana-e-pedem-criminalizacao-da-homofobia\/#primaryimage"},"image":{"@id":"https:\/\/www.notibras.com\/site\/gays-invadem-copacabana-e-pedem-criminalizacao-da-homofobia\/#primaryimage"},"thumbnailUrl":"https:\/\/www.notibras.com\/site\/wp-content\/uploads\/2014\/11\/g.jpg","datePublished":"2014-11-16T16:48:22+00:00","dateModified":"2014-11-17T02:05:22+00:00","breadcrumb":{"@id":"https:\/\/www.notibras.com\/site\/gays-invadem-copacabana-e-pedem-criminalizacao-da-homofobia\/#breadcrumb"},"inLanguage":"pt-BR","potentialAction":[{"@type":"ReadAction","target":["https:\/\/www.notibras.com\/site\/gays-invadem-copacabana-e-pedem-criminalizacao-da-homofobia\/"]}]},{"@type":"ImageObject","inLanguage":"pt-BR","@id":"https:\/\/www.notibras.com\/site\/gays-invadem-copacabana-e-pedem-criminalizacao-da-homofobia\/#primaryimage","url":"https:\/\/www.notibras.com\/site\/wp-content\/uploads\/2014\/11\/g.jpg","contentUrl":"https:\/\/www.notibras.com\/site\/wp-content\/uploads\/2014\/11\/g.jpg","width":750,"height":500,"caption":"Foto\/Arquivo Notibras"},{"@type":"BreadcrumbList","@id":"https:\/\/www.notibras.com\/site\/gays-invadem-copacabana-e-pedem-criminalizacao-da-homofobia\/#breadcrumb","itemListElement":[{"@type":"ListItem","position":1,"name":"In\u00edcio","item":"https:\/\/www.notibras.com\/site\/"},{"@type":"ListItem","position":2,"name":"Parada Gay congestiona a praia de Copacabana e cobra criminaliza\u00e7\u00e3o da homofobia"}]},{"@type":"WebSite","@id":"https:\/\/www.notibras.com\/site\/#website","url":"https:\/\/www.notibras.com\/site\/","name":"Notibras","description":"Not\u00edcias de Bras\u00edlia, do Brasil e do Mundo","publisher":{"@id":"https:\/\/www.notibras.com\/site\/#organization"},"potentialAction":[{"@type":"SearchAction","target":{"@type":"EntryPoint","urlTemplate":"https:\/\/www.notibras.com\/site\/?s={search_term_string}"},"query-input":{"@type":"PropertyValueSpecification","valueRequired":true,"valueName":"search_term_string"}}],"inLanguage":"pt-BR"},{"@type":"Organization","@id":"https:\/\/www.notibras.com\/site\/#organization","name":"Grupo Notibras de Comunica\u00e7\u00e3o","url":"https:\/\/www.notibras.com\/site\/","logo":{"@type":"ImageObject","inLanguage":"pt-BR","@id":"https:\/\/www.notibras.com\/site\/#\/schema\/logo\/image\/","url":"https:\/\/www.notibras.com\/site\/wp-content\/uploads\/2023\/01\/notibras23.png","contentUrl":"https:\/\/www.notibras.com\/site\/wp-content\/uploads\/2023\/01\/notibras23.png","width":350,"height":87,"caption":"Grupo Notibras de Comunica\u00e7\u00e3o"},"image":{"@id":"https:\/\/www.notibras.com\/site\/#\/schema\/logo\/image\/"},"sameAs":["https:\/\/www.facebook.com\/notibras\/","https:\/\/x.com\/Notibras","https:\/\/www.instagram.com\/notibras\/"]},{"@type":"Person","@id":"https:\/\/www.notibras.com\/site\/#\/schema\/person\/36ab0979449956132d3e5b517ea76ac8","name":"Reda\u00e7\u00e3o","image":{"@type":"ImageObject","inLanguage":"pt-BR","@id":"https:\/\/secure.gravatar.com\/avatar\/e0a867bdedb85fd243eadf09663511f96fc81e0720a4a42581f334ad4303aa6b?s=96&d=mm&r=g","url":"https:\/\/secure.gravatar.com\/avatar\/e0a867bdedb85fd243eadf09663511f96fc81e0720a4a42581f334ad4303aa6b?s=96&d=mm&r=g","contentUrl":"https:\/\/secure.gravatar.com\/avatar\/e0a867bdedb85fd243eadf09663511f96fc81e0720a4a42581f334ad4303aa6b?s=96&d=mm&r=g","caption":"Reda\u00e7\u00e3o"}}]}},"amp_enabled":true,"_links":{"self":[{"href":"https:\/\/www.notibras.com\/site\/wp-json\/wp\/v2\/posts\/28479","targetHints":{"allow":["GET"]}}],"collection":[{"href":"https:\/\/www.notibras.com\/site\/wp-json\/wp\/v2\/posts"}],"about":[{"href":"https:\/\/www.notibras.com\/site\/wp-json\/wp\/v2\/types\/post"}],"author":[{"embeddable":true,"href":"https:\/\/www.notibras.com\/site\/wp-json\/wp\/v2\/users\/2"}],"replies":[{"embeddable":true,"href":"https:\/\/www.notibras.com\/site\/wp-json\/wp\/v2\/comments?post=28479"}],"version-history":[{"count":0,"href":"https:\/\/www.notibras.com\/site\/wp-json\/wp\/v2\/posts\/28479\/revisions"}],"wp:featuredmedia":[{"embeddable":true,"href":"https:\/\/www.notibras.com\/site\/wp-json\/wp\/v2\/media\/28480"}],"wp:attachment":[{"href":"https:\/\/www.notibras.com\/site\/wp-json\/wp\/v2\/media?parent=28479"}],"wp:term":[{"taxonomy":"category","embeddable":true,"href":"https:\/\/www.notibras.com\/site\/wp-json\/wp\/v2\/categories?post=28479"},{"taxonomy":"post_tag","embeddable":true,"href":"https:\/\/www.notibras.com\/site\/wp-json\/wp\/v2\/tags?post=28479"}],"curies":[{"name":"wp","href":"https:\/\/api.w.org\/{rel}","templated":true}]}}