{"id":28498,"date":"2014-11-16T18:10:33","date_gmt":"2014-11-16T21:10:33","guid":{"rendered":"http:\/\/www.notibras.com\/site\/?p=28498"},"modified":"2014-11-16T18:10:33","modified_gmt":"2014-11-16T21:10:33","slug":"sport-surpreende-e-bate-furacao-na-arena-da-baixada-por-1-a-0","status":"publish","type":"post","link":"https:\/\/www.notibras.com\/site\/sport-surpreende-e-bate-furacao-na-arena-da-baixada-por-1-a-0\/","title":{"rendered":"Sport surpreende e bate Furac\u00e3o na Arena da Baixada por 1 a 0"},"content":{"rendered":"<p>Contando um belo gol de Diego Souza, o Sport derrotou o Atl\u00e9tico-PR por 1 a 0 neste domingo, na Arena da Baixada, pela 34\u00aa rodada do Campeonato Brasileiro, e deu um passo importante para evitar o rebaixamento. O goleiro Magr\u00e3o foi outro destaque do time pernambucano ao defender um p\u00eanalti cobrado por Cl\u00e9o, quando sua equipe j\u00e1 vencia a partida.<\/p>\n<p>Os visitantes chegaram aos 44 pontos e abriram vantagem sobre os \u00faltimos colocados. Por outro lado, a equipe mandante segue com 46 e continua em uma posi\u00e7\u00e3o intermedi\u00e1ria da tabela de classifica\u00e7\u00e3o.<strong><\/p>\n<p><\/strong>A partida come\u00e7ou com o Atl\u00e9tico-PR dominando as principais a\u00e7\u00f5es e quase saiu na frente, aos seis. Marcelo cruzou para a \u00e1rea, Marcos Guilherme desviou e Ewerton P\u00e1scoa salvou o Sport ao fazer o corte.<\/p>\n<p>Precisando da vit\u00f3ria para se afastar das \u00faltimas coloca\u00e7\u00f5es, o time pernambucano n\u00e3o conseguia encontrar seu melhor jogo e encontrava um sistema defensivo bem armado pelo Atl\u00e9tico-PR. A equipe visitante n\u00e3o conseguia entrar na \u00e1rea advers\u00e1ria e s\u00f3 assustava em cobran\u00e7as de falta.<\/p>\n<p>Mesmo tendo maior posse de bola, o Atl\u00e9tico-PR n\u00e3o conseguia finalizar com perigo e Magr\u00e3o tinha pouco trabalho. No fim da etapa, aos 43, o Sport criou a melhor chance quando Mike cabeceou e Weverton defendeu no susto. O primeiro tempo terminou mesmo empatado sem gols.<\/p>\n<p>O segundo tempo come\u00e7ou movimentado e com boas oportunidades. O Sport acabou saindo na frente, aos oito, em um belo gol de Diego Souza. Mike recebeu passe de Joelinton, finalizou cruzado, Weverton defendeu parcialmente e o meia emendou um voleio para deixar sua marca.<\/p>\n<p>Os donos da casa tentaram reagir, mas encontraram pela frente uma equipe recuada na expectativa de aumentar a vantagem em um contra-ataque. A press\u00e3o aumentou e Eduardo Baptista fez duas mudan\u00e7as para melhorar a defesa do Sport. O t\u00e9cnico sacou os atacantes Joelinton e Mike para colocar os volantes Wendel e Augusto, respectivamente.<\/p>\n<p>O Atl\u00e9tico-PR teve um p\u00eanalti marcado a seu favor, aos 27, quando Marcelo tentou driblar Danilo e a bola bateu no bra\u00e7o do meio-campo. Cl\u00e9o cobrou no minuto seguinte e Magr\u00e3o defendeu para manter a vit\u00f3ria do Sport.<\/p>\n<p>A equipe paranaense continuou buscando o empate, mas o time pernambucano se defendeu com qualidade para manter a vit\u00f3ria e seguir longe da zona de rebaixamento.<\/p>\n","protected":false},"excerpt":{"rendered":"<p>Contando um belo gol de Diego Souza, o Sport derrotou o Atl\u00e9tico-PR por 1 a 0 neste domingo, na Arena da Baixada, pela 34\u00aa rodada do Campeonato Brasileiro, e deu um passo importante para evitar o rebaixamento. O goleiro Magr\u00e3o foi outro destaque do time pernambucano ao defender um p\u00eanalti cobrado por Cl\u00e9o, quando sua [&hellip;]<\/p>\n","protected":false},"author":2,"featured_media":28499,"comment_status":"open","ping_status":"closed","sticky":false,"template":"","format":"standard","meta":{"_acf_changed":false,"footnotes":""},"categories":[19,29],"tags":[],"class_list":["post-28498","post","type-post","status-publish","format-standard","has-post-thumbnail","hentry","category-esportes","category-futebol"],"acf":[],"yoast_head":"<!-- This site is optimized with the Yoast SEO plugin v27.2 - https:\/\/yoast.com\/product\/yoast-seo-wordpress\/ -->\n<title>Sport surpreende e bate Furac\u00e3o na Arena da Baixada por 1 a 0 - Notibras<\/title>\n<meta name=\"robots\" content=\"index, follow, max-snippet:-1, max-image-preview:large, max-video-preview:-1\" \/>\n<link rel=\"canonical\" href=\"https:\/\/www.notibras.com\/site\/sport-surpreende-e-bate-furacao-na-arena-da-baixada-por-1-a-0\/\" \/>\n<meta property=\"og:locale\" content=\"pt_BR\" \/>\n<meta property=\"og:type\" content=\"article\" \/>\n<meta property=\"og:title\" content=\"Sport surpreende e bate Furac\u00e3o na Arena da Baixada por 1 a 0 - Notibras\" \/>\n<meta property=\"og:description\" content=\"Contando um belo gol de Diego Souza, o Sport derrotou o Atl\u00e9tico-PR por 1 a 0 neste domingo, na Arena da Baixada, pela 34\u00aa rodada do Campeonato Brasileiro, e deu um passo importante para evitar o rebaixamento. O goleiro Magr\u00e3o foi outro destaque do time pernambucano ao defender um p\u00eanalti cobrado por Cl\u00e9o, quando sua [&hellip;]\" \/>\n<meta property=\"og:url\" content=\"https:\/\/www.notibras.com\/site\/sport-surpreende-e-bate-furacao-na-arena-da-baixada-por-1-a-0\/\" \/>\n<meta property=\"og:site_name\" content=\"Notibras\" \/>\n<meta property=\"article:publisher\" content=\"https:\/\/www.facebook.com\/notibras\/\" \/>\n<meta property=\"article:published_time\" content=\"2014-11-16T21:10:33+00:00\" \/>\n<meta property=\"og:image\" content=\"https:\/\/www.notibras.com\/site\/wp-content\/uploads\/2014\/11\/spo.jpg\" \/>\n\t<meta property=\"og:image:width\" content=\"615\" \/>\n\t<meta property=\"og:image:height\" content=\"300\" \/>\n\t<meta property=\"og:image:type\" content=\"image\/jpeg\" \/>\n<meta name=\"author\" content=\"Reda\u00e7\u00e3o\" \/>\n<meta name=\"twitter:card\" content=\"summary_large_image\" \/>\n<meta name=\"twitter:creator\" content=\"@Notibras\" \/>\n<meta name=\"twitter:site\" content=\"@Notibras\" \/>\n<meta name=\"twitter:label1\" content=\"Escrito por\" \/>\n\t<meta name=\"twitter:data1\" content=\"Reda\u00e7\u00e3o\" \/>\n\t<meta name=\"twitter:label2\" content=\"Est. tempo de leitura\" \/>\n\t<meta name=\"twitter:data2\" content=\"2 minutos\" \/>\n<script type=\"application\/ld+json\" class=\"yoast-schema-graph\">{\"@context\":\"https:\/\/schema.org\",\"@graph\":[{\"@type\":\"Article\",\"@id\":\"https:\/\/www.notibras.com\/site\/sport-surpreende-e-bate-furacao-na-arena-da-baixada-por-1-a-0\/#article\",\"isPartOf\":{\"@id\":\"https:\/\/www.notibras.com\/site\/sport-surpreende-e-bate-furacao-na-arena-da-baixada-por-1-a-0\/\"},\"author\":{\"name\":\"Reda\u00e7\u00e3o\",\"@id\":\"https:\/\/www.notibras.com\/site\/#\/schema\/person\/36ab0979449956132d3e5b517ea76ac8\"},\"headline\":\"Sport surpreende e bate Furac\u00e3o na Arena da Baixada por 1 a 0\",\"datePublished\":\"2014-11-16T21:10:33+00:00\",\"mainEntityOfPage\":{\"@id\":\"https:\/\/www.notibras.com\/site\/sport-surpreende-e-bate-furacao-na-arena-da-baixada-por-1-a-0\/\"},\"wordCount\":414,\"commentCount\":0,\"publisher\":{\"@id\":\"https:\/\/www.notibras.com\/site\/#organization\"},\"image\":{\"@id\":\"https:\/\/www.notibras.com\/site\/sport-surpreende-e-bate-furacao-na-arena-da-baixada-por-1-a-0\/#primaryimage\"},\"thumbnailUrl\":\"https:\/\/www.notibras.com\/site\/wp-content\/uploads\/2014\/11\/spo.jpg\",\"articleSection\":[\"Esportes\",\"Futebol\"],\"inLanguage\":\"pt-BR\",\"potentialAction\":[{\"@type\":\"CommentAction\",\"name\":\"Comment\",\"target\":[\"https:\/\/www.notibras.com\/site\/sport-surpreende-e-bate-furacao-na-arena-da-baixada-por-1-a-0\/#respond\"]}]},{\"@type\":\"WebPage\",\"@id\":\"https:\/\/www.notibras.com\/site\/sport-surpreende-e-bate-furacao-na-arena-da-baixada-por-1-a-0\/\",\"url\":\"https:\/\/www.notibras.com\/site\/sport-surpreende-e-bate-furacao-na-arena-da-baixada-por-1-a-0\/\",\"name\":\"Sport surpreende e bate Furac\u00e3o na Arena da Baixada por 1 a 0 - Notibras\",\"isPartOf\":{\"@id\":\"https:\/\/www.notibras.com\/site\/#website\"},\"primaryImageOfPage\":{\"@id\":\"https:\/\/www.notibras.com\/site\/sport-surpreende-e-bate-furacao-na-arena-da-baixada-por-1-a-0\/#primaryimage\"},\"image\":{\"@id\":\"https:\/\/www.notibras.com\/site\/sport-surpreende-e-bate-furacao-na-arena-da-baixada-por-1-a-0\/#primaryimage\"},\"thumbnailUrl\":\"https:\/\/www.notibras.com\/site\/wp-content\/uploads\/2014\/11\/spo.jpg\",\"datePublished\":\"2014-11-16T21:10:33+00:00\",\"breadcrumb\":{\"@id\":\"https:\/\/www.notibras.com\/site\/sport-surpreende-e-bate-furacao-na-arena-da-baixada-por-1-a-0\/#breadcrumb\"},\"inLanguage\":\"pt-BR\",\"potentialAction\":[{\"@type\":\"ReadAction\",\"target\":[\"https:\/\/www.notibras.com\/site\/sport-surpreende-e-bate-furacao-na-arena-da-baixada-por-1-a-0\/\"]}]},{\"@type\":\"ImageObject\",\"inLanguage\":\"pt-BR\",\"@id\":\"https:\/\/www.notibras.com\/site\/sport-surpreende-e-bate-furacao-na-arena-da-baixada-por-1-a-0\/#primaryimage\",\"url\":\"https:\/\/www.notibras.com\/site\/wp-content\/uploads\/2014\/11\/spo.jpg\",\"contentUrl\":\"https:\/\/www.notibras.com\/site\/wp-content\/uploads\/2014\/11\/spo.jpg\",\"width\":615,\"height\":300},{\"@type\":\"BreadcrumbList\",\"@id\":\"https:\/\/www.notibras.com\/site\/sport-surpreende-e-bate-furacao-na-arena-da-baixada-por-1-a-0\/#breadcrumb\",\"itemListElement\":[{\"@type\":\"ListItem\",\"position\":1,\"name\":\"In\u00edcio\",\"item\":\"https:\/\/www.notibras.com\/site\/\"},{\"@type\":\"ListItem\",\"position\":2,\"name\":\"Sport surpreende e bate Furac\u00e3o na Arena da Baixada por 1 a 0\"}]},{\"@type\":\"WebSite\",\"@id\":\"https:\/\/www.notibras.com\/site\/#website\",\"url\":\"https:\/\/www.notibras.com\/site\/\",\"name\":\"Notibras\",\"description\":\"Not\u00edcias de Bras\u00edlia, do Brasil e do Mundo\",\"publisher\":{\"@id\":\"https:\/\/www.notibras.com\/site\/#organization\"},\"potentialAction\":[{\"@type\":\"SearchAction\",\"target\":{\"@type\":\"EntryPoint\",\"urlTemplate\":\"https:\/\/www.notibras.com\/site\/?s={search_term_string}\"},\"query-input\":{\"@type\":\"PropertyValueSpecification\",\"valueRequired\":true,\"valueName\":\"search_term_string\"}}],\"inLanguage\":\"pt-BR\"},{\"@type\":\"Organization\",\"@id\":\"https:\/\/www.notibras.com\/site\/#organization\",\"name\":\"Grupo Notibras de Comunica\u00e7\u00e3o\",\"url\":\"https:\/\/www.notibras.com\/site\/\",\"logo\":{\"@type\":\"ImageObject\",\"inLanguage\":\"pt-BR\",\"@id\":\"https:\/\/www.notibras.com\/site\/#\/schema\/logo\/image\/\",\"url\":\"https:\/\/www.notibras.com\/site\/wp-content\/uploads\/2023\/01\/notibras23.png\",\"contentUrl\":\"https:\/\/www.notibras.com\/site\/wp-content\/uploads\/2023\/01\/notibras23.png\",\"width\":350,\"height\":87,\"caption\":\"Grupo Notibras de Comunica\u00e7\u00e3o\"},\"image\":{\"@id\":\"https:\/\/www.notibras.com\/site\/#\/schema\/logo\/image\/\"},\"sameAs\":[\"https:\/\/www.facebook.com\/notibras\/\",\"https:\/\/x.com\/Notibras\",\"https:\/\/www.instagram.com\/notibras\/\"]},{\"@type\":\"Person\",\"@id\":\"https:\/\/www.notibras.com\/site\/#\/schema\/person\/36ab0979449956132d3e5b517ea76ac8\",\"name\":\"Reda\u00e7\u00e3o\",\"image\":{\"@type\":\"ImageObject\",\"inLanguage\":\"pt-BR\",\"@id\":\"https:\/\/secure.gravatar.com\/avatar\/e0a867bdedb85fd243eadf09663511f96fc81e0720a4a42581f334ad4303aa6b?s=96&d=mm&r=g\",\"url\":\"https:\/\/secure.gravatar.com\/avatar\/e0a867bdedb85fd243eadf09663511f96fc81e0720a4a42581f334ad4303aa6b?s=96&d=mm&r=g\",\"contentUrl\":\"https:\/\/secure.gravatar.com\/avatar\/e0a867bdedb85fd243eadf09663511f96fc81e0720a4a42581f334ad4303aa6b?s=96&d=mm&r=g\",\"caption\":\"Reda\u00e7\u00e3o\"}}]}<\/script>\n<!-- \/ Yoast SEO plugin. -->","yoast_head_json":{"title":"Sport surpreende e bate Furac\u00e3o na Arena da Baixada por 1 a 0 - Notibras","robots":{"index":"index","follow":"follow","max-snippet":"max-snippet:-1","max-image-preview":"max-image-preview:large","max-video-preview":"max-video-preview:-1"},"canonical":"https:\/\/www.notibras.com\/site\/sport-surpreende-e-bate-furacao-na-arena-da-baixada-por-1-a-0\/","og_locale":"pt_BR","og_type":"article","og_title":"Sport surpreende e bate Furac\u00e3o na Arena da Baixada por 1 a 0 - Notibras","og_description":"Contando um belo gol de Diego Souza, o Sport derrotou o Atl\u00e9tico-PR por 1 a 0 neste domingo, na Arena da Baixada, pela 34\u00aa rodada do Campeonato Brasileiro, e deu um passo importante para evitar o rebaixamento. O goleiro Magr\u00e3o foi outro destaque do time pernambucano ao defender um p\u00eanalti cobrado por Cl\u00e9o, quando sua [&hellip;]","og_url":"https:\/\/www.notibras.com\/site\/sport-surpreende-e-bate-furacao-na-arena-da-baixada-por-1-a-0\/","og_site_name":"Notibras","article_publisher":"https:\/\/www.facebook.com\/notibras\/","article_published_time":"2014-11-16T21:10:33+00:00","og_image":[{"width":615,"height":300,"url":"https:\/\/www.notibras.com\/site\/wp-content\/uploads\/2014\/11\/spo.jpg","type":"image\/jpeg"}],"author":"Reda\u00e7\u00e3o","twitter_card":"summary_large_image","twitter_creator":"@Notibras","twitter_site":"@Notibras","twitter_misc":{"Escrito por":"Reda\u00e7\u00e3o","Est. tempo de leitura":"2 minutos"},"schema":{"@context":"https:\/\/schema.org","@graph":[{"@type":"Article","@id":"https:\/\/www.notibras.com\/site\/sport-surpreende-e-bate-furacao-na-arena-da-baixada-por-1-a-0\/#article","isPartOf":{"@id":"https:\/\/www.notibras.com\/site\/sport-surpreende-e-bate-furacao-na-arena-da-baixada-por-1-a-0\/"},"author":{"name":"Reda\u00e7\u00e3o","@id":"https:\/\/www.notibras.com\/site\/#\/schema\/person\/36ab0979449956132d3e5b517ea76ac8"},"headline":"Sport surpreende e bate Furac\u00e3o na Arena da Baixada por 1 a 0","datePublished":"2014-11-16T21:10:33+00:00","mainEntityOfPage":{"@id":"https:\/\/www.notibras.com\/site\/sport-surpreende-e-bate-furacao-na-arena-da-baixada-por-1-a-0\/"},"wordCount":414,"commentCount":0,"publisher":{"@id":"https:\/\/www.notibras.com\/site\/#organization"},"image":{"@id":"https:\/\/www.notibras.com\/site\/sport-surpreende-e-bate-furacao-na-arena-da-baixada-por-1-a-0\/#primaryimage"},"thumbnailUrl":"https:\/\/www.notibras.com\/site\/wp-content\/uploads\/2014\/11\/spo.jpg","articleSection":["Esportes","Futebol"],"inLanguage":"pt-BR","potentialAction":[{"@type":"CommentAction","name":"Comment","target":["https:\/\/www.notibras.com\/site\/sport-surpreende-e-bate-furacao-na-arena-da-baixada-por-1-a-0\/#respond"]}]},{"@type":"WebPage","@id":"https:\/\/www.notibras.com\/site\/sport-surpreende-e-bate-furacao-na-arena-da-baixada-por-1-a-0\/","url":"https:\/\/www.notibras.com\/site\/sport-surpreende-e-bate-furacao-na-arena-da-baixada-por-1-a-0\/","name":"Sport surpreende e bate Furac\u00e3o na Arena da Baixada por 1 a 0 - Notibras","isPartOf":{"@id":"https:\/\/www.notibras.com\/site\/#website"},"primaryImageOfPage":{"@id":"https:\/\/www.notibras.com\/site\/sport-surpreende-e-bate-furacao-na-arena-da-baixada-por-1-a-0\/#primaryimage"},"image":{"@id":"https:\/\/www.notibras.com\/site\/sport-surpreende-e-bate-furacao-na-arena-da-baixada-por-1-a-0\/#primaryimage"},"thumbnailUrl":"https:\/\/www.notibras.com\/site\/wp-content\/uploads\/2014\/11\/spo.jpg","datePublished":"2014-11-16T21:10:33+00:00","breadcrumb":{"@id":"https:\/\/www.notibras.com\/site\/sport-surpreende-e-bate-furacao-na-arena-da-baixada-por-1-a-0\/#breadcrumb"},"inLanguage":"pt-BR","potentialAction":[{"@type":"ReadAction","target":["https:\/\/www.notibras.com\/site\/sport-surpreende-e-bate-furacao-na-arena-da-baixada-por-1-a-0\/"]}]},{"@type":"ImageObject","inLanguage":"pt-BR","@id":"https:\/\/www.notibras.com\/site\/sport-surpreende-e-bate-furacao-na-arena-da-baixada-por-1-a-0\/#primaryimage","url":"https:\/\/www.notibras.com\/site\/wp-content\/uploads\/2014\/11\/spo.jpg","contentUrl":"https:\/\/www.notibras.com\/site\/wp-content\/uploads\/2014\/11\/spo.jpg","width":615,"height":300},{"@type":"BreadcrumbList","@id":"https:\/\/www.notibras.com\/site\/sport-surpreende-e-bate-furacao-na-arena-da-baixada-por-1-a-0\/#breadcrumb","itemListElement":[{"@type":"ListItem","position":1,"name":"In\u00edcio","item":"https:\/\/www.notibras.com\/site\/"},{"@type":"ListItem","position":2,"name":"Sport surpreende e bate Furac\u00e3o na Arena da Baixada por 1 a 0"}]},{"@type":"WebSite","@id":"https:\/\/www.notibras.com\/site\/#website","url":"https:\/\/www.notibras.com\/site\/","name":"Notibras","description":"Not\u00edcias de Bras\u00edlia, do Brasil e do Mundo","publisher":{"@id":"https:\/\/www.notibras.com\/site\/#organization"},"potentialAction":[{"@type":"SearchAction","target":{"@type":"EntryPoint","urlTemplate":"https:\/\/www.notibras.com\/site\/?s={search_term_string}"},"query-input":{"@type":"PropertyValueSpecification","valueRequired":true,"valueName":"search_term_string"}}],"inLanguage":"pt-BR"},{"@type":"Organization","@id":"https:\/\/www.notibras.com\/site\/#organization","name":"Grupo Notibras de Comunica\u00e7\u00e3o","url":"https:\/\/www.notibras.com\/site\/","logo":{"@type":"ImageObject","inLanguage":"pt-BR","@id":"https:\/\/www.notibras.com\/site\/#\/schema\/logo\/image\/","url":"https:\/\/www.notibras.com\/site\/wp-content\/uploads\/2023\/01\/notibras23.png","contentUrl":"https:\/\/www.notibras.com\/site\/wp-content\/uploads\/2023\/01\/notibras23.png","width":350,"height":87,"caption":"Grupo Notibras de Comunica\u00e7\u00e3o"},"image":{"@id":"https:\/\/www.notibras.com\/site\/#\/schema\/logo\/image\/"},"sameAs":["https:\/\/www.facebook.com\/notibras\/","https:\/\/x.com\/Notibras","https:\/\/www.instagram.com\/notibras\/"]},{"@type":"Person","@id":"https:\/\/www.notibras.com\/site\/#\/schema\/person\/36ab0979449956132d3e5b517ea76ac8","name":"Reda\u00e7\u00e3o","image":{"@type":"ImageObject","inLanguage":"pt-BR","@id":"https:\/\/secure.gravatar.com\/avatar\/e0a867bdedb85fd243eadf09663511f96fc81e0720a4a42581f334ad4303aa6b?s=96&d=mm&r=g","url":"https:\/\/secure.gravatar.com\/avatar\/e0a867bdedb85fd243eadf09663511f96fc81e0720a4a42581f334ad4303aa6b?s=96&d=mm&r=g","contentUrl":"https:\/\/secure.gravatar.com\/avatar\/e0a867bdedb85fd243eadf09663511f96fc81e0720a4a42581f334ad4303aa6b?s=96&d=mm&r=g","caption":"Reda\u00e7\u00e3o"}}]}},"amp_enabled":true,"_links":{"self":[{"href":"https:\/\/www.notibras.com\/site\/wp-json\/wp\/v2\/posts\/28498","targetHints":{"allow":["GET"]}}],"collection":[{"href":"https:\/\/www.notibras.com\/site\/wp-json\/wp\/v2\/posts"}],"about":[{"href":"https:\/\/www.notibras.com\/site\/wp-json\/wp\/v2\/types\/post"}],"author":[{"embeddable":true,"href":"https:\/\/www.notibras.com\/site\/wp-json\/wp\/v2\/users\/2"}],"replies":[{"embeddable":true,"href":"https:\/\/www.notibras.com\/site\/wp-json\/wp\/v2\/comments?post=28498"}],"version-history":[{"count":0,"href":"https:\/\/www.notibras.com\/site\/wp-json\/wp\/v2\/posts\/28498\/revisions"}],"wp:featuredmedia":[{"embeddable":true,"href":"https:\/\/www.notibras.com\/site\/wp-json\/wp\/v2\/media\/28499"}],"wp:attachment":[{"href":"https:\/\/www.notibras.com\/site\/wp-json\/wp\/v2\/media?parent=28498"}],"wp:term":[{"taxonomy":"category","embeddable":true,"href":"https:\/\/www.notibras.com\/site\/wp-json\/wp\/v2\/categories?post=28498"},{"taxonomy":"post_tag","embeddable":true,"href":"https:\/\/www.notibras.com\/site\/wp-json\/wp\/v2\/tags?post=28498"}],"curies":[{"name":"wp","href":"https:\/\/api.w.org\/{rel}","templated":true}]}}