{"id":285025,"date":"2022-05-05T00:17:22","date_gmt":"2022-05-05T03:17:22","guid":{"rendered":"https:\/\/www.notibras.com\/site\/?p=285025"},"modified":"2022-05-05T00:20:01","modified_gmt":"2022-05-05T03:20:01","slug":"russia-passa-a-mirar-armas-que-eua-e-otan-mandam-a-ucrania","status":"publish","type":"post","link":"https:\/\/www.notibras.com\/site\/russia-passa-a-mirar-armas-que-eua-e-otan-mandam-a-ucrania\/","title":{"rendered":"R\u00fassia passa a mirar armas que EUA e Otan mandam \u00e0 Ucr\u00e2nia"},"content":{"rendered":"<p>O ministro da Defesa russo, Sergei Shoigu, disse que qualquer ve\u00edculo da Otan que chegue \u00e0 Ucr\u00e2nia com armas ou equipamentos para as for\u00e7as ucranianas. ser\u00e1 considerado um alvo leg\u00edtimo para destrui\u00e7\u00e3o.<\/p>\n<p>&#8220;Os Estados Unidos e seus aliados da Otan continuam a entregar armas na Ucr\u00e2nia. Posso confirmar que qualquer transporte da Alian\u00e7a do Atl\u00e2ntico Norte que chegue ao pa\u00eds com armas ou material para as for\u00e7as armadas ucranianas ser\u00e1 considerado por n\u00f3s como um alvo leg\u00edtimo para destrui\u00e7\u00e3o&#8221;, advertiu Shoigu.<\/p>\n<p>Segundo ele, durante a opera\u00e7\u00e3o especial de Moscou contra Kiev, os militares russos &#8220;demonstraram coragem e bravura, cumprindo honrosamente seu dever militar e garantindo a seguran\u00e7a da popula\u00e7\u00e3o civil de Donbass&#8221;.<\/p>\n<p>Mais cedo, Moscou alertou que a contribui\u00e7\u00e3o de armas do Ocidente para a Ucr\u00e2nia amea\u00e7a minar as negocia\u00e7\u00f5es de paz, sem mencionar a probabilidade de que elas caiam em m\u00e3os erradas.<\/p>\n<p>Desde que a R\u00fassia lan\u00e7ou sua opera\u00e7\u00e3o militar especial na Ucr\u00e2nia em fevereiro, os EUA, seus aliados da Otan e a Uni\u00e3o Europia aumentaram o fornecimento de armas para a Ucr\u00e2nia.<\/p>\n<p>Na ter\u00e7a, 3, o governo do Reino Unido anunciou que fornecer\u00e1 \u00e0 Ucr\u00e2nia um pacote de ajuda militar de US$ 375 milh\u00f5es. Antes, o presidente dos EUA, Joe Biden, pediu ao Congresso US$ 33 bilh\u00f5es em financiamento suplementar de emerg\u00eancia para apoiar a Ucr\u00e2nia, incluindo US$ 20 bilh\u00f5es para assist\u00eancia militar.<\/p>\n<p>O pedido se soma a cerca de US$ 4 bilh\u00f5es em ajuda militar que o governo Biden j\u00e1 destinou \u00e0 Ucr\u00e2nia, US$ 3,4 bilh\u00f5es dos quais vieram depois que a R\u00fassia lan\u00e7ou sua opera\u00e7\u00e3o militar no final de fevereiro.<\/p>\n<p>Em meio \u00e0s entregas de armas e equipamentos militares, discute-se a necessidade de abastecer a Ucr\u00e2nia com armas pesadas, tanques, avi\u00f5es de guerra, etc. Embora alguns pa\u00edses, como o Reino Unido, solicitem esse tipo de suprimento, outros se op\u00f5em \u00e0 ideia.<\/p>\n<p>Mais cedo, o chanceler alem\u00e3o Olaf Scholz disse que os militares alem\u00e3es n\u00e3o podem mais fornecer armas para a Ucr\u00e2nia, pois os estoques de armas do pa\u00eds est\u00e3o praticamente esgotados.<\/p>\n<p>Por sua vez, o apoio p\u00fablico \u00e0s entregas de armas pesadas alem\u00e3s para a Ucr\u00e2nia diminuiu para 46%, de 55% h\u00e1 duas semanas e 60% no in\u00edcio de abril, com o n\u00famero de cr\u00edticos aumentando 10 pontos percentuais.<\/p>\n<p>Em 28 de abril, o porta-voz do Kremlin, Dmitry Peskov, disse que a tend\u00eancia de entregar armas pesadas \u00e0 Ucr\u00e2nia por outros pa\u00edses est\u00e1 amea\u00e7ando a seguran\u00e7a do continente europeu.<\/p>\n","protected":false},"excerpt":{"rendered":"<p>O ministro da Defesa russo, Sergei Shoigu, disse que qualquer ve\u00edculo da Otan que chegue \u00e0 Ucr\u00e2nia com armas ou equipamentos para as for\u00e7as ucranianas. ser\u00e1 considerado um alvo leg\u00edtimo para destrui\u00e7\u00e3o. &#8220;Os Estados Unidos e seus aliados da Otan continuam a entregar armas na Ucr\u00e2nia. Posso confirmar que qualquer transporte da Alian\u00e7a do Atl\u00e2ntico [&hellip;]<\/p>\n","protected":false},"author":2,"featured_media":285027,"comment_status":"closed","ping_status":"closed","sticky":false,"template":"","format":"standard","meta":{"_acf_changed":false,"footnotes":""},"categories":[159],"tags":[95],"class_list":["post-285025","post","type-post","status-publish","format-standard","has-post-thumbnail","hentry","category-apocalipse","tag-capa"],"acf":[],"yoast_head":"<!-- This site is optimized with the Yoast SEO plugin v27.2 - https:\/\/yoast.com\/product\/yoast-seo-wordpress\/ -->\n<title>R\u00fassia passa a mirar armas que EUA e Otan mandam \u00e0 Ucr\u00e2nia - Notibras<\/title>\n<meta name=\"robots\" content=\"index, follow, max-snippet:-1, max-image-preview:large, max-video-preview:-1\" \/>\n<link rel=\"canonical\" href=\"https:\/\/www.notibras.com\/site\/russia-passa-a-mirar-armas-que-eua-e-otan-mandam-a-ucrania\/\" \/>\n<meta property=\"og:locale\" content=\"pt_BR\" \/>\n<meta property=\"og:type\" content=\"article\" \/>\n<meta property=\"og:title\" content=\"R\u00fassia passa a mirar armas que EUA e Otan mandam \u00e0 Ucr\u00e2nia - Notibras\" \/>\n<meta property=\"og:description\" content=\"O ministro da Defesa russo, Sergei Shoigu, disse que qualquer ve\u00edculo da Otan que chegue \u00e0 Ucr\u00e2nia com armas ou equipamentos para as for\u00e7as ucranianas. ser\u00e1 considerado um alvo leg\u00edtimo para destrui\u00e7\u00e3o. &#8220;Os Estados Unidos e seus aliados da Otan continuam a entregar armas na Ucr\u00e2nia. Posso confirmar que qualquer transporte da Alian\u00e7a do Atl\u00e2ntico [&hellip;]\" \/>\n<meta property=\"og:url\" content=\"https:\/\/www.notibras.com\/site\/russia-passa-a-mirar-armas-que-eua-e-otan-mandam-a-ucrania\/\" \/>\n<meta property=\"og:site_name\" content=\"Notibras\" \/>\n<meta property=\"article:publisher\" content=\"https:\/\/www.facebook.com\/notibras\/\" \/>\n<meta property=\"article:published_time\" content=\"2022-05-05T03:17:22+00:00\" \/>\n<meta property=\"article:modified_time\" content=\"2022-05-05T03:20:01+00:00\" \/>\n<meta property=\"og:image\" content=\"https:\/\/www.notibras.com\/site\/wp-content\/uploads\/2022\/05\/gurra.otan_.armas_.webp\" \/>\n\t<meta property=\"og:image:width\" content=\"1920\" \/>\n\t<meta property=\"og:image:height\" content=\"1080\" \/>\n\t<meta property=\"og:image:type\" content=\"image\/webp\" \/>\n<meta name=\"author\" content=\"Reda\u00e7\u00e3o\" \/>\n<meta name=\"twitter:card\" content=\"summary_large_image\" \/>\n<meta name=\"twitter:creator\" content=\"@Notibras\" \/>\n<meta name=\"twitter:site\" content=\"@Notibras\" \/>\n<meta name=\"twitter:label1\" content=\"Escrito por\" \/>\n\t<meta name=\"twitter:data1\" content=\"Reda\u00e7\u00e3o\" \/>\n\t<meta name=\"twitter:label2\" content=\"Est. tempo de leitura\" \/>\n\t<meta name=\"twitter:data2\" content=\"3 minutos\" \/>\n<script type=\"application\/ld+json\" class=\"yoast-schema-graph\">{\"@context\":\"https:\/\/schema.org\",\"@graph\":[{\"@type\":\"Article\",\"@id\":\"https:\/\/www.notibras.com\/site\/russia-passa-a-mirar-armas-que-eua-e-otan-mandam-a-ucrania\/#article\",\"isPartOf\":{\"@id\":\"https:\/\/www.notibras.com\/site\/russia-passa-a-mirar-armas-que-eua-e-otan-mandam-a-ucrania\/\"},\"author\":{\"name\":\"Reda\u00e7\u00e3o\",\"@id\":\"https:\/\/www.notibras.com\/site\/#\/schema\/person\/36ab0979449956132d3e5b517ea76ac8\"},\"headline\":\"R\u00fassia passa a mirar armas que EUA e Otan mandam \u00e0 Ucr\u00e2nia\",\"datePublished\":\"2022-05-05T03:17:22+00:00\",\"dateModified\":\"2022-05-05T03:20:01+00:00\",\"mainEntityOfPage\":{\"@id\":\"https:\/\/www.notibras.com\/site\/russia-passa-a-mirar-armas-que-eua-e-otan-mandam-a-ucrania\/\"},\"wordCount\":462,\"publisher\":{\"@id\":\"https:\/\/www.notibras.com\/site\/#organization\"},\"image\":{\"@id\":\"https:\/\/www.notibras.com\/site\/russia-passa-a-mirar-armas-que-eua-e-otan-mandam-a-ucrania\/#primaryimage\"},\"thumbnailUrl\":\"https:\/\/www.notibras.com\/site\/wp-content\/uploads\/2022\/05\/gurra.otan_.armas_.webp\",\"keywords\":[\"capa\"],\"articleSection\":[\"Apocalipse\"],\"inLanguage\":\"pt-BR\"},{\"@type\":\"WebPage\",\"@id\":\"https:\/\/www.notibras.com\/site\/russia-passa-a-mirar-armas-que-eua-e-otan-mandam-a-ucrania\/\",\"url\":\"https:\/\/www.notibras.com\/site\/russia-passa-a-mirar-armas-que-eua-e-otan-mandam-a-ucrania\/\",\"name\":\"R\u00fassia passa a mirar armas que EUA e Otan mandam \u00e0 Ucr\u00e2nia - Notibras\",\"isPartOf\":{\"@id\":\"https:\/\/www.notibras.com\/site\/#website\"},\"primaryImageOfPage\":{\"@id\":\"https:\/\/www.notibras.com\/site\/russia-passa-a-mirar-armas-que-eua-e-otan-mandam-a-ucrania\/#primaryimage\"},\"image\":{\"@id\":\"https:\/\/www.notibras.com\/site\/russia-passa-a-mirar-armas-que-eua-e-otan-mandam-a-ucrania\/#primaryimage\"},\"thumbnailUrl\":\"https:\/\/www.notibras.com\/site\/wp-content\/uploads\/2022\/05\/gurra.otan_.armas_.webp\",\"datePublished\":\"2022-05-05T03:17:22+00:00\",\"dateModified\":\"2022-05-05T03:20:01+00:00\",\"breadcrumb\":{\"@id\":\"https:\/\/www.notibras.com\/site\/russia-passa-a-mirar-armas-que-eua-e-otan-mandam-a-ucrania\/#breadcrumb\"},\"inLanguage\":\"pt-BR\",\"potentialAction\":[{\"@type\":\"ReadAction\",\"target\":[\"https:\/\/www.notibras.com\/site\/russia-passa-a-mirar-armas-que-eua-e-otan-mandam-a-ucrania\/\"]}]},{\"@type\":\"ImageObject\",\"inLanguage\":\"pt-BR\",\"@id\":\"https:\/\/www.notibras.com\/site\/russia-passa-a-mirar-armas-que-eua-e-otan-mandam-a-ucrania\/#primaryimage\",\"url\":\"https:\/\/www.notibras.com\/site\/wp-content\/uploads\/2022\/05\/gurra.otan_.armas_.webp\",\"contentUrl\":\"https:\/\/www.notibras.com\/site\/wp-content\/uploads\/2022\/05\/gurra.otan_.armas_.webp\",\"width\":1920,\"height\":1080},{\"@type\":\"BreadcrumbList\",\"@id\":\"https:\/\/www.notibras.com\/site\/russia-passa-a-mirar-armas-que-eua-e-otan-mandam-a-ucrania\/#breadcrumb\",\"itemListElement\":[{\"@type\":\"ListItem\",\"position\":1,\"name\":\"In\u00edcio\",\"item\":\"https:\/\/www.notibras.com\/site\/\"},{\"@type\":\"ListItem\",\"position\":2,\"name\":\"R\u00fassia passa a mirar armas que EUA e Otan mandam \u00e0 Ucr\u00e2nia\"}]},{\"@type\":\"WebSite\",\"@id\":\"https:\/\/www.notibras.com\/site\/#website\",\"url\":\"https:\/\/www.notibras.com\/site\/\",\"name\":\"Notibras\",\"description\":\"Not\u00edcias de Bras\u00edlia, do Brasil e do Mundo\",\"publisher\":{\"@id\":\"https:\/\/www.notibras.com\/site\/#organization\"},\"potentialAction\":[{\"@type\":\"SearchAction\",\"target\":{\"@type\":\"EntryPoint\",\"urlTemplate\":\"https:\/\/www.notibras.com\/site\/?s={search_term_string}\"},\"query-input\":{\"@type\":\"PropertyValueSpecification\",\"valueRequired\":true,\"valueName\":\"search_term_string\"}}],\"inLanguage\":\"pt-BR\"},{\"@type\":\"Organization\",\"@id\":\"https:\/\/www.notibras.com\/site\/#organization\",\"name\":\"Grupo Notibras de Comunica\u00e7\u00e3o\",\"url\":\"https:\/\/www.notibras.com\/site\/\",\"logo\":{\"@type\":\"ImageObject\",\"inLanguage\":\"pt-BR\",\"@id\":\"https:\/\/www.notibras.com\/site\/#\/schema\/logo\/image\/\",\"url\":\"https:\/\/www.notibras.com\/site\/wp-content\/uploads\/2023\/01\/notibras23.png\",\"contentUrl\":\"https:\/\/www.notibras.com\/site\/wp-content\/uploads\/2023\/01\/notibras23.png\",\"width\":350,\"height\":87,\"caption\":\"Grupo Notibras de Comunica\u00e7\u00e3o\"},\"image\":{\"@id\":\"https:\/\/www.notibras.com\/site\/#\/schema\/logo\/image\/\"},\"sameAs\":[\"https:\/\/www.facebook.com\/notibras\/\",\"https:\/\/x.com\/Notibras\",\"https:\/\/www.instagram.com\/notibras\/\"]},{\"@type\":\"Person\",\"@id\":\"https:\/\/www.notibras.com\/site\/#\/schema\/person\/36ab0979449956132d3e5b517ea76ac8\",\"name\":\"Reda\u00e7\u00e3o\",\"image\":{\"@type\":\"ImageObject\",\"inLanguage\":\"pt-BR\",\"@id\":\"https:\/\/secure.gravatar.com\/avatar\/e0a867bdedb85fd243eadf09663511f96fc81e0720a4a42581f334ad4303aa6b?s=96&d=mm&r=g\",\"url\":\"https:\/\/secure.gravatar.com\/avatar\/e0a867bdedb85fd243eadf09663511f96fc81e0720a4a42581f334ad4303aa6b?s=96&d=mm&r=g\",\"contentUrl\":\"https:\/\/secure.gravatar.com\/avatar\/e0a867bdedb85fd243eadf09663511f96fc81e0720a4a42581f334ad4303aa6b?s=96&d=mm&r=g\",\"caption\":\"Reda\u00e7\u00e3o\"}}]}<\/script>\n<!-- \/ Yoast SEO plugin. -->","yoast_head_json":{"title":"R\u00fassia passa a mirar armas que EUA e Otan mandam \u00e0 Ucr\u00e2nia - Notibras","robots":{"index":"index","follow":"follow","max-snippet":"max-snippet:-1","max-image-preview":"max-image-preview:large","max-video-preview":"max-video-preview:-1"},"canonical":"https:\/\/www.notibras.com\/site\/russia-passa-a-mirar-armas-que-eua-e-otan-mandam-a-ucrania\/","og_locale":"pt_BR","og_type":"article","og_title":"R\u00fassia passa a mirar armas que EUA e Otan mandam \u00e0 Ucr\u00e2nia - Notibras","og_description":"O ministro da Defesa russo, Sergei Shoigu, disse que qualquer ve\u00edculo da Otan que chegue \u00e0 Ucr\u00e2nia com armas ou equipamentos para as for\u00e7as ucranianas. ser\u00e1 considerado um alvo leg\u00edtimo para destrui\u00e7\u00e3o. &#8220;Os Estados Unidos e seus aliados da Otan continuam a entregar armas na Ucr\u00e2nia. Posso confirmar que qualquer transporte da Alian\u00e7a do Atl\u00e2ntico [&hellip;]","og_url":"https:\/\/www.notibras.com\/site\/russia-passa-a-mirar-armas-que-eua-e-otan-mandam-a-ucrania\/","og_site_name":"Notibras","article_publisher":"https:\/\/www.facebook.com\/notibras\/","article_published_time":"2022-05-05T03:17:22+00:00","article_modified_time":"2022-05-05T03:20:01+00:00","og_image":[{"width":1920,"height":1080,"url":"https:\/\/www.notibras.com\/site\/wp-content\/uploads\/2022\/05\/gurra.otan_.armas_.webp","type":"image\/webp"}],"author":"Reda\u00e7\u00e3o","twitter_card":"summary_large_image","twitter_creator":"@Notibras","twitter_site":"@Notibras","twitter_misc":{"Escrito por":"Reda\u00e7\u00e3o","Est. tempo de leitura":"3 minutos"},"schema":{"@context":"https:\/\/schema.org","@graph":[{"@type":"Article","@id":"https:\/\/www.notibras.com\/site\/russia-passa-a-mirar-armas-que-eua-e-otan-mandam-a-ucrania\/#article","isPartOf":{"@id":"https:\/\/www.notibras.com\/site\/russia-passa-a-mirar-armas-que-eua-e-otan-mandam-a-ucrania\/"},"author":{"name":"Reda\u00e7\u00e3o","@id":"https:\/\/www.notibras.com\/site\/#\/schema\/person\/36ab0979449956132d3e5b517ea76ac8"},"headline":"R\u00fassia passa a mirar armas que EUA e Otan mandam \u00e0 Ucr\u00e2nia","datePublished":"2022-05-05T03:17:22+00:00","dateModified":"2022-05-05T03:20:01+00:00","mainEntityOfPage":{"@id":"https:\/\/www.notibras.com\/site\/russia-passa-a-mirar-armas-que-eua-e-otan-mandam-a-ucrania\/"},"wordCount":462,"publisher":{"@id":"https:\/\/www.notibras.com\/site\/#organization"},"image":{"@id":"https:\/\/www.notibras.com\/site\/russia-passa-a-mirar-armas-que-eua-e-otan-mandam-a-ucrania\/#primaryimage"},"thumbnailUrl":"https:\/\/www.notibras.com\/site\/wp-content\/uploads\/2022\/05\/gurra.otan_.armas_.webp","keywords":["capa"],"articleSection":["Apocalipse"],"inLanguage":"pt-BR"},{"@type":"WebPage","@id":"https:\/\/www.notibras.com\/site\/russia-passa-a-mirar-armas-que-eua-e-otan-mandam-a-ucrania\/","url":"https:\/\/www.notibras.com\/site\/russia-passa-a-mirar-armas-que-eua-e-otan-mandam-a-ucrania\/","name":"R\u00fassia passa a mirar armas que EUA e Otan mandam \u00e0 Ucr\u00e2nia - Notibras","isPartOf":{"@id":"https:\/\/www.notibras.com\/site\/#website"},"primaryImageOfPage":{"@id":"https:\/\/www.notibras.com\/site\/russia-passa-a-mirar-armas-que-eua-e-otan-mandam-a-ucrania\/#primaryimage"},"image":{"@id":"https:\/\/www.notibras.com\/site\/russia-passa-a-mirar-armas-que-eua-e-otan-mandam-a-ucrania\/#primaryimage"},"thumbnailUrl":"https:\/\/www.notibras.com\/site\/wp-content\/uploads\/2022\/05\/gurra.otan_.armas_.webp","datePublished":"2022-05-05T03:17:22+00:00","dateModified":"2022-05-05T03:20:01+00:00","breadcrumb":{"@id":"https:\/\/www.notibras.com\/site\/russia-passa-a-mirar-armas-que-eua-e-otan-mandam-a-ucrania\/#breadcrumb"},"inLanguage":"pt-BR","potentialAction":[{"@type":"ReadAction","target":["https:\/\/www.notibras.com\/site\/russia-passa-a-mirar-armas-que-eua-e-otan-mandam-a-ucrania\/"]}]},{"@type":"ImageObject","inLanguage":"pt-BR","@id":"https:\/\/www.notibras.com\/site\/russia-passa-a-mirar-armas-que-eua-e-otan-mandam-a-ucrania\/#primaryimage","url":"https:\/\/www.notibras.com\/site\/wp-content\/uploads\/2022\/05\/gurra.otan_.armas_.webp","contentUrl":"https:\/\/www.notibras.com\/site\/wp-content\/uploads\/2022\/05\/gurra.otan_.armas_.webp","width":1920,"height":1080},{"@type":"BreadcrumbList","@id":"https:\/\/www.notibras.com\/site\/russia-passa-a-mirar-armas-que-eua-e-otan-mandam-a-ucrania\/#breadcrumb","itemListElement":[{"@type":"ListItem","position":1,"name":"In\u00edcio","item":"https:\/\/www.notibras.com\/site\/"},{"@type":"ListItem","position":2,"name":"R\u00fassia passa a mirar armas que EUA e Otan mandam \u00e0 Ucr\u00e2nia"}]},{"@type":"WebSite","@id":"https:\/\/www.notibras.com\/site\/#website","url":"https:\/\/www.notibras.com\/site\/","name":"Notibras","description":"Not\u00edcias de Bras\u00edlia, do Brasil e do Mundo","publisher":{"@id":"https:\/\/www.notibras.com\/site\/#organization"},"potentialAction":[{"@type":"SearchAction","target":{"@type":"EntryPoint","urlTemplate":"https:\/\/www.notibras.com\/site\/?s={search_term_string}"},"query-input":{"@type":"PropertyValueSpecification","valueRequired":true,"valueName":"search_term_string"}}],"inLanguage":"pt-BR"},{"@type":"Organization","@id":"https:\/\/www.notibras.com\/site\/#organization","name":"Grupo Notibras de Comunica\u00e7\u00e3o","url":"https:\/\/www.notibras.com\/site\/","logo":{"@type":"ImageObject","inLanguage":"pt-BR","@id":"https:\/\/www.notibras.com\/site\/#\/schema\/logo\/image\/","url":"https:\/\/www.notibras.com\/site\/wp-content\/uploads\/2023\/01\/notibras23.png","contentUrl":"https:\/\/www.notibras.com\/site\/wp-content\/uploads\/2023\/01\/notibras23.png","width":350,"height":87,"caption":"Grupo Notibras de Comunica\u00e7\u00e3o"},"image":{"@id":"https:\/\/www.notibras.com\/site\/#\/schema\/logo\/image\/"},"sameAs":["https:\/\/www.facebook.com\/notibras\/","https:\/\/x.com\/Notibras","https:\/\/www.instagram.com\/notibras\/"]},{"@type":"Person","@id":"https:\/\/www.notibras.com\/site\/#\/schema\/person\/36ab0979449956132d3e5b517ea76ac8","name":"Reda\u00e7\u00e3o","image":{"@type":"ImageObject","inLanguage":"pt-BR","@id":"https:\/\/secure.gravatar.com\/avatar\/e0a867bdedb85fd243eadf09663511f96fc81e0720a4a42581f334ad4303aa6b?s=96&d=mm&r=g","url":"https:\/\/secure.gravatar.com\/avatar\/e0a867bdedb85fd243eadf09663511f96fc81e0720a4a42581f334ad4303aa6b?s=96&d=mm&r=g","contentUrl":"https:\/\/secure.gravatar.com\/avatar\/e0a867bdedb85fd243eadf09663511f96fc81e0720a4a42581f334ad4303aa6b?s=96&d=mm&r=g","caption":"Reda\u00e7\u00e3o"}}]}},"amp_enabled":true,"_links":{"self":[{"href":"https:\/\/www.notibras.com\/site\/wp-json\/wp\/v2\/posts\/285025","targetHints":{"allow":["GET"]}}],"collection":[{"href":"https:\/\/www.notibras.com\/site\/wp-json\/wp\/v2\/posts"}],"about":[{"href":"https:\/\/www.notibras.com\/site\/wp-json\/wp\/v2\/types\/post"}],"author":[{"embeddable":true,"href":"https:\/\/www.notibras.com\/site\/wp-json\/wp\/v2\/users\/2"}],"replies":[{"embeddable":true,"href":"https:\/\/www.notibras.com\/site\/wp-json\/wp\/v2\/comments?post=285025"}],"version-history":[{"count":2,"href":"https:\/\/www.notibras.com\/site\/wp-json\/wp\/v2\/posts\/285025\/revisions"}],"predecessor-version":[{"id":285029,"href":"https:\/\/www.notibras.com\/site\/wp-json\/wp\/v2\/posts\/285025\/revisions\/285029"}],"wp:featuredmedia":[{"embeddable":true,"href":"https:\/\/www.notibras.com\/site\/wp-json\/wp\/v2\/media\/285027"}],"wp:attachment":[{"href":"https:\/\/www.notibras.com\/site\/wp-json\/wp\/v2\/media?parent=285025"}],"wp:term":[{"taxonomy":"category","embeddable":true,"href":"https:\/\/www.notibras.com\/site\/wp-json\/wp\/v2\/categories?post=285025"},{"taxonomy":"post_tag","embeddable":true,"href":"https:\/\/www.notibras.com\/site\/wp-json\/wp\/v2\/tags?post=285025"}],"curies":[{"name":"wp","href":"https:\/\/api.w.org\/{rel}","templated":true}]}}