{"id":285030,"date":"2022-05-05T00:20:07","date_gmt":"2022-05-05T03:20:07","guid":{"rendered":"https:\/\/www.notibras.com\/site\/?p=285030"},"modified":"2022-05-05T01:00:48","modified_gmt":"2022-05-05T04:00:48","slug":"zelensky-queria-guerra-e-agora-deve-segurar-as-pontas","status":"publish","type":"post","link":"https:\/\/www.notibras.com\/site\/zelensky-queria-guerra-e-agora-deve-segurar-as-pontas\/","title":{"rendered":"&#8216;Zelensky queria guerra e agora deve segurar as pontas&#8217;"},"content":{"rendered":"<p>O presidente ucraniano Volodymyr Zelensky queria mesmo uma guerra com a R\u00fassia, caso contr\u00e1rio teria negociado muito antes do in\u00edcio da opera\u00e7\u00e3o militar especial do Kremlin, segundo o ex-presidente e eventual candidato ao Pal\u00e1cio do Planalto nas pr\u00f3ximas elei\u00e7\u00f5es, Luiz In\u00e1cio Lula da Silva.<\/p>\n<p>Em entrevista \u00e0 revista <em>Time, <\/em>Lula abordou uma ampla gama de problemas globais e do Brasil, incluindo a atual crise na Ucr\u00e2nia.<\/p>\n<p>&#8220;Ele queria a guerra. Se n\u00e3o quisesse a guerra, teria negociado um pouco mais. S\u00f3 isso&#8221;, disse Lula. Explicando sua posi\u00e7\u00e3o, o petista chamou a aten\u00e7\u00e3o para as constantes transmiss\u00f5es de Zelensky ao redor do mundo, dirigindo-se a quase todos os p\u00fablicos e recebendo regularmente aplausos.<\/p>\n<p>O ex-presidente disse que &#8220;\u00e0s vezes eu sento e vejo o presidente da Ucr\u00e2nia falando na televis\u00e3o, sendo aplaudido, sendo aplaudido de p\u00e9 por todos os parlamentares [europeus]&#8221;.<\/p>\n<p>&#8220;Esse cara \u00e9 t\u00e3o respons\u00e1vel quanto Putin pela guerra. Porque na guerra n\u00e3o h\u00e1 apenas uma pessoa culpada&#8221;, afirmou. &#8220;[Este] presidente da Ucr\u00e2nia poderia ter dito: &#8216;Vamos, vamos parar de falar sobre esse neg\u00f3cio da Otan, sobre a ades\u00e3o \u00e0 UE por um tempo. Vamos discutir um pouco mais primeiro.'&#8221;<\/p>\n<p>Questionado se acha que Zelensky deveria ter continuado as negocia\u00e7\u00f5es antes do lan\u00e7amento da opera\u00e7\u00e3o militar especial em 24 de fevereiro e at\u00e9 antes, o ex-presidente observou que a conduta do presidente ucraniano &#8220;\u00e9 um pouco estranha&#8221;.<\/p>\n<p>&#8220;Parece que ele faz parte do espet\u00e1culo. Ele est\u00e1 na televis\u00e3o de manh\u00e3, ao meio-dia e \u00e0 noite. Ele est\u00e1 no parlamento do Reino Unido, no parlamento alem\u00e3o, no parlamento franc\u00eas, no parlamento italiano, como se estivesse fazendo uma campanha pol\u00edtica. Deveria estar na mesa de negocia\u00e7\u00f5es&#8221;, sugriu Lula.<\/p>\n<p>Segundo ele, ningu\u00e9m &#8220;est\u00e1 tentando ajudar a criar a paz&#8221;. Lula tamb\u00e9m observou que as pessoas est\u00e3o incitando o \u00f3dio ao presidente russo Vladimir Putin, mas &#8220;isso n\u00e3o vai resolver as coisas.&#8221;<\/p>\n<p>&#8220;Precisamos chegar a um acordo&#8221;, afirmou. &#8220;Mas as pessoas est\u00e3o incentivando [a guerra]. Voc\u00ea est\u00e1 incentivando esse cara [Zelensky], e ent\u00e3o ele pensa que \u00e9 a cereja do bolo. Dever\u00edamos ter uma conversa s\u00e9ria: &#8216;OK, voc\u00ea foi um bom comediante. n\u00e3o fa\u00e7amos guerra para voc\u00ea aparecer na TV.&#8217; E devemos dizer a Putin: &#8216;Voc\u00ea tem muitas armas, mas n\u00e3o precisa us\u00e1-las na Ucr\u00e2nia. Vamos conversar!'&#8221;<\/p>\n<p>Ao falar sobre o presidente americano Joe Biden, Lula admitiu que o respeitava por suas propostas de pol\u00edtica econ\u00f4mica, embora &#8220;n\u00e3o basta anunciar o programa, \u00e9 preciso execut\u00e1-lo&#8221;. E Biden est\u00e1 tendo um &#8220;momento dif\u00edcil&#8221; com isso.<\/p>\n<p>Lula acredita que o presidente americano n\u00e3o demonstrou lideran\u00e7a em rela\u00e7\u00e3o \u00e0 crise R\u00fassia-Ucr\u00e2nia:<\/p>\n<p>&#8220;Os EUA t\u00eam muita influ\u00eancia pol\u00edtica&#8221;, explicou. &#8220;E Biden poderia ter evitado [a guerra], n\u00e3o incitado. Ele poderia ter falado mais, participado mais. Biden poderia ter pegado um avi\u00e3o para Moscou para conversar com Putin. Esse \u00e9 o tipo de atitude que voc\u00ea espera de um l\u00edder. Intervir para que as coisas n\u00e3o saiam dos trilhos. N\u00e3o acho que ele tenha feito isso.&#8221;<\/p>\n<p>Lula tamb\u00e9m expressou a opini\u00e3o de que Biden n\u00e3o seria obrigado a fazer &#8220;concess\u00f5es&#8221; \u00e0 R\u00fassia se tivesse feito um esfor\u00e7o para negociar.<\/p>\n<p>\u201cDa mesma forma que os americanos persuadiram os russos a n\u00e3o colocar m\u00edsseis em Cuba em 1961, Biden poderia ter dito: &#8216;Vamos falar um pouco mais. N\u00e3o queremos a Ucr\u00e2nia na Otan, ponto final&#8217;. Isso n\u00e3o \u00e9 uma concess\u00e3o&#8221;, disse o ex-presidente.<\/p>\n<p>Segundo Lula, &#8220;n\u00f3s pol\u00edticos colhemos o que plantamos&#8221;. &#8220;N\u00e3o \u00e9 apenas Putin que \u00e9 culpado. Os EUA e a UE tamb\u00e9m s\u00e3o culpados. Qual foi o motivo da invas\u00e3o da Ucr\u00e2nia? A Otan? Ent\u00e3o os EUA e a Europa deveriam ter dito: A Ucr\u00e2nia n\u00e3o se juntar\u00e1 \u00e0 Otan. Isso teria resolvido o problema&#8221;, enfatizou.<\/p>\n<p>Lula criticou os pol\u00edticos europeus por incitar a atual situa\u00e7\u00e3o vol\u00e1til. &#8220;Os europeus poderiam ter dito: &#8216;N\u00e3o, agora n\u00e3o \u00e9 o momento para a Ucr\u00e2nia se juntar \u00e0 UE, vamos esperar.&#8217; Eles n\u00e3o precisavam encorajar o confronto&#8221;, finalizou.<\/p>\n","protected":false},"excerpt":{"rendered":"<p>O presidente ucraniano Volodymyr Zelensky queria mesmo uma guerra com a R\u00fassia, caso contr\u00e1rio teria negociado muito antes do in\u00edcio da opera\u00e7\u00e3o militar especial do Kremlin, segundo o ex-presidente e eventual candidato ao Pal\u00e1cio do Planalto nas pr\u00f3ximas elei\u00e7\u00f5es, Luiz In\u00e1cio Lula da Silva. Em entrevista \u00e0 revista Time, Lula abordou uma ampla gama de [&hellip;]<\/p>\n","protected":false},"author":2,"featured_media":285038,"comment_status":"closed","ping_status":"closed","sticky":false,"template":"","format":"standard","meta":{"_acf_changed":false,"footnotes":""},"categories":[159],"tags":[95],"class_list":["post-285030","post","type-post","status-publish","format-standard","has-post-thumbnail","hentry","category-apocalipse","tag-capa"],"acf":[],"yoast_head":"<!-- This site is optimized with the Yoast SEO plugin v27.2 - https:\/\/yoast.com\/product\/yoast-seo-wordpress\/ -->\n<title>&#039;Zelensky queria guerra e agora deve segurar as pontas&#039; - Notibras<\/title>\n<meta name=\"robots\" content=\"index, follow, max-snippet:-1, max-image-preview:large, max-video-preview:-1\" \/>\n<link rel=\"canonical\" href=\"https:\/\/www.notibras.com\/site\/zelensky-queria-guerra-e-agora-deve-segurar-as-pontas\/\" \/>\n<meta property=\"og:locale\" content=\"pt_BR\" \/>\n<meta property=\"og:type\" content=\"article\" \/>\n<meta property=\"og:title\" content=\"&#039;Zelensky queria guerra e agora deve segurar as pontas&#039; - Notibras\" \/>\n<meta property=\"og:description\" content=\"O presidente ucraniano Volodymyr Zelensky queria mesmo uma guerra com a R\u00fassia, caso contr\u00e1rio teria negociado muito antes do in\u00edcio da opera\u00e7\u00e3o militar especial do Kremlin, segundo o ex-presidente e eventual candidato ao Pal\u00e1cio do Planalto nas pr\u00f3ximas elei\u00e7\u00f5es, Luiz In\u00e1cio Lula da Silva. Em entrevista \u00e0 revista Time, Lula abordou uma ampla gama de [&hellip;]\" \/>\n<meta property=\"og:url\" content=\"https:\/\/www.notibras.com\/site\/zelensky-queria-guerra-e-agora-deve-segurar-as-pontas\/\" \/>\n<meta property=\"og:site_name\" content=\"Notibras\" \/>\n<meta property=\"article:publisher\" content=\"https:\/\/www.facebook.com\/notibras\/\" \/>\n<meta property=\"article:published_time\" content=\"2022-05-05T03:20:07+00:00\" \/>\n<meta property=\"article:modified_time\" content=\"2022-05-05T04:00:48+00:00\" \/>\n<meta property=\"og:image\" content=\"https:\/\/www.notibras.com\/site\/wp-content\/uploads\/2022\/05\/gurra.ucrania.lula_.webp\" \/>\n\t<meta property=\"og:image:width\" content=\"1920\" \/>\n\t<meta property=\"og:image:height\" content=\"1080\" \/>\n\t<meta property=\"og:image:type\" content=\"image\/webp\" \/>\n<meta name=\"author\" content=\"Reda\u00e7\u00e3o\" \/>\n<meta name=\"twitter:card\" content=\"summary_large_image\" \/>\n<meta name=\"twitter:creator\" content=\"@Notibras\" \/>\n<meta name=\"twitter:site\" content=\"@Notibras\" \/>\n<meta name=\"twitter:label1\" content=\"Escrito por\" \/>\n\t<meta name=\"twitter:data1\" content=\"Reda\u00e7\u00e3o\" \/>\n\t<meta name=\"twitter:label2\" content=\"Est. tempo de leitura\" \/>\n\t<meta name=\"twitter:data2\" content=\"4 minutos\" \/>\n<script type=\"application\/ld+json\" class=\"yoast-schema-graph\">{\"@context\":\"https:\/\/schema.org\",\"@graph\":[{\"@type\":\"Article\",\"@id\":\"https:\/\/www.notibras.com\/site\/zelensky-queria-guerra-e-agora-deve-segurar-as-pontas\/#article\",\"isPartOf\":{\"@id\":\"https:\/\/www.notibras.com\/site\/zelensky-queria-guerra-e-agora-deve-segurar-as-pontas\/\"},\"author\":{\"name\":\"Reda\u00e7\u00e3o\",\"@id\":\"https:\/\/www.notibras.com\/site\/#\/schema\/person\/36ab0979449956132d3e5b517ea76ac8\"},\"headline\":\"&#8216;Zelensky queria guerra e agora deve segurar as pontas&#8217;\",\"datePublished\":\"2022-05-05T03:20:07+00:00\",\"dateModified\":\"2022-05-05T04:00:48+00:00\",\"mainEntityOfPage\":{\"@id\":\"https:\/\/www.notibras.com\/site\/zelensky-queria-guerra-e-agora-deve-segurar-as-pontas\/\"},\"wordCount\":731,\"publisher\":{\"@id\":\"https:\/\/www.notibras.com\/site\/#organization\"},\"image\":{\"@id\":\"https:\/\/www.notibras.com\/site\/zelensky-queria-guerra-e-agora-deve-segurar-as-pontas\/#primaryimage\"},\"thumbnailUrl\":\"https:\/\/www.notibras.com\/site\/wp-content\/uploads\/2022\/05\/gurra.ucrania.lula_.webp\",\"keywords\":[\"capa\"],\"articleSection\":[\"Apocalipse\"],\"inLanguage\":\"pt-BR\"},{\"@type\":\"WebPage\",\"@id\":\"https:\/\/www.notibras.com\/site\/zelensky-queria-guerra-e-agora-deve-segurar-as-pontas\/\",\"url\":\"https:\/\/www.notibras.com\/site\/zelensky-queria-guerra-e-agora-deve-segurar-as-pontas\/\",\"name\":\"'Zelensky queria guerra e agora deve segurar as pontas' - Notibras\",\"isPartOf\":{\"@id\":\"https:\/\/www.notibras.com\/site\/#website\"},\"primaryImageOfPage\":{\"@id\":\"https:\/\/www.notibras.com\/site\/zelensky-queria-guerra-e-agora-deve-segurar-as-pontas\/#primaryimage\"},\"image\":{\"@id\":\"https:\/\/www.notibras.com\/site\/zelensky-queria-guerra-e-agora-deve-segurar-as-pontas\/#primaryimage\"},\"thumbnailUrl\":\"https:\/\/www.notibras.com\/site\/wp-content\/uploads\/2022\/05\/gurra.ucrania.lula_.webp\",\"datePublished\":\"2022-05-05T03:20:07+00:00\",\"dateModified\":\"2022-05-05T04:00:48+00:00\",\"breadcrumb\":{\"@id\":\"https:\/\/www.notibras.com\/site\/zelensky-queria-guerra-e-agora-deve-segurar-as-pontas\/#breadcrumb\"},\"inLanguage\":\"pt-BR\",\"potentialAction\":[{\"@type\":\"ReadAction\",\"target\":[\"https:\/\/www.notibras.com\/site\/zelensky-queria-guerra-e-agora-deve-segurar-as-pontas\/\"]}]},{\"@type\":\"ImageObject\",\"inLanguage\":\"pt-BR\",\"@id\":\"https:\/\/www.notibras.com\/site\/zelensky-queria-guerra-e-agora-deve-segurar-as-pontas\/#primaryimage\",\"url\":\"https:\/\/www.notibras.com\/site\/wp-content\/uploads\/2022\/05\/gurra.ucrania.lula_.webp\",\"contentUrl\":\"https:\/\/www.notibras.com\/site\/wp-content\/uploads\/2022\/05\/gurra.ucrania.lula_.webp\",\"width\":1920,\"height\":1080},{\"@type\":\"BreadcrumbList\",\"@id\":\"https:\/\/www.notibras.com\/site\/zelensky-queria-guerra-e-agora-deve-segurar-as-pontas\/#breadcrumb\",\"itemListElement\":[{\"@type\":\"ListItem\",\"position\":1,\"name\":\"In\u00edcio\",\"item\":\"https:\/\/www.notibras.com\/site\/\"},{\"@type\":\"ListItem\",\"position\":2,\"name\":\"&#8216;Zelensky queria guerra e agora deve segurar as pontas&#8217;\"}]},{\"@type\":\"WebSite\",\"@id\":\"https:\/\/www.notibras.com\/site\/#website\",\"url\":\"https:\/\/www.notibras.com\/site\/\",\"name\":\"Notibras\",\"description\":\"Not\u00edcias de Bras\u00edlia, do Brasil e do Mundo\",\"publisher\":{\"@id\":\"https:\/\/www.notibras.com\/site\/#organization\"},\"potentialAction\":[{\"@type\":\"SearchAction\",\"target\":{\"@type\":\"EntryPoint\",\"urlTemplate\":\"https:\/\/www.notibras.com\/site\/?s={search_term_string}\"},\"query-input\":{\"@type\":\"PropertyValueSpecification\",\"valueRequired\":true,\"valueName\":\"search_term_string\"}}],\"inLanguage\":\"pt-BR\"},{\"@type\":\"Organization\",\"@id\":\"https:\/\/www.notibras.com\/site\/#organization\",\"name\":\"Grupo Notibras de Comunica\u00e7\u00e3o\",\"url\":\"https:\/\/www.notibras.com\/site\/\",\"logo\":{\"@type\":\"ImageObject\",\"inLanguage\":\"pt-BR\",\"@id\":\"https:\/\/www.notibras.com\/site\/#\/schema\/logo\/image\/\",\"url\":\"https:\/\/www.notibras.com\/site\/wp-content\/uploads\/2023\/01\/notibras23.png\",\"contentUrl\":\"https:\/\/www.notibras.com\/site\/wp-content\/uploads\/2023\/01\/notibras23.png\",\"width\":350,\"height\":87,\"caption\":\"Grupo Notibras de Comunica\u00e7\u00e3o\"},\"image\":{\"@id\":\"https:\/\/www.notibras.com\/site\/#\/schema\/logo\/image\/\"},\"sameAs\":[\"https:\/\/www.facebook.com\/notibras\/\",\"https:\/\/x.com\/Notibras\",\"https:\/\/www.instagram.com\/notibras\/\"]},{\"@type\":\"Person\",\"@id\":\"https:\/\/www.notibras.com\/site\/#\/schema\/person\/36ab0979449956132d3e5b517ea76ac8\",\"name\":\"Reda\u00e7\u00e3o\",\"image\":{\"@type\":\"ImageObject\",\"inLanguage\":\"pt-BR\",\"@id\":\"https:\/\/secure.gravatar.com\/avatar\/e0a867bdedb85fd243eadf09663511f96fc81e0720a4a42581f334ad4303aa6b?s=96&d=mm&r=g\",\"url\":\"https:\/\/secure.gravatar.com\/avatar\/e0a867bdedb85fd243eadf09663511f96fc81e0720a4a42581f334ad4303aa6b?s=96&d=mm&r=g\",\"contentUrl\":\"https:\/\/secure.gravatar.com\/avatar\/e0a867bdedb85fd243eadf09663511f96fc81e0720a4a42581f334ad4303aa6b?s=96&d=mm&r=g\",\"caption\":\"Reda\u00e7\u00e3o\"}}]}<\/script>\n<!-- \/ Yoast SEO plugin. -->","yoast_head_json":{"title":"'Zelensky queria guerra e agora deve segurar as pontas' - Notibras","robots":{"index":"index","follow":"follow","max-snippet":"max-snippet:-1","max-image-preview":"max-image-preview:large","max-video-preview":"max-video-preview:-1"},"canonical":"https:\/\/www.notibras.com\/site\/zelensky-queria-guerra-e-agora-deve-segurar-as-pontas\/","og_locale":"pt_BR","og_type":"article","og_title":"'Zelensky queria guerra e agora deve segurar as pontas' - Notibras","og_description":"O presidente ucraniano Volodymyr Zelensky queria mesmo uma guerra com a R\u00fassia, caso contr\u00e1rio teria negociado muito antes do in\u00edcio da opera\u00e7\u00e3o militar especial do Kremlin, segundo o ex-presidente e eventual candidato ao Pal\u00e1cio do Planalto nas pr\u00f3ximas elei\u00e7\u00f5es, Luiz In\u00e1cio Lula da Silva. Em entrevista \u00e0 revista Time, Lula abordou uma ampla gama de [&hellip;]","og_url":"https:\/\/www.notibras.com\/site\/zelensky-queria-guerra-e-agora-deve-segurar-as-pontas\/","og_site_name":"Notibras","article_publisher":"https:\/\/www.facebook.com\/notibras\/","article_published_time":"2022-05-05T03:20:07+00:00","article_modified_time":"2022-05-05T04:00:48+00:00","og_image":[{"width":1920,"height":1080,"url":"https:\/\/www.notibras.com\/site\/wp-content\/uploads\/2022\/05\/gurra.ucrania.lula_.webp","type":"image\/webp"}],"author":"Reda\u00e7\u00e3o","twitter_card":"summary_large_image","twitter_creator":"@Notibras","twitter_site":"@Notibras","twitter_misc":{"Escrito por":"Reda\u00e7\u00e3o","Est. tempo de leitura":"4 minutos"},"schema":{"@context":"https:\/\/schema.org","@graph":[{"@type":"Article","@id":"https:\/\/www.notibras.com\/site\/zelensky-queria-guerra-e-agora-deve-segurar-as-pontas\/#article","isPartOf":{"@id":"https:\/\/www.notibras.com\/site\/zelensky-queria-guerra-e-agora-deve-segurar-as-pontas\/"},"author":{"name":"Reda\u00e7\u00e3o","@id":"https:\/\/www.notibras.com\/site\/#\/schema\/person\/36ab0979449956132d3e5b517ea76ac8"},"headline":"&#8216;Zelensky queria guerra e agora deve segurar as pontas&#8217;","datePublished":"2022-05-05T03:20:07+00:00","dateModified":"2022-05-05T04:00:48+00:00","mainEntityOfPage":{"@id":"https:\/\/www.notibras.com\/site\/zelensky-queria-guerra-e-agora-deve-segurar-as-pontas\/"},"wordCount":731,"publisher":{"@id":"https:\/\/www.notibras.com\/site\/#organization"},"image":{"@id":"https:\/\/www.notibras.com\/site\/zelensky-queria-guerra-e-agora-deve-segurar-as-pontas\/#primaryimage"},"thumbnailUrl":"https:\/\/www.notibras.com\/site\/wp-content\/uploads\/2022\/05\/gurra.ucrania.lula_.webp","keywords":["capa"],"articleSection":["Apocalipse"],"inLanguage":"pt-BR"},{"@type":"WebPage","@id":"https:\/\/www.notibras.com\/site\/zelensky-queria-guerra-e-agora-deve-segurar-as-pontas\/","url":"https:\/\/www.notibras.com\/site\/zelensky-queria-guerra-e-agora-deve-segurar-as-pontas\/","name":"'Zelensky queria guerra e agora deve segurar as pontas' - Notibras","isPartOf":{"@id":"https:\/\/www.notibras.com\/site\/#website"},"primaryImageOfPage":{"@id":"https:\/\/www.notibras.com\/site\/zelensky-queria-guerra-e-agora-deve-segurar-as-pontas\/#primaryimage"},"image":{"@id":"https:\/\/www.notibras.com\/site\/zelensky-queria-guerra-e-agora-deve-segurar-as-pontas\/#primaryimage"},"thumbnailUrl":"https:\/\/www.notibras.com\/site\/wp-content\/uploads\/2022\/05\/gurra.ucrania.lula_.webp","datePublished":"2022-05-05T03:20:07+00:00","dateModified":"2022-05-05T04:00:48+00:00","breadcrumb":{"@id":"https:\/\/www.notibras.com\/site\/zelensky-queria-guerra-e-agora-deve-segurar-as-pontas\/#breadcrumb"},"inLanguage":"pt-BR","potentialAction":[{"@type":"ReadAction","target":["https:\/\/www.notibras.com\/site\/zelensky-queria-guerra-e-agora-deve-segurar-as-pontas\/"]}]},{"@type":"ImageObject","inLanguage":"pt-BR","@id":"https:\/\/www.notibras.com\/site\/zelensky-queria-guerra-e-agora-deve-segurar-as-pontas\/#primaryimage","url":"https:\/\/www.notibras.com\/site\/wp-content\/uploads\/2022\/05\/gurra.ucrania.lula_.webp","contentUrl":"https:\/\/www.notibras.com\/site\/wp-content\/uploads\/2022\/05\/gurra.ucrania.lula_.webp","width":1920,"height":1080},{"@type":"BreadcrumbList","@id":"https:\/\/www.notibras.com\/site\/zelensky-queria-guerra-e-agora-deve-segurar-as-pontas\/#breadcrumb","itemListElement":[{"@type":"ListItem","position":1,"name":"In\u00edcio","item":"https:\/\/www.notibras.com\/site\/"},{"@type":"ListItem","position":2,"name":"&#8216;Zelensky queria guerra e agora deve segurar as pontas&#8217;"}]},{"@type":"WebSite","@id":"https:\/\/www.notibras.com\/site\/#website","url":"https:\/\/www.notibras.com\/site\/","name":"Notibras","description":"Not\u00edcias de Bras\u00edlia, do Brasil e do Mundo","publisher":{"@id":"https:\/\/www.notibras.com\/site\/#organization"},"potentialAction":[{"@type":"SearchAction","target":{"@type":"EntryPoint","urlTemplate":"https:\/\/www.notibras.com\/site\/?s={search_term_string}"},"query-input":{"@type":"PropertyValueSpecification","valueRequired":true,"valueName":"search_term_string"}}],"inLanguage":"pt-BR"},{"@type":"Organization","@id":"https:\/\/www.notibras.com\/site\/#organization","name":"Grupo Notibras de Comunica\u00e7\u00e3o","url":"https:\/\/www.notibras.com\/site\/","logo":{"@type":"ImageObject","inLanguage":"pt-BR","@id":"https:\/\/www.notibras.com\/site\/#\/schema\/logo\/image\/","url":"https:\/\/www.notibras.com\/site\/wp-content\/uploads\/2023\/01\/notibras23.png","contentUrl":"https:\/\/www.notibras.com\/site\/wp-content\/uploads\/2023\/01\/notibras23.png","width":350,"height":87,"caption":"Grupo Notibras de Comunica\u00e7\u00e3o"},"image":{"@id":"https:\/\/www.notibras.com\/site\/#\/schema\/logo\/image\/"},"sameAs":["https:\/\/www.facebook.com\/notibras\/","https:\/\/x.com\/Notibras","https:\/\/www.instagram.com\/notibras\/"]},{"@type":"Person","@id":"https:\/\/www.notibras.com\/site\/#\/schema\/person\/36ab0979449956132d3e5b517ea76ac8","name":"Reda\u00e7\u00e3o","image":{"@type":"ImageObject","inLanguage":"pt-BR","@id":"https:\/\/secure.gravatar.com\/avatar\/e0a867bdedb85fd243eadf09663511f96fc81e0720a4a42581f334ad4303aa6b?s=96&d=mm&r=g","url":"https:\/\/secure.gravatar.com\/avatar\/e0a867bdedb85fd243eadf09663511f96fc81e0720a4a42581f334ad4303aa6b?s=96&d=mm&r=g","contentUrl":"https:\/\/secure.gravatar.com\/avatar\/e0a867bdedb85fd243eadf09663511f96fc81e0720a4a42581f334ad4303aa6b?s=96&d=mm&r=g","caption":"Reda\u00e7\u00e3o"}}]}},"amp_enabled":true,"_links":{"self":[{"href":"https:\/\/www.notibras.com\/site\/wp-json\/wp\/v2\/posts\/285030","targetHints":{"allow":["GET"]}}],"collection":[{"href":"https:\/\/www.notibras.com\/site\/wp-json\/wp\/v2\/posts"}],"about":[{"href":"https:\/\/www.notibras.com\/site\/wp-json\/wp\/v2\/types\/post"}],"author":[{"embeddable":true,"href":"https:\/\/www.notibras.com\/site\/wp-json\/wp\/v2\/users\/2"}],"replies":[{"embeddable":true,"href":"https:\/\/www.notibras.com\/site\/wp-json\/wp\/v2\/comments?post=285030"}],"version-history":[{"count":1,"href":"https:\/\/www.notibras.com\/site\/wp-json\/wp\/v2\/posts\/285030\/revisions"}],"predecessor-version":[{"id":285032,"href":"https:\/\/www.notibras.com\/site\/wp-json\/wp\/v2\/posts\/285030\/revisions\/285032"}],"wp:featuredmedia":[{"embeddable":true,"href":"https:\/\/www.notibras.com\/site\/wp-json\/wp\/v2\/media\/285038"}],"wp:attachment":[{"href":"https:\/\/www.notibras.com\/site\/wp-json\/wp\/v2\/media?parent=285030"}],"wp:term":[{"taxonomy":"category","embeddable":true,"href":"https:\/\/www.notibras.com\/site\/wp-json\/wp\/v2\/categories?post=285030"},{"taxonomy":"post_tag","embeddable":true,"href":"https:\/\/www.notibras.com\/site\/wp-json\/wp\/v2\/tags?post=285030"}],"curies":[{"name":"wp","href":"https:\/\/api.w.org\/{rel}","templated":true}]}}