{"id":285120,"date":"2022-05-06T06:00:15","date_gmt":"2022-05-06T09:00:15","guid":{"rendered":"https:\/\/www.notibras.com\/site\/?p=285120"},"modified":"2022-05-05T20:58:47","modified_gmt":"2022-05-05T23:58:47","slug":"alemanha-avalia-racionar-gasolina-por-conta-da-guerra","status":"publish","type":"post","link":"https:\/\/www.notibras.com\/site\/alemanha-avalia-racionar-gasolina-por-conta-da-guerra\/","title":{"rendered":"Alemanha avalia racionar gasolina por conta da guerra"},"content":{"rendered":"<p>A Alemanha pode enfrentar uma escassez de gasolina devido ao embargo ao petr\u00f3leo russo, disse o ministro da Economia, Robert Habeck, acrescentando que o governo est\u00e1 trabalhando em busca d poss\u00edveis solu\u00e7\u00f5es.<\/p>\n<p>&#8220;Infelizmente, n\u00e3o se pode descartar que realmente haver\u00e1 um d\u00e9ficit. Podemos resolver isso, mas \u00e9 poss\u00edvel que haja muito pouco petr\u00f3leo e, portanto, pouca gasolina por algum tempo. Isso n\u00e3o pode ser descartado. Claro, estamos trabalhando para que isso n\u00e3o aconte\u00e7a&#8221;, disse o ministro.<\/p>\n<p>Na quarta-feira, a presidente da Comiss\u00e3o Europeia, Ursula Von der Leyen, anunciou o sexto pacote de san\u00e7\u00f5es anti-R\u00fassia, visando o Sberbank e tr\u00eas grandes emissoras estatais russas, bem como militares de alto escal\u00e3o e indiv\u00edduos envolvidos na opera\u00e7\u00e3o na Ucr\u00e2nia.<\/p>\n<p>O pacote tamb\u00e9m inclui um embargo de petr\u00f3leo gradual. Alguns pa\u00edses europeus que dependem fortemente do petr\u00f3leo russo, como Hungria e Eslov\u00e1quia, podem obter isen\u00e7\u00e3o do embargo.<\/p>\n","protected":false},"excerpt":{"rendered":"<p>A Alemanha pode enfrentar uma escassez de gasolina devido ao embargo ao petr\u00f3leo russo, disse o ministro da Economia, Robert Habeck, acrescentando que o governo est\u00e1 trabalhando em busca d poss\u00edveis solu\u00e7\u00f5es. &#8220;Infelizmente, n\u00e3o se pode descartar que realmente haver\u00e1 um d\u00e9ficit. Podemos resolver isso, mas \u00e9 poss\u00edvel que haja muito pouco petr\u00f3leo e, portanto, [&hellip;]<\/p>\n","protected":false},"author":2,"featured_media":285121,"comment_status":"closed","ping_status":"closed","sticky":false,"template":"","format":"standard","meta":{"_acf_changed":false,"footnotes":""},"categories":[159],"tags":[95],"class_list":["post-285120","post","type-post","status-publish","format-standard","has-post-thumbnail","hentry","category-apocalipse","tag-capa"],"acf":[],"yoast_head":"<!-- This site is optimized with the Yoast SEO plugin v27.2 - https:\/\/yoast.com\/product\/yoast-seo-wordpress\/ -->\n<title>Alemanha avalia racionar gasolina por conta da guerra - Notibras<\/title>\n<meta name=\"robots\" content=\"index, follow, max-snippet:-1, max-image-preview:large, max-video-preview:-1\" \/>\n<link rel=\"canonical\" href=\"https:\/\/www.notibras.com\/site\/alemanha-avalia-racionar-gasolina-por-conta-da-guerra\/\" \/>\n<meta property=\"og:locale\" content=\"pt_BR\" \/>\n<meta property=\"og:type\" content=\"article\" \/>\n<meta property=\"og:title\" content=\"Alemanha avalia racionar gasolina por conta da guerra - Notibras\" \/>\n<meta property=\"og:description\" content=\"A Alemanha pode enfrentar uma escassez de gasolina devido ao embargo ao petr\u00f3leo russo, disse o ministro da Economia, Robert Habeck, acrescentando que o governo est\u00e1 trabalhando em busca d poss\u00edveis solu\u00e7\u00f5es. &#8220;Infelizmente, n\u00e3o se pode descartar que realmente haver\u00e1 um d\u00e9ficit. Podemos resolver isso, mas \u00e9 poss\u00edvel que haja muito pouco petr\u00f3leo e, portanto, [&hellip;]\" \/>\n<meta property=\"og:url\" content=\"https:\/\/www.notibras.com\/site\/alemanha-avalia-racionar-gasolina-por-conta-da-guerra\/\" \/>\n<meta property=\"og:site_name\" content=\"Notibras\" \/>\n<meta property=\"article:publisher\" content=\"https:\/\/www.facebook.com\/notibras\/\" \/>\n<meta property=\"article:published_time\" content=\"2022-05-06T09:00:15+00:00\" \/>\n<meta property=\"og:image\" content=\"https:\/\/www.notibras.com\/site\/wp-content\/uploads\/2022\/05\/gas.alemanha.webp\" \/>\n\t<meta property=\"og:image:width\" content=\"1920\" \/>\n\t<meta property=\"og:image:height\" content=\"1079\" \/>\n\t<meta property=\"og:image:type\" content=\"image\/webp\" \/>\n<meta name=\"author\" content=\"Reda\u00e7\u00e3o\" \/>\n<meta name=\"twitter:card\" content=\"summary_large_image\" \/>\n<meta name=\"twitter:creator\" content=\"@Notibras\" \/>\n<meta name=\"twitter:site\" content=\"@Notibras\" \/>\n<meta name=\"twitter:label1\" content=\"Escrito por\" \/>\n\t<meta name=\"twitter:data1\" content=\"Reda\u00e7\u00e3o\" \/>\n\t<meta name=\"twitter:label2\" content=\"Est. tempo de leitura\" \/>\n\t<meta name=\"twitter:data2\" content=\"1 minuto\" \/>\n<script type=\"application\/ld+json\" class=\"yoast-schema-graph\">{\"@context\":\"https:\/\/schema.org\",\"@graph\":[{\"@type\":\"Article\",\"@id\":\"https:\/\/www.notibras.com\/site\/alemanha-avalia-racionar-gasolina-por-conta-da-guerra\/#article\",\"isPartOf\":{\"@id\":\"https:\/\/www.notibras.com\/site\/alemanha-avalia-racionar-gasolina-por-conta-da-guerra\/\"},\"author\":{\"name\":\"Reda\u00e7\u00e3o\",\"@id\":\"https:\/\/www.notibras.com\/site\/#\/schema\/person\/36ab0979449956132d3e5b517ea76ac8\"},\"headline\":\"Alemanha avalia racionar gasolina por conta da guerra\",\"datePublished\":\"2022-05-06T09:00:15+00:00\",\"mainEntityOfPage\":{\"@id\":\"https:\/\/www.notibras.com\/site\/alemanha-avalia-racionar-gasolina-por-conta-da-guerra\/\"},\"wordCount\":174,\"publisher\":{\"@id\":\"https:\/\/www.notibras.com\/site\/#organization\"},\"image\":{\"@id\":\"https:\/\/www.notibras.com\/site\/alemanha-avalia-racionar-gasolina-por-conta-da-guerra\/#primaryimage\"},\"thumbnailUrl\":\"https:\/\/www.notibras.com\/site\/wp-content\/uploads\/2022\/05\/gas.alemanha.webp\",\"keywords\":[\"capa\"],\"articleSection\":[\"Apocalipse\"],\"inLanguage\":\"pt-BR\"},{\"@type\":\"WebPage\",\"@id\":\"https:\/\/www.notibras.com\/site\/alemanha-avalia-racionar-gasolina-por-conta-da-guerra\/\",\"url\":\"https:\/\/www.notibras.com\/site\/alemanha-avalia-racionar-gasolina-por-conta-da-guerra\/\",\"name\":\"Alemanha avalia racionar gasolina por conta da guerra - Notibras\",\"isPartOf\":{\"@id\":\"https:\/\/www.notibras.com\/site\/#website\"},\"primaryImageOfPage\":{\"@id\":\"https:\/\/www.notibras.com\/site\/alemanha-avalia-racionar-gasolina-por-conta-da-guerra\/#primaryimage\"},\"image\":{\"@id\":\"https:\/\/www.notibras.com\/site\/alemanha-avalia-racionar-gasolina-por-conta-da-guerra\/#primaryimage\"},\"thumbnailUrl\":\"https:\/\/www.notibras.com\/site\/wp-content\/uploads\/2022\/05\/gas.alemanha.webp\",\"datePublished\":\"2022-05-06T09:00:15+00:00\",\"breadcrumb\":{\"@id\":\"https:\/\/www.notibras.com\/site\/alemanha-avalia-racionar-gasolina-por-conta-da-guerra\/#breadcrumb\"},\"inLanguage\":\"pt-BR\",\"potentialAction\":[{\"@type\":\"ReadAction\",\"target\":[\"https:\/\/www.notibras.com\/site\/alemanha-avalia-racionar-gasolina-por-conta-da-guerra\/\"]}]},{\"@type\":\"ImageObject\",\"inLanguage\":\"pt-BR\",\"@id\":\"https:\/\/www.notibras.com\/site\/alemanha-avalia-racionar-gasolina-por-conta-da-guerra\/#primaryimage\",\"url\":\"https:\/\/www.notibras.com\/site\/wp-content\/uploads\/2022\/05\/gas.alemanha.webp\",\"contentUrl\":\"https:\/\/www.notibras.com\/site\/wp-content\/uploads\/2022\/05\/gas.alemanha.webp\",\"width\":1920,\"height\":1079},{\"@type\":\"BreadcrumbList\",\"@id\":\"https:\/\/www.notibras.com\/site\/alemanha-avalia-racionar-gasolina-por-conta-da-guerra\/#breadcrumb\",\"itemListElement\":[{\"@type\":\"ListItem\",\"position\":1,\"name\":\"In\u00edcio\",\"item\":\"https:\/\/www.notibras.com\/site\/\"},{\"@type\":\"ListItem\",\"position\":2,\"name\":\"Alemanha avalia racionar gasolina por conta da guerra\"}]},{\"@type\":\"WebSite\",\"@id\":\"https:\/\/www.notibras.com\/site\/#website\",\"url\":\"https:\/\/www.notibras.com\/site\/\",\"name\":\"Notibras\",\"description\":\"Not\u00edcias de Bras\u00edlia, do Brasil e do Mundo\",\"publisher\":{\"@id\":\"https:\/\/www.notibras.com\/site\/#organization\"},\"potentialAction\":[{\"@type\":\"SearchAction\",\"target\":{\"@type\":\"EntryPoint\",\"urlTemplate\":\"https:\/\/www.notibras.com\/site\/?s={search_term_string}\"},\"query-input\":{\"@type\":\"PropertyValueSpecification\",\"valueRequired\":true,\"valueName\":\"search_term_string\"}}],\"inLanguage\":\"pt-BR\"},{\"@type\":\"Organization\",\"@id\":\"https:\/\/www.notibras.com\/site\/#organization\",\"name\":\"Grupo Notibras de Comunica\u00e7\u00e3o\",\"url\":\"https:\/\/www.notibras.com\/site\/\",\"logo\":{\"@type\":\"ImageObject\",\"inLanguage\":\"pt-BR\",\"@id\":\"https:\/\/www.notibras.com\/site\/#\/schema\/logo\/image\/\",\"url\":\"https:\/\/www.notibras.com\/site\/wp-content\/uploads\/2023\/01\/notibras23.png\",\"contentUrl\":\"https:\/\/www.notibras.com\/site\/wp-content\/uploads\/2023\/01\/notibras23.png\",\"width\":350,\"height\":87,\"caption\":\"Grupo Notibras de Comunica\u00e7\u00e3o\"},\"image\":{\"@id\":\"https:\/\/www.notibras.com\/site\/#\/schema\/logo\/image\/\"},\"sameAs\":[\"https:\/\/www.facebook.com\/notibras\/\",\"https:\/\/x.com\/Notibras\",\"https:\/\/www.instagram.com\/notibras\/\"]},{\"@type\":\"Person\",\"@id\":\"https:\/\/www.notibras.com\/site\/#\/schema\/person\/36ab0979449956132d3e5b517ea76ac8\",\"name\":\"Reda\u00e7\u00e3o\",\"image\":{\"@type\":\"ImageObject\",\"inLanguage\":\"pt-BR\",\"@id\":\"https:\/\/secure.gravatar.com\/avatar\/e0a867bdedb85fd243eadf09663511f96fc81e0720a4a42581f334ad4303aa6b?s=96&d=mm&r=g\",\"url\":\"https:\/\/secure.gravatar.com\/avatar\/e0a867bdedb85fd243eadf09663511f96fc81e0720a4a42581f334ad4303aa6b?s=96&d=mm&r=g\",\"contentUrl\":\"https:\/\/secure.gravatar.com\/avatar\/e0a867bdedb85fd243eadf09663511f96fc81e0720a4a42581f334ad4303aa6b?s=96&d=mm&r=g\",\"caption\":\"Reda\u00e7\u00e3o\"}}]}<\/script>\n<!-- \/ Yoast SEO plugin. -->","yoast_head_json":{"title":"Alemanha avalia racionar gasolina por conta da guerra - Notibras","robots":{"index":"index","follow":"follow","max-snippet":"max-snippet:-1","max-image-preview":"max-image-preview:large","max-video-preview":"max-video-preview:-1"},"canonical":"https:\/\/www.notibras.com\/site\/alemanha-avalia-racionar-gasolina-por-conta-da-guerra\/","og_locale":"pt_BR","og_type":"article","og_title":"Alemanha avalia racionar gasolina por conta da guerra - Notibras","og_description":"A Alemanha pode enfrentar uma escassez de gasolina devido ao embargo ao petr\u00f3leo russo, disse o ministro da Economia, Robert Habeck, acrescentando que o governo est\u00e1 trabalhando em busca d poss\u00edveis solu\u00e7\u00f5es. &#8220;Infelizmente, n\u00e3o se pode descartar que realmente haver\u00e1 um d\u00e9ficit. Podemos resolver isso, mas \u00e9 poss\u00edvel que haja muito pouco petr\u00f3leo e, portanto, [&hellip;]","og_url":"https:\/\/www.notibras.com\/site\/alemanha-avalia-racionar-gasolina-por-conta-da-guerra\/","og_site_name":"Notibras","article_publisher":"https:\/\/www.facebook.com\/notibras\/","article_published_time":"2022-05-06T09:00:15+00:00","og_image":[{"width":1920,"height":1079,"url":"https:\/\/www.notibras.com\/site\/wp-content\/uploads\/2022\/05\/gas.alemanha.webp","type":"image\/webp"}],"author":"Reda\u00e7\u00e3o","twitter_card":"summary_large_image","twitter_creator":"@Notibras","twitter_site":"@Notibras","twitter_misc":{"Escrito por":"Reda\u00e7\u00e3o","Est. tempo de leitura":"1 minuto"},"schema":{"@context":"https:\/\/schema.org","@graph":[{"@type":"Article","@id":"https:\/\/www.notibras.com\/site\/alemanha-avalia-racionar-gasolina-por-conta-da-guerra\/#article","isPartOf":{"@id":"https:\/\/www.notibras.com\/site\/alemanha-avalia-racionar-gasolina-por-conta-da-guerra\/"},"author":{"name":"Reda\u00e7\u00e3o","@id":"https:\/\/www.notibras.com\/site\/#\/schema\/person\/36ab0979449956132d3e5b517ea76ac8"},"headline":"Alemanha avalia racionar gasolina por conta da guerra","datePublished":"2022-05-06T09:00:15+00:00","mainEntityOfPage":{"@id":"https:\/\/www.notibras.com\/site\/alemanha-avalia-racionar-gasolina-por-conta-da-guerra\/"},"wordCount":174,"publisher":{"@id":"https:\/\/www.notibras.com\/site\/#organization"},"image":{"@id":"https:\/\/www.notibras.com\/site\/alemanha-avalia-racionar-gasolina-por-conta-da-guerra\/#primaryimage"},"thumbnailUrl":"https:\/\/www.notibras.com\/site\/wp-content\/uploads\/2022\/05\/gas.alemanha.webp","keywords":["capa"],"articleSection":["Apocalipse"],"inLanguage":"pt-BR"},{"@type":"WebPage","@id":"https:\/\/www.notibras.com\/site\/alemanha-avalia-racionar-gasolina-por-conta-da-guerra\/","url":"https:\/\/www.notibras.com\/site\/alemanha-avalia-racionar-gasolina-por-conta-da-guerra\/","name":"Alemanha avalia racionar gasolina por conta da guerra - Notibras","isPartOf":{"@id":"https:\/\/www.notibras.com\/site\/#website"},"primaryImageOfPage":{"@id":"https:\/\/www.notibras.com\/site\/alemanha-avalia-racionar-gasolina-por-conta-da-guerra\/#primaryimage"},"image":{"@id":"https:\/\/www.notibras.com\/site\/alemanha-avalia-racionar-gasolina-por-conta-da-guerra\/#primaryimage"},"thumbnailUrl":"https:\/\/www.notibras.com\/site\/wp-content\/uploads\/2022\/05\/gas.alemanha.webp","datePublished":"2022-05-06T09:00:15+00:00","breadcrumb":{"@id":"https:\/\/www.notibras.com\/site\/alemanha-avalia-racionar-gasolina-por-conta-da-guerra\/#breadcrumb"},"inLanguage":"pt-BR","potentialAction":[{"@type":"ReadAction","target":["https:\/\/www.notibras.com\/site\/alemanha-avalia-racionar-gasolina-por-conta-da-guerra\/"]}]},{"@type":"ImageObject","inLanguage":"pt-BR","@id":"https:\/\/www.notibras.com\/site\/alemanha-avalia-racionar-gasolina-por-conta-da-guerra\/#primaryimage","url":"https:\/\/www.notibras.com\/site\/wp-content\/uploads\/2022\/05\/gas.alemanha.webp","contentUrl":"https:\/\/www.notibras.com\/site\/wp-content\/uploads\/2022\/05\/gas.alemanha.webp","width":1920,"height":1079},{"@type":"BreadcrumbList","@id":"https:\/\/www.notibras.com\/site\/alemanha-avalia-racionar-gasolina-por-conta-da-guerra\/#breadcrumb","itemListElement":[{"@type":"ListItem","position":1,"name":"In\u00edcio","item":"https:\/\/www.notibras.com\/site\/"},{"@type":"ListItem","position":2,"name":"Alemanha avalia racionar gasolina por conta da guerra"}]},{"@type":"WebSite","@id":"https:\/\/www.notibras.com\/site\/#website","url":"https:\/\/www.notibras.com\/site\/","name":"Notibras","description":"Not\u00edcias de Bras\u00edlia, do Brasil e do Mundo","publisher":{"@id":"https:\/\/www.notibras.com\/site\/#organization"},"potentialAction":[{"@type":"SearchAction","target":{"@type":"EntryPoint","urlTemplate":"https:\/\/www.notibras.com\/site\/?s={search_term_string}"},"query-input":{"@type":"PropertyValueSpecification","valueRequired":true,"valueName":"search_term_string"}}],"inLanguage":"pt-BR"},{"@type":"Organization","@id":"https:\/\/www.notibras.com\/site\/#organization","name":"Grupo Notibras de Comunica\u00e7\u00e3o","url":"https:\/\/www.notibras.com\/site\/","logo":{"@type":"ImageObject","inLanguage":"pt-BR","@id":"https:\/\/www.notibras.com\/site\/#\/schema\/logo\/image\/","url":"https:\/\/www.notibras.com\/site\/wp-content\/uploads\/2023\/01\/notibras23.png","contentUrl":"https:\/\/www.notibras.com\/site\/wp-content\/uploads\/2023\/01\/notibras23.png","width":350,"height":87,"caption":"Grupo Notibras de Comunica\u00e7\u00e3o"},"image":{"@id":"https:\/\/www.notibras.com\/site\/#\/schema\/logo\/image\/"},"sameAs":["https:\/\/www.facebook.com\/notibras\/","https:\/\/x.com\/Notibras","https:\/\/www.instagram.com\/notibras\/"]},{"@type":"Person","@id":"https:\/\/www.notibras.com\/site\/#\/schema\/person\/36ab0979449956132d3e5b517ea76ac8","name":"Reda\u00e7\u00e3o","image":{"@type":"ImageObject","inLanguage":"pt-BR","@id":"https:\/\/secure.gravatar.com\/avatar\/e0a867bdedb85fd243eadf09663511f96fc81e0720a4a42581f334ad4303aa6b?s=96&d=mm&r=g","url":"https:\/\/secure.gravatar.com\/avatar\/e0a867bdedb85fd243eadf09663511f96fc81e0720a4a42581f334ad4303aa6b?s=96&d=mm&r=g","contentUrl":"https:\/\/secure.gravatar.com\/avatar\/e0a867bdedb85fd243eadf09663511f96fc81e0720a4a42581f334ad4303aa6b?s=96&d=mm&r=g","caption":"Reda\u00e7\u00e3o"}}]}},"amp_enabled":true,"_links":{"self":[{"href":"https:\/\/www.notibras.com\/site\/wp-json\/wp\/v2\/posts\/285120","targetHints":{"allow":["GET"]}}],"collection":[{"href":"https:\/\/www.notibras.com\/site\/wp-json\/wp\/v2\/posts"}],"about":[{"href":"https:\/\/www.notibras.com\/site\/wp-json\/wp\/v2\/types\/post"}],"author":[{"embeddable":true,"href":"https:\/\/www.notibras.com\/site\/wp-json\/wp\/v2\/users\/2"}],"replies":[{"embeddable":true,"href":"https:\/\/www.notibras.com\/site\/wp-json\/wp\/v2\/comments?post=285120"}],"version-history":[{"count":1,"href":"https:\/\/www.notibras.com\/site\/wp-json\/wp\/v2\/posts\/285120\/revisions"}],"predecessor-version":[{"id":285122,"href":"https:\/\/www.notibras.com\/site\/wp-json\/wp\/v2\/posts\/285120\/revisions\/285122"}],"wp:featuredmedia":[{"embeddable":true,"href":"https:\/\/www.notibras.com\/site\/wp-json\/wp\/v2\/media\/285121"}],"wp:attachment":[{"href":"https:\/\/www.notibras.com\/site\/wp-json\/wp\/v2\/media?parent=285120"}],"wp:term":[{"taxonomy":"category","embeddable":true,"href":"https:\/\/www.notibras.com\/site\/wp-json\/wp\/v2\/categories?post=285120"},{"taxonomy":"post_tag","embeddable":true,"href":"https:\/\/www.notibras.com\/site\/wp-json\/wp\/v2\/tags?post=285120"}],"curies":[{"name":"wp","href":"https:\/\/api.w.org\/{rel}","templated":true}]}}