{"id":285123,"date":"2022-05-06T06:02:46","date_gmt":"2022-05-06T09:02:46","guid":{"rendered":"https:\/\/www.notibras.com\/site\/?p=285123"},"modified":"2022-05-06T16:43:08","modified_gmt":"2022-05-06T19:43:08","slug":"general-preve-escalada-russa-para-uma-guerra-mundial","status":"publish","type":"post","link":"https:\/\/www.notibras.com\/site\/general-preve-escalada-russa-para-uma-guerra-mundial\/","title":{"rendered":"General prev\u00ea escalada russa para guerra mundial"},"content":{"rendered":"<p>O general do Ex\u00e9rcito dos EUA, Mark Milley, comandante do Estado-Maior Conjunto, fez uma avalia\u00e7\u00e3o bastante sombria da situa\u00e7\u00e3o global \u00e0 luz da crise em andamento na Ucr\u00e2nia, ao testemunhar sobre o or\u00e7amento de defesa durante uma audi\u00eancia no Senado norte-americano.<\/p>\n<p>&#8220;Estamos entrando em um mundo cada vez mais inst\u00e1vel e um potencial para um conflito internacional significativo entre grandes pot\u00eancias est\u00e1 aumentando, n\u00e3o diminuindo&#8221;, disse Milley.<\/p>\n<p>Ele tamb\u00e9m afirmou que os Estados Unidos enfrentam atualmente duas pot\u00eancias globais, China e R\u00fassia, ambas as quais, segundo ele, possuem capacidades militares significativas e buscam \u201cmudar fundamentalmente a atual ordem baseada em regras\u201d.<\/p>\n<p>Anteriormente, o ministro das Rela\u00e7\u00f5es Exteriores da R\u00fassia, Sergei Lavrov, alertou que, embora o risco de uma guerra nuclear hoje seja significativo e que esse problema n\u00e3o deve ser subestimado, h\u00e1 lados que parecem ansiosos para estimular artificialmente essa amea\u00e7a.<\/p>\n<p>Observando que a R\u00fassia continua aderindo ao princ\u00edpio de que a guerra nuclear \u00e9 inadmiss\u00edvel \u2013 uma posi\u00e7\u00e3o que foi reiterada em janeiro pelas cinco pot\u00eancias nucleares do mundo \u2013 Lavrov disse que n\u00e3o seria bom ver tais riscos serem provocados artificialmente, pois parece haver quem o queira fazer.<\/p>\n<p>&#8220;O perigo \u00e9 s\u00e9rio, \u00e9 real e n\u00e3o deve ser subestimado&#8221;, disse ele durante entrevista \u00e0 televis\u00e3o estatal russa. Lavrov tamb\u00e9m criticou a ajuda militar que os Estados Unidos e alguns de seus aliados v\u00eam fornecendo \u00e0 Ucr\u00e2nia em meio ao conflito, argumentando que isso dificulta os esfor\u00e7os para resolver a guerra por meio da diplomacia.<\/p>\n<p>&#8220;Kiev est\u00e1 confiando no que lhes foi prometido por aqueles que os convocam para &#8216;impedir que a R\u00fassia ven\u00e7a'&#8221;, disse ele. &#8220;Eles continuar\u00e3o com essa linha injetando enormes quantidades de armas na Ucr\u00e2nia. E se isso continuar, as negocia\u00e7\u00f5es dificilmente ter\u00e3o resultado.&#8221;<\/p>\n<p>Desde o in\u00edcio do conflito na Ucr\u00e2nia, os EUA, o Reino Unido, a Alemanha e v\u00e1rios outros estados forneceram a Kiev uma vasta gama de armas e equipamentos, incluindo sistemas de armas antia\u00e9reas e antitanques port\u00e1teis, ve\u00edculos blindados, armaduras e ra\u00e7\u00f5es alimentares.<\/p>\n","protected":false},"excerpt":{"rendered":"<p>O general do Ex\u00e9rcito dos EUA, Mark Milley, comandante do Estado-Maior Conjunto, fez uma avalia\u00e7\u00e3o bastante sombria da situa\u00e7\u00e3o global \u00e0 luz da crise em andamento na Ucr\u00e2nia, ao testemunhar sobre o or\u00e7amento de defesa durante uma audi\u00eancia no Senado norte-americano. &#8220;Estamos entrando em um mundo cada vez mais inst\u00e1vel e um potencial para um [&hellip;]<\/p>\n","protected":false},"author":2,"featured_media":285124,"comment_status":"closed","ping_status":"closed","sticky":false,"template":"","format":"standard","meta":{"_acf_changed":false,"footnotes":""},"categories":[159],"tags":[95],"class_list":["post-285123","post","type-post","status-publish","format-standard","has-post-thumbnail","hentry","category-apocalipse","tag-capa"],"acf":[],"yoast_head":"<!-- This site is optimized with the Yoast SEO plugin v27.2 - https:\/\/yoast.com\/product\/yoast-seo-wordpress\/ -->\n<title>General prev\u00ea escalada russa para guerra mundial - Notibras<\/title>\n<meta name=\"robots\" content=\"index, follow, max-snippet:-1, max-image-preview:large, max-video-preview:-1\" \/>\n<link rel=\"canonical\" href=\"https:\/\/www.notibras.com\/site\/general-preve-escalada-russa-para-uma-guerra-mundial\/\" \/>\n<meta property=\"og:locale\" content=\"pt_BR\" \/>\n<meta property=\"og:type\" content=\"article\" \/>\n<meta property=\"og:title\" content=\"General prev\u00ea escalada russa para guerra mundial - Notibras\" \/>\n<meta property=\"og:description\" content=\"O general do Ex\u00e9rcito dos EUA, Mark Milley, comandante do Estado-Maior Conjunto, fez uma avalia\u00e7\u00e3o bastante sombria da situa\u00e7\u00e3o global \u00e0 luz da crise em andamento na Ucr\u00e2nia, ao testemunhar sobre o or\u00e7amento de defesa durante uma audi\u00eancia no Senado norte-americano. &#8220;Estamos entrando em um mundo cada vez mais inst\u00e1vel e um potencial para um [&hellip;]\" \/>\n<meta property=\"og:url\" content=\"https:\/\/www.notibras.com\/site\/general-preve-escalada-russa-para-uma-guerra-mundial\/\" \/>\n<meta property=\"og:site_name\" content=\"Notibras\" \/>\n<meta property=\"article:publisher\" content=\"https:\/\/www.facebook.com\/notibras\/\" \/>\n<meta property=\"article:published_time\" content=\"2022-05-06T09:02:46+00:00\" \/>\n<meta property=\"article:modified_time\" content=\"2022-05-06T19:43:08+00:00\" \/>\n<meta property=\"og:image\" content=\"https:\/\/www.notibras.com\/site\/wp-content\/uploads\/2022\/05\/general.guerra.webp\" \/>\n\t<meta property=\"og:image:width\" content=\"1920\" \/>\n\t<meta property=\"og:image:height\" content=\"1080\" \/>\n\t<meta property=\"og:image:type\" content=\"image\/webp\" \/>\n<meta name=\"author\" content=\"Reda\u00e7\u00e3o\" \/>\n<meta name=\"twitter:card\" content=\"summary_large_image\" \/>\n<meta name=\"twitter:creator\" content=\"@Notibras\" \/>\n<meta name=\"twitter:site\" content=\"@Notibras\" \/>\n<meta name=\"twitter:label1\" content=\"Escrito por\" \/>\n\t<meta name=\"twitter:data1\" content=\"Reda\u00e7\u00e3o\" \/>\n\t<meta name=\"twitter:label2\" content=\"Est. tempo de leitura\" \/>\n\t<meta name=\"twitter:data2\" content=\"2 minutos\" \/>\n<script type=\"application\/ld+json\" class=\"yoast-schema-graph\">{\"@context\":\"https:\/\/schema.org\",\"@graph\":[{\"@type\":\"Article\",\"@id\":\"https:\/\/www.notibras.com\/site\/general-preve-escalada-russa-para-uma-guerra-mundial\/#article\",\"isPartOf\":{\"@id\":\"https:\/\/www.notibras.com\/site\/general-preve-escalada-russa-para-uma-guerra-mundial\/\"},\"author\":{\"name\":\"Reda\u00e7\u00e3o\",\"@id\":\"https:\/\/www.notibras.com\/site\/#\/schema\/person\/36ab0979449956132d3e5b517ea76ac8\"},\"headline\":\"General prev\u00ea escalada russa para guerra mundial\",\"datePublished\":\"2022-05-06T09:02:46+00:00\",\"dateModified\":\"2022-05-06T19:43:08+00:00\",\"mainEntityOfPage\":{\"@id\":\"https:\/\/www.notibras.com\/site\/general-preve-escalada-russa-para-uma-guerra-mundial\/\"},\"wordCount\":371,\"publisher\":{\"@id\":\"https:\/\/www.notibras.com\/site\/#organization\"},\"image\":{\"@id\":\"https:\/\/www.notibras.com\/site\/general-preve-escalada-russa-para-uma-guerra-mundial\/#primaryimage\"},\"thumbnailUrl\":\"https:\/\/www.notibras.com\/site\/wp-content\/uploads\/2022\/05\/general.guerra.webp\",\"keywords\":[\"capa\"],\"articleSection\":[\"Apocalipse\"],\"inLanguage\":\"pt-BR\"},{\"@type\":\"WebPage\",\"@id\":\"https:\/\/www.notibras.com\/site\/general-preve-escalada-russa-para-uma-guerra-mundial\/\",\"url\":\"https:\/\/www.notibras.com\/site\/general-preve-escalada-russa-para-uma-guerra-mundial\/\",\"name\":\"General prev\u00ea escalada russa para guerra mundial - Notibras\",\"isPartOf\":{\"@id\":\"https:\/\/www.notibras.com\/site\/#website\"},\"primaryImageOfPage\":{\"@id\":\"https:\/\/www.notibras.com\/site\/general-preve-escalada-russa-para-uma-guerra-mundial\/#primaryimage\"},\"image\":{\"@id\":\"https:\/\/www.notibras.com\/site\/general-preve-escalada-russa-para-uma-guerra-mundial\/#primaryimage\"},\"thumbnailUrl\":\"https:\/\/www.notibras.com\/site\/wp-content\/uploads\/2022\/05\/general.guerra.webp\",\"datePublished\":\"2022-05-06T09:02:46+00:00\",\"dateModified\":\"2022-05-06T19:43:08+00:00\",\"breadcrumb\":{\"@id\":\"https:\/\/www.notibras.com\/site\/general-preve-escalada-russa-para-uma-guerra-mundial\/#breadcrumb\"},\"inLanguage\":\"pt-BR\",\"potentialAction\":[{\"@type\":\"ReadAction\",\"target\":[\"https:\/\/www.notibras.com\/site\/general-preve-escalada-russa-para-uma-guerra-mundial\/\"]}]},{\"@type\":\"ImageObject\",\"inLanguage\":\"pt-BR\",\"@id\":\"https:\/\/www.notibras.com\/site\/general-preve-escalada-russa-para-uma-guerra-mundial\/#primaryimage\",\"url\":\"https:\/\/www.notibras.com\/site\/wp-content\/uploads\/2022\/05\/general.guerra.webp\",\"contentUrl\":\"https:\/\/www.notibras.com\/site\/wp-content\/uploads\/2022\/05\/general.guerra.webp\",\"width\":1920,\"height\":1080},{\"@type\":\"BreadcrumbList\",\"@id\":\"https:\/\/www.notibras.com\/site\/general-preve-escalada-russa-para-uma-guerra-mundial\/#breadcrumb\",\"itemListElement\":[{\"@type\":\"ListItem\",\"position\":1,\"name\":\"In\u00edcio\",\"item\":\"https:\/\/www.notibras.com\/site\/\"},{\"@type\":\"ListItem\",\"position\":2,\"name\":\"General prev\u00ea escalada russa para guerra mundial\"}]},{\"@type\":\"WebSite\",\"@id\":\"https:\/\/www.notibras.com\/site\/#website\",\"url\":\"https:\/\/www.notibras.com\/site\/\",\"name\":\"Notibras\",\"description\":\"Not\u00edcias de Bras\u00edlia, do Brasil e do Mundo\",\"publisher\":{\"@id\":\"https:\/\/www.notibras.com\/site\/#organization\"},\"potentialAction\":[{\"@type\":\"SearchAction\",\"target\":{\"@type\":\"EntryPoint\",\"urlTemplate\":\"https:\/\/www.notibras.com\/site\/?s={search_term_string}\"},\"query-input\":{\"@type\":\"PropertyValueSpecification\",\"valueRequired\":true,\"valueName\":\"search_term_string\"}}],\"inLanguage\":\"pt-BR\"},{\"@type\":\"Organization\",\"@id\":\"https:\/\/www.notibras.com\/site\/#organization\",\"name\":\"Grupo Notibras de Comunica\u00e7\u00e3o\",\"url\":\"https:\/\/www.notibras.com\/site\/\",\"logo\":{\"@type\":\"ImageObject\",\"inLanguage\":\"pt-BR\",\"@id\":\"https:\/\/www.notibras.com\/site\/#\/schema\/logo\/image\/\",\"url\":\"https:\/\/www.notibras.com\/site\/wp-content\/uploads\/2023\/01\/notibras23.png\",\"contentUrl\":\"https:\/\/www.notibras.com\/site\/wp-content\/uploads\/2023\/01\/notibras23.png\",\"width\":350,\"height\":87,\"caption\":\"Grupo Notibras de Comunica\u00e7\u00e3o\"},\"image\":{\"@id\":\"https:\/\/www.notibras.com\/site\/#\/schema\/logo\/image\/\"},\"sameAs\":[\"https:\/\/www.facebook.com\/notibras\/\",\"https:\/\/x.com\/Notibras\",\"https:\/\/www.instagram.com\/notibras\/\"]},{\"@type\":\"Person\",\"@id\":\"https:\/\/www.notibras.com\/site\/#\/schema\/person\/36ab0979449956132d3e5b517ea76ac8\",\"name\":\"Reda\u00e7\u00e3o\",\"image\":{\"@type\":\"ImageObject\",\"inLanguage\":\"pt-BR\",\"@id\":\"https:\/\/secure.gravatar.com\/avatar\/e0a867bdedb85fd243eadf09663511f96fc81e0720a4a42581f334ad4303aa6b?s=96&d=mm&r=g\",\"url\":\"https:\/\/secure.gravatar.com\/avatar\/e0a867bdedb85fd243eadf09663511f96fc81e0720a4a42581f334ad4303aa6b?s=96&d=mm&r=g\",\"contentUrl\":\"https:\/\/secure.gravatar.com\/avatar\/e0a867bdedb85fd243eadf09663511f96fc81e0720a4a42581f334ad4303aa6b?s=96&d=mm&r=g\",\"caption\":\"Reda\u00e7\u00e3o\"}}]}<\/script>\n<!-- \/ Yoast SEO plugin. -->","yoast_head_json":{"title":"General prev\u00ea escalada russa para guerra mundial - Notibras","robots":{"index":"index","follow":"follow","max-snippet":"max-snippet:-1","max-image-preview":"max-image-preview:large","max-video-preview":"max-video-preview:-1"},"canonical":"https:\/\/www.notibras.com\/site\/general-preve-escalada-russa-para-uma-guerra-mundial\/","og_locale":"pt_BR","og_type":"article","og_title":"General prev\u00ea escalada russa para guerra mundial - Notibras","og_description":"O general do Ex\u00e9rcito dos EUA, Mark Milley, comandante do Estado-Maior Conjunto, fez uma avalia\u00e7\u00e3o bastante sombria da situa\u00e7\u00e3o global \u00e0 luz da crise em andamento na Ucr\u00e2nia, ao testemunhar sobre o or\u00e7amento de defesa durante uma audi\u00eancia no Senado norte-americano. &#8220;Estamos entrando em um mundo cada vez mais inst\u00e1vel e um potencial para um [&hellip;]","og_url":"https:\/\/www.notibras.com\/site\/general-preve-escalada-russa-para-uma-guerra-mundial\/","og_site_name":"Notibras","article_publisher":"https:\/\/www.facebook.com\/notibras\/","article_published_time":"2022-05-06T09:02:46+00:00","article_modified_time":"2022-05-06T19:43:08+00:00","og_image":[{"width":1920,"height":1080,"url":"https:\/\/www.notibras.com\/site\/wp-content\/uploads\/2022\/05\/general.guerra.webp","type":"image\/webp"}],"author":"Reda\u00e7\u00e3o","twitter_card":"summary_large_image","twitter_creator":"@Notibras","twitter_site":"@Notibras","twitter_misc":{"Escrito por":"Reda\u00e7\u00e3o","Est. tempo de leitura":"2 minutos"},"schema":{"@context":"https:\/\/schema.org","@graph":[{"@type":"Article","@id":"https:\/\/www.notibras.com\/site\/general-preve-escalada-russa-para-uma-guerra-mundial\/#article","isPartOf":{"@id":"https:\/\/www.notibras.com\/site\/general-preve-escalada-russa-para-uma-guerra-mundial\/"},"author":{"name":"Reda\u00e7\u00e3o","@id":"https:\/\/www.notibras.com\/site\/#\/schema\/person\/36ab0979449956132d3e5b517ea76ac8"},"headline":"General prev\u00ea escalada russa para guerra mundial","datePublished":"2022-05-06T09:02:46+00:00","dateModified":"2022-05-06T19:43:08+00:00","mainEntityOfPage":{"@id":"https:\/\/www.notibras.com\/site\/general-preve-escalada-russa-para-uma-guerra-mundial\/"},"wordCount":371,"publisher":{"@id":"https:\/\/www.notibras.com\/site\/#organization"},"image":{"@id":"https:\/\/www.notibras.com\/site\/general-preve-escalada-russa-para-uma-guerra-mundial\/#primaryimage"},"thumbnailUrl":"https:\/\/www.notibras.com\/site\/wp-content\/uploads\/2022\/05\/general.guerra.webp","keywords":["capa"],"articleSection":["Apocalipse"],"inLanguage":"pt-BR"},{"@type":"WebPage","@id":"https:\/\/www.notibras.com\/site\/general-preve-escalada-russa-para-uma-guerra-mundial\/","url":"https:\/\/www.notibras.com\/site\/general-preve-escalada-russa-para-uma-guerra-mundial\/","name":"General prev\u00ea escalada russa para guerra mundial - Notibras","isPartOf":{"@id":"https:\/\/www.notibras.com\/site\/#website"},"primaryImageOfPage":{"@id":"https:\/\/www.notibras.com\/site\/general-preve-escalada-russa-para-uma-guerra-mundial\/#primaryimage"},"image":{"@id":"https:\/\/www.notibras.com\/site\/general-preve-escalada-russa-para-uma-guerra-mundial\/#primaryimage"},"thumbnailUrl":"https:\/\/www.notibras.com\/site\/wp-content\/uploads\/2022\/05\/general.guerra.webp","datePublished":"2022-05-06T09:02:46+00:00","dateModified":"2022-05-06T19:43:08+00:00","breadcrumb":{"@id":"https:\/\/www.notibras.com\/site\/general-preve-escalada-russa-para-uma-guerra-mundial\/#breadcrumb"},"inLanguage":"pt-BR","potentialAction":[{"@type":"ReadAction","target":["https:\/\/www.notibras.com\/site\/general-preve-escalada-russa-para-uma-guerra-mundial\/"]}]},{"@type":"ImageObject","inLanguage":"pt-BR","@id":"https:\/\/www.notibras.com\/site\/general-preve-escalada-russa-para-uma-guerra-mundial\/#primaryimage","url":"https:\/\/www.notibras.com\/site\/wp-content\/uploads\/2022\/05\/general.guerra.webp","contentUrl":"https:\/\/www.notibras.com\/site\/wp-content\/uploads\/2022\/05\/general.guerra.webp","width":1920,"height":1080},{"@type":"BreadcrumbList","@id":"https:\/\/www.notibras.com\/site\/general-preve-escalada-russa-para-uma-guerra-mundial\/#breadcrumb","itemListElement":[{"@type":"ListItem","position":1,"name":"In\u00edcio","item":"https:\/\/www.notibras.com\/site\/"},{"@type":"ListItem","position":2,"name":"General prev\u00ea escalada russa para guerra mundial"}]},{"@type":"WebSite","@id":"https:\/\/www.notibras.com\/site\/#website","url":"https:\/\/www.notibras.com\/site\/","name":"Notibras","description":"Not\u00edcias de Bras\u00edlia, do Brasil e do Mundo","publisher":{"@id":"https:\/\/www.notibras.com\/site\/#organization"},"potentialAction":[{"@type":"SearchAction","target":{"@type":"EntryPoint","urlTemplate":"https:\/\/www.notibras.com\/site\/?s={search_term_string}"},"query-input":{"@type":"PropertyValueSpecification","valueRequired":true,"valueName":"search_term_string"}}],"inLanguage":"pt-BR"},{"@type":"Organization","@id":"https:\/\/www.notibras.com\/site\/#organization","name":"Grupo Notibras de Comunica\u00e7\u00e3o","url":"https:\/\/www.notibras.com\/site\/","logo":{"@type":"ImageObject","inLanguage":"pt-BR","@id":"https:\/\/www.notibras.com\/site\/#\/schema\/logo\/image\/","url":"https:\/\/www.notibras.com\/site\/wp-content\/uploads\/2023\/01\/notibras23.png","contentUrl":"https:\/\/www.notibras.com\/site\/wp-content\/uploads\/2023\/01\/notibras23.png","width":350,"height":87,"caption":"Grupo Notibras de Comunica\u00e7\u00e3o"},"image":{"@id":"https:\/\/www.notibras.com\/site\/#\/schema\/logo\/image\/"},"sameAs":["https:\/\/www.facebook.com\/notibras\/","https:\/\/x.com\/Notibras","https:\/\/www.instagram.com\/notibras\/"]},{"@type":"Person","@id":"https:\/\/www.notibras.com\/site\/#\/schema\/person\/36ab0979449956132d3e5b517ea76ac8","name":"Reda\u00e7\u00e3o","image":{"@type":"ImageObject","inLanguage":"pt-BR","@id":"https:\/\/secure.gravatar.com\/avatar\/e0a867bdedb85fd243eadf09663511f96fc81e0720a4a42581f334ad4303aa6b?s=96&d=mm&r=g","url":"https:\/\/secure.gravatar.com\/avatar\/e0a867bdedb85fd243eadf09663511f96fc81e0720a4a42581f334ad4303aa6b?s=96&d=mm&r=g","contentUrl":"https:\/\/secure.gravatar.com\/avatar\/e0a867bdedb85fd243eadf09663511f96fc81e0720a4a42581f334ad4303aa6b?s=96&d=mm&r=g","caption":"Reda\u00e7\u00e3o"}}]}},"amp_enabled":true,"_links":{"self":[{"href":"https:\/\/www.notibras.com\/site\/wp-json\/wp\/v2\/posts\/285123","targetHints":{"allow":["GET"]}}],"collection":[{"href":"https:\/\/www.notibras.com\/site\/wp-json\/wp\/v2\/posts"}],"about":[{"href":"https:\/\/www.notibras.com\/site\/wp-json\/wp\/v2\/types\/post"}],"author":[{"embeddable":true,"href":"https:\/\/www.notibras.com\/site\/wp-json\/wp\/v2\/users\/2"}],"replies":[{"embeddable":true,"href":"https:\/\/www.notibras.com\/site\/wp-json\/wp\/v2\/comments?post=285123"}],"version-history":[{"count":2,"href":"https:\/\/www.notibras.com\/site\/wp-json\/wp\/v2\/posts\/285123\/revisions"}],"predecessor-version":[{"id":285157,"href":"https:\/\/www.notibras.com\/site\/wp-json\/wp\/v2\/posts\/285123\/revisions\/285157"}],"wp:featuredmedia":[{"embeddable":true,"href":"https:\/\/www.notibras.com\/site\/wp-json\/wp\/v2\/media\/285124"}],"wp:attachment":[{"href":"https:\/\/www.notibras.com\/site\/wp-json\/wp\/v2\/media?parent=285123"}],"wp:term":[{"taxonomy":"category","embeddable":true,"href":"https:\/\/www.notibras.com\/site\/wp-json\/wp\/v2\/categories?post=285123"},{"taxonomy":"post_tag","embeddable":true,"href":"https:\/\/www.notibras.com\/site\/wp-json\/wp\/v2\/tags?post=285123"}],"curies":[{"name":"wp","href":"https:\/\/api.w.org\/{rel}","templated":true}]}}