{"id":285195,"date":"2022-05-08T03:03:47","date_gmt":"2022-05-08T06:03:47","guid":{"rendered":"https:\/\/www.notibras.com\/site\/?p=285195"},"modified":"2022-05-08T08:41:56","modified_gmt":"2022-05-08T11:41:56","slug":"putin-cita-ameaca-nazista-para-invadir-a-ucrania","status":"publish","type":"post","link":"https:\/\/www.notibras.com\/site\/putin-cita-ameaca-nazista-para-invadir-a-ucrania\/","title":{"rendered":"Putin cita &#8216;amea\u00e7a nazista&#8217; para invadir a Ucr\u00e2nia"},"content":{"rendered":"<p>O presidente russo, Vladimir Putin, parabenizou o povo das Rep\u00fablicas Populares de Donetsk e Lugansk (DPR e LPR) neste domingo, 8, nas comemora\u00e7\u00f5es do 77\u00ba anivers\u00e1rio da vit\u00f3ria da ent\u00e3o Uni\u00e3o Sovi\u00e9tica na Segunda Guerra Mundial contra o Terceiro Reich de Adolfo Hitler. Lutam, enfatizou, &#8220;para libertarem a regi\u00e3o do nazismo, assim como seus ancestrais fizeram na Grande Guerra Patri\u00f3tica.&#8221;<\/p>\n<p>Putin tamb\u00e9m expressou confian\u00e7a de que, assim como em 1945, &#8220;o povo do Donbass prevalecer\u00e1 e ser\u00e1 vitorioso&#8221;, acrescentando que a opera\u00e7\u00e3o militar na Ucr\u00e2nia &#8220;\u00e9 para evitar o ressurgimento do nazismo , que trouxe tanto sofrimento e afli\u00e7\u00e3o no passado para as pessoas em muitos pa\u00edses.&#8221;<\/p>\n<p>&#8220;Temos que preservar e transmitir \u00e0 nossa posteridade a verdade sobre os eventos da [Segunda Guerra Mundial], nossos valores espirituais comuns e tradi\u00e7\u00f5es de amizade fraterna&#8221;, disse Putin. &#8220;Soldados do Donbas est\u00e3o lutando ao lado das tropas russas contra os militares ucranianos e os batalh\u00f5es neonazistas&#8221;, frisou, para justificar a guerra na Ucr\u00e2nia.<\/p>\n<p>Putin argumentou que o povo da DPR e da LPR foi submetido ao &#8220;genoc\u00eddio&#8221; do &#8220;regime de Kiev&#8221;, que foi &#8220;sequestrado por nacionalistas e neonazistas ap\u00f3s o golpe apoiado pelo Ocidente em 2014&#8221;. Ele acrescentou que a R\u00fassia n\u00e3o poderia ficar mais indiferente e foi obrigado a intervir na situa\u00e7\u00e3o, lan\u00e7ando a opera\u00e7\u00e3o militar especial em 24 de fevereiro.<\/p>\n","protected":false},"excerpt":{"rendered":"<p>O presidente russo, Vladimir Putin, parabenizou o povo das Rep\u00fablicas Populares de Donetsk e Lugansk (DPR e LPR) neste domingo, 8, nas comemora\u00e7\u00f5es do 77\u00ba anivers\u00e1rio da vit\u00f3ria da ent\u00e3o Uni\u00e3o Sovi\u00e9tica na Segunda Guerra Mundial contra o Terceiro Reich de Adolfo Hitler. Lutam, enfatizou, &#8220;para libertarem a regi\u00e3o do nazismo, assim como seus ancestrais [&hellip;]<\/p>\n","protected":false},"author":2,"featured_media":285196,"comment_status":"closed","ping_status":"closed","sticky":false,"template":"","format":"standard","meta":{"_acf_changed":false,"footnotes":""},"categories":[159],"tags":[95],"class_list":["post-285195","post","type-post","status-publish","format-standard","has-post-thumbnail","hentry","category-apocalipse","tag-capa"],"acf":[],"yoast_head":"<!-- This site is optimized with the Yoast SEO plugin v27.2 - https:\/\/yoast.com\/product\/yoast-seo-wordpress\/ -->\n<title>Putin cita &#039;amea\u00e7a nazista&#039; para invadir a Ucr\u00e2nia - Notibras<\/title>\n<meta name=\"robots\" content=\"index, follow, max-snippet:-1, max-image-preview:large, max-video-preview:-1\" \/>\n<link rel=\"canonical\" href=\"https:\/\/www.notibras.com\/site\/putin-cita-ameaca-nazista-para-invadir-a-ucrania\/\" \/>\n<meta property=\"og:locale\" content=\"pt_BR\" \/>\n<meta property=\"og:type\" content=\"article\" \/>\n<meta property=\"og:title\" content=\"Putin cita &#039;amea\u00e7a nazista&#039; para invadir a Ucr\u00e2nia - Notibras\" \/>\n<meta property=\"og:description\" content=\"O presidente russo, Vladimir Putin, parabenizou o povo das Rep\u00fablicas Populares de Donetsk e Lugansk (DPR e LPR) neste domingo, 8, nas comemora\u00e7\u00f5es do 77\u00ba anivers\u00e1rio da vit\u00f3ria da ent\u00e3o Uni\u00e3o Sovi\u00e9tica na Segunda Guerra Mundial contra o Terceiro Reich de Adolfo Hitler. Lutam, enfatizou, &#8220;para libertarem a regi\u00e3o do nazismo, assim como seus ancestrais [&hellip;]\" \/>\n<meta property=\"og:url\" content=\"https:\/\/www.notibras.com\/site\/putin-cita-ameaca-nazista-para-invadir-a-ucrania\/\" \/>\n<meta property=\"og:site_name\" content=\"Notibras\" \/>\n<meta property=\"article:publisher\" content=\"https:\/\/www.facebook.com\/notibras\/\" \/>\n<meta property=\"article:published_time\" content=\"2022-05-08T06:03:47+00:00\" \/>\n<meta property=\"article:modified_time\" content=\"2022-05-08T11:41:56+00:00\" \/>\n<meta property=\"og:image\" content=\"https:\/\/www.notibras.com\/site\/wp-content\/uploads\/2022\/05\/putin.8.5.webp\" \/>\n\t<meta property=\"og:image:width\" content=\"1920\" \/>\n\t<meta property=\"og:image:height\" content=\"1080\" \/>\n\t<meta property=\"og:image:type\" content=\"image\/webp\" \/>\n<meta name=\"author\" content=\"Reda\u00e7\u00e3o\" \/>\n<meta name=\"twitter:card\" content=\"summary_large_image\" \/>\n<meta name=\"twitter:creator\" content=\"@Notibras\" \/>\n<meta name=\"twitter:site\" content=\"@Notibras\" \/>\n<meta name=\"twitter:label1\" content=\"Escrito por\" \/>\n\t<meta name=\"twitter:data1\" content=\"Reda\u00e7\u00e3o\" \/>\n\t<meta name=\"twitter:label2\" content=\"Est. tempo de leitura\" \/>\n\t<meta name=\"twitter:data2\" content=\"1 minuto\" \/>\n<script type=\"application\/ld+json\" class=\"yoast-schema-graph\">{\"@context\":\"https:\/\/schema.org\",\"@graph\":[{\"@type\":\"Article\",\"@id\":\"https:\/\/www.notibras.com\/site\/putin-cita-ameaca-nazista-para-invadir-a-ucrania\/#article\",\"isPartOf\":{\"@id\":\"https:\/\/www.notibras.com\/site\/putin-cita-ameaca-nazista-para-invadir-a-ucrania\/\"},\"author\":{\"name\":\"Reda\u00e7\u00e3o\",\"@id\":\"https:\/\/www.notibras.com\/site\/#\/schema\/person\/36ab0979449956132d3e5b517ea76ac8\"},\"headline\":\"Putin cita &#8216;amea\u00e7a nazista&#8217; para invadir a Ucr\u00e2nia\",\"datePublished\":\"2022-05-08T06:03:47+00:00\",\"dateModified\":\"2022-05-08T11:41:56+00:00\",\"mainEntityOfPage\":{\"@id\":\"https:\/\/www.notibras.com\/site\/putin-cita-ameaca-nazista-para-invadir-a-ucrania\/\"},\"wordCount\":247,\"publisher\":{\"@id\":\"https:\/\/www.notibras.com\/site\/#organization\"},\"image\":{\"@id\":\"https:\/\/www.notibras.com\/site\/putin-cita-ameaca-nazista-para-invadir-a-ucrania\/#primaryimage\"},\"thumbnailUrl\":\"https:\/\/www.notibras.com\/site\/wp-content\/uploads\/2022\/05\/putin.8.5.webp\",\"keywords\":[\"capa\"],\"articleSection\":[\"Apocalipse\"],\"inLanguage\":\"pt-BR\"},{\"@type\":\"WebPage\",\"@id\":\"https:\/\/www.notibras.com\/site\/putin-cita-ameaca-nazista-para-invadir-a-ucrania\/\",\"url\":\"https:\/\/www.notibras.com\/site\/putin-cita-ameaca-nazista-para-invadir-a-ucrania\/\",\"name\":\"Putin cita 'amea\u00e7a nazista' para invadir a Ucr\u00e2nia - Notibras\",\"isPartOf\":{\"@id\":\"https:\/\/www.notibras.com\/site\/#website\"},\"primaryImageOfPage\":{\"@id\":\"https:\/\/www.notibras.com\/site\/putin-cita-ameaca-nazista-para-invadir-a-ucrania\/#primaryimage\"},\"image\":{\"@id\":\"https:\/\/www.notibras.com\/site\/putin-cita-ameaca-nazista-para-invadir-a-ucrania\/#primaryimage\"},\"thumbnailUrl\":\"https:\/\/www.notibras.com\/site\/wp-content\/uploads\/2022\/05\/putin.8.5.webp\",\"datePublished\":\"2022-05-08T06:03:47+00:00\",\"dateModified\":\"2022-05-08T11:41:56+00:00\",\"breadcrumb\":{\"@id\":\"https:\/\/www.notibras.com\/site\/putin-cita-ameaca-nazista-para-invadir-a-ucrania\/#breadcrumb\"},\"inLanguage\":\"pt-BR\",\"potentialAction\":[{\"@type\":\"ReadAction\",\"target\":[\"https:\/\/www.notibras.com\/site\/putin-cita-ameaca-nazista-para-invadir-a-ucrania\/\"]}]},{\"@type\":\"ImageObject\",\"inLanguage\":\"pt-BR\",\"@id\":\"https:\/\/www.notibras.com\/site\/putin-cita-ameaca-nazista-para-invadir-a-ucrania\/#primaryimage\",\"url\":\"https:\/\/www.notibras.com\/site\/wp-content\/uploads\/2022\/05\/putin.8.5.webp\",\"contentUrl\":\"https:\/\/www.notibras.com\/site\/wp-content\/uploads\/2022\/05\/putin.8.5.webp\",\"width\":1920,\"height\":1080},{\"@type\":\"BreadcrumbList\",\"@id\":\"https:\/\/www.notibras.com\/site\/putin-cita-ameaca-nazista-para-invadir-a-ucrania\/#breadcrumb\",\"itemListElement\":[{\"@type\":\"ListItem\",\"position\":1,\"name\":\"In\u00edcio\",\"item\":\"https:\/\/www.notibras.com\/site\/\"},{\"@type\":\"ListItem\",\"position\":2,\"name\":\"Putin cita &#8216;amea\u00e7a nazista&#8217; para invadir a Ucr\u00e2nia\"}]},{\"@type\":\"WebSite\",\"@id\":\"https:\/\/www.notibras.com\/site\/#website\",\"url\":\"https:\/\/www.notibras.com\/site\/\",\"name\":\"Notibras\",\"description\":\"Not\u00edcias de Bras\u00edlia, do Brasil e do Mundo\",\"publisher\":{\"@id\":\"https:\/\/www.notibras.com\/site\/#organization\"},\"potentialAction\":[{\"@type\":\"SearchAction\",\"target\":{\"@type\":\"EntryPoint\",\"urlTemplate\":\"https:\/\/www.notibras.com\/site\/?s={search_term_string}\"},\"query-input\":{\"@type\":\"PropertyValueSpecification\",\"valueRequired\":true,\"valueName\":\"search_term_string\"}}],\"inLanguage\":\"pt-BR\"},{\"@type\":\"Organization\",\"@id\":\"https:\/\/www.notibras.com\/site\/#organization\",\"name\":\"Grupo Notibras de Comunica\u00e7\u00e3o\",\"url\":\"https:\/\/www.notibras.com\/site\/\",\"logo\":{\"@type\":\"ImageObject\",\"inLanguage\":\"pt-BR\",\"@id\":\"https:\/\/www.notibras.com\/site\/#\/schema\/logo\/image\/\",\"url\":\"https:\/\/www.notibras.com\/site\/wp-content\/uploads\/2023\/01\/notibras23.png\",\"contentUrl\":\"https:\/\/www.notibras.com\/site\/wp-content\/uploads\/2023\/01\/notibras23.png\",\"width\":350,\"height\":87,\"caption\":\"Grupo Notibras de Comunica\u00e7\u00e3o\"},\"image\":{\"@id\":\"https:\/\/www.notibras.com\/site\/#\/schema\/logo\/image\/\"},\"sameAs\":[\"https:\/\/www.facebook.com\/notibras\/\",\"https:\/\/x.com\/Notibras\",\"https:\/\/www.instagram.com\/notibras\/\"]},{\"@type\":\"Person\",\"@id\":\"https:\/\/www.notibras.com\/site\/#\/schema\/person\/36ab0979449956132d3e5b517ea76ac8\",\"name\":\"Reda\u00e7\u00e3o\",\"image\":{\"@type\":\"ImageObject\",\"inLanguage\":\"pt-BR\",\"@id\":\"https:\/\/secure.gravatar.com\/avatar\/e0a867bdedb85fd243eadf09663511f96fc81e0720a4a42581f334ad4303aa6b?s=96&d=mm&r=g\",\"url\":\"https:\/\/secure.gravatar.com\/avatar\/e0a867bdedb85fd243eadf09663511f96fc81e0720a4a42581f334ad4303aa6b?s=96&d=mm&r=g\",\"contentUrl\":\"https:\/\/secure.gravatar.com\/avatar\/e0a867bdedb85fd243eadf09663511f96fc81e0720a4a42581f334ad4303aa6b?s=96&d=mm&r=g\",\"caption\":\"Reda\u00e7\u00e3o\"}}]}<\/script>\n<!-- \/ Yoast SEO plugin. -->","yoast_head_json":{"title":"Putin cita 'amea\u00e7a nazista' para invadir a Ucr\u00e2nia - Notibras","robots":{"index":"index","follow":"follow","max-snippet":"max-snippet:-1","max-image-preview":"max-image-preview:large","max-video-preview":"max-video-preview:-1"},"canonical":"https:\/\/www.notibras.com\/site\/putin-cita-ameaca-nazista-para-invadir-a-ucrania\/","og_locale":"pt_BR","og_type":"article","og_title":"Putin cita 'amea\u00e7a nazista' para invadir a Ucr\u00e2nia - Notibras","og_description":"O presidente russo, Vladimir Putin, parabenizou o povo das Rep\u00fablicas Populares de Donetsk e Lugansk (DPR e LPR) neste domingo, 8, nas comemora\u00e7\u00f5es do 77\u00ba anivers\u00e1rio da vit\u00f3ria da ent\u00e3o Uni\u00e3o Sovi\u00e9tica na Segunda Guerra Mundial contra o Terceiro Reich de Adolfo Hitler. Lutam, enfatizou, &#8220;para libertarem a regi\u00e3o do nazismo, assim como seus ancestrais [&hellip;]","og_url":"https:\/\/www.notibras.com\/site\/putin-cita-ameaca-nazista-para-invadir-a-ucrania\/","og_site_name":"Notibras","article_publisher":"https:\/\/www.facebook.com\/notibras\/","article_published_time":"2022-05-08T06:03:47+00:00","article_modified_time":"2022-05-08T11:41:56+00:00","og_image":[{"width":1920,"height":1080,"url":"https:\/\/www.notibras.com\/site\/wp-content\/uploads\/2022\/05\/putin.8.5.webp","type":"image\/webp"}],"author":"Reda\u00e7\u00e3o","twitter_card":"summary_large_image","twitter_creator":"@Notibras","twitter_site":"@Notibras","twitter_misc":{"Escrito por":"Reda\u00e7\u00e3o","Est. tempo de leitura":"1 minuto"},"schema":{"@context":"https:\/\/schema.org","@graph":[{"@type":"Article","@id":"https:\/\/www.notibras.com\/site\/putin-cita-ameaca-nazista-para-invadir-a-ucrania\/#article","isPartOf":{"@id":"https:\/\/www.notibras.com\/site\/putin-cita-ameaca-nazista-para-invadir-a-ucrania\/"},"author":{"name":"Reda\u00e7\u00e3o","@id":"https:\/\/www.notibras.com\/site\/#\/schema\/person\/36ab0979449956132d3e5b517ea76ac8"},"headline":"Putin cita &#8216;amea\u00e7a nazista&#8217; para invadir a Ucr\u00e2nia","datePublished":"2022-05-08T06:03:47+00:00","dateModified":"2022-05-08T11:41:56+00:00","mainEntityOfPage":{"@id":"https:\/\/www.notibras.com\/site\/putin-cita-ameaca-nazista-para-invadir-a-ucrania\/"},"wordCount":247,"publisher":{"@id":"https:\/\/www.notibras.com\/site\/#organization"},"image":{"@id":"https:\/\/www.notibras.com\/site\/putin-cita-ameaca-nazista-para-invadir-a-ucrania\/#primaryimage"},"thumbnailUrl":"https:\/\/www.notibras.com\/site\/wp-content\/uploads\/2022\/05\/putin.8.5.webp","keywords":["capa"],"articleSection":["Apocalipse"],"inLanguage":"pt-BR"},{"@type":"WebPage","@id":"https:\/\/www.notibras.com\/site\/putin-cita-ameaca-nazista-para-invadir-a-ucrania\/","url":"https:\/\/www.notibras.com\/site\/putin-cita-ameaca-nazista-para-invadir-a-ucrania\/","name":"Putin cita 'amea\u00e7a nazista' para invadir a Ucr\u00e2nia - Notibras","isPartOf":{"@id":"https:\/\/www.notibras.com\/site\/#website"},"primaryImageOfPage":{"@id":"https:\/\/www.notibras.com\/site\/putin-cita-ameaca-nazista-para-invadir-a-ucrania\/#primaryimage"},"image":{"@id":"https:\/\/www.notibras.com\/site\/putin-cita-ameaca-nazista-para-invadir-a-ucrania\/#primaryimage"},"thumbnailUrl":"https:\/\/www.notibras.com\/site\/wp-content\/uploads\/2022\/05\/putin.8.5.webp","datePublished":"2022-05-08T06:03:47+00:00","dateModified":"2022-05-08T11:41:56+00:00","breadcrumb":{"@id":"https:\/\/www.notibras.com\/site\/putin-cita-ameaca-nazista-para-invadir-a-ucrania\/#breadcrumb"},"inLanguage":"pt-BR","potentialAction":[{"@type":"ReadAction","target":["https:\/\/www.notibras.com\/site\/putin-cita-ameaca-nazista-para-invadir-a-ucrania\/"]}]},{"@type":"ImageObject","inLanguage":"pt-BR","@id":"https:\/\/www.notibras.com\/site\/putin-cita-ameaca-nazista-para-invadir-a-ucrania\/#primaryimage","url":"https:\/\/www.notibras.com\/site\/wp-content\/uploads\/2022\/05\/putin.8.5.webp","contentUrl":"https:\/\/www.notibras.com\/site\/wp-content\/uploads\/2022\/05\/putin.8.5.webp","width":1920,"height":1080},{"@type":"BreadcrumbList","@id":"https:\/\/www.notibras.com\/site\/putin-cita-ameaca-nazista-para-invadir-a-ucrania\/#breadcrumb","itemListElement":[{"@type":"ListItem","position":1,"name":"In\u00edcio","item":"https:\/\/www.notibras.com\/site\/"},{"@type":"ListItem","position":2,"name":"Putin cita &#8216;amea\u00e7a nazista&#8217; para invadir a Ucr\u00e2nia"}]},{"@type":"WebSite","@id":"https:\/\/www.notibras.com\/site\/#website","url":"https:\/\/www.notibras.com\/site\/","name":"Notibras","description":"Not\u00edcias de Bras\u00edlia, do Brasil e do Mundo","publisher":{"@id":"https:\/\/www.notibras.com\/site\/#organization"},"potentialAction":[{"@type":"SearchAction","target":{"@type":"EntryPoint","urlTemplate":"https:\/\/www.notibras.com\/site\/?s={search_term_string}"},"query-input":{"@type":"PropertyValueSpecification","valueRequired":true,"valueName":"search_term_string"}}],"inLanguage":"pt-BR"},{"@type":"Organization","@id":"https:\/\/www.notibras.com\/site\/#organization","name":"Grupo Notibras de Comunica\u00e7\u00e3o","url":"https:\/\/www.notibras.com\/site\/","logo":{"@type":"ImageObject","inLanguage":"pt-BR","@id":"https:\/\/www.notibras.com\/site\/#\/schema\/logo\/image\/","url":"https:\/\/www.notibras.com\/site\/wp-content\/uploads\/2023\/01\/notibras23.png","contentUrl":"https:\/\/www.notibras.com\/site\/wp-content\/uploads\/2023\/01\/notibras23.png","width":350,"height":87,"caption":"Grupo Notibras de Comunica\u00e7\u00e3o"},"image":{"@id":"https:\/\/www.notibras.com\/site\/#\/schema\/logo\/image\/"},"sameAs":["https:\/\/www.facebook.com\/notibras\/","https:\/\/x.com\/Notibras","https:\/\/www.instagram.com\/notibras\/"]},{"@type":"Person","@id":"https:\/\/www.notibras.com\/site\/#\/schema\/person\/36ab0979449956132d3e5b517ea76ac8","name":"Reda\u00e7\u00e3o","image":{"@type":"ImageObject","inLanguage":"pt-BR","@id":"https:\/\/secure.gravatar.com\/avatar\/e0a867bdedb85fd243eadf09663511f96fc81e0720a4a42581f334ad4303aa6b?s=96&d=mm&r=g","url":"https:\/\/secure.gravatar.com\/avatar\/e0a867bdedb85fd243eadf09663511f96fc81e0720a4a42581f334ad4303aa6b?s=96&d=mm&r=g","contentUrl":"https:\/\/secure.gravatar.com\/avatar\/e0a867bdedb85fd243eadf09663511f96fc81e0720a4a42581f334ad4303aa6b?s=96&d=mm&r=g","caption":"Reda\u00e7\u00e3o"}}]}},"amp_enabled":true,"_links":{"self":[{"href":"https:\/\/www.notibras.com\/site\/wp-json\/wp\/v2\/posts\/285195","targetHints":{"allow":["GET"]}}],"collection":[{"href":"https:\/\/www.notibras.com\/site\/wp-json\/wp\/v2\/posts"}],"about":[{"href":"https:\/\/www.notibras.com\/site\/wp-json\/wp\/v2\/types\/post"}],"author":[{"embeddable":true,"href":"https:\/\/www.notibras.com\/site\/wp-json\/wp\/v2\/users\/2"}],"replies":[{"embeddable":true,"href":"https:\/\/www.notibras.com\/site\/wp-json\/wp\/v2\/comments?post=285195"}],"version-history":[{"count":1,"href":"https:\/\/www.notibras.com\/site\/wp-json\/wp\/v2\/posts\/285195\/revisions"}],"predecessor-version":[{"id":285197,"href":"https:\/\/www.notibras.com\/site\/wp-json\/wp\/v2\/posts\/285195\/revisions\/285197"}],"wp:featuredmedia":[{"embeddable":true,"href":"https:\/\/www.notibras.com\/site\/wp-json\/wp\/v2\/media\/285196"}],"wp:attachment":[{"href":"https:\/\/www.notibras.com\/site\/wp-json\/wp\/v2\/media?parent=285195"}],"wp:term":[{"taxonomy":"category","embeddable":true,"href":"https:\/\/www.notibras.com\/site\/wp-json\/wp\/v2\/categories?post=285195"},{"taxonomy":"post_tag","embeddable":true,"href":"https:\/\/www.notibras.com\/site\/wp-json\/wp\/v2\/tags?post=285195"}],"curies":[{"name":"wp","href":"https:\/\/api.w.org\/{rel}","templated":true}]}}