{"id":28528,"date":"2014-11-16T20:00:34","date_gmt":"2014-11-16T23:00:34","guid":{"rendered":"http:\/\/www.notibras.com\/site\/?p=28528"},"modified":"2014-11-16T20:00:34","modified_gmt":"2014-11-16T23:00:34","slug":"os-destemperados-sao-donos-da-verdade-ah-deixa-eles-pra-la","status":"publish","type":"post","link":"https:\/\/www.notibras.com\/site\/os-destemperados-sao-donos-da-verdade-ah-deixa-eles-pra-la\/","title":{"rendered":"Os destemperados s\u00e3o donos da verdade? Ah, deixa eles pr\u00e1 l\u00e1"},"content":{"rendered":"<p>Observo com\u00a0\u00a0certa aprova\u00e7\u00e3o que a cada dia que passa, mais e mais alguns de n\u00f3s nos afastamos da maioria das pessoas que se sobressaem, por n\u00e3o terem educa\u00e7\u00e3o, respeito, cultura, intelig\u00eancia, equil\u00edbrio, senso comum e tantas outras qualidades que em outras \u00e9pocas faziam parte e integravam a vida de muitos de n\u00f3s, tornando-a melhor e mais prazerosa de ser vivida.<\/p>\n<p>Que n\u00e3o se confunda este quadro com uma realidade voltada para a chamada \u201celite branca\u201d, pois o mesmo prazer que tenho de conversar com um\u00a0 indiv\u00edduo branco, com os atributos acima mencionados,\u00a0 faz com que tamb\u00e9m valorize e me delicie com uma boa conviv\u00eancia com cidad\u00e3os de outras cores e etnias, na medida em que sinto que valer\u00e1 a pena, e que ambos ganharemos com\u00a0 essa troca de\u00a0 experi\u00eancias.<\/p>\n<p>N\u00e3o se trata portanto de excluir a priori algu\u00e9m, por pertencer a uma minoria ou maioria qualquer, nem de valorizar uma pseudo elite em raz\u00e3o de sua cor ou de uma eventual situa\u00e7\u00e3o econ\u00f4mica mas, de apurar dentro da sociedade como um todo, quem\u00a0 de fato selecionaremos, para uma conviv\u00eancia mais estreita, que signifique um relacionamento de m\u00e3o dupla, sem qualquer vi\u00e9s ou motiva\u00e7\u00e3o preconceituosa ou discriminat\u00f3ria.<\/p>\n<blockquote><p>O objetivo \u00e9 o de buscar um relacionamento onde os envolvidos saem ganhando, atrav\u00e9s de uma permuta de conhecimentos, de experi\u00eancias, de valores e de princ\u00edpios comuns, onde a linguagem serve de ponte para uma comunica\u00e7\u00e3o de n\u00edvel, e n\u00e3o para meras formas primitivas de emiss\u00e3o de sons e\u00a0 de palavras que se aproximam dos seres irracionais.<\/p><\/blockquote>\n<p>Em contrapartida, \u00e9 dram\u00e1tico constatar que estamos nas m\u00e3os de uma maioria, que escolhe presidentes, governadores, senadores, deputados federais e estaduais, al\u00e9m de vereadores sem nenhum crit\u00e9rio, quando se trata dar a import\u00e2ncia devida a\u00a0 honestidade, compet\u00eancia, projetos, a\u00e7\u00f5es e op\u00e7\u00f5es, que redundem em\u00a0 beneficio da coletividade como um todo. Pesquisa divulgada recentemente pelos principais jornais do pa\u00eds aponta que cerca de 2\/3 dos deputados federais, estaduais e senadores da Rep\u00fablica respondem a processos civis e criminais, sem falar que muitos deles j\u00e1 foram cassados ou\u00a0renunciaram aos seus mandatos, para poder novamente se candidatarem\u00a0o que \u00e9 num\u00a0pa\u00eds com uma maioria de eleitores conscientes n\u00e3o sucederia.<\/p>\n<p>Sem nenhuma d\u00favida o retrato dos pol\u00edticos brasileiros \u00e9 aquele dos seus eleitores; por mais que se esconda o fato, cerca de 75% de nossa popula\u00e7\u00e3o \u00e9 analfabeta e analfabeta funcional quando se aplicam crit\u00e9rios relevantes e fundamentados para uma avalia\u00e7\u00e3o em n\u00edvel internacional. Dentro deste quadro, em termos de op\u00e7\u00f5es, caminhos e alternativas para um novo Brasil, o que se pode esperar dessa gigantesca maioria, a qual decide o presente e o futuro da na\u00e7\u00e3o, sem nenhum crit\u00e9rio de valor?<\/p>\n<p>\u00c9 chegada a hora de questionar tamb\u00e9m se o mero nascimento, que implica na condi\u00e7\u00e3o da exist\u00eancia de um ser humano, atribui a ele, implicitamente, uma condi\u00e7\u00e3o verdadeiramente humana, se entendermos que o principio b\u00e1sico para que exista um ser humano \u00e9 pensar, processar pensamentos, ser capaz de refletir sobre tudo aquilo que afeta sua vida e a de seu semelhante, criando condi\u00e7\u00f5es, op\u00e7\u00f5es, caminhos e a\u00e7\u00f5es para a melhoria da pr\u00f3pria exist\u00eancia, dentro de um contexto macro, que vise a continuidade da esp\u00e9cie em condi\u00e7\u00f5es ideais.<\/p>\n<p>Como ignorar que a maioria das \u00faltimas gera\u00e7\u00f5es dos que j\u00e1 nasceram e dos que v\u00e3o nascer futuramente sequer sabe o que \u00e9 pensar e refletir realmente, pois desprezam e v\u00e3o desprezar cada vez mais, a maioria das qualidades inerentes, necess\u00e1rias aos seres, humanos. Qualidades que se traduzem no respeito e no amor ao pr\u00f3ximo, na busca pela paz e pela melhoria das condi\u00e7\u00f5es de civilidade, na solidariedade m\u00fatua, na promo\u00e7\u00e3o dos v\u00ednculos familiares aut\u00eanticos e naturais, na solidifica\u00e7\u00e3o dos valores e dos princ\u00edpios eternos, que s\u00e3o a base da sobreviv\u00eancia da esp\u00e9cie humana.<\/p>\n<p>Exemplos de como vivemos em meio ao caos e de como encontramos seres humanos n\u00e3o pensantes no dia a dia podem ser vistos nos espa\u00e7os e nos lugares p\u00fablicos, bancos, metros, jardins, ruas, condom\u00ednios, teatros, cinemas, shows, programas de TV, jornais, revistas, e em tudo que nos cerca de forma cont\u00ednua, permanente e avassaladora.<\/p>\n<blockquote><p>Somos destratados e maltratados, porque exigimos o respeito \u00e0s leis e aos nossos direitos como cidad\u00e3os. Somos amea\u00e7ados por todos os tipos de \u201cbrucutus\u201d, que se permitem agir de tal forma, legitimados pelo chamado \u201cpoder de estado\u201d, que infelizmente a massa n\u00e3o pensante a eles conferiu. Sim, na atualidade este sistema que esta a\u00ed\u00a0\u00a0tenta nos aprisionar a pratos feitos, manipulando nossas mentes, bloqueando nossos caminhos, diminuindo nossas op\u00e7\u00f5es de vida, etc.<\/p><\/blockquote>\n<p>Se selecionamos com quem desejamos conversar e nos relacionar, excluindo certas pessoas e algumas camadas sociais, somos chamados de elitistas, hom\u00f3fobos, racistas, contra as minorias, etc, como se todos tiv\u00e9ssemos obriga\u00e7\u00e3o de aceitar, sem reagir, a presen\u00e7a constante daqueles\u00a0\u00a0que perderam a f\u00e9 e todos os compromissos, com a sobreviv\u00eancia de nossa civiliza\u00e7\u00e3o, com a exist\u00eancia de Deus e com valores e princ\u00edpios que n\u00e3o se coadunam com os nossos, assim por diante.<\/p>\n<p>Querem nos introduzir&#8221; goela abaixo&#8221; que o azul \u00e9 melhor, mais correto e mais certo que o verde e que o amarelo \u00e9 a cor que est\u00e1 acima todas as demais.<\/p>\n<p>Claro que ser homem e ser mulher s\u00e3o dons divinos; se a natureza ou Deus quisessem que os dois n\u00e3o nascessem, s\u00f3 existiria sobre a terra um \u00fanico sexo e n\u00e3o dois,como ocorrer\u00e1&#8221; ad eternum&#8221; .<\/p>\n<p>Qualquer outra proposi\u00e7\u00e3o relativa a um terceiro sexo entra no terreno de mera op\u00e7\u00e3o sexual; n\u00e3o passa por por uma origem natural, gen\u00e9tica, ou por uma origem divina, pois se s\u00f3 existisse um sexo n\u00e3o nasceriam outros seres viventes. E a humanidade j\u00e1 teria chegado ao seu fim muitos mil\u00eanios atr\u00e1s.<\/p>\n<p>N\u00e3o pode ser preterido, nem contestado, que independente de qualquer conceito moral e religiosos, \u00e9 direito de todos escolher com quem desejam conviver e em especial se desejam ou n\u00e3o na condi\u00e7\u00e3o de Seres Humanos Pensantes abrir m\u00e3o de suas cren\u00e7as, interagindo com todos os que n\u00e3o o s\u00e3o, como se de fato nada houvesse que os separasse. Aceitar algu\u00e9m por aceitar \u00e9 mera hipocrisia ou, medo de cr\u00edticas ou das rea\u00e7\u00f5es dos trogloditas, dos intolerantes e dos radicais de plant\u00e3o.<\/p>\n<p>Sejamos n\u00f3s, minoria ou maioria, n\u00e3o importa; exigimos respeito de ambas as partes,\u00a0 condi\u00e7\u00e3o b\u00e1sica para que o ser humano conviva em paz. Faz parte desta condi\u00e7\u00e3o entender que ningu\u00e9m deve ser obrigado a abrir m\u00e3o de seus valores e princ\u00edpios, apenas porque alguns destemperados se acham donos de verdades, que s\u00e3o em seu conte\u00fado principal distor\u00e7\u00f5es, equ\u00edvocos e mentiras, disseminadas aos quatro ventos, com o objetivo de validar pol\u00edticas de privil\u00e9gios para um pseudo terceiro sexo.<\/p>\n<p>Claro se revela em tais a\u00e7\u00f5es e atitudes o desejo de aparecer, de fazer propaganda de op\u00e7\u00f5es sexuais, de ser notado e copiado, aceito por uma juventude desavisada e n\u00e3o preparada por seus pais, para resistir a mudan\u00e7as que uma minoria tenta desesperadamente passar para a fam\u00edlia, para a sociedade,\u00a0 para a na\u00e7\u00e3o como normal, positiva e desej\u00e1vel.<\/p>\n<p><strong>Roberto Romanelli Maia<\/strong><\/p>\n","protected":false},"excerpt":{"rendered":"<p>Observo com\u00a0\u00a0certa aprova\u00e7\u00e3o que a cada dia que passa, mais e mais alguns de n\u00f3s nos afastamos da maioria das pessoas que se sobressaem, por n\u00e3o terem educa\u00e7\u00e3o, respeito, cultura, intelig\u00eancia, equil\u00edbrio, senso comum e tantas outras qualidades que em outras \u00e9pocas faziam parte e integravam a vida de muitos de n\u00f3s, tornando-a melhor e [&hellip;]<\/p>\n","protected":false},"author":2,"featured_media":28529,"comment_status":"open","ping_status":"closed","sticky":false,"template":"","format":"standard","meta":{"_acf_changed":false,"footnotes":""},"categories":[25],"tags":[],"class_list":["post-28528","post","type-post","status-publish","format-standard","has-post-thumbnail","hentry","category-opina-ai"],"acf":[],"yoast_head":"<!-- This site is optimized with the Yoast SEO plugin v27.2 - https:\/\/yoast.com\/product\/yoast-seo-wordpress\/ -->\n<title>Os destemperados s\u00e3o donos da verdade? Ah, deixa eles pr\u00e1 l\u00e1 - Notibras<\/title>\n<meta name=\"robots\" content=\"index, follow, max-snippet:-1, max-image-preview:large, max-video-preview:-1\" \/>\n<link rel=\"canonical\" href=\"https:\/\/www.notibras.com\/site\/os-destemperados-sao-donos-da-verdade-ah-deixa-eles-pra-la\/\" \/>\n<meta property=\"og:locale\" content=\"pt_BR\" \/>\n<meta property=\"og:type\" content=\"article\" \/>\n<meta property=\"og:title\" content=\"Os destemperados s\u00e3o donos da verdade? Ah, deixa eles pr\u00e1 l\u00e1 - Notibras\" \/>\n<meta property=\"og:description\" content=\"Observo com\u00a0\u00a0certa aprova\u00e7\u00e3o que a cada dia que passa, mais e mais alguns de n\u00f3s nos afastamos da maioria das pessoas que se sobressaem, por n\u00e3o terem educa\u00e7\u00e3o, respeito, cultura, intelig\u00eancia, equil\u00edbrio, senso comum e tantas outras qualidades que em outras \u00e9pocas faziam parte e integravam a vida de muitos de n\u00f3s, tornando-a melhor e [&hellip;]\" \/>\n<meta property=\"og:url\" content=\"https:\/\/www.notibras.com\/site\/os-destemperados-sao-donos-da-verdade-ah-deixa-eles-pra-la\/\" \/>\n<meta property=\"og:site_name\" content=\"Notibras\" \/>\n<meta property=\"article:publisher\" content=\"https:\/\/www.facebook.com\/notibras\/\" \/>\n<meta property=\"article:published_time\" content=\"2014-11-16T23:00:34+00:00\" \/>\n<meta property=\"og:image\" content=\"https:\/\/www.notibras.com\/site\/wp-content\/uploads\/2014\/11\/responsabilidade-humana.jpg\" \/>\n\t<meta property=\"og:image:width\" content=\"500\" \/>\n\t<meta property=\"og:image:height\" content=\"314\" \/>\n\t<meta property=\"og:image:type\" content=\"image\/jpeg\" \/>\n<meta name=\"author\" content=\"Reda\u00e7\u00e3o\" \/>\n<meta name=\"twitter:card\" content=\"summary_large_image\" \/>\n<meta name=\"twitter:creator\" content=\"@Notibras\" \/>\n<meta name=\"twitter:site\" content=\"@Notibras\" \/>\n<meta name=\"twitter:label1\" content=\"Escrito por\" \/>\n\t<meta name=\"twitter:data1\" content=\"Reda\u00e7\u00e3o\" \/>\n\t<meta name=\"twitter:label2\" content=\"Est. tempo de leitura\" \/>\n\t<meta name=\"twitter:data2\" content=\"6 minutos\" \/>\n<script type=\"application\/ld+json\" class=\"yoast-schema-graph\">{\"@context\":\"https:\/\/schema.org\",\"@graph\":[{\"@type\":\"Article\",\"@id\":\"https:\/\/www.notibras.com\/site\/os-destemperados-sao-donos-da-verdade-ah-deixa-eles-pra-la\/#article\",\"isPartOf\":{\"@id\":\"https:\/\/www.notibras.com\/site\/os-destemperados-sao-donos-da-verdade-ah-deixa-eles-pra-la\/\"},\"author\":{\"name\":\"Reda\u00e7\u00e3o\",\"@id\":\"https:\/\/www.notibras.com\/site\/#\/schema\/person\/36ab0979449956132d3e5b517ea76ac8\"},\"headline\":\"Os destemperados s\u00e3o donos da verdade? Ah, deixa eles pr\u00e1 l\u00e1\",\"datePublished\":\"2014-11-16T23:00:34+00:00\",\"mainEntityOfPage\":{\"@id\":\"https:\/\/www.notibras.com\/site\/os-destemperados-sao-donos-da-verdade-ah-deixa-eles-pra-la\/\"},\"wordCount\":1296,\"commentCount\":0,\"publisher\":{\"@id\":\"https:\/\/www.notibras.com\/site\/#organization\"},\"image\":{\"@id\":\"https:\/\/www.notibras.com\/site\/os-destemperados-sao-donos-da-verdade-ah-deixa-eles-pra-la\/#primaryimage\"},\"thumbnailUrl\":\"https:\/\/www.notibras.com\/site\/wp-content\/uploads\/2014\/11\/responsabilidade-humana.jpg\",\"articleSection\":[\"Opina a\u00ed\"],\"inLanguage\":\"pt-BR\",\"potentialAction\":[{\"@type\":\"CommentAction\",\"name\":\"Comment\",\"target\":[\"https:\/\/www.notibras.com\/site\/os-destemperados-sao-donos-da-verdade-ah-deixa-eles-pra-la\/#respond\"]}]},{\"@type\":\"WebPage\",\"@id\":\"https:\/\/www.notibras.com\/site\/os-destemperados-sao-donos-da-verdade-ah-deixa-eles-pra-la\/\",\"url\":\"https:\/\/www.notibras.com\/site\/os-destemperados-sao-donos-da-verdade-ah-deixa-eles-pra-la\/\",\"name\":\"Os destemperados s\u00e3o donos da verdade? Ah, deixa eles pr\u00e1 l\u00e1 - Notibras\",\"isPartOf\":{\"@id\":\"https:\/\/www.notibras.com\/site\/#website\"},\"primaryImageOfPage\":{\"@id\":\"https:\/\/www.notibras.com\/site\/os-destemperados-sao-donos-da-verdade-ah-deixa-eles-pra-la\/#primaryimage\"},\"image\":{\"@id\":\"https:\/\/www.notibras.com\/site\/os-destemperados-sao-donos-da-verdade-ah-deixa-eles-pra-la\/#primaryimage\"},\"thumbnailUrl\":\"https:\/\/www.notibras.com\/site\/wp-content\/uploads\/2014\/11\/responsabilidade-humana.jpg\",\"datePublished\":\"2014-11-16T23:00:34+00:00\",\"breadcrumb\":{\"@id\":\"https:\/\/www.notibras.com\/site\/os-destemperados-sao-donos-da-verdade-ah-deixa-eles-pra-la\/#breadcrumb\"},\"inLanguage\":\"pt-BR\",\"potentialAction\":[{\"@type\":\"ReadAction\",\"target\":[\"https:\/\/www.notibras.com\/site\/os-destemperados-sao-donos-da-verdade-ah-deixa-eles-pra-la\/\"]}]},{\"@type\":\"ImageObject\",\"inLanguage\":\"pt-BR\",\"@id\":\"https:\/\/www.notibras.com\/site\/os-destemperados-sao-donos-da-verdade-ah-deixa-eles-pra-la\/#primaryimage\",\"url\":\"https:\/\/www.notibras.com\/site\/wp-content\/uploads\/2014\/11\/responsabilidade-humana.jpg\",\"contentUrl\":\"https:\/\/www.notibras.com\/site\/wp-content\/uploads\/2014\/11\/responsabilidade-humana.jpg\",\"width\":500,\"height\":314},{\"@type\":\"BreadcrumbList\",\"@id\":\"https:\/\/www.notibras.com\/site\/os-destemperados-sao-donos-da-verdade-ah-deixa-eles-pra-la\/#breadcrumb\",\"itemListElement\":[{\"@type\":\"ListItem\",\"position\":1,\"name\":\"In\u00edcio\",\"item\":\"https:\/\/www.notibras.com\/site\/\"},{\"@type\":\"ListItem\",\"position\":2,\"name\":\"Os destemperados s\u00e3o donos da verdade? Ah, deixa eles pr\u00e1 l\u00e1\"}]},{\"@type\":\"WebSite\",\"@id\":\"https:\/\/www.notibras.com\/site\/#website\",\"url\":\"https:\/\/www.notibras.com\/site\/\",\"name\":\"Notibras\",\"description\":\"Not\u00edcias de Bras\u00edlia, do Brasil e do Mundo\",\"publisher\":{\"@id\":\"https:\/\/www.notibras.com\/site\/#organization\"},\"potentialAction\":[{\"@type\":\"SearchAction\",\"target\":{\"@type\":\"EntryPoint\",\"urlTemplate\":\"https:\/\/www.notibras.com\/site\/?s={search_term_string}\"},\"query-input\":{\"@type\":\"PropertyValueSpecification\",\"valueRequired\":true,\"valueName\":\"search_term_string\"}}],\"inLanguage\":\"pt-BR\"},{\"@type\":\"Organization\",\"@id\":\"https:\/\/www.notibras.com\/site\/#organization\",\"name\":\"Grupo Notibras de Comunica\u00e7\u00e3o\",\"url\":\"https:\/\/www.notibras.com\/site\/\",\"logo\":{\"@type\":\"ImageObject\",\"inLanguage\":\"pt-BR\",\"@id\":\"https:\/\/www.notibras.com\/site\/#\/schema\/logo\/image\/\",\"url\":\"https:\/\/www.notibras.com\/site\/wp-content\/uploads\/2023\/01\/notibras23.png\",\"contentUrl\":\"https:\/\/www.notibras.com\/site\/wp-content\/uploads\/2023\/01\/notibras23.png\",\"width\":350,\"height\":87,\"caption\":\"Grupo Notibras de Comunica\u00e7\u00e3o\"},\"image\":{\"@id\":\"https:\/\/www.notibras.com\/site\/#\/schema\/logo\/image\/\"},\"sameAs\":[\"https:\/\/www.facebook.com\/notibras\/\",\"https:\/\/x.com\/Notibras\",\"https:\/\/www.instagram.com\/notibras\/\"]},{\"@type\":\"Person\",\"@id\":\"https:\/\/www.notibras.com\/site\/#\/schema\/person\/36ab0979449956132d3e5b517ea76ac8\",\"name\":\"Reda\u00e7\u00e3o\",\"image\":{\"@type\":\"ImageObject\",\"inLanguage\":\"pt-BR\",\"@id\":\"https:\/\/secure.gravatar.com\/avatar\/e0a867bdedb85fd243eadf09663511f96fc81e0720a4a42581f334ad4303aa6b?s=96&d=mm&r=g\",\"url\":\"https:\/\/secure.gravatar.com\/avatar\/e0a867bdedb85fd243eadf09663511f96fc81e0720a4a42581f334ad4303aa6b?s=96&d=mm&r=g\",\"contentUrl\":\"https:\/\/secure.gravatar.com\/avatar\/e0a867bdedb85fd243eadf09663511f96fc81e0720a4a42581f334ad4303aa6b?s=96&d=mm&r=g\",\"caption\":\"Reda\u00e7\u00e3o\"}}]}<\/script>\n<!-- \/ Yoast SEO plugin. -->","yoast_head_json":{"title":"Os destemperados s\u00e3o donos da verdade? Ah, deixa eles pr\u00e1 l\u00e1 - Notibras","robots":{"index":"index","follow":"follow","max-snippet":"max-snippet:-1","max-image-preview":"max-image-preview:large","max-video-preview":"max-video-preview:-1"},"canonical":"https:\/\/www.notibras.com\/site\/os-destemperados-sao-donos-da-verdade-ah-deixa-eles-pra-la\/","og_locale":"pt_BR","og_type":"article","og_title":"Os destemperados s\u00e3o donos da verdade? Ah, deixa eles pr\u00e1 l\u00e1 - Notibras","og_description":"Observo com\u00a0\u00a0certa aprova\u00e7\u00e3o que a cada dia que passa, mais e mais alguns de n\u00f3s nos afastamos da maioria das pessoas que se sobressaem, por n\u00e3o terem educa\u00e7\u00e3o, respeito, cultura, intelig\u00eancia, equil\u00edbrio, senso comum e tantas outras qualidades que em outras \u00e9pocas faziam parte e integravam a vida de muitos de n\u00f3s, tornando-a melhor e [&hellip;]","og_url":"https:\/\/www.notibras.com\/site\/os-destemperados-sao-donos-da-verdade-ah-deixa-eles-pra-la\/","og_site_name":"Notibras","article_publisher":"https:\/\/www.facebook.com\/notibras\/","article_published_time":"2014-11-16T23:00:34+00:00","og_image":[{"width":500,"height":314,"url":"https:\/\/www.notibras.com\/site\/wp-content\/uploads\/2014\/11\/responsabilidade-humana.jpg","type":"image\/jpeg"}],"author":"Reda\u00e7\u00e3o","twitter_card":"summary_large_image","twitter_creator":"@Notibras","twitter_site":"@Notibras","twitter_misc":{"Escrito por":"Reda\u00e7\u00e3o","Est. tempo de leitura":"6 minutos"},"schema":{"@context":"https:\/\/schema.org","@graph":[{"@type":"Article","@id":"https:\/\/www.notibras.com\/site\/os-destemperados-sao-donos-da-verdade-ah-deixa-eles-pra-la\/#article","isPartOf":{"@id":"https:\/\/www.notibras.com\/site\/os-destemperados-sao-donos-da-verdade-ah-deixa-eles-pra-la\/"},"author":{"name":"Reda\u00e7\u00e3o","@id":"https:\/\/www.notibras.com\/site\/#\/schema\/person\/36ab0979449956132d3e5b517ea76ac8"},"headline":"Os destemperados s\u00e3o donos da verdade? Ah, deixa eles pr\u00e1 l\u00e1","datePublished":"2014-11-16T23:00:34+00:00","mainEntityOfPage":{"@id":"https:\/\/www.notibras.com\/site\/os-destemperados-sao-donos-da-verdade-ah-deixa-eles-pra-la\/"},"wordCount":1296,"commentCount":0,"publisher":{"@id":"https:\/\/www.notibras.com\/site\/#organization"},"image":{"@id":"https:\/\/www.notibras.com\/site\/os-destemperados-sao-donos-da-verdade-ah-deixa-eles-pra-la\/#primaryimage"},"thumbnailUrl":"https:\/\/www.notibras.com\/site\/wp-content\/uploads\/2014\/11\/responsabilidade-humana.jpg","articleSection":["Opina a\u00ed"],"inLanguage":"pt-BR","potentialAction":[{"@type":"CommentAction","name":"Comment","target":["https:\/\/www.notibras.com\/site\/os-destemperados-sao-donos-da-verdade-ah-deixa-eles-pra-la\/#respond"]}]},{"@type":"WebPage","@id":"https:\/\/www.notibras.com\/site\/os-destemperados-sao-donos-da-verdade-ah-deixa-eles-pra-la\/","url":"https:\/\/www.notibras.com\/site\/os-destemperados-sao-donos-da-verdade-ah-deixa-eles-pra-la\/","name":"Os destemperados s\u00e3o donos da verdade? Ah, deixa eles pr\u00e1 l\u00e1 - Notibras","isPartOf":{"@id":"https:\/\/www.notibras.com\/site\/#website"},"primaryImageOfPage":{"@id":"https:\/\/www.notibras.com\/site\/os-destemperados-sao-donos-da-verdade-ah-deixa-eles-pra-la\/#primaryimage"},"image":{"@id":"https:\/\/www.notibras.com\/site\/os-destemperados-sao-donos-da-verdade-ah-deixa-eles-pra-la\/#primaryimage"},"thumbnailUrl":"https:\/\/www.notibras.com\/site\/wp-content\/uploads\/2014\/11\/responsabilidade-humana.jpg","datePublished":"2014-11-16T23:00:34+00:00","breadcrumb":{"@id":"https:\/\/www.notibras.com\/site\/os-destemperados-sao-donos-da-verdade-ah-deixa-eles-pra-la\/#breadcrumb"},"inLanguage":"pt-BR","potentialAction":[{"@type":"ReadAction","target":["https:\/\/www.notibras.com\/site\/os-destemperados-sao-donos-da-verdade-ah-deixa-eles-pra-la\/"]}]},{"@type":"ImageObject","inLanguage":"pt-BR","@id":"https:\/\/www.notibras.com\/site\/os-destemperados-sao-donos-da-verdade-ah-deixa-eles-pra-la\/#primaryimage","url":"https:\/\/www.notibras.com\/site\/wp-content\/uploads\/2014\/11\/responsabilidade-humana.jpg","contentUrl":"https:\/\/www.notibras.com\/site\/wp-content\/uploads\/2014\/11\/responsabilidade-humana.jpg","width":500,"height":314},{"@type":"BreadcrumbList","@id":"https:\/\/www.notibras.com\/site\/os-destemperados-sao-donos-da-verdade-ah-deixa-eles-pra-la\/#breadcrumb","itemListElement":[{"@type":"ListItem","position":1,"name":"In\u00edcio","item":"https:\/\/www.notibras.com\/site\/"},{"@type":"ListItem","position":2,"name":"Os destemperados s\u00e3o donos da verdade? Ah, deixa eles pr\u00e1 l\u00e1"}]},{"@type":"WebSite","@id":"https:\/\/www.notibras.com\/site\/#website","url":"https:\/\/www.notibras.com\/site\/","name":"Notibras","description":"Not\u00edcias de Bras\u00edlia, do Brasil e do Mundo","publisher":{"@id":"https:\/\/www.notibras.com\/site\/#organization"},"potentialAction":[{"@type":"SearchAction","target":{"@type":"EntryPoint","urlTemplate":"https:\/\/www.notibras.com\/site\/?s={search_term_string}"},"query-input":{"@type":"PropertyValueSpecification","valueRequired":true,"valueName":"search_term_string"}}],"inLanguage":"pt-BR"},{"@type":"Organization","@id":"https:\/\/www.notibras.com\/site\/#organization","name":"Grupo Notibras de Comunica\u00e7\u00e3o","url":"https:\/\/www.notibras.com\/site\/","logo":{"@type":"ImageObject","inLanguage":"pt-BR","@id":"https:\/\/www.notibras.com\/site\/#\/schema\/logo\/image\/","url":"https:\/\/www.notibras.com\/site\/wp-content\/uploads\/2023\/01\/notibras23.png","contentUrl":"https:\/\/www.notibras.com\/site\/wp-content\/uploads\/2023\/01\/notibras23.png","width":350,"height":87,"caption":"Grupo Notibras de Comunica\u00e7\u00e3o"},"image":{"@id":"https:\/\/www.notibras.com\/site\/#\/schema\/logo\/image\/"},"sameAs":["https:\/\/www.facebook.com\/notibras\/","https:\/\/x.com\/Notibras","https:\/\/www.instagram.com\/notibras\/"]},{"@type":"Person","@id":"https:\/\/www.notibras.com\/site\/#\/schema\/person\/36ab0979449956132d3e5b517ea76ac8","name":"Reda\u00e7\u00e3o","image":{"@type":"ImageObject","inLanguage":"pt-BR","@id":"https:\/\/secure.gravatar.com\/avatar\/e0a867bdedb85fd243eadf09663511f96fc81e0720a4a42581f334ad4303aa6b?s=96&d=mm&r=g","url":"https:\/\/secure.gravatar.com\/avatar\/e0a867bdedb85fd243eadf09663511f96fc81e0720a4a42581f334ad4303aa6b?s=96&d=mm&r=g","contentUrl":"https:\/\/secure.gravatar.com\/avatar\/e0a867bdedb85fd243eadf09663511f96fc81e0720a4a42581f334ad4303aa6b?s=96&d=mm&r=g","caption":"Reda\u00e7\u00e3o"}}]}},"amp_enabled":true,"_links":{"self":[{"href":"https:\/\/www.notibras.com\/site\/wp-json\/wp\/v2\/posts\/28528","targetHints":{"allow":["GET"]}}],"collection":[{"href":"https:\/\/www.notibras.com\/site\/wp-json\/wp\/v2\/posts"}],"about":[{"href":"https:\/\/www.notibras.com\/site\/wp-json\/wp\/v2\/types\/post"}],"author":[{"embeddable":true,"href":"https:\/\/www.notibras.com\/site\/wp-json\/wp\/v2\/users\/2"}],"replies":[{"embeddable":true,"href":"https:\/\/www.notibras.com\/site\/wp-json\/wp\/v2\/comments?post=28528"}],"version-history":[{"count":0,"href":"https:\/\/www.notibras.com\/site\/wp-json\/wp\/v2\/posts\/28528\/revisions"}],"wp:featuredmedia":[{"embeddable":true,"href":"https:\/\/www.notibras.com\/site\/wp-json\/wp\/v2\/media\/28529"}],"wp:attachment":[{"href":"https:\/\/www.notibras.com\/site\/wp-json\/wp\/v2\/media?parent=28528"}],"wp:term":[{"taxonomy":"category","embeddable":true,"href":"https:\/\/www.notibras.com\/site\/wp-json\/wp\/v2\/categories?post=28528"},{"taxonomy":"post_tag","embeddable":true,"href":"https:\/\/www.notibras.com\/site\/wp-json\/wp\/v2\/tags?post=28528"}],"curies":[{"name":"wp","href":"https:\/\/api.w.org\/{rel}","templated":true}]}}