{"id":285284,"date":"2022-05-10T05:40:09","date_gmt":"2022-05-10T08:40:09","guid":{"rendered":"https:\/\/www.notibras.com\/site\/?p=285284"},"modified":"2022-05-10T05:41:06","modified_gmt":"2022-05-10T08:41:06","slug":"engrenagem-da-3a-guerra-fica-azeitada-com-socorro-a-ucrania","status":"publish","type":"post","link":"https:\/\/www.notibras.com\/site\/engrenagem-da-3a-guerra-fica-azeitada-com-socorro-a-ucrania\/","title":{"rendered":"Engrenagem da 3\u00aa Guerra fica azeitada com socorro \u00e0 Ucr\u00e2nia"},"content":{"rendered":"<p>Os Estados Unidos convocaram para uma reuni\u00e3o em sua base militar de Ramstein, na Alemanha, 40 pa\u00edses ocidentais. Foi todo o Ocidente que l\u00e1 compareceu para fornecer cada vez mais armas \u00e0 Ucr\u00e2nia. A Hist\u00f3ria pode vir a lembrar esta data, 26 de abril, como o in\u00edcio da Terceira Guerra Mundial, se tal acontecer e se a humanidade sobreviver a um verdadeiro apocalipse.<\/p>\n<p>Podemos de fato falar de n\u00e3o-beliger\u00e2ncia, mostrando hipocrisia, quando vemos o esfor\u00e7o de guerra dos EUA \u2013 30 bilh\u00f5es de d\u00f3lares previstos \u2013 e que envolvem cada vez mais os Estados ocidentais, assim como o tipo de armas fornecidas, cada vez mais pesadas, cada vez mais sofisticadas.<\/p>\n<p>O secret\u00e1rio de Defesa dos Estados Unidos, Lloyd Austin, usando uma frase do presidente Roosevelt na v\u00e9spera da entrada dos EUA na Segunda Guerra Mundial, justificou esse esfor\u00e7o militar para \u201cajudar a fortalecer o arsenal da democracia ucraniana\u201d. Mas ele revela, ao mesmo tempo, sem qualquer outra precau\u00e7\u00e3o, que o objetivo deste encontro, assim como o da guerra, \u00e9 \u201cenfraquecer\u201d a R\u00fassia de forma duradoura.<\/p>\n<p>Na mesma linha, e desde o in\u00edcio da guerra, ali\u00e1s, em 24 de fevereiro, o presidente Joe Biden anunciou \u201csan\u00e7\u00f5es devastadoras\u201d contra a R\u00fassia e em 7 de abril prometeu que \u201cessas san\u00e7\u00f5es apagariam quinze anos de progresso econ\u00f4mico da R\u00fassia\u201d. Em suma, constata-se que desde o in\u00edcio, os EUA encaram a guerra na Ucr\u00e2nia como uma guerra contra a R\u00fassia.<\/p>\n<p><strong>Uma virada perigosa<\/strong><br \/>\nCom esta reuni\u00e3o, uma mudan\u00e7a perigosa para todos \u00e9 tomada resolutamente pelos Estados Unidos, que se encaminham para uma guerra por procura\u00e7\u00e3o de 40 Estados, todo o Ocidente, contra a R\u00fassia. Os EUA ainda especificam que esses 40 Estados manter\u00e3o contato e se reunir\u00e3o regularmente para avaliar a situa\u00e7\u00e3o militar. Ao faz\u00ea-lo, os Estados Unidos t\u00eam consci\u00eancia que, desse modo, d\u00e3o de fato \u00e0 guerra da Ucr\u00e2nia o contorno de uma confronta\u00e7\u00e3o mundial.<\/p>\n<p>J\u00e1 em 18 de janeiro de 2017, no F\u00f3rum Econ\u00f4mico Mundial de Davos, Joe Biden, ent\u00e3o vice-presidente dos EUA, acusava Putin de \u201camea\u00e7ar a ordem econ\u00f4mica liberal internacional\u201d, isto \u00e9, a ordem dos Estados Unidos, o dom\u00ednio sem partilha dos EUA sobre o mundo.<\/p>\n<p>Atualmente, na imprensa ocidental, vozes autorit\u00e1rias especificam que a derrota da Ucr\u00e2nia seria a derrota da hegemonia capitalista. Notemos de passagem que as express\u00f5es enganosas de apenas alguns meses atr\u00e1s da \u201ccomunidade internacional\u201d desapareceram do vocabul\u00e1rio ocidental para dar lugar \u00e0 palavra \u201cocidente\u201d.<\/p>\n<p>Pelo seu lado, a R\u00fassia, ela tamb\u00e9m, designa claramente o que est\u00e1 em jogo nesta guerra, quando fala em p\u00f4r em quest\u00e3o a hegemonia ocidental. Agiu assim mesmo antes dos EUA, ao dizer que os americanos n\u00e3o se preocupam com a Ucr\u00e2nia nem com a \u201cda defesa do direito internacional que n\u00e3o cessaram de violar\u201d, mas que o seu objetivo era uma guerra contra a R\u00fassia por procura\u00e7\u00e3o.<\/p>\n<p>A hist\u00f3ria nos ensina que, at\u00e9 agora, quando duas grandes pot\u00eancias se enfrentaram, uma delas foi destru\u00edda ou ambas foram destru\u00eddas, com poucas exce\u00e7\u00f5es. Isso tem sido verdade desde a Guerra do Peloponeso entre Esparta e Atenas at\u00e9 \u00e0s duas guerras mundiais. Mas desta vez, na era nuclear, \u00e9 o mundo que ser\u00e1 destru\u00eddo, a humanidade que provavelmente desaparecer\u00e1. Esparta dominou por 100 anos o ent\u00e3o mundo civilizado. Atenas surgiu e, uma vez que se tornou uma pot\u00eancia em todos os n\u00edveis, econ\u00f4mico, cultural, militar, pediu mais espa\u00e7o, o lugar que agora era seu lugar de direito. A guerra era inevit\u00e1vel.<\/p>\n<p><strong>Uma engrenagem mortal<\/strong><br \/>\nA hist\u00f3ria tamb\u00e9m nos ensina que quando uma pot\u00eancia domina o mundo por muito tempo, como \u00e9 o caso dos Estados Unidos, mas por mais tempo ainda, ela experimenta o desafio, a contesta\u00e7\u00e3o ao seu dom\u00ednio, a possibilidade do seu decl\u00ednio, como uma agress\u00e3o insuport\u00e1vel. Ela o sente de maneira dolorosa, agonizante, tamb\u00e9m com o sentimento da ingratid\u00e3o das pot\u00eancias ascendentes, num mundo que est\u00e3o convencidos de terem constru\u00eddo, moldado, de lhe terem dado tudo: sua tecnologia, sua cultura e at\u00e9 seus valores.<\/p>\n<p>Isto fecha a sua percep\u00e7\u00e3o \u00e0s novas realidades. Pior: torna-se praticamente imposs\u00edvel para eles aceitarem essas realidades. A mudan\u00e7a, a convuls\u00e3o da ordem estabelecida s\u00e3o vivenciadas como uma amea\u00e7a existencial. O seu dom\u00ednio \u00e9 percebido como uma condi\u00e7\u00e3o da sua pr\u00f3pria sobreviv\u00eancia. Da\u00ed o car\u00e1ter extremo, tanto verbal quanto material, que pode ter o confronto com os poderes ascendentes, aqueles que os contestam, a total impossibilidade de levar em conta o ponto de vista do outro, porque tudo o que \u00e9 dito pelo outro, tudo o que ele faz, parece ser uma amea\u00e7a.<\/p>\n<p>A vontade de compromisso n\u00e3o existe. Necessita-se vencer. Existe o mecanismo de uma escalada cont\u00ednua, o da escalada atual entre os EUA e a R\u00fassia. Qualquer recuo do outro \u00e9 interpretado como uma fraqueza e, portanto, um incentivo \u00e0 escalada, ao mesmo tempo que qualquer sucesso do outro \u00e9 percebido como um perigo. Cria-se assim um motivo para ir ainda mais longe na escalada. Uma engrenagem mortal.<\/p>\n<p>Do lado da R\u00fassia o mesmo mecanismo \u00e9 posto em pr\u00e1tica, mesmo que por raz\u00f5es diferentes. A obsess\u00e3o hegem\u00f4nica dos EUA desde o fim da Guerra Fria, com a Otan a cerc\u00e1-la nas suas fronteiras, depois a estabelecer-se diretamente na Ucr\u00e2nia, levou a R\u00fassia a ter, tamb\u00e9m, mas por um outro processo, a sensa\u00e7\u00e3o de que a sua pr\u00f3pria exist\u00eancia estava amea\u00e7ada. Ela tamb\u00e9m v\u00ea o conflito atual como uma quest\u00e3o de sobreviv\u00eancia. Isso \u00e9 repetido por Vladimir Putin.<\/p>\n<p>Todos os ingredientes juntam-se para uma explos\u00e3o que s\u00f3 pode ser grande e afetar a pr\u00f3pria exist\u00eancia do outro. Os Estados Unidos n\u00e3o precisam, pelo menos atualmente, de recorrer a armas nucleares, pois t\u00eam outras armas de destrui\u00e7\u00e3o em massa, principalmente econ\u00f4micas, e que, acima de tudo, podem fazer os ucranianos travar uma guerra por procura\u00e7\u00e3o, que est\u00e3o determinados a manter, a alimentar financeira e militarmente para que dure. \u00c9 este o c\u00e1lculo.<\/p>\n<p>Mas nunca se joga completamente s\u00f3. A R\u00fassia n\u00e3o pode aceitar essa diferen\u00e7a inteiramente te\u00f3rica e cada vez mais formal entre beliger\u00e2ncia e n\u00e3o beliger\u00e2ncia, especialmente porque o objetivo da guerra e o inimigo est\u00e3o claramente definidos pelos EUA: a R\u00fassia. Os EUA dizem que n\u00e3o fazem a guerra contra a R\u00fassia na Ucr\u00e2nia. Mas \u00e9 uma quest\u00e3o de palavras. O que \u00e9 certo \u00e9 que para a R\u00fassia, ela n\u00e3o faz a guerra na Ucr\u00e2nia contra os EUA, mas que os EUA a fazem quase diretamente na Ucr\u00e2nia contra a R\u00fassia. Ali\u00e1s proclamam-no. As situa\u00e7\u00f5es s\u00e3o totalmente diferentes: se os EUA podem fazer a guerra contra a R\u00fassia por procura\u00e7\u00e3o, a R\u00fassia n\u00e3o pode agir do mesmo jeito.<\/p>\n<p>N\u00e3o tem outra solu\u00e7\u00e3o sen\u00e3o faz\u00ea-lo diretamente nos Estados Unidos, se a a\u00e7\u00e3o dos Estados Unidos provar constituir para eles uma amea\u00e7a direta, estrat\u00e9gica e existencial. \u00c9 isso que torna a situa\u00e7\u00e3o repleta de perigos terr\u00edveis para o mundo.<\/p>\n<p><strong>\u201cVamos us\u00e1-los se necess\u00e1rio\u201d<\/strong><br \/>\nAo designarem, na reuni\u00e3o de Ramstein, aos 40 pa\u00edses ocidentais a R\u00fassia como o inimigo, como o objetivo desta guerra na Ucr\u00e2nia, os EUA mudaram o seu significado, inclusive aos olhos de alguns pa\u00edses europeus. Eles impuseram ao conflito a sua vis\u00e3o, a sua dire\u00e7\u00e3o e o agora prov\u00e1vel risco de um confronto direto.<\/p>\n<p>A rea\u00e7\u00e3o de Putin, no dia 27 de abril, perante a Duma, em S\u00e3o Petersburgo, quis ter em conta este risco claramente. Ele declarou que se houver a interfer\u00eancia de um \u201celemento externo\u201d, e que a R\u00fassia se sinta amea\u00e7ada de maneira vital, a sua resposta ser\u00e1 \u201cr\u00e1pida e fulminante\u201d. Mais uma vez apontou que a R\u00fassia tem armas estrat\u00e9gicas que os Estados Unidos n\u00e3o t\u00eam: \u201cN\u00f3s temos todos os instrumentos para isso. Daquelas que ningu\u00e9m pode gabar-se de possuir&#8221;. E, acima de tudo, sobre essas armas, ele especifica: \u201cN\u00e3o nos contentamos apenas em nos vangloriar, vamos utiliza-las se tal se tornar necess\u00e1rio\u201d, acrescentando que &#8220;todas as decis\u00f5es sobre isso j\u00e1 foram tomadas\u201d.<\/p>\n<p>A gravidade da situa\u00e7\u00e3o est\u00e1 nas palavras \u201cvamos us\u00e1-las\u201d. At\u00e9 agora, a regra impl\u00edcita para todos foi que a dissuas\u00e3o nuclear, ou seja, o princ\u00edpio estrat\u00e9gico de que as armas nucleares n\u00e3o podem ser usadas, da\u00ed o termo \u201cdissuas\u00e3o\u201d, porque o seu uso significaria aniquila\u00e7\u00e3o m\u00fatua. Agora estamos passando para outra situa\u00e7\u00e3o, para algo diferente do que o mundo experimentou at\u00e9 agora, o risco, n\u00e3o mais te\u00f3rico, mas real, de uma guerra nuclear. De te\u00f3rico, o risco de uma guerra nuclear tornou-se real. Isso foi resumido num comunicado em 25 de abril do chanceler russo Sergei Lavrov.<\/p>\n<p>\u00c0 gravidade da situa\u00e7\u00e3o, os americanos respondem com casualidade, ironia e at\u00e9 esc\u00e1rnio. Para o presidente Joe Biden, em declara\u00e7\u00f5es em 28 de abril \u201c\u00e9 uma rea\u00e7\u00e3o de desespero da R\u00fassia diante do seu fracasso na Ucr\u00e2nia\u201d. Para a m\u00eddia dos Estados Unidos, o risco de guerra nuclear \u00e9 desde o in\u00edcio apenas \u201cpropaganda\u201d, \u201cblefe\u201d, tentativas de assustar o ocidente, de intimid\u00e1-lo. O tom \u00e9 assim em todos os meios de comunica\u00e7\u00e3o ocidentais que v\u00e3o na mesma dire\u00e7\u00e3o numa quase total unanimidade.<\/p>\n<p>Pelo contr\u00e1rio, na m\u00eddia russa, o tom \u00e9 diferente, grave. Em 30 de abril, o canal \u201c<em>R\u00fassia 1<\/em>\u201d, indicou que a gravidade da situa\u00e7\u00e3o n\u00e3o \u00e9 negada ou subestimada. A possibilidade de uma guerra nuclear \u00e9 considerada real. As pessoas falam sobre isso com seriedade, e at\u00e9 com uma esp\u00e9cie de fatalismo, como se quisessem preparar a opini\u00e3o p\u00fablica para essa situa\u00e7\u00e3o.<\/p>\n<p>Margarita Simonyan, a diretora do canal de informa\u00e7\u00e3o <em>R\u00fassia Today<\/em>, afirma: \u201cA ideia de que tudo terminar\u00e1 com um ataque nuclear parece-me mais prov\u00e1vel do que qualquer outro cen\u00e1rio\u201d. Entrando nos detalhes, o discurso \u00e9 concreto: explica a vantagem que a R\u00fassia tem atualmente em termos de tecnologia militar e armas nucleares, com seus m\u00edsseis hipers\u00f3nicos que chegam invis\u00edveis ao inimigo, e com o enorme m\u00edssil bal\u00edstico Sarmat, tamb\u00e9m invis\u00edvel, que pode destruir sozinho um pa\u00eds inteiro. A sua velocidade \u00e9 de \u201crel\u00e2mpago\u201d: 106 segundos para chegar a Berlim, 200 a Paris, 206 segundos a Londres, o que n\u00e3o permite que o advers\u00e1rio reaja. \u201cNingu\u00e9m sobreviveria a isso\u201d, diz um participante do programa. \u201cNingu\u00e9m em todo o planeta\u201d, acentua a jornalista. O di\u00e1logo \u00e9 alucinante.<\/p>\n<p>As imagens deste di\u00e1logo num programa da TV russa s\u00e3o transmitidas, coisa rara, na TV francesa. Os animadores franceses riem-se disto. Eles competem pela zombaria em rela\u00e7\u00e3o aos russos. A atmosfera \u00e9 surreal. Num programa da TV francesa, uma jovem ucraniana, que faz a guerra em Paris, quase acusa os franceses de serem covardes e \u201cde terem medo de Putin\u201d e da guerra nuclear. Um velho general aposentado diz que a velocidade dos m\u00edsseis russos n\u00e3o deve impressionar, e que um m\u00edssil a mais ou a menos n\u00e3o muda o assunto, j\u00e1 que cada lado tem meios para aniquilar o outro. Todos veem neste di\u00e1logo na TV russa a prova da loucura russa.<\/p>\n<p>Mas, para mim, lembra-me a hist\u00f3ria de um louco que sobe ao muro do seu hospital para ver o lado de fora e v\u00ea um homem passando na rua. Ele ent\u00e3o grita para o transeunte: \u201cQuantos de voc\u00eas est\u00e3o a\u00ed?\u201d<\/p>\n<p><strong>Onde est\u00e3o os pacifistas?<\/strong><br \/>\nO que \u00e9 terrivelmente preocupante, mais do que tudo, \u00e9 a forma como os Estados Unidos, e por tr\u00e1s deles os canais de opini\u00e3o ocidental, minimizam ou querem minimizar a extrema gravidade da situa\u00e7\u00e3o, esta escalada que nos arrasta irremediavelmente para uma terceira guerra mundial, rumo a uma guerra nuclear. \u00c9 a cegueira como \u00e9 o caso dos imp\u00e9rios, especialmente os que est\u00e3o em decl\u00ednio, quando sentem o seu dom\u00ednio desafiado, como a R\u00fassia est\u00e1 fazendo atualmente ao declarar sem rodeios que quer desafiar a ordem mundial existente.<\/p>\n<p>A rea\u00e7\u00e3o dos Estados Unidos n\u00e3o tem nuances. O desafiante da ordem reinante \u00e9 desprezado e subestimado. Sobre o perigo nuclear, pode-se notar que a atitude russa \u00e9 diferente da dos Estados Unidos. Enquanto a R\u00fassia informa a sua opini\u00e3o p\u00fablica com franqueza, os EUA negam o perigo.<\/p>\n<p>Trata-se ent\u00e3o de negar, de subestimar a situa\u00e7\u00e3o ou \u00e9 uma vontade deliberada de querer anestesiar a opini\u00e3o p\u00fablica, de querer impedir a sua interven\u00e7\u00e3o, numa palavra de mant\u00ea-la alheia \u00e0 situa\u00e7\u00e3o real, a esta escalada sem sentido a que os EUA arrastam os pa\u00edses ocidentais. Desde a inven\u00e7\u00e3o das armas nucleares, independentemente das crises que o mundo experimentou durante a Guerra Fria, a situa\u00e7\u00e3o nunca foi t\u00e3o grave. E j\u00e1 n\u00e3o existem, ao que parece, as for\u00e7as populares que antes eram um obst\u00e1culo \u00e0 guerra e ao armamento nuclear, tanto no Ocidente como no resto do mundo.<\/p>\n<p>Nos anos 70 e 80 houve um poderoso movimento de paz. As pessoas mobilizavam-se, aos milh\u00f5es, contra a implanta\u00e7\u00e3o de m\u00edsseis na Europa, formavam cadeias humanas de v\u00e1rias centenas de quil\u00f4metros entre os pa\u00edses europeus para se oporem \u00e0 guerra. As elites intelectuais e cient\u00edficas, os estudiosos, os artistas publicaram declara\u00e7\u00f5es contra a guerra. Titulares do Pr\u00eamio Nobel formaram grupos para analisar as consequ\u00eancias de um holocausto nuclear e descrever o seu horror. A opini\u00e3o p\u00fablica foi regularmente informada. N\u00e3o \u00e9 mais o caso. Onde est\u00e3o os pacifistas do passado, dos tempos da Guerra Fria?<\/p>\n<p>Estamos \u00e0 beira de uma guerra nuclear, e parece que ningu\u00e9m se importa! A raz\u00e3o, as raz\u00f5es? No ocidente, as pessoas parecem estar sujeitas a uma propaganda de guerra impressionante e paralisante. Noutras partes do mundo, acredita-se que seja uma guerra limitada \u00e0 Europa e aos Estados Unidos. \u201cOs m\u00edsseis podem chegar at\u00e9 n\u00f3s?\u201d, algu\u00e9m inocentemente me perguntou. N\u00e3o entendem as consequ\u00eancias globais de uma guerra nuclear, mesmo limitada a uma parte do mundo. Poucos sabem que o inverno nuclear se espalhar\u00e1 por toda parte, que a guerra nuclear \u00e9, por defini\u00e7\u00e3o, total, que pode significar o fim do mundo, o fim da humanidade. Nenhum jornal, nenhum canal, nenhum site falam sobre isto, diz ou descreve os horrores da guerra nuclear.<\/p>\n<p>Quem ser\u00e1 capaz de acordar a opini\u00e3o p\u00fablica mundial? O que fazer? Quem dar\u00e1 o alerta? Quem pode parar esta engrenagem mortal? Que personalidades, que homens de boa vontade, que partidos, que governos, que Estados? Temos que parar com isso. \u00c9 necess\u00e1rio que \u201co povo\u201d, que os povos, \u201cse movam\u201d.<\/p>\n","protected":false},"excerpt":{"rendered":"<p>Os Estados Unidos convocaram para uma reuni\u00e3o em sua base militar de Ramstein, na Alemanha, 40 pa\u00edses ocidentais. Foi todo o Ocidente que l\u00e1 compareceu para fornecer cada vez mais armas \u00e0 Ucr\u00e2nia. A Hist\u00f3ria pode vir a lembrar esta data, 26 de abril, como o in\u00edcio da Terceira Guerra Mundial, se tal acontecer e [&hellip;]<\/p>\n","protected":false},"author":2,"featured_media":285286,"comment_status":"closed","ping_status":"closed","sticky":false,"template":"","format":"standard","meta":{"_acf_changed":false,"footnotes":""},"categories":[159],"tags":[95],"class_list":["post-285284","post","type-post","status-publish","format-standard","has-post-thumbnail","hentry","category-apocalipse","tag-capa"],"acf":[],"yoast_head":"<!-- This site is optimized with the Yoast SEO plugin v27.2 - https:\/\/yoast.com\/product\/yoast-seo-wordpress\/ -->\n<title>Engrenagem da 3\u00aa Guerra fica azeitada com socorro \u00e0 Ucr\u00e2nia - Notibras<\/title>\n<meta name=\"robots\" content=\"index, follow, max-snippet:-1, max-image-preview:large, max-video-preview:-1\" \/>\n<link rel=\"canonical\" href=\"https:\/\/www.notibras.com\/site\/engrenagem-da-3a-guerra-fica-azeitada-com-socorro-a-ucrania\/\" \/>\n<meta property=\"og:locale\" content=\"pt_BR\" \/>\n<meta property=\"og:type\" content=\"article\" \/>\n<meta property=\"og:title\" content=\"Engrenagem da 3\u00aa Guerra fica azeitada com socorro \u00e0 Ucr\u00e2nia - Notibras\" \/>\n<meta property=\"og:description\" content=\"Os Estados Unidos convocaram para uma reuni\u00e3o em sua base militar de Ramstein, na Alemanha, 40 pa\u00edses ocidentais. Foi todo o Ocidente que l\u00e1 compareceu para fornecer cada vez mais armas \u00e0 Ucr\u00e2nia. A Hist\u00f3ria pode vir a lembrar esta data, 26 de abril, como o in\u00edcio da Terceira Guerra Mundial, se tal acontecer e [&hellip;]\" \/>\n<meta property=\"og:url\" content=\"https:\/\/www.notibras.com\/site\/engrenagem-da-3a-guerra-fica-azeitada-com-socorro-a-ucrania\/\" \/>\n<meta property=\"og:site_name\" content=\"Notibras\" \/>\n<meta property=\"article:publisher\" content=\"https:\/\/www.facebook.com\/notibras\/\" \/>\n<meta property=\"article:published_time\" content=\"2022-05-10T08:40:09+00:00\" \/>\n<meta property=\"article:modified_time\" content=\"2022-05-10T08:41:06+00:00\" \/>\n<meta property=\"og:image\" content=\"https:\/\/www.notibras.com\/site\/wp-content\/uploads\/2022\/05\/guerra.parem_.webp\" \/>\n\t<meta property=\"og:image:width\" content=\"1920\" \/>\n\t<meta property=\"og:image:height\" content=\"1080\" \/>\n\t<meta property=\"og:image:type\" content=\"image\/webp\" \/>\n<meta name=\"author\" content=\"Reda\u00e7\u00e3o\" \/>\n<meta name=\"twitter:card\" content=\"summary_large_image\" \/>\n<meta name=\"twitter:creator\" content=\"@Notibras\" \/>\n<meta name=\"twitter:site\" content=\"@Notibras\" \/>\n<meta name=\"twitter:label1\" content=\"Escrito por\" \/>\n\t<meta name=\"twitter:data1\" content=\"Reda\u00e7\u00e3o\" \/>\n\t<meta name=\"twitter:label2\" content=\"Est. tempo de leitura\" \/>\n\t<meta name=\"twitter:data2\" content=\"13 minutos\" \/>\n<script type=\"application\/ld+json\" class=\"yoast-schema-graph\">{\"@context\":\"https:\/\/schema.org\",\"@graph\":[{\"@type\":\"Article\",\"@id\":\"https:\/\/www.notibras.com\/site\/engrenagem-da-3a-guerra-fica-azeitada-com-socorro-a-ucrania\/#article\",\"isPartOf\":{\"@id\":\"https:\/\/www.notibras.com\/site\/engrenagem-da-3a-guerra-fica-azeitada-com-socorro-a-ucrania\/\"},\"author\":{\"name\":\"Reda\u00e7\u00e3o\",\"@id\":\"https:\/\/www.notibras.com\/site\/#\/schema\/person\/36ab0979449956132d3e5b517ea76ac8\"},\"headline\":\"Engrenagem da 3\u00aa Guerra fica azeitada com socorro \u00e0 Ucr\u00e2nia\",\"datePublished\":\"2022-05-10T08:40:09+00:00\",\"dateModified\":\"2022-05-10T08:41:06+00:00\",\"mainEntityOfPage\":{\"@id\":\"https:\/\/www.notibras.com\/site\/engrenagem-da-3a-guerra-fica-azeitada-com-socorro-a-ucrania\/\"},\"wordCount\":2561,\"publisher\":{\"@id\":\"https:\/\/www.notibras.com\/site\/#organization\"},\"image\":{\"@id\":\"https:\/\/www.notibras.com\/site\/engrenagem-da-3a-guerra-fica-azeitada-com-socorro-a-ucrania\/#primaryimage\"},\"thumbnailUrl\":\"https:\/\/www.notibras.com\/site\/wp-content\/uploads\/2022\/05\/guerra.parem_.webp\",\"keywords\":[\"capa\"],\"articleSection\":[\"Apocalipse\"],\"inLanguage\":\"pt-BR\"},{\"@type\":\"WebPage\",\"@id\":\"https:\/\/www.notibras.com\/site\/engrenagem-da-3a-guerra-fica-azeitada-com-socorro-a-ucrania\/\",\"url\":\"https:\/\/www.notibras.com\/site\/engrenagem-da-3a-guerra-fica-azeitada-com-socorro-a-ucrania\/\",\"name\":\"Engrenagem da 3\u00aa Guerra fica azeitada com socorro \u00e0 Ucr\u00e2nia - Notibras\",\"isPartOf\":{\"@id\":\"https:\/\/www.notibras.com\/site\/#website\"},\"primaryImageOfPage\":{\"@id\":\"https:\/\/www.notibras.com\/site\/engrenagem-da-3a-guerra-fica-azeitada-com-socorro-a-ucrania\/#primaryimage\"},\"image\":{\"@id\":\"https:\/\/www.notibras.com\/site\/engrenagem-da-3a-guerra-fica-azeitada-com-socorro-a-ucrania\/#primaryimage\"},\"thumbnailUrl\":\"https:\/\/www.notibras.com\/site\/wp-content\/uploads\/2022\/05\/guerra.parem_.webp\",\"datePublished\":\"2022-05-10T08:40:09+00:00\",\"dateModified\":\"2022-05-10T08:41:06+00:00\",\"breadcrumb\":{\"@id\":\"https:\/\/www.notibras.com\/site\/engrenagem-da-3a-guerra-fica-azeitada-com-socorro-a-ucrania\/#breadcrumb\"},\"inLanguage\":\"pt-BR\",\"potentialAction\":[{\"@type\":\"ReadAction\",\"target\":[\"https:\/\/www.notibras.com\/site\/engrenagem-da-3a-guerra-fica-azeitada-com-socorro-a-ucrania\/\"]}]},{\"@type\":\"ImageObject\",\"inLanguage\":\"pt-BR\",\"@id\":\"https:\/\/www.notibras.com\/site\/engrenagem-da-3a-guerra-fica-azeitada-com-socorro-a-ucrania\/#primaryimage\",\"url\":\"https:\/\/www.notibras.com\/site\/wp-content\/uploads\/2022\/05\/guerra.parem_.webp\",\"contentUrl\":\"https:\/\/www.notibras.com\/site\/wp-content\/uploads\/2022\/05\/guerra.parem_.webp\",\"width\":1920,\"height\":1080},{\"@type\":\"BreadcrumbList\",\"@id\":\"https:\/\/www.notibras.com\/site\/engrenagem-da-3a-guerra-fica-azeitada-com-socorro-a-ucrania\/#breadcrumb\",\"itemListElement\":[{\"@type\":\"ListItem\",\"position\":1,\"name\":\"In\u00edcio\",\"item\":\"https:\/\/www.notibras.com\/site\/\"},{\"@type\":\"ListItem\",\"position\":2,\"name\":\"Engrenagem da 3\u00aa Guerra fica azeitada com socorro \u00e0 Ucr\u00e2nia\"}]},{\"@type\":\"WebSite\",\"@id\":\"https:\/\/www.notibras.com\/site\/#website\",\"url\":\"https:\/\/www.notibras.com\/site\/\",\"name\":\"Notibras\",\"description\":\"Not\u00edcias de Bras\u00edlia, do Brasil e do Mundo\",\"publisher\":{\"@id\":\"https:\/\/www.notibras.com\/site\/#organization\"},\"potentialAction\":[{\"@type\":\"SearchAction\",\"target\":{\"@type\":\"EntryPoint\",\"urlTemplate\":\"https:\/\/www.notibras.com\/site\/?s={search_term_string}\"},\"query-input\":{\"@type\":\"PropertyValueSpecification\",\"valueRequired\":true,\"valueName\":\"search_term_string\"}}],\"inLanguage\":\"pt-BR\"},{\"@type\":\"Organization\",\"@id\":\"https:\/\/www.notibras.com\/site\/#organization\",\"name\":\"Grupo Notibras de Comunica\u00e7\u00e3o\",\"url\":\"https:\/\/www.notibras.com\/site\/\",\"logo\":{\"@type\":\"ImageObject\",\"inLanguage\":\"pt-BR\",\"@id\":\"https:\/\/www.notibras.com\/site\/#\/schema\/logo\/image\/\",\"url\":\"https:\/\/www.notibras.com\/site\/wp-content\/uploads\/2023\/01\/notibras23.png\",\"contentUrl\":\"https:\/\/www.notibras.com\/site\/wp-content\/uploads\/2023\/01\/notibras23.png\",\"width\":350,\"height\":87,\"caption\":\"Grupo Notibras de Comunica\u00e7\u00e3o\"},\"image\":{\"@id\":\"https:\/\/www.notibras.com\/site\/#\/schema\/logo\/image\/\"},\"sameAs\":[\"https:\/\/www.facebook.com\/notibras\/\",\"https:\/\/x.com\/Notibras\",\"https:\/\/www.instagram.com\/notibras\/\"]},{\"@type\":\"Person\",\"@id\":\"https:\/\/www.notibras.com\/site\/#\/schema\/person\/36ab0979449956132d3e5b517ea76ac8\",\"name\":\"Reda\u00e7\u00e3o\",\"image\":{\"@type\":\"ImageObject\",\"inLanguage\":\"pt-BR\",\"@id\":\"https:\/\/secure.gravatar.com\/avatar\/e0a867bdedb85fd243eadf09663511f96fc81e0720a4a42581f334ad4303aa6b?s=96&d=mm&r=g\",\"url\":\"https:\/\/secure.gravatar.com\/avatar\/e0a867bdedb85fd243eadf09663511f96fc81e0720a4a42581f334ad4303aa6b?s=96&d=mm&r=g\",\"contentUrl\":\"https:\/\/secure.gravatar.com\/avatar\/e0a867bdedb85fd243eadf09663511f96fc81e0720a4a42581f334ad4303aa6b?s=96&d=mm&r=g\",\"caption\":\"Reda\u00e7\u00e3o\"}}]}<\/script>\n<!-- \/ Yoast SEO plugin. -->","yoast_head_json":{"title":"Engrenagem da 3\u00aa Guerra fica azeitada com socorro \u00e0 Ucr\u00e2nia - Notibras","robots":{"index":"index","follow":"follow","max-snippet":"max-snippet:-1","max-image-preview":"max-image-preview:large","max-video-preview":"max-video-preview:-1"},"canonical":"https:\/\/www.notibras.com\/site\/engrenagem-da-3a-guerra-fica-azeitada-com-socorro-a-ucrania\/","og_locale":"pt_BR","og_type":"article","og_title":"Engrenagem da 3\u00aa Guerra fica azeitada com socorro \u00e0 Ucr\u00e2nia - Notibras","og_description":"Os Estados Unidos convocaram para uma reuni\u00e3o em sua base militar de Ramstein, na Alemanha, 40 pa\u00edses ocidentais. Foi todo o Ocidente que l\u00e1 compareceu para fornecer cada vez mais armas \u00e0 Ucr\u00e2nia. A Hist\u00f3ria pode vir a lembrar esta data, 26 de abril, como o in\u00edcio da Terceira Guerra Mundial, se tal acontecer e [&hellip;]","og_url":"https:\/\/www.notibras.com\/site\/engrenagem-da-3a-guerra-fica-azeitada-com-socorro-a-ucrania\/","og_site_name":"Notibras","article_publisher":"https:\/\/www.facebook.com\/notibras\/","article_published_time":"2022-05-10T08:40:09+00:00","article_modified_time":"2022-05-10T08:41:06+00:00","og_image":[{"width":1920,"height":1080,"url":"https:\/\/www.notibras.com\/site\/wp-content\/uploads\/2022\/05\/guerra.parem_.webp","type":"image\/webp"}],"author":"Reda\u00e7\u00e3o","twitter_card":"summary_large_image","twitter_creator":"@Notibras","twitter_site":"@Notibras","twitter_misc":{"Escrito por":"Reda\u00e7\u00e3o","Est. tempo de leitura":"13 minutos"},"schema":{"@context":"https:\/\/schema.org","@graph":[{"@type":"Article","@id":"https:\/\/www.notibras.com\/site\/engrenagem-da-3a-guerra-fica-azeitada-com-socorro-a-ucrania\/#article","isPartOf":{"@id":"https:\/\/www.notibras.com\/site\/engrenagem-da-3a-guerra-fica-azeitada-com-socorro-a-ucrania\/"},"author":{"name":"Reda\u00e7\u00e3o","@id":"https:\/\/www.notibras.com\/site\/#\/schema\/person\/36ab0979449956132d3e5b517ea76ac8"},"headline":"Engrenagem da 3\u00aa Guerra fica azeitada com socorro \u00e0 Ucr\u00e2nia","datePublished":"2022-05-10T08:40:09+00:00","dateModified":"2022-05-10T08:41:06+00:00","mainEntityOfPage":{"@id":"https:\/\/www.notibras.com\/site\/engrenagem-da-3a-guerra-fica-azeitada-com-socorro-a-ucrania\/"},"wordCount":2561,"publisher":{"@id":"https:\/\/www.notibras.com\/site\/#organization"},"image":{"@id":"https:\/\/www.notibras.com\/site\/engrenagem-da-3a-guerra-fica-azeitada-com-socorro-a-ucrania\/#primaryimage"},"thumbnailUrl":"https:\/\/www.notibras.com\/site\/wp-content\/uploads\/2022\/05\/guerra.parem_.webp","keywords":["capa"],"articleSection":["Apocalipse"],"inLanguage":"pt-BR"},{"@type":"WebPage","@id":"https:\/\/www.notibras.com\/site\/engrenagem-da-3a-guerra-fica-azeitada-com-socorro-a-ucrania\/","url":"https:\/\/www.notibras.com\/site\/engrenagem-da-3a-guerra-fica-azeitada-com-socorro-a-ucrania\/","name":"Engrenagem da 3\u00aa Guerra fica azeitada com socorro \u00e0 Ucr\u00e2nia - Notibras","isPartOf":{"@id":"https:\/\/www.notibras.com\/site\/#website"},"primaryImageOfPage":{"@id":"https:\/\/www.notibras.com\/site\/engrenagem-da-3a-guerra-fica-azeitada-com-socorro-a-ucrania\/#primaryimage"},"image":{"@id":"https:\/\/www.notibras.com\/site\/engrenagem-da-3a-guerra-fica-azeitada-com-socorro-a-ucrania\/#primaryimage"},"thumbnailUrl":"https:\/\/www.notibras.com\/site\/wp-content\/uploads\/2022\/05\/guerra.parem_.webp","datePublished":"2022-05-10T08:40:09+00:00","dateModified":"2022-05-10T08:41:06+00:00","breadcrumb":{"@id":"https:\/\/www.notibras.com\/site\/engrenagem-da-3a-guerra-fica-azeitada-com-socorro-a-ucrania\/#breadcrumb"},"inLanguage":"pt-BR","potentialAction":[{"@type":"ReadAction","target":["https:\/\/www.notibras.com\/site\/engrenagem-da-3a-guerra-fica-azeitada-com-socorro-a-ucrania\/"]}]},{"@type":"ImageObject","inLanguage":"pt-BR","@id":"https:\/\/www.notibras.com\/site\/engrenagem-da-3a-guerra-fica-azeitada-com-socorro-a-ucrania\/#primaryimage","url":"https:\/\/www.notibras.com\/site\/wp-content\/uploads\/2022\/05\/guerra.parem_.webp","contentUrl":"https:\/\/www.notibras.com\/site\/wp-content\/uploads\/2022\/05\/guerra.parem_.webp","width":1920,"height":1080},{"@type":"BreadcrumbList","@id":"https:\/\/www.notibras.com\/site\/engrenagem-da-3a-guerra-fica-azeitada-com-socorro-a-ucrania\/#breadcrumb","itemListElement":[{"@type":"ListItem","position":1,"name":"In\u00edcio","item":"https:\/\/www.notibras.com\/site\/"},{"@type":"ListItem","position":2,"name":"Engrenagem da 3\u00aa Guerra fica azeitada com socorro \u00e0 Ucr\u00e2nia"}]},{"@type":"WebSite","@id":"https:\/\/www.notibras.com\/site\/#website","url":"https:\/\/www.notibras.com\/site\/","name":"Notibras","description":"Not\u00edcias de Bras\u00edlia, do Brasil e do Mundo","publisher":{"@id":"https:\/\/www.notibras.com\/site\/#organization"},"potentialAction":[{"@type":"SearchAction","target":{"@type":"EntryPoint","urlTemplate":"https:\/\/www.notibras.com\/site\/?s={search_term_string}"},"query-input":{"@type":"PropertyValueSpecification","valueRequired":true,"valueName":"search_term_string"}}],"inLanguage":"pt-BR"},{"@type":"Organization","@id":"https:\/\/www.notibras.com\/site\/#organization","name":"Grupo Notibras de Comunica\u00e7\u00e3o","url":"https:\/\/www.notibras.com\/site\/","logo":{"@type":"ImageObject","inLanguage":"pt-BR","@id":"https:\/\/www.notibras.com\/site\/#\/schema\/logo\/image\/","url":"https:\/\/www.notibras.com\/site\/wp-content\/uploads\/2023\/01\/notibras23.png","contentUrl":"https:\/\/www.notibras.com\/site\/wp-content\/uploads\/2023\/01\/notibras23.png","width":350,"height":87,"caption":"Grupo Notibras de Comunica\u00e7\u00e3o"},"image":{"@id":"https:\/\/www.notibras.com\/site\/#\/schema\/logo\/image\/"},"sameAs":["https:\/\/www.facebook.com\/notibras\/","https:\/\/x.com\/Notibras","https:\/\/www.instagram.com\/notibras\/"]},{"@type":"Person","@id":"https:\/\/www.notibras.com\/site\/#\/schema\/person\/36ab0979449956132d3e5b517ea76ac8","name":"Reda\u00e7\u00e3o","image":{"@type":"ImageObject","inLanguage":"pt-BR","@id":"https:\/\/secure.gravatar.com\/avatar\/e0a867bdedb85fd243eadf09663511f96fc81e0720a4a42581f334ad4303aa6b?s=96&d=mm&r=g","url":"https:\/\/secure.gravatar.com\/avatar\/e0a867bdedb85fd243eadf09663511f96fc81e0720a4a42581f334ad4303aa6b?s=96&d=mm&r=g","contentUrl":"https:\/\/secure.gravatar.com\/avatar\/e0a867bdedb85fd243eadf09663511f96fc81e0720a4a42581f334ad4303aa6b?s=96&d=mm&r=g","caption":"Reda\u00e7\u00e3o"}}]}},"amp_enabled":true,"_links":{"self":[{"href":"https:\/\/www.notibras.com\/site\/wp-json\/wp\/v2\/posts\/285284","targetHints":{"allow":["GET"]}}],"collection":[{"href":"https:\/\/www.notibras.com\/site\/wp-json\/wp\/v2\/posts"}],"about":[{"href":"https:\/\/www.notibras.com\/site\/wp-json\/wp\/v2\/types\/post"}],"author":[{"embeddable":true,"href":"https:\/\/www.notibras.com\/site\/wp-json\/wp\/v2\/users\/2"}],"replies":[{"embeddable":true,"href":"https:\/\/www.notibras.com\/site\/wp-json\/wp\/v2\/comments?post=285284"}],"version-history":[{"count":3,"href":"https:\/\/www.notibras.com\/site\/wp-json\/wp\/v2\/posts\/285284\/revisions"}],"predecessor-version":[{"id":285288,"href":"https:\/\/www.notibras.com\/site\/wp-json\/wp\/v2\/posts\/285284\/revisions\/285288"}],"wp:featuredmedia":[{"embeddable":true,"href":"https:\/\/www.notibras.com\/site\/wp-json\/wp\/v2\/media\/285286"}],"wp:attachment":[{"href":"https:\/\/www.notibras.com\/site\/wp-json\/wp\/v2\/media?parent=285284"}],"wp:term":[{"taxonomy":"category","embeddable":true,"href":"https:\/\/www.notibras.com\/site\/wp-json\/wp\/v2\/categories?post=285284"},{"taxonomy":"post_tag","embeddable":true,"href":"https:\/\/www.notibras.com\/site\/wp-json\/wp\/v2\/tags?post=285284"}],"curies":[{"name":"wp","href":"https:\/\/api.w.org\/{rel}","templated":true}]}}