{"id":285345,"date":"2022-05-11T00:52:17","date_gmt":"2022-05-11T03:52:17","guid":{"rendered":"https:\/\/www.notibras.com\/site\/?p=285345"},"modified":"2022-05-11T02:55:40","modified_gmt":"2022-05-11T05:55:40","slug":"onu-conta-milhares-de-mortos-a-mais-na-ucrania","status":"publish","type":"post","link":"https:\/\/www.notibras.com\/site\/onu-conta-milhares-de-mortos-a-mais-na-ucrania\/","title":{"rendered":"ONU conta milhares de mortos a mais na Ucr\u00e2nia"},"content":{"rendered":"<p>Milhares de civis mortos na Ucr\u00e2nia al\u00e9m dos 3.381 relatados pela Organiza\u00e7\u00e3o das Na\u00e7\u00f5es Unidas (ONU) em quase 11 semanas de guerra no pa\u00eds, disse a chefe da Miss\u00e3o de Monitoramento dos Direitos Humanos da ONU na Ucr\u00e2nia.<\/p>\n<p>A equipe, que inclui 55 monitores no pa\u00eds, afirmou que a maioria das mortes ocorreu devido ao uso de armas explosivas, com ampla \u00e1rea de impacto, como m\u00edsseis e ataques a\u00e9reos.<\/p>\n<p>&#8220;Temos trabalhado em estimativas, mas tudo o que posso dizer por enquanto \u00e9 que \u00e9 milhares de vezes mais alto do que os n\u00fameros que demos atualmente&#8221;, disse Matilda Bogner em entrevista em Genebra, quando questionada sobre o n\u00famero total de mortos e feridos.<\/p>\n<p>&#8220;O grande buraco negro \u00e9 realmente Mariupol, onde tem sido dif\u00edcil ter acesso total e obter informa\u00e7\u00f5es totalmente confirmadas&#8221;, acrescentou, referindo-se \u00e0 cidade portu\u00e1ria no Sudeste da Ucr\u00e2nia que tem enfrentado os combates mais pesados da guerra.<\/p>\n<p>A R\u00fassia nega ter como alvo os civis e chama sua invas\u00e3o, lan\u00e7ada em 24 de fevereiro, de &#8220;opera\u00e7\u00e3o militar especial&#8221; para desarmar a Ucr\u00e2nia e livr\u00e1-la de nacionalistas antirussos fomentados pelo Ocidente. A Ucr\u00e2nia e o Ocidente dizem que esse \u00e9 um falso pretexto para conter uma guerra de agress\u00e3o n\u00e3o provocada.<\/p>\n<p>Bogner afirmou que sua equipe tamb\u00e9m est\u00e1 investigando o que descreveu como &#8220;alega\u00e7\u00f5es confi\u00e1veis&#8221; de tortura, maus-tratos e execu\u00e7\u00f5es pelas for\u00e7as ucranianas contra as for\u00e7as invasoras russas e grupos armados afiliados.<\/p>\n<p>&#8220;Em termos da extens\u00e3o das viola\u00e7\u00f5es pelas for\u00e7as ucranianas &#8211; embora a escala seja significativamente maior do lado das alega\u00e7\u00f5es contra as for\u00e7as russas -, tamb\u00e9m estamos documentando as viola\u00e7\u00f5es pelas for\u00e7as ucranianas&#8221;, disse ela.<\/p>\n","protected":false},"excerpt":{"rendered":"<p>Milhares de civis mortos na Ucr\u00e2nia al\u00e9m dos 3.381 relatados pela Organiza\u00e7\u00e3o das Na\u00e7\u00f5es Unidas (ONU) em quase 11 semanas de guerra no pa\u00eds, disse a chefe da Miss\u00e3o de Monitoramento dos Direitos Humanos da ONU na Ucr\u00e2nia. A equipe, que inclui 55 monitores no pa\u00eds, afirmou que a maioria das mortes ocorreu devido ao [&hellip;]<\/p>\n","protected":false},"author":2,"featured_media":285346,"comment_status":"closed","ping_status":"closed","sticky":false,"template":"","format":"standard","meta":{"_acf_changed":false,"footnotes":""},"categories":[159],"tags":[95],"class_list":["post-285345","post","type-post","status-publish","format-standard","has-post-thumbnail","hentry","category-apocalipse","tag-capa"],"acf":[],"yoast_head":"<!-- This site is optimized with the Yoast SEO plugin v27.2 - https:\/\/yoast.com\/product\/yoast-seo-wordpress\/ -->\n<title>ONU conta milhares de mortos a mais na Ucr\u00e2nia - Notibras<\/title>\n<meta name=\"robots\" content=\"index, follow, max-snippet:-1, max-image-preview:large, max-video-preview:-1\" \/>\n<link rel=\"canonical\" href=\"https:\/\/www.notibras.com\/site\/onu-conta-milhares-de-mortos-a-mais-na-ucrania\/\" \/>\n<meta property=\"og:locale\" content=\"pt_BR\" \/>\n<meta property=\"og:type\" content=\"article\" \/>\n<meta property=\"og:title\" content=\"ONU conta milhares de mortos a mais na Ucr\u00e2nia - Notibras\" \/>\n<meta property=\"og:description\" content=\"Milhares de civis mortos na Ucr\u00e2nia al\u00e9m dos 3.381 relatados pela Organiza\u00e7\u00e3o das Na\u00e7\u00f5es Unidas (ONU) em quase 11 semanas de guerra no pa\u00eds, disse a chefe da Miss\u00e3o de Monitoramento dos Direitos Humanos da ONU na Ucr\u00e2nia. A equipe, que inclui 55 monitores no pa\u00eds, afirmou que a maioria das mortes ocorreu devido ao [&hellip;]\" \/>\n<meta property=\"og:url\" content=\"https:\/\/www.notibras.com\/site\/onu-conta-milhares-de-mortos-a-mais-na-ucrania\/\" \/>\n<meta property=\"og:site_name\" content=\"Notibras\" \/>\n<meta property=\"article:publisher\" content=\"https:\/\/www.facebook.com\/notibras\/\" \/>\n<meta property=\"article:published_time\" content=\"2022-05-11T03:52:17+00:00\" \/>\n<meta property=\"article:modified_time\" content=\"2022-05-11T05:55:40+00:00\" \/>\n<meta property=\"og:image\" content=\"https:\/\/www.notibras.com\/site\/wp-content\/uploads\/2022\/05\/marko-djurica.ucrania.jpg\" \/>\n\t<meta property=\"og:image:width\" content=\"1170\" \/>\n\t<meta property=\"og:image:height\" content=\"700\" \/>\n\t<meta property=\"og:image:type\" content=\"image\/jpeg\" \/>\n<meta name=\"author\" content=\"Reda\u00e7\u00e3o\" \/>\n<meta name=\"twitter:card\" content=\"summary_large_image\" \/>\n<meta name=\"twitter:creator\" content=\"@Notibras\" \/>\n<meta name=\"twitter:site\" content=\"@Notibras\" \/>\n<meta name=\"twitter:label1\" content=\"Escrito por\" \/>\n\t<meta name=\"twitter:data1\" content=\"Reda\u00e7\u00e3o\" \/>\n\t<meta name=\"twitter:label2\" content=\"Est. tempo de leitura\" \/>\n\t<meta name=\"twitter:data2\" content=\"1 minuto\" \/>\n<script type=\"application\/ld+json\" class=\"yoast-schema-graph\">{\"@context\":\"https:\/\/schema.org\",\"@graph\":[{\"@type\":\"Article\",\"@id\":\"https:\/\/www.notibras.com\/site\/onu-conta-milhares-de-mortos-a-mais-na-ucrania\/#article\",\"isPartOf\":{\"@id\":\"https:\/\/www.notibras.com\/site\/onu-conta-milhares-de-mortos-a-mais-na-ucrania\/\"},\"author\":{\"name\":\"Reda\u00e7\u00e3o\",\"@id\":\"https:\/\/www.notibras.com\/site\/#\/schema\/person\/36ab0979449956132d3e5b517ea76ac8\"},\"headline\":\"ONU conta milhares de mortos a mais na Ucr\u00e2nia\",\"datePublished\":\"2022-05-11T03:52:17+00:00\",\"dateModified\":\"2022-05-11T05:55:40+00:00\",\"mainEntityOfPage\":{\"@id\":\"https:\/\/www.notibras.com\/site\/onu-conta-milhares-de-mortos-a-mais-na-ucrania\/\"},\"wordCount\":309,\"publisher\":{\"@id\":\"https:\/\/www.notibras.com\/site\/#organization\"},\"image\":{\"@id\":\"https:\/\/www.notibras.com\/site\/onu-conta-milhares-de-mortos-a-mais-na-ucrania\/#primaryimage\"},\"thumbnailUrl\":\"https:\/\/www.notibras.com\/site\/wp-content\/uploads\/2022\/05\/marko-djurica.ucrania.jpg\",\"keywords\":[\"capa\"],\"articleSection\":[\"Apocalipse\"],\"inLanguage\":\"pt-BR\"},{\"@type\":\"WebPage\",\"@id\":\"https:\/\/www.notibras.com\/site\/onu-conta-milhares-de-mortos-a-mais-na-ucrania\/\",\"url\":\"https:\/\/www.notibras.com\/site\/onu-conta-milhares-de-mortos-a-mais-na-ucrania\/\",\"name\":\"ONU conta milhares de mortos a mais na Ucr\u00e2nia - Notibras\",\"isPartOf\":{\"@id\":\"https:\/\/www.notibras.com\/site\/#website\"},\"primaryImageOfPage\":{\"@id\":\"https:\/\/www.notibras.com\/site\/onu-conta-milhares-de-mortos-a-mais-na-ucrania\/#primaryimage\"},\"image\":{\"@id\":\"https:\/\/www.notibras.com\/site\/onu-conta-milhares-de-mortos-a-mais-na-ucrania\/#primaryimage\"},\"thumbnailUrl\":\"https:\/\/www.notibras.com\/site\/wp-content\/uploads\/2022\/05\/marko-djurica.ucrania.jpg\",\"datePublished\":\"2022-05-11T03:52:17+00:00\",\"dateModified\":\"2022-05-11T05:55:40+00:00\",\"breadcrumb\":{\"@id\":\"https:\/\/www.notibras.com\/site\/onu-conta-milhares-de-mortos-a-mais-na-ucrania\/#breadcrumb\"},\"inLanguage\":\"pt-BR\",\"potentialAction\":[{\"@type\":\"ReadAction\",\"target\":[\"https:\/\/www.notibras.com\/site\/onu-conta-milhares-de-mortos-a-mais-na-ucrania\/\"]}]},{\"@type\":\"ImageObject\",\"inLanguage\":\"pt-BR\",\"@id\":\"https:\/\/www.notibras.com\/site\/onu-conta-milhares-de-mortos-a-mais-na-ucrania\/#primaryimage\",\"url\":\"https:\/\/www.notibras.com\/site\/wp-content\/uploads\/2022\/05\/marko-djurica.ucrania.jpg\",\"contentUrl\":\"https:\/\/www.notibras.com\/site\/wp-content\/uploads\/2022\/05\/marko-djurica.ucrania.jpg\",\"width\":1170,\"height\":700,\"caption\":\"Ukrainian servicemen carry a dead body on stretcher as Russia's invasion of Ukraine continues, in the town of Irpin outside Kyiv, Ukraine, March 12, 2022. REUTERS\/Marko Djurica TPX IMAGES OF THE DAY\"},{\"@type\":\"BreadcrumbList\",\"@id\":\"https:\/\/www.notibras.com\/site\/onu-conta-milhares-de-mortos-a-mais-na-ucrania\/#breadcrumb\",\"itemListElement\":[{\"@type\":\"ListItem\",\"position\":1,\"name\":\"In\u00edcio\",\"item\":\"https:\/\/www.notibras.com\/site\/\"},{\"@type\":\"ListItem\",\"position\":2,\"name\":\"ONU conta milhares de mortos a mais na Ucr\u00e2nia\"}]},{\"@type\":\"WebSite\",\"@id\":\"https:\/\/www.notibras.com\/site\/#website\",\"url\":\"https:\/\/www.notibras.com\/site\/\",\"name\":\"Notibras\",\"description\":\"Not\u00edcias de Bras\u00edlia, do Brasil e do Mundo\",\"publisher\":{\"@id\":\"https:\/\/www.notibras.com\/site\/#organization\"},\"potentialAction\":[{\"@type\":\"SearchAction\",\"target\":{\"@type\":\"EntryPoint\",\"urlTemplate\":\"https:\/\/www.notibras.com\/site\/?s={search_term_string}\"},\"query-input\":{\"@type\":\"PropertyValueSpecification\",\"valueRequired\":true,\"valueName\":\"search_term_string\"}}],\"inLanguage\":\"pt-BR\"},{\"@type\":\"Organization\",\"@id\":\"https:\/\/www.notibras.com\/site\/#organization\",\"name\":\"Grupo Notibras de Comunica\u00e7\u00e3o\",\"url\":\"https:\/\/www.notibras.com\/site\/\",\"logo\":{\"@type\":\"ImageObject\",\"inLanguage\":\"pt-BR\",\"@id\":\"https:\/\/www.notibras.com\/site\/#\/schema\/logo\/image\/\",\"url\":\"https:\/\/www.notibras.com\/site\/wp-content\/uploads\/2023\/01\/notibras23.png\",\"contentUrl\":\"https:\/\/www.notibras.com\/site\/wp-content\/uploads\/2023\/01\/notibras23.png\",\"width\":350,\"height\":87,\"caption\":\"Grupo Notibras de Comunica\u00e7\u00e3o\"},\"image\":{\"@id\":\"https:\/\/www.notibras.com\/site\/#\/schema\/logo\/image\/\"},\"sameAs\":[\"https:\/\/www.facebook.com\/notibras\/\",\"https:\/\/x.com\/Notibras\",\"https:\/\/www.instagram.com\/notibras\/\"]},{\"@type\":\"Person\",\"@id\":\"https:\/\/www.notibras.com\/site\/#\/schema\/person\/36ab0979449956132d3e5b517ea76ac8\",\"name\":\"Reda\u00e7\u00e3o\",\"image\":{\"@type\":\"ImageObject\",\"inLanguage\":\"pt-BR\",\"@id\":\"https:\/\/secure.gravatar.com\/avatar\/e0a867bdedb85fd243eadf09663511f96fc81e0720a4a42581f334ad4303aa6b?s=96&d=mm&r=g\",\"url\":\"https:\/\/secure.gravatar.com\/avatar\/e0a867bdedb85fd243eadf09663511f96fc81e0720a4a42581f334ad4303aa6b?s=96&d=mm&r=g\",\"contentUrl\":\"https:\/\/secure.gravatar.com\/avatar\/e0a867bdedb85fd243eadf09663511f96fc81e0720a4a42581f334ad4303aa6b?s=96&d=mm&r=g\",\"caption\":\"Reda\u00e7\u00e3o\"}}]}<\/script>\n<!-- \/ Yoast SEO plugin. -->","yoast_head_json":{"title":"ONU conta milhares de mortos a mais na Ucr\u00e2nia - Notibras","robots":{"index":"index","follow":"follow","max-snippet":"max-snippet:-1","max-image-preview":"max-image-preview:large","max-video-preview":"max-video-preview:-1"},"canonical":"https:\/\/www.notibras.com\/site\/onu-conta-milhares-de-mortos-a-mais-na-ucrania\/","og_locale":"pt_BR","og_type":"article","og_title":"ONU conta milhares de mortos a mais na Ucr\u00e2nia - Notibras","og_description":"Milhares de civis mortos na Ucr\u00e2nia al\u00e9m dos 3.381 relatados pela Organiza\u00e7\u00e3o das Na\u00e7\u00f5es Unidas (ONU) em quase 11 semanas de guerra no pa\u00eds, disse a chefe da Miss\u00e3o de Monitoramento dos Direitos Humanos da ONU na Ucr\u00e2nia. A equipe, que inclui 55 monitores no pa\u00eds, afirmou que a maioria das mortes ocorreu devido ao [&hellip;]","og_url":"https:\/\/www.notibras.com\/site\/onu-conta-milhares-de-mortos-a-mais-na-ucrania\/","og_site_name":"Notibras","article_publisher":"https:\/\/www.facebook.com\/notibras\/","article_published_time":"2022-05-11T03:52:17+00:00","article_modified_time":"2022-05-11T05:55:40+00:00","og_image":[{"width":1170,"height":700,"url":"https:\/\/www.notibras.com\/site\/wp-content\/uploads\/2022\/05\/marko-djurica.ucrania.jpg","type":"image\/jpeg"}],"author":"Reda\u00e7\u00e3o","twitter_card":"summary_large_image","twitter_creator":"@Notibras","twitter_site":"@Notibras","twitter_misc":{"Escrito por":"Reda\u00e7\u00e3o","Est. tempo de leitura":"1 minuto"},"schema":{"@context":"https:\/\/schema.org","@graph":[{"@type":"Article","@id":"https:\/\/www.notibras.com\/site\/onu-conta-milhares-de-mortos-a-mais-na-ucrania\/#article","isPartOf":{"@id":"https:\/\/www.notibras.com\/site\/onu-conta-milhares-de-mortos-a-mais-na-ucrania\/"},"author":{"name":"Reda\u00e7\u00e3o","@id":"https:\/\/www.notibras.com\/site\/#\/schema\/person\/36ab0979449956132d3e5b517ea76ac8"},"headline":"ONU conta milhares de mortos a mais na Ucr\u00e2nia","datePublished":"2022-05-11T03:52:17+00:00","dateModified":"2022-05-11T05:55:40+00:00","mainEntityOfPage":{"@id":"https:\/\/www.notibras.com\/site\/onu-conta-milhares-de-mortos-a-mais-na-ucrania\/"},"wordCount":309,"publisher":{"@id":"https:\/\/www.notibras.com\/site\/#organization"},"image":{"@id":"https:\/\/www.notibras.com\/site\/onu-conta-milhares-de-mortos-a-mais-na-ucrania\/#primaryimage"},"thumbnailUrl":"https:\/\/www.notibras.com\/site\/wp-content\/uploads\/2022\/05\/marko-djurica.ucrania.jpg","keywords":["capa"],"articleSection":["Apocalipse"],"inLanguage":"pt-BR"},{"@type":"WebPage","@id":"https:\/\/www.notibras.com\/site\/onu-conta-milhares-de-mortos-a-mais-na-ucrania\/","url":"https:\/\/www.notibras.com\/site\/onu-conta-milhares-de-mortos-a-mais-na-ucrania\/","name":"ONU conta milhares de mortos a mais na Ucr\u00e2nia - Notibras","isPartOf":{"@id":"https:\/\/www.notibras.com\/site\/#website"},"primaryImageOfPage":{"@id":"https:\/\/www.notibras.com\/site\/onu-conta-milhares-de-mortos-a-mais-na-ucrania\/#primaryimage"},"image":{"@id":"https:\/\/www.notibras.com\/site\/onu-conta-milhares-de-mortos-a-mais-na-ucrania\/#primaryimage"},"thumbnailUrl":"https:\/\/www.notibras.com\/site\/wp-content\/uploads\/2022\/05\/marko-djurica.ucrania.jpg","datePublished":"2022-05-11T03:52:17+00:00","dateModified":"2022-05-11T05:55:40+00:00","breadcrumb":{"@id":"https:\/\/www.notibras.com\/site\/onu-conta-milhares-de-mortos-a-mais-na-ucrania\/#breadcrumb"},"inLanguage":"pt-BR","potentialAction":[{"@type":"ReadAction","target":["https:\/\/www.notibras.com\/site\/onu-conta-milhares-de-mortos-a-mais-na-ucrania\/"]}]},{"@type":"ImageObject","inLanguage":"pt-BR","@id":"https:\/\/www.notibras.com\/site\/onu-conta-milhares-de-mortos-a-mais-na-ucrania\/#primaryimage","url":"https:\/\/www.notibras.com\/site\/wp-content\/uploads\/2022\/05\/marko-djurica.ucrania.jpg","contentUrl":"https:\/\/www.notibras.com\/site\/wp-content\/uploads\/2022\/05\/marko-djurica.ucrania.jpg","width":1170,"height":700,"caption":"Ukrainian servicemen carry a dead body on stretcher as Russia's invasion of Ukraine continues, in the town of Irpin outside Kyiv, Ukraine, March 12, 2022. REUTERS\/Marko Djurica TPX IMAGES OF THE DAY"},{"@type":"BreadcrumbList","@id":"https:\/\/www.notibras.com\/site\/onu-conta-milhares-de-mortos-a-mais-na-ucrania\/#breadcrumb","itemListElement":[{"@type":"ListItem","position":1,"name":"In\u00edcio","item":"https:\/\/www.notibras.com\/site\/"},{"@type":"ListItem","position":2,"name":"ONU conta milhares de mortos a mais na Ucr\u00e2nia"}]},{"@type":"WebSite","@id":"https:\/\/www.notibras.com\/site\/#website","url":"https:\/\/www.notibras.com\/site\/","name":"Notibras","description":"Not\u00edcias de Bras\u00edlia, do Brasil e do Mundo","publisher":{"@id":"https:\/\/www.notibras.com\/site\/#organization"},"potentialAction":[{"@type":"SearchAction","target":{"@type":"EntryPoint","urlTemplate":"https:\/\/www.notibras.com\/site\/?s={search_term_string}"},"query-input":{"@type":"PropertyValueSpecification","valueRequired":true,"valueName":"search_term_string"}}],"inLanguage":"pt-BR"},{"@type":"Organization","@id":"https:\/\/www.notibras.com\/site\/#organization","name":"Grupo Notibras de Comunica\u00e7\u00e3o","url":"https:\/\/www.notibras.com\/site\/","logo":{"@type":"ImageObject","inLanguage":"pt-BR","@id":"https:\/\/www.notibras.com\/site\/#\/schema\/logo\/image\/","url":"https:\/\/www.notibras.com\/site\/wp-content\/uploads\/2023\/01\/notibras23.png","contentUrl":"https:\/\/www.notibras.com\/site\/wp-content\/uploads\/2023\/01\/notibras23.png","width":350,"height":87,"caption":"Grupo Notibras de Comunica\u00e7\u00e3o"},"image":{"@id":"https:\/\/www.notibras.com\/site\/#\/schema\/logo\/image\/"},"sameAs":["https:\/\/www.facebook.com\/notibras\/","https:\/\/x.com\/Notibras","https:\/\/www.instagram.com\/notibras\/"]},{"@type":"Person","@id":"https:\/\/www.notibras.com\/site\/#\/schema\/person\/36ab0979449956132d3e5b517ea76ac8","name":"Reda\u00e7\u00e3o","image":{"@type":"ImageObject","inLanguage":"pt-BR","@id":"https:\/\/secure.gravatar.com\/avatar\/e0a867bdedb85fd243eadf09663511f96fc81e0720a4a42581f334ad4303aa6b?s=96&d=mm&r=g","url":"https:\/\/secure.gravatar.com\/avatar\/e0a867bdedb85fd243eadf09663511f96fc81e0720a4a42581f334ad4303aa6b?s=96&d=mm&r=g","contentUrl":"https:\/\/secure.gravatar.com\/avatar\/e0a867bdedb85fd243eadf09663511f96fc81e0720a4a42581f334ad4303aa6b?s=96&d=mm&r=g","caption":"Reda\u00e7\u00e3o"}}]}},"amp_enabled":true,"_links":{"self":[{"href":"https:\/\/www.notibras.com\/site\/wp-json\/wp\/v2\/posts\/285345","targetHints":{"allow":["GET"]}}],"collection":[{"href":"https:\/\/www.notibras.com\/site\/wp-json\/wp\/v2\/posts"}],"about":[{"href":"https:\/\/www.notibras.com\/site\/wp-json\/wp\/v2\/types\/post"}],"author":[{"embeddable":true,"href":"https:\/\/www.notibras.com\/site\/wp-json\/wp\/v2\/users\/2"}],"replies":[{"embeddable":true,"href":"https:\/\/www.notibras.com\/site\/wp-json\/wp\/v2\/comments?post=285345"}],"version-history":[{"count":1,"href":"https:\/\/www.notibras.com\/site\/wp-json\/wp\/v2\/posts\/285345\/revisions"}],"predecessor-version":[{"id":285347,"href":"https:\/\/www.notibras.com\/site\/wp-json\/wp\/v2\/posts\/285345\/revisions\/285347"}],"wp:featuredmedia":[{"embeddable":true,"href":"https:\/\/www.notibras.com\/site\/wp-json\/wp\/v2\/media\/285346"}],"wp:attachment":[{"href":"https:\/\/www.notibras.com\/site\/wp-json\/wp\/v2\/media?parent=285345"}],"wp:term":[{"taxonomy":"category","embeddable":true,"href":"https:\/\/www.notibras.com\/site\/wp-json\/wp\/v2\/categories?post=285345"},{"taxonomy":"post_tag","embeddable":true,"href":"https:\/\/www.notibras.com\/site\/wp-json\/wp\/v2\/tags?post=285345"}],"curies":[{"name":"wp","href":"https:\/\/api.w.org\/{rel}","templated":true}]}}