{"id":28537,"date":"2014-11-16T20:50:44","date_gmt":"2014-11-16T23:50:44","guid":{"rendered":"http:\/\/www.notibras.com\/site\/?p=28537"},"modified":"2014-11-16T20:50:44","modified_gmt":"2014-11-16T23:50:44","slug":"sao-paulo-bate-palmeiras-e-torce-por-um-tropeco-do-lider","status":"publish","type":"post","link":"https:\/\/www.notibras.com\/site\/sao-paulo-bate-palmeiras-e-torce-por-um-tropeco-do-lider\/","title":{"rendered":"S\u00e3o Paulo bate Palmeiras e torce por um trope\u00e7o do l\u00edder"},"content":{"rendered":"<p class=\"text\">O S\u00e3o Paulo derrotou o Palmeiras neste domingo, no Morumbi, e manteve vivas as chances de t\u00edtulo no Campeonato Brasileiro, apesar da vit\u00f3ria do l\u00edder Cruzeiro mais cedo. Com gols de Lu\u00eds Fabiano e Rafael Toloi, o clube tricolor venceu por 2 a 0 o cl\u00e1ssico, que valeu pela\u00a034\u00aa rodada da competi\u00e7\u00e3o.<\/p>\n<p class=\"text\">O resultado leva os comandados de Muricy Ramalho aos 66 pontos, quatro a menos que o Cruzeiro, que tamb\u00e9m tem uma partida por jogar. O Palmeiras continua no 14\u00ba lugar e v\u00ea a zona de rebaixamento se reaproximar, j\u00e1 que o primeiro time que cairia para a segunda divis\u00e3o ap\u00f3s 34 rodadas seria a Chapecoense, que tem 36 pontos, tr\u00eas a menos que o clube alviverde.<\/p>\n<p>O S\u00e3o Paulo volta a campo na pr\u00f3xima quarta-feira, mas n\u00e3o pelo Campeonato Brasileiro. O time tricolor encara o Nacional de Medell\u00edn \u00e0s 22h, na Col\u00f4mbia, na semifinal da Copa Sul-Americana. De l\u00e1 o elenco torcer\u00e1 contra o Cruzeiro, que encara o Gr\u00eamio em Porto Alegre pela primeira divis\u00e3o. J\u00e1 o Palmeiras estreia o Allianz Parque no mesmo dia e hor\u00e1rio, contra o Sport, em partida v\u00e1lida pela 35\u00aa rodada da competi\u00e7\u00e3o.<\/p>\n<blockquote><p>No poss\u00edvel \u00faltimo cl\u00e1ssico de Rog\u00e9rio Ceni com a camisa tricolor, o S\u00e3o Paulo tomou uma postura ousada diante do rival Palmeiras desde o in\u00edcio do jogo. Os comandados de Muricy Ramalho que criaram a melhor chance de gol no in\u00edcio da partida. Aos 17min, Michel Bastos avan\u00e7ou pela lateral esquerda e mandou um cruzamento excelente para Alan Kardec. O atacante testou firme da entrada da \u00e1rea, obrigando Fernando Prass a realizar uma defesa espetacular.<\/p><\/blockquote>\n<p>O time tricolor deixava espa\u00e7os para o Palmeiras atacar pelas laterais, mas foi por elas que os anfitri\u00f5es encontraram o primeiro gol do cl\u00e1ssico. Rafael Toloi lan\u00e7ou Hudson na ponta direita, o lateral chutou para o meio da \u00e1rea e Lu\u00eds Fabiano emendou de primera, mandando de chapa para o fundo das redes palmeirenses.<\/p>\n<p>O time alviverde n\u00e3o deu vida f\u00e1cil para o rival e quase empatou o cl\u00e1ssico aos 38min. Em um cruzamento pela esquerda, Juninho acionou Henrique, que desviou de p\u00e9 direito, mas n\u00e3o conseguiu passar de Rog\u00e9rio Ceni, que fechou bem o \u00e2ngulo e garantiu que sua equipe retornasse aos vesti\u00e1rios com a vantagem no placar.<\/p>\n<p>Com a vantagem, o S\u00e3o Paulo procurou se poupar no segundo tempo, deixando que o Palmeiras ditasse as a\u00e7\u00f5es da partida. Sem Valdivia, convocado para a sele\u00e7\u00e3o chilena, o clube alviverde encontrou dificuldades na cria\u00e7\u00e3o de jogadas e continuou a apostar nas investidas pelos lados do campo.<\/p>\n<p class=\"text\">Embora n\u00e3o tenha chegado com muito perigo \u00e0 meta s\u00e3o-paulina, o Palmeiras rondou a \u00e1rea do rival e exigiu que Rafael Toloi e Edson Silva trabalhassem continuamente. Os comandados de Dorival J\u00fanior tamb\u00e9m atrapalharam a sa\u00edda de bola dos anfitri\u00f5es, que n\u00e3o conseguiam dar in\u00edcio a novas jogadas.<\/p>\n<p class=\"text\">O t\u00e9cnico palmeirense foi expulso por volta dos 15min da etapa complementar, mas sua aus\u00eancia n\u00e3o mudou o andamento da partida. Vendo seu time retra\u00eddo, Muricy Ramalho promoveu o retorno de Alexandre Pato aos 30min, no lugar de Lu\u00eds Fabiano, visando dar ritmo de jogo ao reserva.<\/p>\n<p class=\"text\">A entrada de Pato nem chegou a fazer a diferen\u00e7a no ritmo do cl\u00e1ssico, mas o S\u00e3o Paulo conseguiu mais tranquilidade aos 33min, ap\u00f3s uma cobran\u00e7a de escanteio de Michel Bastos. O meia bateu para a \u00e1rea, Edson Silva escorou e Rafael Toloi emendou de voleio para fazer 2 a 0, fechando o placar e mantendo o sonho de t\u00edtulo vivo no Morumbi.<\/p>\n","protected":false},"excerpt":{"rendered":"<p>O S\u00e3o Paulo derrotou o Palmeiras neste domingo, no Morumbi, e manteve vivas as chances de t\u00edtulo no Campeonato Brasileiro, apesar da vit\u00f3ria do l\u00edder Cruzeiro mais cedo. Com gols de Lu\u00eds Fabiano e Rafael Toloi, o clube tricolor venceu por 2 a 0 o cl\u00e1ssico, que valeu pela\u00a034\u00aa rodada da competi\u00e7\u00e3o. O resultado leva [&hellip;]<\/p>\n","protected":false},"author":2,"featured_media":28538,"comment_status":"open","ping_status":"closed","sticky":false,"template":"","format":"standard","meta":{"_acf_changed":false,"footnotes":""},"categories":[19,29],"tags":[],"class_list":["post-28537","post","type-post","status-publish","format-standard","has-post-thumbnail","hentry","category-esportes","category-futebol"],"acf":[],"yoast_head":"<!-- This site is optimized with the Yoast SEO plugin v27.5 - https:\/\/yoast.com\/product\/yoast-seo-wordpress\/ -->\n<title>S\u00e3o Paulo bate Palmeiras e torce por um trope\u00e7o do l\u00edder - Notibras<\/title>\n<meta name=\"robots\" content=\"index, follow, max-snippet:-1, max-image-preview:large, max-video-preview:-1\" \/>\n<link rel=\"canonical\" href=\"https:\/\/www.notibras.com\/site\/sao-paulo-bate-palmeiras-e-torce-por-um-tropeco-do-lider\/\" \/>\n<meta property=\"og:locale\" content=\"pt_BR\" \/>\n<meta property=\"og:type\" content=\"article\" \/>\n<meta property=\"og:title\" content=\"S\u00e3o Paulo bate Palmeiras e torce por um trope\u00e7o do l\u00edder - Notibras\" \/>\n<meta property=\"og:description\" content=\"O S\u00e3o Paulo derrotou o Palmeiras neste domingo, no Morumbi, e manteve vivas as chances de t\u00edtulo no Campeonato Brasileiro, apesar da vit\u00f3ria do l\u00edder Cruzeiro mais cedo. Com gols de Lu\u00eds Fabiano e Rafael Toloi, o clube tricolor venceu por 2 a 0 o cl\u00e1ssico, que valeu pela\u00a034\u00aa rodada da competi\u00e7\u00e3o. O resultado leva [&hellip;]\" \/>\n<meta property=\"og:url\" content=\"https:\/\/www.notibras.com\/site\/sao-paulo-bate-palmeiras-e-torce-por-um-tropeco-do-lider\/\" \/>\n<meta property=\"og:site_name\" content=\"Notibras\" \/>\n<meta property=\"article:publisher\" content=\"https:\/\/www.facebook.com\/notibras\/\" \/>\n<meta property=\"article:published_time\" content=\"2014-11-16T23:50:44+00:00\" \/>\n<meta property=\"og:image\" content=\"https:\/\/www.notibras.com\/site\/wp-content\/uploads\/2014\/11\/luisfabianogolsaopauloxpalmeiras-friedemannvogelgetty.jpg\" \/>\n\t<meta property=\"og:image:width\" content=\"460\" \/>\n\t<meta property=\"og:image:height\" content=\"340\" \/>\n\t<meta property=\"og:image:type\" content=\"image\/jpeg\" \/>\n<meta name=\"author\" content=\"Reda\u00e7\u00e3o\" \/>\n<meta name=\"twitter:card\" content=\"summary_large_image\" \/>\n<meta name=\"twitter:creator\" content=\"@Notibras\" \/>\n<meta name=\"twitter:site\" content=\"@Notibras\" \/>\n<meta name=\"twitter:label1\" content=\"Escrito por\" \/>\n\t<meta name=\"twitter:data1\" content=\"Reda\u00e7\u00e3o\" \/>\n\t<meta name=\"twitter:label2\" content=\"Est. tempo de leitura\" \/>\n\t<meta name=\"twitter:data2\" content=\"3 minutos\" \/>\n<script type=\"application\/ld+json\" class=\"yoast-schema-graph\">{\"@context\":\"https:\\\/\\\/schema.org\",\"@graph\":[{\"@type\":\"Article\",\"@id\":\"https:\\\/\\\/www.notibras.com\\\/site\\\/sao-paulo-bate-palmeiras-e-torce-por-um-tropeco-do-lider\\\/#article\",\"isPartOf\":{\"@id\":\"https:\\\/\\\/www.notibras.com\\\/site\\\/sao-paulo-bate-palmeiras-e-torce-por-um-tropeco-do-lider\\\/\"},\"author\":{\"name\":\"Reda\u00e7\u00e3o\",\"@id\":\"https:\\\/\\\/www.notibras.com\\\/site\\\/#\\\/schema\\\/person\\\/36ab0979449956132d3e5b517ea76ac8\"},\"headline\":\"S\u00e3o Paulo bate Palmeiras e torce por um trope\u00e7o do l\u00edder\",\"datePublished\":\"2014-11-16T23:50:44+00:00\",\"mainEntityOfPage\":{\"@id\":\"https:\\\/\\\/www.notibras.com\\\/site\\\/sao-paulo-bate-palmeiras-e-torce-por-um-tropeco-do-lider\\\/\"},\"wordCount\":645,\"commentCount\":0,\"publisher\":{\"@id\":\"https:\\\/\\\/www.notibras.com\\\/site\\\/#organization\"},\"image\":{\"@id\":\"https:\\\/\\\/www.notibras.com\\\/site\\\/sao-paulo-bate-palmeiras-e-torce-por-um-tropeco-do-lider\\\/#primaryimage\"},\"thumbnailUrl\":\"https:\\\/\\\/www.notibras.com\\\/site\\\/wp-content\\\/uploads\\\/2014\\\/11\\\/luisfabianogolsaopauloxpalmeiras-friedemannvogelgetty.jpg\",\"articleSection\":[\"Esportes\",\"Futebol\"],\"inLanguage\":\"pt-BR\",\"potentialAction\":[{\"@type\":\"CommentAction\",\"name\":\"Comment\",\"target\":[\"https:\\\/\\\/www.notibras.com\\\/site\\\/sao-paulo-bate-palmeiras-e-torce-por-um-tropeco-do-lider\\\/#respond\"]}]},{\"@type\":\"WebPage\",\"@id\":\"https:\\\/\\\/www.notibras.com\\\/site\\\/sao-paulo-bate-palmeiras-e-torce-por-um-tropeco-do-lider\\\/\",\"url\":\"https:\\\/\\\/www.notibras.com\\\/site\\\/sao-paulo-bate-palmeiras-e-torce-por-um-tropeco-do-lider\\\/\",\"name\":\"S\u00e3o Paulo bate Palmeiras e torce por um trope\u00e7o do l\u00edder - Notibras\",\"isPartOf\":{\"@id\":\"https:\\\/\\\/www.notibras.com\\\/site\\\/#website\"},\"primaryImageOfPage\":{\"@id\":\"https:\\\/\\\/www.notibras.com\\\/site\\\/sao-paulo-bate-palmeiras-e-torce-por-um-tropeco-do-lider\\\/#primaryimage\"},\"image\":{\"@id\":\"https:\\\/\\\/www.notibras.com\\\/site\\\/sao-paulo-bate-palmeiras-e-torce-por-um-tropeco-do-lider\\\/#primaryimage\"},\"thumbnailUrl\":\"https:\\\/\\\/www.notibras.com\\\/site\\\/wp-content\\\/uploads\\\/2014\\\/11\\\/luisfabianogolsaopauloxpalmeiras-friedemannvogelgetty.jpg\",\"datePublished\":\"2014-11-16T23:50:44+00:00\",\"breadcrumb\":{\"@id\":\"https:\\\/\\\/www.notibras.com\\\/site\\\/sao-paulo-bate-palmeiras-e-torce-por-um-tropeco-do-lider\\\/#breadcrumb\"},\"inLanguage\":\"pt-BR\",\"potentialAction\":[{\"@type\":\"ReadAction\",\"target\":[\"https:\\\/\\\/www.notibras.com\\\/site\\\/sao-paulo-bate-palmeiras-e-torce-por-um-tropeco-do-lider\\\/\"]}]},{\"@type\":\"ImageObject\",\"inLanguage\":\"pt-BR\",\"@id\":\"https:\\\/\\\/www.notibras.com\\\/site\\\/sao-paulo-bate-palmeiras-e-torce-por-um-tropeco-do-lider\\\/#primaryimage\",\"url\":\"https:\\\/\\\/www.notibras.com\\\/site\\\/wp-content\\\/uploads\\\/2014\\\/11\\\/luisfabianogolsaopauloxpalmeiras-friedemannvogelgetty.jpg\",\"contentUrl\":\"https:\\\/\\\/www.notibras.com\\\/site\\\/wp-content\\\/uploads\\\/2014\\\/11\\\/luisfabianogolsaopauloxpalmeiras-friedemannvogelgetty.jpg\",\"width\":460,\"height\":340},{\"@type\":\"BreadcrumbList\",\"@id\":\"https:\\\/\\\/www.notibras.com\\\/site\\\/sao-paulo-bate-palmeiras-e-torce-por-um-tropeco-do-lider\\\/#breadcrumb\",\"itemListElement\":[{\"@type\":\"ListItem\",\"position\":1,\"name\":\"In\u00edcio\",\"item\":\"https:\\\/\\\/www.notibras.com\\\/site\\\/\"},{\"@type\":\"ListItem\",\"position\":2,\"name\":\"S\u00e3o Paulo bate Palmeiras e torce por um trope\u00e7o do l\u00edder\"}]},{\"@type\":\"WebSite\",\"@id\":\"https:\\\/\\\/www.notibras.com\\\/site\\\/#website\",\"url\":\"https:\\\/\\\/www.notibras.com\\\/site\\\/\",\"name\":\"Notibras\",\"description\":\"Not\u00edcias de Bras\u00edlia, do Brasil e do Mundo\",\"publisher\":{\"@id\":\"https:\\\/\\\/www.notibras.com\\\/site\\\/#organization\"},\"potentialAction\":[{\"@type\":\"SearchAction\",\"target\":{\"@type\":\"EntryPoint\",\"urlTemplate\":\"https:\\\/\\\/www.notibras.com\\\/site\\\/?s={search_term_string}\"},\"query-input\":{\"@type\":\"PropertyValueSpecification\",\"valueRequired\":true,\"valueName\":\"search_term_string\"}}],\"inLanguage\":\"pt-BR\"},{\"@type\":\"Organization\",\"@id\":\"https:\\\/\\\/www.notibras.com\\\/site\\\/#organization\",\"name\":\"Grupo Notibras de Comunica\u00e7\u00e3o\",\"url\":\"https:\\\/\\\/www.notibras.com\\\/site\\\/\",\"logo\":{\"@type\":\"ImageObject\",\"inLanguage\":\"pt-BR\",\"@id\":\"https:\\\/\\\/www.notibras.com\\\/site\\\/#\\\/schema\\\/logo\\\/image\\\/\",\"url\":\"https:\\\/\\\/www.notibras.com\\\/site\\\/wp-content\\\/uploads\\\/2023\\\/01\\\/notibras23.png\",\"contentUrl\":\"https:\\\/\\\/www.notibras.com\\\/site\\\/wp-content\\\/uploads\\\/2023\\\/01\\\/notibras23.png\",\"width\":350,\"height\":87,\"caption\":\"Grupo Notibras de Comunica\u00e7\u00e3o\"},\"image\":{\"@id\":\"https:\\\/\\\/www.notibras.com\\\/site\\\/#\\\/schema\\\/logo\\\/image\\\/\"},\"sameAs\":[\"https:\\\/\\\/www.facebook.com\\\/notibras\\\/\",\"https:\\\/\\\/x.com\\\/Notibras\",\"https:\\\/\\\/www.instagram.com\\\/notibras\\\/\"]},{\"@type\":\"Person\",\"@id\":\"https:\\\/\\\/www.notibras.com\\\/site\\\/#\\\/schema\\\/person\\\/36ab0979449956132d3e5b517ea76ac8\",\"name\":\"Reda\u00e7\u00e3o\",\"image\":{\"@type\":\"ImageObject\",\"inLanguage\":\"pt-BR\",\"@id\":\"https:\\\/\\\/secure.gravatar.com\\\/avatar\\\/e0a867bdedb85fd243eadf09663511f96fc81e0720a4a42581f334ad4303aa6b?s=96&d=mm&r=g\",\"url\":\"https:\\\/\\\/secure.gravatar.com\\\/avatar\\\/e0a867bdedb85fd243eadf09663511f96fc81e0720a4a42581f334ad4303aa6b?s=96&d=mm&r=g\",\"contentUrl\":\"https:\\\/\\\/secure.gravatar.com\\\/avatar\\\/e0a867bdedb85fd243eadf09663511f96fc81e0720a4a42581f334ad4303aa6b?s=96&d=mm&r=g\",\"caption\":\"Reda\u00e7\u00e3o\"}}]}<\/script>\n<!-- \/ Yoast SEO plugin. -->","yoast_head_json":{"title":"S\u00e3o Paulo bate Palmeiras e torce por um trope\u00e7o do l\u00edder - Notibras","robots":{"index":"index","follow":"follow","max-snippet":"max-snippet:-1","max-image-preview":"max-image-preview:large","max-video-preview":"max-video-preview:-1"},"canonical":"https:\/\/www.notibras.com\/site\/sao-paulo-bate-palmeiras-e-torce-por-um-tropeco-do-lider\/","og_locale":"pt_BR","og_type":"article","og_title":"S\u00e3o Paulo bate Palmeiras e torce por um trope\u00e7o do l\u00edder - Notibras","og_description":"O S\u00e3o Paulo derrotou o Palmeiras neste domingo, no Morumbi, e manteve vivas as chances de t\u00edtulo no Campeonato Brasileiro, apesar da vit\u00f3ria do l\u00edder Cruzeiro mais cedo. Com gols de Lu\u00eds Fabiano e Rafael Toloi, o clube tricolor venceu por 2 a 0 o cl\u00e1ssico, que valeu pela\u00a034\u00aa rodada da competi\u00e7\u00e3o. O resultado leva [&hellip;]","og_url":"https:\/\/www.notibras.com\/site\/sao-paulo-bate-palmeiras-e-torce-por-um-tropeco-do-lider\/","og_site_name":"Notibras","article_publisher":"https:\/\/www.facebook.com\/notibras\/","article_published_time":"2014-11-16T23:50:44+00:00","og_image":[{"width":460,"height":340,"url":"https:\/\/www.notibras.com\/site\/wp-content\/uploads\/2014\/11\/luisfabianogolsaopauloxpalmeiras-friedemannvogelgetty.jpg","type":"image\/jpeg"}],"author":"Reda\u00e7\u00e3o","twitter_card":"summary_large_image","twitter_creator":"@Notibras","twitter_site":"@Notibras","twitter_misc":{"Escrito por":"Reda\u00e7\u00e3o","Est. tempo de leitura":"3 minutos"},"schema":{"@context":"https:\/\/schema.org","@graph":[{"@type":"Article","@id":"https:\/\/www.notibras.com\/site\/sao-paulo-bate-palmeiras-e-torce-por-um-tropeco-do-lider\/#article","isPartOf":{"@id":"https:\/\/www.notibras.com\/site\/sao-paulo-bate-palmeiras-e-torce-por-um-tropeco-do-lider\/"},"author":{"name":"Reda\u00e7\u00e3o","@id":"https:\/\/www.notibras.com\/site\/#\/schema\/person\/36ab0979449956132d3e5b517ea76ac8"},"headline":"S\u00e3o Paulo bate Palmeiras e torce por um trope\u00e7o do l\u00edder","datePublished":"2014-11-16T23:50:44+00:00","mainEntityOfPage":{"@id":"https:\/\/www.notibras.com\/site\/sao-paulo-bate-palmeiras-e-torce-por-um-tropeco-do-lider\/"},"wordCount":645,"commentCount":0,"publisher":{"@id":"https:\/\/www.notibras.com\/site\/#organization"},"image":{"@id":"https:\/\/www.notibras.com\/site\/sao-paulo-bate-palmeiras-e-torce-por-um-tropeco-do-lider\/#primaryimage"},"thumbnailUrl":"https:\/\/www.notibras.com\/site\/wp-content\/uploads\/2014\/11\/luisfabianogolsaopauloxpalmeiras-friedemannvogelgetty.jpg","articleSection":["Esportes","Futebol"],"inLanguage":"pt-BR","potentialAction":[{"@type":"CommentAction","name":"Comment","target":["https:\/\/www.notibras.com\/site\/sao-paulo-bate-palmeiras-e-torce-por-um-tropeco-do-lider\/#respond"]}]},{"@type":"WebPage","@id":"https:\/\/www.notibras.com\/site\/sao-paulo-bate-palmeiras-e-torce-por-um-tropeco-do-lider\/","url":"https:\/\/www.notibras.com\/site\/sao-paulo-bate-palmeiras-e-torce-por-um-tropeco-do-lider\/","name":"S\u00e3o Paulo bate Palmeiras e torce por um trope\u00e7o do l\u00edder - Notibras","isPartOf":{"@id":"https:\/\/www.notibras.com\/site\/#website"},"primaryImageOfPage":{"@id":"https:\/\/www.notibras.com\/site\/sao-paulo-bate-palmeiras-e-torce-por-um-tropeco-do-lider\/#primaryimage"},"image":{"@id":"https:\/\/www.notibras.com\/site\/sao-paulo-bate-palmeiras-e-torce-por-um-tropeco-do-lider\/#primaryimage"},"thumbnailUrl":"https:\/\/www.notibras.com\/site\/wp-content\/uploads\/2014\/11\/luisfabianogolsaopauloxpalmeiras-friedemannvogelgetty.jpg","datePublished":"2014-11-16T23:50:44+00:00","breadcrumb":{"@id":"https:\/\/www.notibras.com\/site\/sao-paulo-bate-palmeiras-e-torce-por-um-tropeco-do-lider\/#breadcrumb"},"inLanguage":"pt-BR","potentialAction":[{"@type":"ReadAction","target":["https:\/\/www.notibras.com\/site\/sao-paulo-bate-palmeiras-e-torce-por-um-tropeco-do-lider\/"]}]},{"@type":"ImageObject","inLanguage":"pt-BR","@id":"https:\/\/www.notibras.com\/site\/sao-paulo-bate-palmeiras-e-torce-por-um-tropeco-do-lider\/#primaryimage","url":"https:\/\/www.notibras.com\/site\/wp-content\/uploads\/2014\/11\/luisfabianogolsaopauloxpalmeiras-friedemannvogelgetty.jpg","contentUrl":"https:\/\/www.notibras.com\/site\/wp-content\/uploads\/2014\/11\/luisfabianogolsaopauloxpalmeiras-friedemannvogelgetty.jpg","width":460,"height":340},{"@type":"BreadcrumbList","@id":"https:\/\/www.notibras.com\/site\/sao-paulo-bate-palmeiras-e-torce-por-um-tropeco-do-lider\/#breadcrumb","itemListElement":[{"@type":"ListItem","position":1,"name":"In\u00edcio","item":"https:\/\/www.notibras.com\/site\/"},{"@type":"ListItem","position":2,"name":"S\u00e3o Paulo bate Palmeiras e torce por um trope\u00e7o do l\u00edder"}]},{"@type":"WebSite","@id":"https:\/\/www.notibras.com\/site\/#website","url":"https:\/\/www.notibras.com\/site\/","name":"Notibras","description":"Not\u00edcias de Bras\u00edlia, do Brasil e do Mundo","publisher":{"@id":"https:\/\/www.notibras.com\/site\/#organization"},"potentialAction":[{"@type":"SearchAction","target":{"@type":"EntryPoint","urlTemplate":"https:\/\/www.notibras.com\/site\/?s={search_term_string}"},"query-input":{"@type":"PropertyValueSpecification","valueRequired":true,"valueName":"search_term_string"}}],"inLanguage":"pt-BR"},{"@type":"Organization","@id":"https:\/\/www.notibras.com\/site\/#organization","name":"Grupo Notibras de Comunica\u00e7\u00e3o","url":"https:\/\/www.notibras.com\/site\/","logo":{"@type":"ImageObject","inLanguage":"pt-BR","@id":"https:\/\/www.notibras.com\/site\/#\/schema\/logo\/image\/","url":"https:\/\/www.notibras.com\/site\/wp-content\/uploads\/2023\/01\/notibras23.png","contentUrl":"https:\/\/www.notibras.com\/site\/wp-content\/uploads\/2023\/01\/notibras23.png","width":350,"height":87,"caption":"Grupo Notibras de Comunica\u00e7\u00e3o"},"image":{"@id":"https:\/\/www.notibras.com\/site\/#\/schema\/logo\/image\/"},"sameAs":["https:\/\/www.facebook.com\/notibras\/","https:\/\/x.com\/Notibras","https:\/\/www.instagram.com\/notibras\/"]},{"@type":"Person","@id":"https:\/\/www.notibras.com\/site\/#\/schema\/person\/36ab0979449956132d3e5b517ea76ac8","name":"Reda\u00e7\u00e3o","image":{"@type":"ImageObject","inLanguage":"pt-BR","@id":"https:\/\/secure.gravatar.com\/avatar\/e0a867bdedb85fd243eadf09663511f96fc81e0720a4a42581f334ad4303aa6b?s=96&d=mm&r=g","url":"https:\/\/secure.gravatar.com\/avatar\/e0a867bdedb85fd243eadf09663511f96fc81e0720a4a42581f334ad4303aa6b?s=96&d=mm&r=g","contentUrl":"https:\/\/secure.gravatar.com\/avatar\/e0a867bdedb85fd243eadf09663511f96fc81e0720a4a42581f334ad4303aa6b?s=96&d=mm&r=g","caption":"Reda\u00e7\u00e3o"}}]}},"amp_enabled":true,"_links":{"self":[{"href":"https:\/\/www.notibras.com\/site\/wp-json\/wp\/v2\/posts\/28537","targetHints":{"allow":["GET"]}}],"collection":[{"href":"https:\/\/www.notibras.com\/site\/wp-json\/wp\/v2\/posts"}],"about":[{"href":"https:\/\/www.notibras.com\/site\/wp-json\/wp\/v2\/types\/post"}],"author":[{"embeddable":true,"href":"https:\/\/www.notibras.com\/site\/wp-json\/wp\/v2\/users\/2"}],"replies":[{"embeddable":true,"href":"https:\/\/www.notibras.com\/site\/wp-json\/wp\/v2\/comments?post=28537"}],"version-history":[{"count":0,"href":"https:\/\/www.notibras.com\/site\/wp-json\/wp\/v2\/posts\/28537\/revisions"}],"wp:featuredmedia":[{"embeddable":true,"href":"https:\/\/www.notibras.com\/site\/wp-json\/wp\/v2\/media\/28538"}],"wp:attachment":[{"href":"https:\/\/www.notibras.com\/site\/wp-json\/wp\/v2\/media?parent=28537"}],"wp:term":[{"taxonomy":"category","embeddable":true,"href":"https:\/\/www.notibras.com\/site\/wp-json\/wp\/v2\/categories?post=28537"},{"taxonomy":"post_tag","embeddable":true,"href":"https:\/\/www.notibras.com\/site\/wp-json\/wp\/v2\/tags?post=28537"}],"curies":[{"name":"wp","href":"https:\/\/api.w.org\/{rel}","templated":true}]}}