{"id":285499,"date":"2022-05-14T06:40:30","date_gmt":"2022-05-14T09:40:30","guid":{"rendered":"https:\/\/www.notibras.com\/site\/?p=285499"},"modified":"2022-05-14T06:52:28","modified_gmt":"2022-05-14T09:52:28","slug":"russia-vai-expandir-guerra-se-finlandia-e-suecia-virarem-otan","status":"publish","type":"post","link":"https:\/\/www.notibras.com\/site\/russia-vai-expandir-guerra-se-finlandia-e-suecia-virarem-otan\/","title":{"rendered":"R\u00fassia vai expandir guerra se Finl\u00e2ndia e Su\u00e9cia virarem Otan"},"content":{"rendered":"<p>A R\u00fassia foi curta e grossa nesta sexta, 13, em meio \u00e0s not\u00edcias de que a Finl\u00e2ndia e a Su\u00e9cia est\u00e3o prestes a entrar de mala e cuia na Alian\u00e7a do Tratado o Atl\u00e9tico Norte. Moscou viu esse gesto como provoca\u00e7\u00e3o e amea\u00e7a ao seu territ\u00f3rio, uma vez que os dois pa\u00edses, que sempre se posicionaram neutros em conflitos mundiais, agora podem socorrer ainda mais a Ucr\u00e2nia. No caso espec\u00edfico dos finlandeses, os russos levam em conta a extensa fronteira territorial (mais de mil quil\u00f4metros) entre os dois pa\u00edses.<\/p>\n<p>As negocia\u00e7\u00f5es sugerem que essa ades\u00e3o \u00e0 Otan ser\u00e1 at\u00e9 meados de junho. O \u00a0presidente finland\u00eas Sauli Niinisto e a primeira-ministra Sanna Marin emitiram uma declara\u00e7\u00e3o conjunta de que apoiam a ades\u00e3o de Helsinque ao bloco ocidental. Mas, para Moscou, o ingresso dos dois pa\u00edses na Alian\u00e7a certamente&#8221; constituiria uma amea\u00e7a \u00e0 seguran\u00e7a da R\u00fassia. Diante esse quaro, o Kremlin advrtiu para as graves consequ\u00eancias esse ato, revelou Dmitry Peskov, porta-voz de Vladimir Putin.<\/p>\n<p>&#8220;A mais recente expans\u00e3o da Otan n\u00e3o tornar\u00e1 nosso continente mais est\u00e1vel e seguro&#8221;, disse Peskov. &#8220;Se voc\u00ea se lembra, h\u00e1 uma instru\u00e7\u00e3o ativa do presidente [russo] e comandante-chefe para desenvolver uma lista de medidas para fortalecer nossos flancos ocidentais em conex\u00e3o com o fortalecimento do flanco leste da Otan. A Otan est\u00e1 se movendo em nossa dire\u00e7\u00e3o. Portanto, \u00e9 claro, tudo isso se tornar\u00e1 um elemento para uma an\u00e1lise especial e o desenvolvimento das medidas necess\u00e1rias para equilibrar a situa\u00e7\u00e3o e garantir nossa seguran\u00e7a&#8221;, observou Peskov.<\/p>\n<p>\u201cTudo vai depender de como o processo de expans\u00e3o se manifestar\u00e1 no futuro, at\u00e9 que ponto a infraestrutura militar se aproximar\u00e1 das nossas fronteiras\u201d, sublinhou o porta-voz presidencial. Solicitado a comentar se o bloco ocidental pode tentar usar a crise da Ucr\u00e2nia como pretexto para incorporar ainda mais pa\u00edses que fazem fronteira com a R\u00fassia, Peskov indicou que &#8220;uma ampla gama de op\u00e7\u00f5es est\u00e1 sempre sendo considerada e analisada&#8221;.<\/p>\n<p>No in\u00edcio do dia, o presidente e o primeiro-ministro da Finl\u00e2ndia emitiram uma declara\u00e7\u00e3o conjunta dizendo que Helsinque &#8220;deveria se inscrever sem demora para ingressar na Otan&#8221;, e que a ades\u00e3o ao bloco ocidental sem d\u00favida &#8220;fortaleceria&#8221; a seguran\u00e7a da na\u00e7\u00e3o n\u00f3rdica.<\/p>\n<p>A Su\u00e9cia tamb\u00e9m deve se juntar \u00e0 alian\u00e7a, com relat\u00f3rios sugerindo que Estocolmo pode solicitar formalmente a ades\u00e3o j\u00e1 em 16 de maio. Os dois pa\u00edses come\u00e7aram a discutir a possibilidade de abandonar sua neutralidade de longa data no in\u00edcio deste ano, ap\u00f3s a decis\u00e3o da R\u00fassia de lan\u00e7ar uma opera\u00e7\u00e3o militar na Ucr\u00e2nia para ajudar seus aliados do Donbass.<\/p>\n<p>O chefe da Otan, Jens Stoltenberg, recebeu os dois pa\u00edses de bra\u00e7os abertos em mar\u00e7o, prometendo que a alian\u00e7a far\u00e1 tudo para garantir que eles sejam incorporados rapidamente. A Finl\u00e2ndia foi um dos poucos pa\u00edses da Europa que conseguiu desfrutar de neutralidade ao longo da segunda metade do s\u00e9culo 20 e rela\u00e7\u00f5es pol\u00edticas e econ\u00f4micas amig\u00e1veis \u200b\u200bcom os blocos ocidental e oriental durante a Guerra Fria.<\/p>\n<p>A Su\u00e9cia manteve a neutralidade do bloco por ainda mais tempo, n\u00e3o participando de nenhuma guerra em grande escala desde 1814. No s\u00e9culo 20, o pa\u00eds era um dos poucos pa\u00edses europeus que conseguiram ficar de fora da Primeira e da Segunda Guerras Mundiais . Durante a Guerra Fria, Estocolmo manteve formalmente uma pol\u00edtica de estrita neutralidade, embora desde ent\u00e3o tenha sido revelado que suas for\u00e7as provavelmente teriam participado de um conflito Leste versus Oeste do lado da Otan.<\/p>\n<p>A Finl\u00e2ndia e a Su\u00e9cia aderiram ao programa &#8220;Parceria para a Paz&#8221; da Otan em 1994. Ambos os pa\u00edses enviaram tropas para o Afeganist\u00e3o para apoiar a ocupa\u00e7\u00e3o do pa\u00eds pela &#8220;Resolute Support Mission&#8221; liderada pela Otan. For\u00e7as de ambos os pa\u00edses tamb\u00e9m foram destacadas na for\u00e7a de paz liderada pela Otan na regi\u00e3o separatista s\u00e9rvia de Kosovo. As duas na\u00e7\u00f5es tamb\u00e9m participaram de v\u00e1rios exerc\u00edcios navais e a\u00e9reos com a Otan a partir da d\u00e9cada de 1990.<\/p>\n<p>Su\u00e9cia e R\u00fassia n\u00e3o compartilham uma fronteira terrestre. No entanto, os dois pa\u00edses est\u00e3o a cerca de 250 km de dist\u00e2ncia um do outro atrav\u00e9s do Mar B\u00e1ltico e da Lap\u00f4nia finlandesa. J\u00e1 A Finl\u00e2ndia e a R\u00fassia compartilham uma fronteira terrestre de 1.340 km &#8211; uma das mais longas da Europa.<\/p>\n<p>No m\u00eas passado, o vice-presidente do Conselho de Seguran\u00e7a da R\u00fassia, Dmitry Medvedev, alertou que a entrada dos dois pa\u00edses na Otan for\u00e7aria Moscou a &#8220;refor\u00e7ar seriamente&#8221; suas for\u00e7as terrestres, a\u00e9reas e navais na regi\u00e3o, e &#8220;mais do que dobrar&#8221; a fronteira terrestre existente\u00a0 entre a R\u00fassia e o bloco ocidental.<\/p>\n<p>A Otan tem se expandido constantemente para o leste por d\u00e9cadas, apesar das promessas ao l\u00edder sovi\u00e9tico Mikhail Gorbachev em 1990 e 1991 de n\u00e3o ultrapassar as fronteiras da Alemanha reunificada ap\u00f3s a anexa\u00e7\u00e3o da Rep\u00fablica Democr\u00e1tica Alem\u00e3 pela Rep\u00fablica Federal em outubro de 1990. Todos os membros da antiga alian\u00e7a do Pacto de Vars\u00f3via , mais tr\u00eas rep\u00fablicas da ex-Uni\u00e3o Sovi\u00e9tica e quatro rep\u00fablicas da ex-Iugosl\u00e1via, foram incorporadas ao bloco entre 1999 e 2020.<\/p>\n","protected":false},"excerpt":{"rendered":"<p>A R\u00fassia foi curta e grossa nesta sexta, 13, em meio \u00e0s not\u00edcias de que a Finl\u00e2ndia e a Su\u00e9cia est\u00e3o prestes a entrar de mala e cuia na Alian\u00e7a do Tratado o Atl\u00e9tico Norte. Moscou viu esse gesto como provoca\u00e7\u00e3o e amea\u00e7a ao seu territ\u00f3rio, uma vez que os dois pa\u00edses, que sempre se [&hellip;]<\/p>\n","protected":false},"author":2,"featured_media":285500,"comment_status":"closed","ping_status":"closed","sticky":false,"template":"","format":"standard","meta":{"_acf_changed":false,"footnotes":""},"categories":[159],"tags":[95],"class_list":["post-285499","post","type-post","status-publish","format-standard","has-post-thumbnail","hentry","category-apocalipse","tag-capa"],"acf":[],"yoast_head":"<!-- This site is optimized with the Yoast SEO plugin v27.2 - https:\/\/yoast.com\/product\/yoast-seo-wordpress\/ -->\n<title>R\u00fassia vai expandir guerra se Finl\u00e2ndia e Su\u00e9cia virarem Otan - Notibras<\/title>\n<meta name=\"robots\" content=\"index, follow, max-snippet:-1, max-image-preview:large, max-video-preview:-1\" \/>\n<link rel=\"canonical\" href=\"https:\/\/www.notibras.com\/site\/russia-vai-expandir-guerra-se-finlandia-e-suecia-virarem-otan\/\" \/>\n<meta property=\"og:locale\" content=\"pt_BR\" \/>\n<meta property=\"og:type\" content=\"article\" \/>\n<meta property=\"og:title\" content=\"R\u00fassia vai expandir guerra se Finl\u00e2ndia e Su\u00e9cia virarem Otan - Notibras\" \/>\n<meta property=\"og:description\" content=\"A R\u00fassia foi curta e grossa nesta sexta, 13, em meio \u00e0s not\u00edcias de que a Finl\u00e2ndia e a Su\u00e9cia est\u00e3o prestes a entrar de mala e cuia na Alian\u00e7a do Tratado o Atl\u00e9tico Norte. Moscou viu esse gesto como provoca\u00e7\u00e3o e amea\u00e7a ao seu territ\u00f3rio, uma vez que os dois pa\u00edses, que sempre se [&hellip;]\" \/>\n<meta property=\"og:url\" content=\"https:\/\/www.notibras.com\/site\/russia-vai-expandir-guerra-se-finlandia-e-suecia-virarem-otan\/\" \/>\n<meta property=\"og:site_name\" content=\"Notibras\" \/>\n<meta property=\"article:publisher\" content=\"https:\/\/www.facebook.com\/notibras\/\" \/>\n<meta property=\"article:published_time\" content=\"2022-05-14T09:40:30+00:00\" \/>\n<meta property=\"article:modified_time\" content=\"2022-05-14T09:52:28+00:00\" \/>\n<meta property=\"og:image\" content=\"https:\/\/www.notibras.com\/site\/wp-content\/uploads\/2022\/05\/finlandia.suecia.webp\" \/>\n\t<meta property=\"og:image:width\" content=\"1920\" \/>\n\t<meta property=\"og:image:height\" content=\"1080\" \/>\n\t<meta property=\"og:image:type\" content=\"image\/webp\" \/>\n<meta name=\"author\" content=\"Reda\u00e7\u00e3o\" \/>\n<meta name=\"twitter:card\" content=\"summary_large_image\" \/>\n<meta name=\"twitter:creator\" content=\"@Notibras\" \/>\n<meta name=\"twitter:site\" content=\"@Notibras\" \/>\n<meta name=\"twitter:label1\" content=\"Escrito por\" \/>\n\t<meta name=\"twitter:data1\" content=\"Reda\u00e7\u00e3o\" \/>\n\t<meta name=\"twitter:label2\" content=\"Est. tempo de leitura\" \/>\n\t<meta name=\"twitter:data2\" content=\"5 minutos\" \/>\n<script type=\"application\/ld+json\" class=\"yoast-schema-graph\">{\"@context\":\"https:\/\/schema.org\",\"@graph\":[{\"@type\":\"Article\",\"@id\":\"https:\/\/www.notibras.com\/site\/russia-vai-expandir-guerra-se-finlandia-e-suecia-virarem-otan\/#article\",\"isPartOf\":{\"@id\":\"https:\/\/www.notibras.com\/site\/russia-vai-expandir-guerra-se-finlandia-e-suecia-virarem-otan\/\"},\"author\":{\"name\":\"Reda\u00e7\u00e3o\",\"@id\":\"https:\/\/www.notibras.com\/site\/#\/schema\/person\/36ab0979449956132d3e5b517ea76ac8\"},\"headline\":\"R\u00fassia vai expandir guerra se Finl\u00e2ndia e Su\u00e9cia virarem Otan\",\"datePublished\":\"2022-05-14T09:40:30+00:00\",\"dateModified\":\"2022-05-14T09:52:28+00:00\",\"mainEntityOfPage\":{\"@id\":\"https:\/\/www.notibras.com\/site\/russia-vai-expandir-guerra-se-finlandia-e-suecia-virarem-otan\/\"},\"wordCount\":953,\"publisher\":{\"@id\":\"https:\/\/www.notibras.com\/site\/#organization\"},\"image\":{\"@id\":\"https:\/\/www.notibras.com\/site\/russia-vai-expandir-guerra-se-finlandia-e-suecia-virarem-otan\/#primaryimage\"},\"thumbnailUrl\":\"https:\/\/www.notibras.com\/site\/wp-content\/uploads\/2022\/05\/finlandia.suecia.webp\",\"keywords\":[\"capa\"],\"articleSection\":[\"Apocalipse\"],\"inLanguage\":\"pt-BR\"},{\"@type\":\"WebPage\",\"@id\":\"https:\/\/www.notibras.com\/site\/russia-vai-expandir-guerra-se-finlandia-e-suecia-virarem-otan\/\",\"url\":\"https:\/\/www.notibras.com\/site\/russia-vai-expandir-guerra-se-finlandia-e-suecia-virarem-otan\/\",\"name\":\"R\u00fassia vai expandir guerra se Finl\u00e2ndia e Su\u00e9cia virarem Otan - Notibras\",\"isPartOf\":{\"@id\":\"https:\/\/www.notibras.com\/site\/#website\"},\"primaryImageOfPage\":{\"@id\":\"https:\/\/www.notibras.com\/site\/russia-vai-expandir-guerra-se-finlandia-e-suecia-virarem-otan\/#primaryimage\"},\"image\":{\"@id\":\"https:\/\/www.notibras.com\/site\/russia-vai-expandir-guerra-se-finlandia-e-suecia-virarem-otan\/#primaryimage\"},\"thumbnailUrl\":\"https:\/\/www.notibras.com\/site\/wp-content\/uploads\/2022\/05\/finlandia.suecia.webp\",\"datePublished\":\"2022-05-14T09:40:30+00:00\",\"dateModified\":\"2022-05-14T09:52:28+00:00\",\"breadcrumb\":{\"@id\":\"https:\/\/www.notibras.com\/site\/russia-vai-expandir-guerra-se-finlandia-e-suecia-virarem-otan\/#breadcrumb\"},\"inLanguage\":\"pt-BR\",\"potentialAction\":[{\"@type\":\"ReadAction\",\"target\":[\"https:\/\/www.notibras.com\/site\/russia-vai-expandir-guerra-se-finlandia-e-suecia-virarem-otan\/\"]}]},{\"@type\":\"ImageObject\",\"inLanguage\":\"pt-BR\",\"@id\":\"https:\/\/www.notibras.com\/site\/russia-vai-expandir-guerra-se-finlandia-e-suecia-virarem-otan\/#primaryimage\",\"url\":\"https:\/\/www.notibras.com\/site\/wp-content\/uploads\/2022\/05\/finlandia.suecia.webp\",\"contentUrl\":\"https:\/\/www.notibras.com\/site\/wp-content\/uploads\/2022\/05\/finlandia.suecia.webp\",\"width\":1920,\"height\":1080},{\"@type\":\"BreadcrumbList\",\"@id\":\"https:\/\/www.notibras.com\/site\/russia-vai-expandir-guerra-se-finlandia-e-suecia-virarem-otan\/#breadcrumb\",\"itemListElement\":[{\"@type\":\"ListItem\",\"position\":1,\"name\":\"In\u00edcio\",\"item\":\"https:\/\/www.notibras.com\/site\/\"},{\"@type\":\"ListItem\",\"position\":2,\"name\":\"R\u00fassia vai expandir guerra se Finl\u00e2ndia e Su\u00e9cia virarem Otan\"}]},{\"@type\":\"WebSite\",\"@id\":\"https:\/\/www.notibras.com\/site\/#website\",\"url\":\"https:\/\/www.notibras.com\/site\/\",\"name\":\"Notibras\",\"description\":\"Not\u00edcias de Bras\u00edlia, do Brasil e do Mundo\",\"publisher\":{\"@id\":\"https:\/\/www.notibras.com\/site\/#organization\"},\"potentialAction\":[{\"@type\":\"SearchAction\",\"target\":{\"@type\":\"EntryPoint\",\"urlTemplate\":\"https:\/\/www.notibras.com\/site\/?s={search_term_string}\"},\"query-input\":{\"@type\":\"PropertyValueSpecification\",\"valueRequired\":true,\"valueName\":\"search_term_string\"}}],\"inLanguage\":\"pt-BR\"},{\"@type\":\"Organization\",\"@id\":\"https:\/\/www.notibras.com\/site\/#organization\",\"name\":\"Grupo Notibras de Comunica\u00e7\u00e3o\",\"url\":\"https:\/\/www.notibras.com\/site\/\",\"logo\":{\"@type\":\"ImageObject\",\"inLanguage\":\"pt-BR\",\"@id\":\"https:\/\/www.notibras.com\/site\/#\/schema\/logo\/image\/\",\"url\":\"https:\/\/www.notibras.com\/site\/wp-content\/uploads\/2023\/01\/notibras23.png\",\"contentUrl\":\"https:\/\/www.notibras.com\/site\/wp-content\/uploads\/2023\/01\/notibras23.png\",\"width\":350,\"height\":87,\"caption\":\"Grupo Notibras de Comunica\u00e7\u00e3o\"},\"image\":{\"@id\":\"https:\/\/www.notibras.com\/site\/#\/schema\/logo\/image\/\"},\"sameAs\":[\"https:\/\/www.facebook.com\/notibras\/\",\"https:\/\/x.com\/Notibras\",\"https:\/\/www.instagram.com\/notibras\/\"]},{\"@type\":\"Person\",\"@id\":\"https:\/\/www.notibras.com\/site\/#\/schema\/person\/36ab0979449956132d3e5b517ea76ac8\",\"name\":\"Reda\u00e7\u00e3o\",\"image\":{\"@type\":\"ImageObject\",\"inLanguage\":\"pt-BR\",\"@id\":\"https:\/\/secure.gravatar.com\/avatar\/e0a867bdedb85fd243eadf09663511f96fc81e0720a4a42581f334ad4303aa6b?s=96&d=mm&r=g\",\"url\":\"https:\/\/secure.gravatar.com\/avatar\/e0a867bdedb85fd243eadf09663511f96fc81e0720a4a42581f334ad4303aa6b?s=96&d=mm&r=g\",\"contentUrl\":\"https:\/\/secure.gravatar.com\/avatar\/e0a867bdedb85fd243eadf09663511f96fc81e0720a4a42581f334ad4303aa6b?s=96&d=mm&r=g\",\"caption\":\"Reda\u00e7\u00e3o\"}}]}<\/script>\n<!-- \/ Yoast SEO plugin. -->","yoast_head_json":{"title":"R\u00fassia vai expandir guerra se Finl\u00e2ndia e Su\u00e9cia virarem Otan - Notibras","robots":{"index":"index","follow":"follow","max-snippet":"max-snippet:-1","max-image-preview":"max-image-preview:large","max-video-preview":"max-video-preview:-1"},"canonical":"https:\/\/www.notibras.com\/site\/russia-vai-expandir-guerra-se-finlandia-e-suecia-virarem-otan\/","og_locale":"pt_BR","og_type":"article","og_title":"R\u00fassia vai expandir guerra se Finl\u00e2ndia e Su\u00e9cia virarem Otan - Notibras","og_description":"A R\u00fassia foi curta e grossa nesta sexta, 13, em meio \u00e0s not\u00edcias de que a Finl\u00e2ndia e a Su\u00e9cia est\u00e3o prestes a entrar de mala e cuia na Alian\u00e7a do Tratado o Atl\u00e9tico Norte. Moscou viu esse gesto como provoca\u00e7\u00e3o e amea\u00e7a ao seu territ\u00f3rio, uma vez que os dois pa\u00edses, que sempre se [&hellip;]","og_url":"https:\/\/www.notibras.com\/site\/russia-vai-expandir-guerra-se-finlandia-e-suecia-virarem-otan\/","og_site_name":"Notibras","article_publisher":"https:\/\/www.facebook.com\/notibras\/","article_published_time":"2022-05-14T09:40:30+00:00","article_modified_time":"2022-05-14T09:52:28+00:00","og_image":[{"width":1920,"height":1080,"url":"https:\/\/www.notibras.com\/site\/wp-content\/uploads\/2022\/05\/finlandia.suecia.webp","type":"image\/webp"}],"author":"Reda\u00e7\u00e3o","twitter_card":"summary_large_image","twitter_creator":"@Notibras","twitter_site":"@Notibras","twitter_misc":{"Escrito por":"Reda\u00e7\u00e3o","Est. tempo de leitura":"5 minutos"},"schema":{"@context":"https:\/\/schema.org","@graph":[{"@type":"Article","@id":"https:\/\/www.notibras.com\/site\/russia-vai-expandir-guerra-se-finlandia-e-suecia-virarem-otan\/#article","isPartOf":{"@id":"https:\/\/www.notibras.com\/site\/russia-vai-expandir-guerra-se-finlandia-e-suecia-virarem-otan\/"},"author":{"name":"Reda\u00e7\u00e3o","@id":"https:\/\/www.notibras.com\/site\/#\/schema\/person\/36ab0979449956132d3e5b517ea76ac8"},"headline":"R\u00fassia vai expandir guerra se Finl\u00e2ndia e Su\u00e9cia virarem Otan","datePublished":"2022-05-14T09:40:30+00:00","dateModified":"2022-05-14T09:52:28+00:00","mainEntityOfPage":{"@id":"https:\/\/www.notibras.com\/site\/russia-vai-expandir-guerra-se-finlandia-e-suecia-virarem-otan\/"},"wordCount":953,"publisher":{"@id":"https:\/\/www.notibras.com\/site\/#organization"},"image":{"@id":"https:\/\/www.notibras.com\/site\/russia-vai-expandir-guerra-se-finlandia-e-suecia-virarem-otan\/#primaryimage"},"thumbnailUrl":"https:\/\/www.notibras.com\/site\/wp-content\/uploads\/2022\/05\/finlandia.suecia.webp","keywords":["capa"],"articleSection":["Apocalipse"],"inLanguage":"pt-BR"},{"@type":"WebPage","@id":"https:\/\/www.notibras.com\/site\/russia-vai-expandir-guerra-se-finlandia-e-suecia-virarem-otan\/","url":"https:\/\/www.notibras.com\/site\/russia-vai-expandir-guerra-se-finlandia-e-suecia-virarem-otan\/","name":"R\u00fassia vai expandir guerra se Finl\u00e2ndia e Su\u00e9cia virarem Otan - Notibras","isPartOf":{"@id":"https:\/\/www.notibras.com\/site\/#website"},"primaryImageOfPage":{"@id":"https:\/\/www.notibras.com\/site\/russia-vai-expandir-guerra-se-finlandia-e-suecia-virarem-otan\/#primaryimage"},"image":{"@id":"https:\/\/www.notibras.com\/site\/russia-vai-expandir-guerra-se-finlandia-e-suecia-virarem-otan\/#primaryimage"},"thumbnailUrl":"https:\/\/www.notibras.com\/site\/wp-content\/uploads\/2022\/05\/finlandia.suecia.webp","datePublished":"2022-05-14T09:40:30+00:00","dateModified":"2022-05-14T09:52:28+00:00","breadcrumb":{"@id":"https:\/\/www.notibras.com\/site\/russia-vai-expandir-guerra-se-finlandia-e-suecia-virarem-otan\/#breadcrumb"},"inLanguage":"pt-BR","potentialAction":[{"@type":"ReadAction","target":["https:\/\/www.notibras.com\/site\/russia-vai-expandir-guerra-se-finlandia-e-suecia-virarem-otan\/"]}]},{"@type":"ImageObject","inLanguage":"pt-BR","@id":"https:\/\/www.notibras.com\/site\/russia-vai-expandir-guerra-se-finlandia-e-suecia-virarem-otan\/#primaryimage","url":"https:\/\/www.notibras.com\/site\/wp-content\/uploads\/2022\/05\/finlandia.suecia.webp","contentUrl":"https:\/\/www.notibras.com\/site\/wp-content\/uploads\/2022\/05\/finlandia.suecia.webp","width":1920,"height":1080},{"@type":"BreadcrumbList","@id":"https:\/\/www.notibras.com\/site\/russia-vai-expandir-guerra-se-finlandia-e-suecia-virarem-otan\/#breadcrumb","itemListElement":[{"@type":"ListItem","position":1,"name":"In\u00edcio","item":"https:\/\/www.notibras.com\/site\/"},{"@type":"ListItem","position":2,"name":"R\u00fassia vai expandir guerra se Finl\u00e2ndia e Su\u00e9cia virarem Otan"}]},{"@type":"WebSite","@id":"https:\/\/www.notibras.com\/site\/#website","url":"https:\/\/www.notibras.com\/site\/","name":"Notibras","description":"Not\u00edcias de Bras\u00edlia, do Brasil e do Mundo","publisher":{"@id":"https:\/\/www.notibras.com\/site\/#organization"},"potentialAction":[{"@type":"SearchAction","target":{"@type":"EntryPoint","urlTemplate":"https:\/\/www.notibras.com\/site\/?s={search_term_string}"},"query-input":{"@type":"PropertyValueSpecification","valueRequired":true,"valueName":"search_term_string"}}],"inLanguage":"pt-BR"},{"@type":"Organization","@id":"https:\/\/www.notibras.com\/site\/#organization","name":"Grupo Notibras de Comunica\u00e7\u00e3o","url":"https:\/\/www.notibras.com\/site\/","logo":{"@type":"ImageObject","inLanguage":"pt-BR","@id":"https:\/\/www.notibras.com\/site\/#\/schema\/logo\/image\/","url":"https:\/\/www.notibras.com\/site\/wp-content\/uploads\/2023\/01\/notibras23.png","contentUrl":"https:\/\/www.notibras.com\/site\/wp-content\/uploads\/2023\/01\/notibras23.png","width":350,"height":87,"caption":"Grupo Notibras de Comunica\u00e7\u00e3o"},"image":{"@id":"https:\/\/www.notibras.com\/site\/#\/schema\/logo\/image\/"},"sameAs":["https:\/\/www.facebook.com\/notibras\/","https:\/\/x.com\/Notibras","https:\/\/www.instagram.com\/notibras\/"]},{"@type":"Person","@id":"https:\/\/www.notibras.com\/site\/#\/schema\/person\/36ab0979449956132d3e5b517ea76ac8","name":"Reda\u00e7\u00e3o","image":{"@type":"ImageObject","inLanguage":"pt-BR","@id":"https:\/\/secure.gravatar.com\/avatar\/e0a867bdedb85fd243eadf09663511f96fc81e0720a4a42581f334ad4303aa6b?s=96&d=mm&r=g","url":"https:\/\/secure.gravatar.com\/avatar\/e0a867bdedb85fd243eadf09663511f96fc81e0720a4a42581f334ad4303aa6b?s=96&d=mm&r=g","contentUrl":"https:\/\/secure.gravatar.com\/avatar\/e0a867bdedb85fd243eadf09663511f96fc81e0720a4a42581f334ad4303aa6b?s=96&d=mm&r=g","caption":"Reda\u00e7\u00e3o"}}]}},"amp_enabled":true,"_links":{"self":[{"href":"https:\/\/www.notibras.com\/site\/wp-json\/wp\/v2\/posts\/285499","targetHints":{"allow":["GET"]}}],"collection":[{"href":"https:\/\/www.notibras.com\/site\/wp-json\/wp\/v2\/posts"}],"about":[{"href":"https:\/\/www.notibras.com\/site\/wp-json\/wp\/v2\/types\/post"}],"author":[{"embeddable":true,"href":"https:\/\/www.notibras.com\/site\/wp-json\/wp\/v2\/users\/2"}],"replies":[{"embeddable":true,"href":"https:\/\/www.notibras.com\/site\/wp-json\/wp\/v2\/comments?post=285499"}],"version-history":[{"count":4,"href":"https:\/\/www.notibras.com\/site\/wp-json\/wp\/v2\/posts\/285499\/revisions"}],"predecessor-version":[{"id":285504,"href":"https:\/\/www.notibras.com\/site\/wp-json\/wp\/v2\/posts\/285499\/revisions\/285504"}],"wp:featuredmedia":[{"embeddable":true,"href":"https:\/\/www.notibras.com\/site\/wp-json\/wp\/v2\/media\/285500"}],"wp:attachment":[{"href":"https:\/\/www.notibras.com\/site\/wp-json\/wp\/v2\/media?parent=285499"}],"wp:term":[{"taxonomy":"category","embeddable":true,"href":"https:\/\/www.notibras.com\/site\/wp-json\/wp\/v2\/categories?post=285499"},{"taxonomy":"post_tag","embeddable":true,"href":"https:\/\/www.notibras.com\/site\/wp-json\/wp\/v2\/tags?post=285499"}],"curies":[{"name":"wp","href":"https:\/\/api.w.org\/{rel}","templated":true}]}}