{"id":285505,"date":"2022-05-14T06:31:16","date_gmt":"2022-05-14T09:31:16","guid":{"rendered":"https:\/\/www.notibras.com\/site\/?p=285505"},"modified":"2022-05-14T07:41:59","modified_gmt":"2022-05-14T10:41:59","slug":"turquia-veta-entrada-de-novos-aliados-na-alianca","status":"publish","type":"post","link":"https:\/\/www.notibras.com\/site\/turquia-veta-entrada-de-novos-aliados-na-alianca\/","title":{"rendered":"Turquia veta entrada de novos aliados na Alian\u00e7a"},"content":{"rendered":"<p>A r\u00e1pida ades\u00e3o de dois estados escandinavos \u00e0 Alian\u00e7a do Atl\u00e2ntico Norte pode atingir um obst\u00e1culo, pois a oposi\u00e7\u00e3o de um membro-chave interromperia a unanimidade pela qual o bloco de defesa m\u00fatua governa seus membros.<\/p>\n<p>&#8220;Estamos acompanhando os desenvolvimentos relativos \u00e0 Su\u00e9cia e \u00e0 Finl\u00e2ndia, mas n\u00e3o temos uma opini\u00e3o favor\u00e1vel&#8221;, disse o presidente turco, Recep Tayyip Erdogan. A Turuia tem la\u00e7os estreitos de amizade e com\u00e9rcio com a R\u00fassia.<\/p>\n<p>O l\u00edder turco explicou que n\u00e3o queria repetir o \u201cerro\u201d da Turquia quando concordou em readmitir sua rival regional Gr\u00e9cia em 1980, o que, segundo ele, permitiu que Atenas \u201ctomasse uma atitude contra a Turquia, apoiando a Otan\u201d. Ele citou em particular o apoio da Su\u00e9cia a grupos curdos, incluindo o Partido dos Trabalhadores do Curdist\u00e3o (PKK), que Ancara considera um grupo terrorista.<\/p>\n<p>\u201cOs pa\u00edses escandinavos tornaram-se um ref\u00fagio seguro, uma suposta casa de h\u00f3spedes para o PKK e outros grupos terroristas\u201d, disse Erdogan. \u201cAlguns terroristas at\u00e9 participam dos parlamentos da Su\u00e9cia e da Holanda.\u201d<\/p>\n<p>Embora a Finl\u00e2ndia e a Su\u00e9cia sejam estados militarmente n\u00e3o alinhados, h\u00e1 muito que mant\u00eam uma rela\u00e7\u00e3o com a Otan, proporcionando v\u00e1rias formas de coopera\u00e7\u00e3o militar e treino conjunto. Apesar de alguns pol\u00edticos da direita tenham buscado seguran\u00e7a adicional na OTAN ap\u00f3s o lan\u00e7amento da opera\u00e7\u00e3o especial da R\u00fassia na Ucr\u00e2nia , muitos partidos de esquerda em ambos os pa\u00edses se op\u00f5em fortemente ao alinhamento militar.<\/p>\n<p>A ministra das Rela\u00e7\u00f5es Exteriores da Su\u00e9cia, Ann Linde, por exemplo, afirmou que \u201cum ataque armado \u00e0 Su\u00e9cia n\u00e3o pode ser descartado\u201d, ignorando as raz\u00f5es espec\u00edficas por tr\u00e1s da opera\u00e7\u00e3o especial, incluindo a guerra genocida de oito anos contra minorias de l\u00edngua russa no Donbass. regi\u00e3o. Tamb\u00e9m vale a pena notar que os l\u00edderes de defesa suecos fazem essa afirma\u00e7\u00e3o h\u00e1 anos , justificando um aumento de 40% no or\u00e7amento de defesa de Estocolmo em 2020.<\/p>\n<p>O secret\u00e1rio-geral da Otan, Jens Stoltenberg, encorajou sua candidatura, dizendo que o procedimento de ades\u00e3o pode ser conclu\u00eddo em \u201calgumas semanas\u201d, embora seja prov\u00e1vel que todo o processo demore pelo menos seis meses. Suas aplica\u00e7\u00f5es s\u00e3o esperadas antes do final do m\u00eas.<\/p>\n<p>Com sede em Bruxelas, B\u00e9lgica, a alian\u00e7a \u00e9 composta por 30 estados membros unidos por um pacto de defesa m\u00fatua. Foi formado em 1949 por estados capitalistas da Europa Ocidental para apresentar uma frente unida contra a Uni\u00e3o Sovi\u00e9tica e os v\u00e1rios estados socialistas aliados que se formaram na Europa Central e Oriental ap\u00f3s o fim da Segunda Guerra Mundial.<\/p>\n<p>Com a dissolu\u00e7\u00e3o da Uni\u00e3o Sovi\u00e9tica em 1991, a agora incompar\u00e1vel Otan come\u00e7ou a se espalhar para o leste, acrescentando os novos governos capitalistas \u00e0 alian\u00e7a, violando os acordos alcan\u00e7ados com a R\u00fassia de que a OTAN n\u00e3o se expandiria mais para o leste do que uma Alemanha reunificada.<\/p>\n<p>No in\u00edcio de 2022, quatro estados da Otan que compartilhavam fronteiras com a R\u00fassia e a Ucr\u00e2nia, governados por um governo nacionalista pr\u00f3-ocidente levado ao poder por um golpe apoiado pelos EUA, estavam implorando pela ades\u00e3o \u00e0 Otan. Moscou disse que a ades\u00e3o da Ucr\u00e2nia \u00e9 uma linha vermelha de seguran\u00e7a e representaria uma amea\u00e7a para a R\u00fassia, e depois que as negocia\u00e7\u00f5es destinadas a neutralizar geopoliticamente Kiev falharam, uma opera\u00e7\u00e3o especial para cumprir a tarefa foi lan\u00e7ada em 24 de fevereiro.<\/p>\n<p>&#8220;A mais recente expans\u00e3o da Otan n\u00e3o tornar\u00e1 nosso continente mais est\u00e1vel e seguro&#8221;, disse o porta-voz do Kremlin, Dmitri Peskov, a rep\u00f3rteres. Ele acrescentou que o fortalecimento do flanco leste da Otan \u201cse tornaria um elemento para uma an\u00e1lise especial e o desenvolvimento das medidas necess\u00e1rias para equilibrar a situa\u00e7\u00e3o e garantir nossa seguran\u00e7a\u201d.<\/p>\n<p>\u201cTudo depender\u00e1 de como o processo de expans\u00e3o se manifestar\u00e1 no futuro, at\u00e9 que ponto a infraestrutura militar se aproximar\u00e1 de nossas fronteiras\u201d, destacou Peskov.<\/p>\n<p>Oleg Stepanov, embaixador da R\u00fassia no Canad\u00e1, disse que, se aderirem \u00e0 alian\u00e7a liderada pelos EUA, \u201ca Finl\u00e2ndia e a Su\u00e9cia ser\u00e3o colocadas em uma posi\u00e7\u00e3o em que ser\u00e3o for\u00e7adas a tratar a R\u00fassia como um advers\u00e1rio. Reciprocamente, os russos devem mudar sua percep\u00e7\u00e3o de pa\u00edses anteriormente neutros como o trampolim da amea\u00e7a da Otan\u201d. Isso, disse ele, poderia transformar uma regi\u00e3o outrora pac\u00edfica \u201cem mais um potencial teatro de guerra\u201d.<\/p>\n","protected":false},"excerpt":{"rendered":"<p>A r\u00e1pida ades\u00e3o de dois estados escandinavos \u00e0 Alian\u00e7a do Atl\u00e2ntico Norte pode atingir um obst\u00e1culo, pois a oposi\u00e7\u00e3o de um membro-chave interromperia a unanimidade pela qual o bloco de defesa m\u00fatua governa seus membros. &#8220;Estamos acompanhando os desenvolvimentos relativos \u00e0 Su\u00e9cia e \u00e0 Finl\u00e2ndia, mas n\u00e3o temos uma opini\u00e3o favor\u00e1vel&#8221;, disse o presidente turco, [&hellip;]<\/p>\n","protected":false},"author":2,"featured_media":285506,"comment_status":"closed","ping_status":"closed","sticky":false,"template":"","format":"standard","meta":{"_acf_changed":false,"footnotes":""},"categories":[159],"tags":[95],"class_list":["post-285505","post","type-post","status-publish","format-standard","has-post-thumbnail","hentry","category-apocalipse","tag-capa"],"acf":[],"yoast_head":"<!-- This site is optimized with the Yoast SEO plugin v27.2 - https:\/\/yoast.com\/product\/yoast-seo-wordpress\/ -->\n<title>Turquia veta entrada de novos aliados na Alian\u00e7a - Notibras<\/title>\n<meta name=\"robots\" content=\"index, follow, max-snippet:-1, max-image-preview:large, max-video-preview:-1\" \/>\n<link rel=\"canonical\" href=\"https:\/\/www.notibras.com\/site\/turquia-veta-entrada-de-novos-aliados-na-alianca\/\" \/>\n<meta property=\"og:locale\" content=\"pt_BR\" \/>\n<meta property=\"og:type\" content=\"article\" \/>\n<meta property=\"og:title\" content=\"Turquia veta entrada de novos aliados na Alian\u00e7a - Notibras\" \/>\n<meta property=\"og:description\" content=\"A r\u00e1pida ades\u00e3o de dois estados escandinavos \u00e0 Alian\u00e7a do Atl\u00e2ntico Norte pode atingir um obst\u00e1culo, pois a oposi\u00e7\u00e3o de um membro-chave interromperia a unanimidade pela qual o bloco de defesa m\u00fatua governa seus membros. &#8220;Estamos acompanhando os desenvolvimentos relativos \u00e0 Su\u00e9cia e \u00e0 Finl\u00e2ndia, mas n\u00e3o temos uma opini\u00e3o favor\u00e1vel&#8221;, disse o presidente turco, [&hellip;]\" \/>\n<meta property=\"og:url\" content=\"https:\/\/www.notibras.com\/site\/turquia-veta-entrada-de-novos-aliados-na-alianca\/\" \/>\n<meta property=\"og:site_name\" content=\"Notibras\" \/>\n<meta property=\"article:publisher\" content=\"https:\/\/www.facebook.com\/notibras\/\" \/>\n<meta property=\"article:published_time\" content=\"2022-05-14T09:31:16+00:00\" \/>\n<meta property=\"article:modified_time\" content=\"2022-05-14T10:41:59+00:00\" \/>\n<meta property=\"og:image\" content=\"https:\/\/www.notibras.com\/site\/wp-content\/uploads\/2022\/05\/erdogan.webp\" \/>\n\t<meta property=\"og:image:width\" content=\"1920\" \/>\n\t<meta property=\"og:image:height\" content=\"1080\" \/>\n\t<meta property=\"og:image:type\" content=\"image\/webp\" \/>\n<meta name=\"author\" content=\"Reda\u00e7\u00e3o\" \/>\n<meta name=\"twitter:card\" content=\"summary_large_image\" \/>\n<meta name=\"twitter:creator\" content=\"@Notibras\" \/>\n<meta name=\"twitter:site\" content=\"@Notibras\" \/>\n<meta name=\"twitter:label1\" content=\"Escrito por\" \/>\n\t<meta name=\"twitter:data1\" content=\"Reda\u00e7\u00e3o\" \/>\n\t<meta name=\"twitter:label2\" content=\"Est. tempo de leitura\" \/>\n\t<meta name=\"twitter:data2\" content=\"4 minutos\" \/>\n<script type=\"application\/ld+json\" class=\"yoast-schema-graph\">{\"@context\":\"https:\/\/schema.org\",\"@graph\":[{\"@type\":\"Article\",\"@id\":\"https:\/\/www.notibras.com\/site\/turquia-veta-entrada-de-novos-aliados-na-alianca\/#article\",\"isPartOf\":{\"@id\":\"https:\/\/www.notibras.com\/site\/turquia-veta-entrada-de-novos-aliados-na-alianca\/\"},\"author\":{\"name\":\"Reda\u00e7\u00e3o\",\"@id\":\"https:\/\/www.notibras.com\/site\/#\/schema\/person\/36ab0979449956132d3e5b517ea76ac8\"},\"headline\":\"Turquia veta entrada de novos aliados na Alian\u00e7a\",\"datePublished\":\"2022-05-14T09:31:16+00:00\",\"dateModified\":\"2022-05-14T10:41:59+00:00\",\"mainEntityOfPage\":{\"@id\":\"https:\/\/www.notibras.com\/site\/turquia-veta-entrada-de-novos-aliados-na-alianca\/\"},\"wordCount\":795,\"publisher\":{\"@id\":\"https:\/\/www.notibras.com\/site\/#organization\"},\"image\":{\"@id\":\"https:\/\/www.notibras.com\/site\/turquia-veta-entrada-de-novos-aliados-na-alianca\/#primaryimage\"},\"thumbnailUrl\":\"https:\/\/www.notibras.com\/site\/wp-content\/uploads\/2022\/05\/erdogan.webp\",\"keywords\":[\"capa\"],\"articleSection\":[\"Apocalipse\"],\"inLanguage\":\"pt-BR\"},{\"@type\":\"WebPage\",\"@id\":\"https:\/\/www.notibras.com\/site\/turquia-veta-entrada-de-novos-aliados-na-alianca\/\",\"url\":\"https:\/\/www.notibras.com\/site\/turquia-veta-entrada-de-novos-aliados-na-alianca\/\",\"name\":\"Turquia veta entrada de novos aliados na Alian\u00e7a - Notibras\",\"isPartOf\":{\"@id\":\"https:\/\/www.notibras.com\/site\/#website\"},\"primaryImageOfPage\":{\"@id\":\"https:\/\/www.notibras.com\/site\/turquia-veta-entrada-de-novos-aliados-na-alianca\/#primaryimage\"},\"image\":{\"@id\":\"https:\/\/www.notibras.com\/site\/turquia-veta-entrada-de-novos-aliados-na-alianca\/#primaryimage\"},\"thumbnailUrl\":\"https:\/\/www.notibras.com\/site\/wp-content\/uploads\/2022\/05\/erdogan.webp\",\"datePublished\":\"2022-05-14T09:31:16+00:00\",\"dateModified\":\"2022-05-14T10:41:59+00:00\",\"breadcrumb\":{\"@id\":\"https:\/\/www.notibras.com\/site\/turquia-veta-entrada-de-novos-aliados-na-alianca\/#breadcrumb\"},\"inLanguage\":\"pt-BR\",\"potentialAction\":[{\"@type\":\"ReadAction\",\"target\":[\"https:\/\/www.notibras.com\/site\/turquia-veta-entrada-de-novos-aliados-na-alianca\/\"]}]},{\"@type\":\"ImageObject\",\"inLanguage\":\"pt-BR\",\"@id\":\"https:\/\/www.notibras.com\/site\/turquia-veta-entrada-de-novos-aliados-na-alianca\/#primaryimage\",\"url\":\"https:\/\/www.notibras.com\/site\/wp-content\/uploads\/2022\/05\/erdogan.webp\",\"contentUrl\":\"https:\/\/www.notibras.com\/site\/wp-content\/uploads\/2022\/05\/erdogan.webp\",\"width\":1920,\"height\":1080},{\"@type\":\"BreadcrumbList\",\"@id\":\"https:\/\/www.notibras.com\/site\/turquia-veta-entrada-de-novos-aliados-na-alianca\/#breadcrumb\",\"itemListElement\":[{\"@type\":\"ListItem\",\"position\":1,\"name\":\"In\u00edcio\",\"item\":\"https:\/\/www.notibras.com\/site\/\"},{\"@type\":\"ListItem\",\"position\":2,\"name\":\"Turquia veta entrada de novos aliados na Alian\u00e7a\"}]},{\"@type\":\"WebSite\",\"@id\":\"https:\/\/www.notibras.com\/site\/#website\",\"url\":\"https:\/\/www.notibras.com\/site\/\",\"name\":\"Notibras\",\"description\":\"Not\u00edcias de Bras\u00edlia, do Brasil e do Mundo\",\"publisher\":{\"@id\":\"https:\/\/www.notibras.com\/site\/#organization\"},\"potentialAction\":[{\"@type\":\"SearchAction\",\"target\":{\"@type\":\"EntryPoint\",\"urlTemplate\":\"https:\/\/www.notibras.com\/site\/?s={search_term_string}\"},\"query-input\":{\"@type\":\"PropertyValueSpecification\",\"valueRequired\":true,\"valueName\":\"search_term_string\"}}],\"inLanguage\":\"pt-BR\"},{\"@type\":\"Organization\",\"@id\":\"https:\/\/www.notibras.com\/site\/#organization\",\"name\":\"Grupo Notibras de Comunica\u00e7\u00e3o\",\"url\":\"https:\/\/www.notibras.com\/site\/\",\"logo\":{\"@type\":\"ImageObject\",\"inLanguage\":\"pt-BR\",\"@id\":\"https:\/\/www.notibras.com\/site\/#\/schema\/logo\/image\/\",\"url\":\"https:\/\/www.notibras.com\/site\/wp-content\/uploads\/2023\/01\/notibras23.png\",\"contentUrl\":\"https:\/\/www.notibras.com\/site\/wp-content\/uploads\/2023\/01\/notibras23.png\",\"width\":350,\"height\":87,\"caption\":\"Grupo Notibras de Comunica\u00e7\u00e3o\"},\"image\":{\"@id\":\"https:\/\/www.notibras.com\/site\/#\/schema\/logo\/image\/\"},\"sameAs\":[\"https:\/\/www.facebook.com\/notibras\/\",\"https:\/\/x.com\/Notibras\",\"https:\/\/www.instagram.com\/notibras\/\"]},{\"@type\":\"Person\",\"@id\":\"https:\/\/www.notibras.com\/site\/#\/schema\/person\/36ab0979449956132d3e5b517ea76ac8\",\"name\":\"Reda\u00e7\u00e3o\",\"image\":{\"@type\":\"ImageObject\",\"inLanguage\":\"pt-BR\",\"@id\":\"https:\/\/secure.gravatar.com\/avatar\/e0a867bdedb85fd243eadf09663511f96fc81e0720a4a42581f334ad4303aa6b?s=96&d=mm&r=g\",\"url\":\"https:\/\/secure.gravatar.com\/avatar\/e0a867bdedb85fd243eadf09663511f96fc81e0720a4a42581f334ad4303aa6b?s=96&d=mm&r=g\",\"contentUrl\":\"https:\/\/secure.gravatar.com\/avatar\/e0a867bdedb85fd243eadf09663511f96fc81e0720a4a42581f334ad4303aa6b?s=96&d=mm&r=g\",\"caption\":\"Reda\u00e7\u00e3o\"}}]}<\/script>\n<!-- \/ Yoast SEO plugin. -->","yoast_head_json":{"title":"Turquia veta entrada de novos aliados na Alian\u00e7a - Notibras","robots":{"index":"index","follow":"follow","max-snippet":"max-snippet:-1","max-image-preview":"max-image-preview:large","max-video-preview":"max-video-preview:-1"},"canonical":"https:\/\/www.notibras.com\/site\/turquia-veta-entrada-de-novos-aliados-na-alianca\/","og_locale":"pt_BR","og_type":"article","og_title":"Turquia veta entrada de novos aliados na Alian\u00e7a - Notibras","og_description":"A r\u00e1pida ades\u00e3o de dois estados escandinavos \u00e0 Alian\u00e7a do Atl\u00e2ntico Norte pode atingir um obst\u00e1culo, pois a oposi\u00e7\u00e3o de um membro-chave interromperia a unanimidade pela qual o bloco de defesa m\u00fatua governa seus membros. &#8220;Estamos acompanhando os desenvolvimentos relativos \u00e0 Su\u00e9cia e \u00e0 Finl\u00e2ndia, mas n\u00e3o temos uma opini\u00e3o favor\u00e1vel&#8221;, disse o presidente turco, [&hellip;]","og_url":"https:\/\/www.notibras.com\/site\/turquia-veta-entrada-de-novos-aliados-na-alianca\/","og_site_name":"Notibras","article_publisher":"https:\/\/www.facebook.com\/notibras\/","article_published_time":"2022-05-14T09:31:16+00:00","article_modified_time":"2022-05-14T10:41:59+00:00","og_image":[{"width":1920,"height":1080,"url":"https:\/\/www.notibras.com\/site\/wp-content\/uploads\/2022\/05\/erdogan.webp","type":"image\/webp"}],"author":"Reda\u00e7\u00e3o","twitter_card":"summary_large_image","twitter_creator":"@Notibras","twitter_site":"@Notibras","twitter_misc":{"Escrito por":"Reda\u00e7\u00e3o","Est. tempo de leitura":"4 minutos"},"schema":{"@context":"https:\/\/schema.org","@graph":[{"@type":"Article","@id":"https:\/\/www.notibras.com\/site\/turquia-veta-entrada-de-novos-aliados-na-alianca\/#article","isPartOf":{"@id":"https:\/\/www.notibras.com\/site\/turquia-veta-entrada-de-novos-aliados-na-alianca\/"},"author":{"name":"Reda\u00e7\u00e3o","@id":"https:\/\/www.notibras.com\/site\/#\/schema\/person\/36ab0979449956132d3e5b517ea76ac8"},"headline":"Turquia veta entrada de novos aliados na Alian\u00e7a","datePublished":"2022-05-14T09:31:16+00:00","dateModified":"2022-05-14T10:41:59+00:00","mainEntityOfPage":{"@id":"https:\/\/www.notibras.com\/site\/turquia-veta-entrada-de-novos-aliados-na-alianca\/"},"wordCount":795,"publisher":{"@id":"https:\/\/www.notibras.com\/site\/#organization"},"image":{"@id":"https:\/\/www.notibras.com\/site\/turquia-veta-entrada-de-novos-aliados-na-alianca\/#primaryimage"},"thumbnailUrl":"https:\/\/www.notibras.com\/site\/wp-content\/uploads\/2022\/05\/erdogan.webp","keywords":["capa"],"articleSection":["Apocalipse"],"inLanguage":"pt-BR"},{"@type":"WebPage","@id":"https:\/\/www.notibras.com\/site\/turquia-veta-entrada-de-novos-aliados-na-alianca\/","url":"https:\/\/www.notibras.com\/site\/turquia-veta-entrada-de-novos-aliados-na-alianca\/","name":"Turquia veta entrada de novos aliados na Alian\u00e7a - Notibras","isPartOf":{"@id":"https:\/\/www.notibras.com\/site\/#website"},"primaryImageOfPage":{"@id":"https:\/\/www.notibras.com\/site\/turquia-veta-entrada-de-novos-aliados-na-alianca\/#primaryimage"},"image":{"@id":"https:\/\/www.notibras.com\/site\/turquia-veta-entrada-de-novos-aliados-na-alianca\/#primaryimage"},"thumbnailUrl":"https:\/\/www.notibras.com\/site\/wp-content\/uploads\/2022\/05\/erdogan.webp","datePublished":"2022-05-14T09:31:16+00:00","dateModified":"2022-05-14T10:41:59+00:00","breadcrumb":{"@id":"https:\/\/www.notibras.com\/site\/turquia-veta-entrada-de-novos-aliados-na-alianca\/#breadcrumb"},"inLanguage":"pt-BR","potentialAction":[{"@type":"ReadAction","target":["https:\/\/www.notibras.com\/site\/turquia-veta-entrada-de-novos-aliados-na-alianca\/"]}]},{"@type":"ImageObject","inLanguage":"pt-BR","@id":"https:\/\/www.notibras.com\/site\/turquia-veta-entrada-de-novos-aliados-na-alianca\/#primaryimage","url":"https:\/\/www.notibras.com\/site\/wp-content\/uploads\/2022\/05\/erdogan.webp","contentUrl":"https:\/\/www.notibras.com\/site\/wp-content\/uploads\/2022\/05\/erdogan.webp","width":1920,"height":1080},{"@type":"BreadcrumbList","@id":"https:\/\/www.notibras.com\/site\/turquia-veta-entrada-de-novos-aliados-na-alianca\/#breadcrumb","itemListElement":[{"@type":"ListItem","position":1,"name":"In\u00edcio","item":"https:\/\/www.notibras.com\/site\/"},{"@type":"ListItem","position":2,"name":"Turquia veta entrada de novos aliados na Alian\u00e7a"}]},{"@type":"WebSite","@id":"https:\/\/www.notibras.com\/site\/#website","url":"https:\/\/www.notibras.com\/site\/","name":"Notibras","description":"Not\u00edcias de Bras\u00edlia, do Brasil e do Mundo","publisher":{"@id":"https:\/\/www.notibras.com\/site\/#organization"},"potentialAction":[{"@type":"SearchAction","target":{"@type":"EntryPoint","urlTemplate":"https:\/\/www.notibras.com\/site\/?s={search_term_string}"},"query-input":{"@type":"PropertyValueSpecification","valueRequired":true,"valueName":"search_term_string"}}],"inLanguage":"pt-BR"},{"@type":"Organization","@id":"https:\/\/www.notibras.com\/site\/#organization","name":"Grupo Notibras de Comunica\u00e7\u00e3o","url":"https:\/\/www.notibras.com\/site\/","logo":{"@type":"ImageObject","inLanguage":"pt-BR","@id":"https:\/\/www.notibras.com\/site\/#\/schema\/logo\/image\/","url":"https:\/\/www.notibras.com\/site\/wp-content\/uploads\/2023\/01\/notibras23.png","contentUrl":"https:\/\/www.notibras.com\/site\/wp-content\/uploads\/2023\/01\/notibras23.png","width":350,"height":87,"caption":"Grupo Notibras de Comunica\u00e7\u00e3o"},"image":{"@id":"https:\/\/www.notibras.com\/site\/#\/schema\/logo\/image\/"},"sameAs":["https:\/\/www.facebook.com\/notibras\/","https:\/\/x.com\/Notibras","https:\/\/www.instagram.com\/notibras\/"]},{"@type":"Person","@id":"https:\/\/www.notibras.com\/site\/#\/schema\/person\/36ab0979449956132d3e5b517ea76ac8","name":"Reda\u00e7\u00e3o","image":{"@type":"ImageObject","inLanguage":"pt-BR","@id":"https:\/\/secure.gravatar.com\/avatar\/e0a867bdedb85fd243eadf09663511f96fc81e0720a4a42581f334ad4303aa6b?s=96&d=mm&r=g","url":"https:\/\/secure.gravatar.com\/avatar\/e0a867bdedb85fd243eadf09663511f96fc81e0720a4a42581f334ad4303aa6b?s=96&d=mm&r=g","contentUrl":"https:\/\/secure.gravatar.com\/avatar\/e0a867bdedb85fd243eadf09663511f96fc81e0720a4a42581f334ad4303aa6b?s=96&d=mm&r=g","caption":"Reda\u00e7\u00e3o"}}]}},"amp_enabled":true,"_links":{"self":[{"href":"https:\/\/www.notibras.com\/site\/wp-json\/wp\/v2\/posts\/285505","targetHints":{"allow":["GET"]}}],"collection":[{"href":"https:\/\/www.notibras.com\/site\/wp-json\/wp\/v2\/posts"}],"about":[{"href":"https:\/\/www.notibras.com\/site\/wp-json\/wp\/v2\/types\/post"}],"author":[{"embeddable":true,"href":"https:\/\/www.notibras.com\/site\/wp-json\/wp\/v2\/users\/2"}],"replies":[{"embeddable":true,"href":"https:\/\/www.notibras.com\/site\/wp-json\/wp\/v2\/comments?post=285505"}],"version-history":[{"count":1,"href":"https:\/\/www.notibras.com\/site\/wp-json\/wp\/v2\/posts\/285505\/revisions"}],"predecessor-version":[{"id":285507,"href":"https:\/\/www.notibras.com\/site\/wp-json\/wp\/v2\/posts\/285505\/revisions\/285507"}],"wp:featuredmedia":[{"embeddable":true,"href":"https:\/\/www.notibras.com\/site\/wp-json\/wp\/v2\/media\/285506"}],"wp:attachment":[{"href":"https:\/\/www.notibras.com\/site\/wp-json\/wp\/v2\/media?parent=285505"}],"wp:term":[{"taxonomy":"category","embeddable":true,"href":"https:\/\/www.notibras.com\/site\/wp-json\/wp\/v2\/categories?post=285505"},{"taxonomy":"post_tag","embeddable":true,"href":"https:\/\/www.notibras.com\/site\/wp-json\/wp\/v2\/tags?post=285505"}],"curies":[{"name":"wp","href":"https:\/\/api.w.org\/{rel}","templated":true}]}}