{"id":28554,"date":"2014-11-16T22:56:47","date_gmt":"2014-11-17T01:56:47","guid":{"rendered":"http:\/\/www.notibras.com\/site\/?p=28554"},"modified":"2014-11-17T11:48:51","modified_gmt":"2014-11-17T14:48:51","slug":"kakay-manda-abrir-os-olhos-se-pegarem-as-empreiteiras-diz-o-brasil-para","status":"publish","type":"post","link":"https:\/\/www.notibras.com\/site\/kakay-manda-abrir-os-olhos-se-pegarem-as-empreiteiras-diz-o-brasil-para\/","title":{"rendered":"Kakay manda abrir os olhos. Se pegarem as empreiteiras, pa\u00eds para de uma hora a outra"},"content":{"rendered":"<p>Kakay &#8211; ou simplesmente Antonio Carlos de Almeida Castro -, \u00e9 advogado de boa parcela do peso-pesado do Produto Interno Bruto do Brasil. Em parte pela clientela, e em parte pelo que faz, est\u00e1 sempre ocupando espa\u00e7os generosos na m\u00eddia em momentos estrat\u00e9gicos. Como neste domingo 16, quando declarou em S\u00e3o Paulo que se a Justi\u00e7a bloquear as contas das empreiteiras envolvidas com o Petrol\u00e3o, o Pa\u00eds para.<\/p>\n<p>O advogado fez a declara\u00e7\u00e3o no dia de encerramento do Festival Piau\u00ed de Jornalismo. Se os representantes de parcela do PIB que vem da ind\u00fastria da constru\u00e7\u00e3o pesada for considerada inid\u00f4nea, enfatizou Kakay, haver\u00e1 um preju\u00edzo imensur\u00e1vel para a infraestrutura brasileira.<\/p>\n<blockquote><p>Para que n\u00e3o reste qualquer d\u00favida, eis a frase, literalmente: &#8220;Dentro da normalidade, voc\u00ea teria de declarar essas empresas inid\u00f4neas. Se elas forem declaradas inid\u00f4neas, voc\u00ea para o pa\u00eds&#8221;. Kakay elogiou, consequentemente, a atitude do juiz federal Sergio Moro de decretar a indisponibilidade de R$ 720 milh\u00f5es de executivos, mas ter se negado a tomar a mesma medida com os recursos das empresas.<\/p><\/blockquote>\n<p>Mas Kakay n\u00e3o deixou passar a oportunidade de acionar sua metralhadora girat\u00f3ria, muito conhecida em Bras\u00edlia. Tanto, que criticou a forma como o Minist\u00e9rio P\u00fablico Federal obteve o acordo de dela\u00e7\u00e3o premiada do ex-diretor da Petrobras Paulo Roberto Costa.<\/p>\n<p>&#8220;A dela\u00e7\u00e3o do jeito que est\u00e1 sendo feita n\u00e3o tem nenhuma previs\u00e3o legal. \u00c9 um absurdo&#8221;, sentenciou. Na avalia\u00e7\u00e3o do advogado, os procuradores usurparam o papel do juiz ao proporem que Costa seria solto se contasse tudo o que soubesse. &#8220;O Minist\u00e9rio P\u00fablico agiu como juiz&#8221;, criticou.<\/p>\n<p>O \u00faltimo tirou ele selecionou para o ex-ministro Joaquim Barbosa, que presidiu at\u00e9 recentemente o Supremo Tribunal Federal. Kakay atacou o jurista sem medir palavras. &#8220;\u00c9 uma pessoa inculta, que nunca trabalhou na vida. Esse cidad\u00e3o virou um her\u00f3i nacional na m\u00eddia&#8221;, concluiu, citando, de uma maneira gen\u00e9rica, a pr\u00f3pria m\u00eddia que lhe d\u00e1 espa\u00e7o.<\/p>\n<p><strong>Publicado originalmente em <a href=\"http:\/\/www.naredecomjoseseabra.com.br\" target=\"_blank\">naredecomjoseseabra.com.br<\/a><\/strong><\/p>\n","protected":false},"excerpt":{"rendered":"<p>Kakay &#8211; ou simplesmente Antonio Carlos de Almeida Castro -, \u00e9 advogado de boa parcela do peso-pesado do Produto Interno Bruto do Brasil. Em parte pela clientela, e em parte pelo que faz, est\u00e1 sempre ocupando espa\u00e7os generosos na m\u00eddia em momentos estrat\u00e9gicos. Como neste domingo 16, quando declarou em S\u00e3o Paulo que se a [&hellip;]<\/p>\n","protected":false},"author":2,"featured_media":28555,"comment_status":"open","ping_status":"closed","sticky":false,"template":"","format":"standard","meta":{"_acf_changed":false,"footnotes":""},"categories":[16],"tags":[],"class_list":["post-28554","post","type-post","status-publish","format-standard","has-post-thumbnail","hentry","category-brasil"],"acf":[],"yoast_head":"<!-- This site is optimized with the Yoast SEO plugin v27.2 - https:\/\/yoast.com\/product\/yoast-seo-wordpress\/ -->\n<title>Kakay manda abrir os olhos. Se pegarem as empreiteiras, pa\u00eds para de uma hora a outra - Notibras<\/title>\n<meta name=\"robots\" content=\"index, follow, max-snippet:-1, max-image-preview:large, max-video-preview:-1\" \/>\n<link rel=\"canonical\" href=\"https:\/\/www.notibras.com\/site\/kakay-manda-abrir-os-olhos-se-pegarem-as-empreiteiras-diz-o-brasil-para\/\" \/>\n<meta property=\"og:locale\" content=\"pt_BR\" \/>\n<meta property=\"og:type\" content=\"article\" \/>\n<meta property=\"og:title\" content=\"Kakay manda abrir os olhos. Se pegarem as empreiteiras, pa\u00eds para de uma hora a outra - Notibras\" \/>\n<meta property=\"og:description\" content=\"Kakay &#8211; ou simplesmente Antonio Carlos de Almeida Castro -, \u00e9 advogado de boa parcela do peso-pesado do Produto Interno Bruto do Brasil. Em parte pela clientela, e em parte pelo que faz, est\u00e1 sempre ocupando espa\u00e7os generosos na m\u00eddia em momentos estrat\u00e9gicos. Como neste domingo 16, quando declarou em S\u00e3o Paulo que se a [&hellip;]\" \/>\n<meta property=\"og:url\" content=\"https:\/\/www.notibras.com\/site\/kakay-manda-abrir-os-olhos-se-pegarem-as-empreiteiras-diz-o-brasil-para\/\" \/>\n<meta property=\"og:site_name\" content=\"Notibras\" \/>\n<meta property=\"article:publisher\" content=\"https:\/\/www.facebook.com\/notibras\/\" \/>\n<meta property=\"article:published_time\" content=\"2014-11-17T01:56:47+00:00\" \/>\n<meta property=\"article:modified_time\" content=\"2014-11-17T14:48:51+00:00\" \/>\n<meta property=\"og:image\" content=\"https:\/\/www.notibras.com\/site\/wp-content\/uploads\/2014\/11\/13315333.jpeg\" \/>\n\t<meta property=\"og:image:width\" content=\"635\" \/>\n\t<meta property=\"og:image:height\" content=\"423\" \/>\n\t<meta property=\"og:image:type\" content=\"image\/jpeg\" \/>\n<meta name=\"author\" content=\"Reda\u00e7\u00e3o\" \/>\n<meta name=\"twitter:card\" content=\"summary_large_image\" \/>\n<meta name=\"twitter:creator\" content=\"@Notibras\" \/>\n<meta name=\"twitter:site\" content=\"@Notibras\" \/>\n<meta name=\"twitter:label1\" content=\"Escrito por\" \/>\n\t<meta name=\"twitter:data1\" content=\"Reda\u00e7\u00e3o\" \/>\n\t<meta name=\"twitter:label2\" content=\"Est. tempo de leitura\" \/>\n\t<meta name=\"twitter:data2\" content=\"2 minutos\" \/>\n<script type=\"application\/ld+json\" class=\"yoast-schema-graph\">{\"@context\":\"https:\/\/schema.org\",\"@graph\":[{\"@type\":\"Article\",\"@id\":\"https:\/\/www.notibras.com\/site\/kakay-manda-abrir-os-olhos-se-pegarem-as-empreiteiras-diz-o-brasil-para\/#article\",\"isPartOf\":{\"@id\":\"https:\/\/www.notibras.com\/site\/kakay-manda-abrir-os-olhos-se-pegarem-as-empreiteiras-diz-o-brasil-para\/\"},\"author\":{\"name\":\"Reda\u00e7\u00e3o\",\"@id\":\"https:\/\/www.notibras.com\/site\/#\/schema\/person\/36ab0979449956132d3e5b517ea76ac8\"},\"headline\":\"Kakay manda abrir os olhos. Se pegarem as empreiteiras, pa\u00eds para de uma hora a outra\",\"datePublished\":\"2014-11-17T01:56:47+00:00\",\"dateModified\":\"2014-11-17T14:48:51+00:00\",\"mainEntityOfPage\":{\"@id\":\"https:\/\/www.notibras.com\/site\/kakay-manda-abrir-os-olhos-se-pegarem-as-empreiteiras-diz-o-brasil-para\/\"},\"wordCount\":369,\"commentCount\":0,\"publisher\":{\"@id\":\"https:\/\/www.notibras.com\/site\/#organization\"},\"image\":{\"@id\":\"https:\/\/www.notibras.com\/site\/kakay-manda-abrir-os-olhos-se-pegarem-as-empreiteiras-diz-o-brasil-para\/#primaryimage\"},\"thumbnailUrl\":\"https:\/\/www.notibras.com\/site\/wp-content\/uploads\/2014\/11\/13315333.jpeg\",\"articleSection\":[\"Brasil\"],\"inLanguage\":\"pt-BR\",\"potentialAction\":[{\"@type\":\"CommentAction\",\"name\":\"Comment\",\"target\":[\"https:\/\/www.notibras.com\/site\/kakay-manda-abrir-os-olhos-se-pegarem-as-empreiteiras-diz-o-brasil-para\/#respond\"]}]},{\"@type\":\"WebPage\",\"@id\":\"https:\/\/www.notibras.com\/site\/kakay-manda-abrir-os-olhos-se-pegarem-as-empreiteiras-diz-o-brasil-para\/\",\"url\":\"https:\/\/www.notibras.com\/site\/kakay-manda-abrir-os-olhos-se-pegarem-as-empreiteiras-diz-o-brasil-para\/\",\"name\":\"Kakay manda abrir os olhos. Se pegarem as empreiteiras, pa\u00eds para de uma hora a outra - Notibras\",\"isPartOf\":{\"@id\":\"https:\/\/www.notibras.com\/site\/#website\"},\"primaryImageOfPage\":{\"@id\":\"https:\/\/www.notibras.com\/site\/kakay-manda-abrir-os-olhos-se-pegarem-as-empreiteiras-diz-o-brasil-para\/#primaryimage\"},\"image\":{\"@id\":\"https:\/\/www.notibras.com\/site\/kakay-manda-abrir-os-olhos-se-pegarem-as-empreiteiras-diz-o-brasil-para\/#primaryimage\"},\"thumbnailUrl\":\"https:\/\/www.notibras.com\/site\/wp-content\/uploads\/2014\/11\/13315333.jpeg\",\"datePublished\":\"2014-11-17T01:56:47+00:00\",\"dateModified\":\"2014-11-17T14:48:51+00:00\",\"breadcrumb\":{\"@id\":\"https:\/\/www.notibras.com\/site\/kakay-manda-abrir-os-olhos-se-pegarem-as-empreiteiras-diz-o-brasil-para\/#breadcrumb\"},\"inLanguage\":\"pt-BR\",\"potentialAction\":[{\"@type\":\"ReadAction\",\"target\":[\"https:\/\/www.notibras.com\/site\/kakay-manda-abrir-os-olhos-se-pegarem-as-empreiteiras-diz-o-brasil-para\/\"]}]},{\"@type\":\"ImageObject\",\"inLanguage\":\"pt-BR\",\"@id\":\"https:\/\/www.notibras.com\/site\/kakay-manda-abrir-os-olhos-se-pegarem-as-empreiteiras-diz-o-brasil-para\/#primaryimage\",\"url\":\"https:\/\/www.notibras.com\/site\/wp-content\/uploads\/2014\/11\/13315333.jpeg\",\"contentUrl\":\"https:\/\/www.notibras.com\/site\/wp-content\/uploads\/2014\/11\/13315333.jpeg\",\"width\":635,\"height\":423},{\"@type\":\"BreadcrumbList\",\"@id\":\"https:\/\/www.notibras.com\/site\/kakay-manda-abrir-os-olhos-se-pegarem-as-empreiteiras-diz-o-brasil-para\/#breadcrumb\",\"itemListElement\":[{\"@type\":\"ListItem\",\"position\":1,\"name\":\"In\u00edcio\",\"item\":\"https:\/\/www.notibras.com\/site\/\"},{\"@type\":\"ListItem\",\"position\":2,\"name\":\"Kakay manda abrir os olhos. Se pegarem as empreiteiras, pa\u00eds para de uma hora a outra\"}]},{\"@type\":\"WebSite\",\"@id\":\"https:\/\/www.notibras.com\/site\/#website\",\"url\":\"https:\/\/www.notibras.com\/site\/\",\"name\":\"Notibras\",\"description\":\"Not\u00edcias de Bras\u00edlia, do Brasil e do Mundo\",\"publisher\":{\"@id\":\"https:\/\/www.notibras.com\/site\/#organization\"},\"potentialAction\":[{\"@type\":\"SearchAction\",\"target\":{\"@type\":\"EntryPoint\",\"urlTemplate\":\"https:\/\/www.notibras.com\/site\/?s={search_term_string}\"},\"query-input\":{\"@type\":\"PropertyValueSpecification\",\"valueRequired\":true,\"valueName\":\"search_term_string\"}}],\"inLanguage\":\"pt-BR\"},{\"@type\":\"Organization\",\"@id\":\"https:\/\/www.notibras.com\/site\/#organization\",\"name\":\"Grupo Notibras de Comunica\u00e7\u00e3o\",\"url\":\"https:\/\/www.notibras.com\/site\/\",\"logo\":{\"@type\":\"ImageObject\",\"inLanguage\":\"pt-BR\",\"@id\":\"https:\/\/www.notibras.com\/site\/#\/schema\/logo\/image\/\",\"url\":\"https:\/\/www.notibras.com\/site\/wp-content\/uploads\/2023\/01\/notibras23.png\",\"contentUrl\":\"https:\/\/www.notibras.com\/site\/wp-content\/uploads\/2023\/01\/notibras23.png\",\"width\":350,\"height\":87,\"caption\":\"Grupo Notibras de Comunica\u00e7\u00e3o\"},\"image\":{\"@id\":\"https:\/\/www.notibras.com\/site\/#\/schema\/logo\/image\/\"},\"sameAs\":[\"https:\/\/www.facebook.com\/notibras\/\",\"https:\/\/x.com\/Notibras\",\"https:\/\/www.instagram.com\/notibras\/\"]},{\"@type\":\"Person\",\"@id\":\"https:\/\/www.notibras.com\/site\/#\/schema\/person\/36ab0979449956132d3e5b517ea76ac8\",\"name\":\"Reda\u00e7\u00e3o\",\"image\":{\"@type\":\"ImageObject\",\"inLanguage\":\"pt-BR\",\"@id\":\"https:\/\/secure.gravatar.com\/avatar\/e0a867bdedb85fd243eadf09663511f96fc81e0720a4a42581f334ad4303aa6b?s=96&d=mm&r=g\",\"url\":\"https:\/\/secure.gravatar.com\/avatar\/e0a867bdedb85fd243eadf09663511f96fc81e0720a4a42581f334ad4303aa6b?s=96&d=mm&r=g\",\"contentUrl\":\"https:\/\/secure.gravatar.com\/avatar\/e0a867bdedb85fd243eadf09663511f96fc81e0720a4a42581f334ad4303aa6b?s=96&d=mm&r=g\",\"caption\":\"Reda\u00e7\u00e3o\"}}]}<\/script>\n<!-- \/ Yoast SEO plugin. -->","yoast_head_json":{"title":"Kakay manda abrir os olhos. Se pegarem as empreiteiras, pa\u00eds para de uma hora a outra - Notibras","robots":{"index":"index","follow":"follow","max-snippet":"max-snippet:-1","max-image-preview":"max-image-preview:large","max-video-preview":"max-video-preview:-1"},"canonical":"https:\/\/www.notibras.com\/site\/kakay-manda-abrir-os-olhos-se-pegarem-as-empreiteiras-diz-o-brasil-para\/","og_locale":"pt_BR","og_type":"article","og_title":"Kakay manda abrir os olhos. Se pegarem as empreiteiras, pa\u00eds para de uma hora a outra - Notibras","og_description":"Kakay &#8211; ou simplesmente Antonio Carlos de Almeida Castro -, \u00e9 advogado de boa parcela do peso-pesado do Produto Interno Bruto do Brasil. Em parte pela clientela, e em parte pelo que faz, est\u00e1 sempre ocupando espa\u00e7os generosos na m\u00eddia em momentos estrat\u00e9gicos. Como neste domingo 16, quando declarou em S\u00e3o Paulo que se a [&hellip;]","og_url":"https:\/\/www.notibras.com\/site\/kakay-manda-abrir-os-olhos-se-pegarem-as-empreiteiras-diz-o-brasil-para\/","og_site_name":"Notibras","article_publisher":"https:\/\/www.facebook.com\/notibras\/","article_published_time":"2014-11-17T01:56:47+00:00","article_modified_time":"2014-11-17T14:48:51+00:00","og_image":[{"width":635,"height":423,"url":"https:\/\/www.notibras.com\/site\/wp-content\/uploads\/2014\/11\/13315333.jpeg","type":"image\/jpeg"}],"author":"Reda\u00e7\u00e3o","twitter_card":"summary_large_image","twitter_creator":"@Notibras","twitter_site":"@Notibras","twitter_misc":{"Escrito por":"Reda\u00e7\u00e3o","Est. tempo de leitura":"2 minutos"},"schema":{"@context":"https:\/\/schema.org","@graph":[{"@type":"Article","@id":"https:\/\/www.notibras.com\/site\/kakay-manda-abrir-os-olhos-se-pegarem-as-empreiteiras-diz-o-brasil-para\/#article","isPartOf":{"@id":"https:\/\/www.notibras.com\/site\/kakay-manda-abrir-os-olhos-se-pegarem-as-empreiteiras-diz-o-brasil-para\/"},"author":{"name":"Reda\u00e7\u00e3o","@id":"https:\/\/www.notibras.com\/site\/#\/schema\/person\/36ab0979449956132d3e5b517ea76ac8"},"headline":"Kakay manda abrir os olhos. Se pegarem as empreiteiras, pa\u00eds para de uma hora a outra","datePublished":"2014-11-17T01:56:47+00:00","dateModified":"2014-11-17T14:48:51+00:00","mainEntityOfPage":{"@id":"https:\/\/www.notibras.com\/site\/kakay-manda-abrir-os-olhos-se-pegarem-as-empreiteiras-diz-o-brasil-para\/"},"wordCount":369,"commentCount":0,"publisher":{"@id":"https:\/\/www.notibras.com\/site\/#organization"},"image":{"@id":"https:\/\/www.notibras.com\/site\/kakay-manda-abrir-os-olhos-se-pegarem-as-empreiteiras-diz-o-brasil-para\/#primaryimage"},"thumbnailUrl":"https:\/\/www.notibras.com\/site\/wp-content\/uploads\/2014\/11\/13315333.jpeg","articleSection":["Brasil"],"inLanguage":"pt-BR","potentialAction":[{"@type":"CommentAction","name":"Comment","target":["https:\/\/www.notibras.com\/site\/kakay-manda-abrir-os-olhos-se-pegarem-as-empreiteiras-diz-o-brasil-para\/#respond"]}]},{"@type":"WebPage","@id":"https:\/\/www.notibras.com\/site\/kakay-manda-abrir-os-olhos-se-pegarem-as-empreiteiras-diz-o-brasil-para\/","url":"https:\/\/www.notibras.com\/site\/kakay-manda-abrir-os-olhos-se-pegarem-as-empreiteiras-diz-o-brasil-para\/","name":"Kakay manda abrir os olhos. Se pegarem as empreiteiras, pa\u00eds para de uma hora a outra - Notibras","isPartOf":{"@id":"https:\/\/www.notibras.com\/site\/#website"},"primaryImageOfPage":{"@id":"https:\/\/www.notibras.com\/site\/kakay-manda-abrir-os-olhos-se-pegarem-as-empreiteiras-diz-o-brasil-para\/#primaryimage"},"image":{"@id":"https:\/\/www.notibras.com\/site\/kakay-manda-abrir-os-olhos-se-pegarem-as-empreiteiras-diz-o-brasil-para\/#primaryimage"},"thumbnailUrl":"https:\/\/www.notibras.com\/site\/wp-content\/uploads\/2014\/11\/13315333.jpeg","datePublished":"2014-11-17T01:56:47+00:00","dateModified":"2014-11-17T14:48:51+00:00","breadcrumb":{"@id":"https:\/\/www.notibras.com\/site\/kakay-manda-abrir-os-olhos-se-pegarem-as-empreiteiras-diz-o-brasil-para\/#breadcrumb"},"inLanguage":"pt-BR","potentialAction":[{"@type":"ReadAction","target":["https:\/\/www.notibras.com\/site\/kakay-manda-abrir-os-olhos-se-pegarem-as-empreiteiras-diz-o-brasil-para\/"]}]},{"@type":"ImageObject","inLanguage":"pt-BR","@id":"https:\/\/www.notibras.com\/site\/kakay-manda-abrir-os-olhos-se-pegarem-as-empreiteiras-diz-o-brasil-para\/#primaryimage","url":"https:\/\/www.notibras.com\/site\/wp-content\/uploads\/2014\/11\/13315333.jpeg","contentUrl":"https:\/\/www.notibras.com\/site\/wp-content\/uploads\/2014\/11\/13315333.jpeg","width":635,"height":423},{"@type":"BreadcrumbList","@id":"https:\/\/www.notibras.com\/site\/kakay-manda-abrir-os-olhos-se-pegarem-as-empreiteiras-diz-o-brasil-para\/#breadcrumb","itemListElement":[{"@type":"ListItem","position":1,"name":"In\u00edcio","item":"https:\/\/www.notibras.com\/site\/"},{"@type":"ListItem","position":2,"name":"Kakay manda abrir os olhos. Se pegarem as empreiteiras, pa\u00eds para de uma hora a outra"}]},{"@type":"WebSite","@id":"https:\/\/www.notibras.com\/site\/#website","url":"https:\/\/www.notibras.com\/site\/","name":"Notibras","description":"Not\u00edcias de Bras\u00edlia, do Brasil e do Mundo","publisher":{"@id":"https:\/\/www.notibras.com\/site\/#organization"},"potentialAction":[{"@type":"SearchAction","target":{"@type":"EntryPoint","urlTemplate":"https:\/\/www.notibras.com\/site\/?s={search_term_string}"},"query-input":{"@type":"PropertyValueSpecification","valueRequired":true,"valueName":"search_term_string"}}],"inLanguage":"pt-BR"},{"@type":"Organization","@id":"https:\/\/www.notibras.com\/site\/#organization","name":"Grupo Notibras de Comunica\u00e7\u00e3o","url":"https:\/\/www.notibras.com\/site\/","logo":{"@type":"ImageObject","inLanguage":"pt-BR","@id":"https:\/\/www.notibras.com\/site\/#\/schema\/logo\/image\/","url":"https:\/\/www.notibras.com\/site\/wp-content\/uploads\/2023\/01\/notibras23.png","contentUrl":"https:\/\/www.notibras.com\/site\/wp-content\/uploads\/2023\/01\/notibras23.png","width":350,"height":87,"caption":"Grupo Notibras de Comunica\u00e7\u00e3o"},"image":{"@id":"https:\/\/www.notibras.com\/site\/#\/schema\/logo\/image\/"},"sameAs":["https:\/\/www.facebook.com\/notibras\/","https:\/\/x.com\/Notibras","https:\/\/www.instagram.com\/notibras\/"]},{"@type":"Person","@id":"https:\/\/www.notibras.com\/site\/#\/schema\/person\/36ab0979449956132d3e5b517ea76ac8","name":"Reda\u00e7\u00e3o","image":{"@type":"ImageObject","inLanguage":"pt-BR","@id":"https:\/\/secure.gravatar.com\/avatar\/e0a867bdedb85fd243eadf09663511f96fc81e0720a4a42581f334ad4303aa6b?s=96&d=mm&r=g","url":"https:\/\/secure.gravatar.com\/avatar\/e0a867bdedb85fd243eadf09663511f96fc81e0720a4a42581f334ad4303aa6b?s=96&d=mm&r=g","contentUrl":"https:\/\/secure.gravatar.com\/avatar\/e0a867bdedb85fd243eadf09663511f96fc81e0720a4a42581f334ad4303aa6b?s=96&d=mm&r=g","caption":"Reda\u00e7\u00e3o"}}]}},"amp_enabled":true,"_links":{"self":[{"href":"https:\/\/www.notibras.com\/site\/wp-json\/wp\/v2\/posts\/28554","targetHints":{"allow":["GET"]}}],"collection":[{"href":"https:\/\/www.notibras.com\/site\/wp-json\/wp\/v2\/posts"}],"about":[{"href":"https:\/\/www.notibras.com\/site\/wp-json\/wp\/v2\/types\/post"}],"author":[{"embeddable":true,"href":"https:\/\/www.notibras.com\/site\/wp-json\/wp\/v2\/users\/2"}],"replies":[{"embeddable":true,"href":"https:\/\/www.notibras.com\/site\/wp-json\/wp\/v2\/comments?post=28554"}],"version-history":[{"count":0,"href":"https:\/\/www.notibras.com\/site\/wp-json\/wp\/v2\/posts\/28554\/revisions"}],"wp:featuredmedia":[{"embeddable":true,"href":"https:\/\/www.notibras.com\/site\/wp-json\/wp\/v2\/media\/28555"}],"wp:attachment":[{"href":"https:\/\/www.notibras.com\/site\/wp-json\/wp\/v2\/media?parent=28554"}],"wp:term":[{"taxonomy":"category","embeddable":true,"href":"https:\/\/www.notibras.com\/site\/wp-json\/wp\/v2\/categories?post=28554"},{"taxonomy":"post_tag","embeddable":true,"href":"https:\/\/www.notibras.com\/site\/wp-json\/wp\/v2\/tags?post=28554"}],"curies":[{"name":"wp","href":"https:\/\/api.w.org\/{rel}","templated":true}]}}