{"id":285634,"date":"2022-05-16T14:14:21","date_gmt":"2022-05-16T17:14:21","guid":{"rendered":"https:\/\/www.notibras.com\/site\/?p=285634"},"modified":"2022-05-16T15:24:47","modified_gmt":"2022-05-16T18:24:47","slug":"turquia-veta-entradas-de-suecia-e-finlandia-e-abre-crise-na-otan","status":"publish","type":"post","link":"https:\/\/www.notibras.com\/site\/turquia-veta-entradas-de-suecia-e-finlandia-e-abre-crise-na-otan\/","title":{"rendered":"Turquia veta entradas de Su\u00e9cia e Finl\u00e2ndia e abre crise na Otan"},"content":{"rendered":"<p>A Otan (organiza\u00e7\u00e3o de defesa militar que re\u00fane os principais da Europa, al\u00e9m de Estados Unidos e Canad\u00e1) est\u00e1 \u00e0 beira de sua maior crise. Motivo: o ingresso da Finl\u00e2ndia e da Su\u00e9cia no grupo, em meio \u00e0 guerra da R\u00fassia contra a Ucr\u00e2nia. Nesta segunda, 16, a Turquia bateu na mesa e vetou a entrada dos dois supostos novos membros. Os estatutos da organiza\u00e7\u00e3o determinam que um veto impede a chegada de qualquer outro Estado.<\/p>\n<p>A Turquia n\u00e3o pode dizer &#8220;sim&#8221; \u00e0 ades\u00e3o da Finl\u00e2ndia e da Su\u00e9cia, afirmou categoricamente o presidente turco Recep Tayyip Erdogan. &#8220;N\u00e3o, n\u00e3o, n\u00e3o. O sim levar\u00e1 a Otan \u00e0 condi\u00e7\u00e3o de abrigo de terroristas, e n\u00e3o mais uma organiza\u00e7\u00e3o de seguran\u00e7a europeia&#8221;, enfatizou.<\/p>\n<p>Segundo o presidente turco, Ancara n\u00e3o pode acreditar nas garantias da dupla n\u00f3rdica de que n\u00e3o apoiar\u00e1 &#8220;terroristas&#8221;. A Turquia classifica como &#8220;terroristas&#8221; curdos residentes na Su\u00e9cia e na Finl\u00e2ndia que s\u00e3o suspeitos de serem ligados ao Partido dos Trabalhadores do Curdist\u00e3o, proibido por Ancara e pelo movimento G\u00fclen. Os governos sueco e finland\u00eas imp\u00f5em san\u00e7\u00f5es aos turcos h\u00e1 v\u00e1rias d\u00e9cadas.<\/p>\n<p>Erdogan admitiu conversar com delega\u00e7\u00f5es da Finl\u00e2ndia e da Su\u00e9cia, mas avisou que n\u00e3o conseguir\u00e3o mudar o ponto de vista de Ancara. Ele reiterou que a Turquia n\u00e3o queria repetir o mesmo \u201cerro\u201d quando concordou em readmitir sua rival regional Gr\u00e9cia na ala militar da Otan em 1980.<\/p>\n<p>Tanto Estocolmo quanto Helsinque anunciaram oficialmente sua inten\u00e7\u00e3o de se candidatar \u00e0 ades\u00e3o \u00e0 Otan ap\u00f3s o lan\u00e7amento da opera\u00e7\u00e3o militar especial da R\u00fassia na Ucr\u00e2nia. No entanto, a Turquia alertou que poderia bloquear a expans\u00e3o da alian\u00e7a de 30 membros, acusando os dois pa\u00edses de apoiarem militantes curdos que Ancara considera terroristas.<\/p>\n<p>De acordo com Ancara, a Su\u00e9cia e a Finl\u00e2ndia at\u00e9 agora rejeitaram os pedidos da Turquia para extraditar um total de 33 suspeitos supostamente ligados ao PKK e ao movimento G\u00fclen, que, acredita o governo de Erdogan, estava por tr\u00e1s da tentativa fracassada de golpe em 2016. Helsinque prop\u00f4s trabalhar com Ancara para uma solu\u00e7\u00e3o, j\u00e1 que o governo turco exige &#8220;garantias de seguran\u00e7a&#8221; dos estados n\u00f3rdicos e o levantamento de suas restri\u00e7\u00f5es de exporta\u00e7\u00e3o de defesa no pa\u00eds.<\/p>\n<p>V\u00e1rios pa\u00edses europeus, incluindo Su\u00e9cia e Finl\u00e2ndia, congelaram as exporta\u00e7\u00f5es de armas para a Turquia ap\u00f3s sua opera\u00e7\u00e3o militar no norte da S\u00edria no outono de 2019.<\/p>\n<p>&#8220;Nossa postura \u00e9 perfeitamente aberta e clara. Isso n\u00e3o \u00e9 uma amea\u00e7a, n\u00e3o \u00e9 uma negocia\u00e7\u00e3o em que estamos tentando alavancar nossos interesses. Isso tamb\u00e9m n\u00e3o \u00e9 populismo. Isso \u00e9 claramente sobre o apoio de dois poss\u00edveis Estados membros ao terrorismo e nossas observa\u00e7\u00f5es s\u00f3lidas sobre isso, \u00e9 isso que compartilhamos&#8221;, disse o ministro das Rela\u00e7\u00f5es Exteriores da Turquia, Mevlut Cavusoglu, endossando as palavras o presidente.<\/p>\n<p>Quando a Su\u00e9cia e a Finl\u00e2ndia anunciaram suas candidaturas \u00e0 Otan, Moscou expressou suas preocupa\u00e7\u00f5es sobre uma poss\u00edvel expans\u00e3o da alian\u00e7a, enfatizando que isso desencadearia uma resposta adequada. O porta-voz do Kremlin, Dmitry Peskov, alertou que \u201ca \u00faltima expans\u00e3o da Otan n\u00e3o tornar\u00e1 nosso continente mais est\u00e1vel e seguro\u201d, o que for\u00e7aria a R\u00fassia a adotar medidas &#8220;para equilibrar as for\u00e7as&#8221;.<\/p>\n","protected":false},"excerpt":{"rendered":"<p>A Otan (organiza\u00e7\u00e3o de defesa militar que re\u00fane os principais da Europa, al\u00e9m de Estados Unidos e Canad\u00e1) est\u00e1 \u00e0 beira de sua maior crise. Motivo: o ingresso da Finl\u00e2ndia e da Su\u00e9cia no grupo, em meio \u00e0 guerra da R\u00fassia contra a Ucr\u00e2nia. Nesta segunda, 16, a Turquia bateu na mesa e vetou a [&hellip;]<\/p>\n","protected":false},"author":2,"featured_media":285635,"comment_status":"closed","ping_status":"closed","sticky":false,"template":"","format":"standard","meta":{"_acf_changed":false,"footnotes":""},"categories":[159],"tags":[95],"class_list":["post-285634","post","type-post","status-publish","format-standard","has-post-thumbnail","hentry","category-apocalipse","tag-capa"],"acf":[],"yoast_head":"<!-- This site is optimized with the Yoast SEO plugin v27.2 - https:\/\/yoast.com\/product\/yoast-seo-wordpress\/ -->\n<title>Turquia veta entradas de Su\u00e9cia e Finl\u00e2ndia e abre crise na Otan - Notibras<\/title>\n<meta name=\"robots\" content=\"index, follow, max-snippet:-1, max-image-preview:large, max-video-preview:-1\" \/>\n<link rel=\"canonical\" href=\"https:\/\/www.notibras.com\/site\/turquia-veta-entradas-de-suecia-e-finlandia-e-abre-crise-na-otan\/\" \/>\n<meta property=\"og:locale\" content=\"pt_BR\" \/>\n<meta property=\"og:type\" content=\"article\" \/>\n<meta property=\"og:title\" content=\"Turquia veta entradas de Su\u00e9cia e Finl\u00e2ndia e abre crise na Otan - Notibras\" \/>\n<meta property=\"og:description\" content=\"A Otan (organiza\u00e7\u00e3o de defesa militar que re\u00fane os principais da Europa, al\u00e9m de Estados Unidos e Canad\u00e1) est\u00e1 \u00e0 beira de sua maior crise. Motivo: o ingresso da Finl\u00e2ndia e da Su\u00e9cia no grupo, em meio \u00e0 guerra da R\u00fassia contra a Ucr\u00e2nia. Nesta segunda, 16, a Turquia bateu na mesa e vetou a [&hellip;]\" \/>\n<meta property=\"og:url\" content=\"https:\/\/www.notibras.com\/site\/turquia-veta-entradas-de-suecia-e-finlandia-e-abre-crise-na-otan\/\" \/>\n<meta property=\"og:site_name\" content=\"Notibras\" \/>\n<meta property=\"article:publisher\" content=\"https:\/\/www.facebook.com\/notibras\/\" \/>\n<meta property=\"article:published_time\" content=\"2022-05-16T17:14:21+00:00\" \/>\n<meta property=\"article:modified_time\" content=\"2022-05-16T18:24:47+00:00\" \/>\n<meta property=\"og:image\" content=\"https:\/\/www.notibras.com\/site\/wp-content\/uploads\/2022\/05\/erdogan.otan_.webp\" \/>\n\t<meta property=\"og:image:width\" content=\"1920\" \/>\n\t<meta property=\"og:image:height\" content=\"1079\" \/>\n\t<meta property=\"og:image:type\" content=\"image\/webp\" \/>\n<meta name=\"author\" content=\"Reda\u00e7\u00e3o\" \/>\n<meta name=\"twitter:card\" content=\"summary_large_image\" \/>\n<meta name=\"twitter:creator\" content=\"@Notibras\" \/>\n<meta name=\"twitter:site\" content=\"@Notibras\" \/>\n<meta name=\"twitter:label1\" content=\"Escrito por\" \/>\n\t<meta name=\"twitter:data1\" content=\"Reda\u00e7\u00e3o\" \/>\n\t<meta name=\"twitter:label2\" content=\"Est. tempo de leitura\" \/>\n\t<meta name=\"twitter:data2\" content=\"3 minutos\" \/>\n<script type=\"application\/ld+json\" class=\"yoast-schema-graph\">{\"@context\":\"https:\/\/schema.org\",\"@graph\":[{\"@type\":\"Article\",\"@id\":\"https:\/\/www.notibras.com\/site\/turquia-veta-entradas-de-suecia-e-finlandia-e-abre-crise-na-otan\/#article\",\"isPartOf\":{\"@id\":\"https:\/\/www.notibras.com\/site\/turquia-veta-entradas-de-suecia-e-finlandia-e-abre-crise-na-otan\/\"},\"author\":{\"name\":\"Reda\u00e7\u00e3o\",\"@id\":\"https:\/\/www.notibras.com\/site\/#\/schema\/person\/36ab0979449956132d3e5b517ea76ac8\"},\"headline\":\"Turquia veta entradas de Su\u00e9cia e Finl\u00e2ndia e abre crise na Otan\",\"datePublished\":\"2022-05-16T17:14:21+00:00\",\"dateModified\":\"2022-05-16T18:24:47+00:00\",\"mainEntityOfPage\":{\"@id\":\"https:\/\/www.notibras.com\/site\/turquia-veta-entradas-de-suecia-e-finlandia-e-abre-crise-na-otan\/\"},\"wordCount\":600,\"publisher\":{\"@id\":\"https:\/\/www.notibras.com\/site\/#organization\"},\"image\":{\"@id\":\"https:\/\/www.notibras.com\/site\/turquia-veta-entradas-de-suecia-e-finlandia-e-abre-crise-na-otan\/#primaryimage\"},\"thumbnailUrl\":\"https:\/\/www.notibras.com\/site\/wp-content\/uploads\/2022\/05\/erdogan.otan_.webp\",\"keywords\":[\"capa\"],\"articleSection\":[\"Apocalipse\"],\"inLanguage\":\"pt-BR\"},{\"@type\":\"WebPage\",\"@id\":\"https:\/\/www.notibras.com\/site\/turquia-veta-entradas-de-suecia-e-finlandia-e-abre-crise-na-otan\/\",\"url\":\"https:\/\/www.notibras.com\/site\/turquia-veta-entradas-de-suecia-e-finlandia-e-abre-crise-na-otan\/\",\"name\":\"Turquia veta entradas de Su\u00e9cia e Finl\u00e2ndia e abre crise na Otan - Notibras\",\"isPartOf\":{\"@id\":\"https:\/\/www.notibras.com\/site\/#website\"},\"primaryImageOfPage\":{\"@id\":\"https:\/\/www.notibras.com\/site\/turquia-veta-entradas-de-suecia-e-finlandia-e-abre-crise-na-otan\/#primaryimage\"},\"image\":{\"@id\":\"https:\/\/www.notibras.com\/site\/turquia-veta-entradas-de-suecia-e-finlandia-e-abre-crise-na-otan\/#primaryimage\"},\"thumbnailUrl\":\"https:\/\/www.notibras.com\/site\/wp-content\/uploads\/2022\/05\/erdogan.otan_.webp\",\"datePublished\":\"2022-05-16T17:14:21+00:00\",\"dateModified\":\"2022-05-16T18:24:47+00:00\",\"breadcrumb\":{\"@id\":\"https:\/\/www.notibras.com\/site\/turquia-veta-entradas-de-suecia-e-finlandia-e-abre-crise-na-otan\/#breadcrumb\"},\"inLanguage\":\"pt-BR\",\"potentialAction\":[{\"@type\":\"ReadAction\",\"target\":[\"https:\/\/www.notibras.com\/site\/turquia-veta-entradas-de-suecia-e-finlandia-e-abre-crise-na-otan\/\"]}]},{\"@type\":\"ImageObject\",\"inLanguage\":\"pt-BR\",\"@id\":\"https:\/\/www.notibras.com\/site\/turquia-veta-entradas-de-suecia-e-finlandia-e-abre-crise-na-otan\/#primaryimage\",\"url\":\"https:\/\/www.notibras.com\/site\/wp-content\/uploads\/2022\/05\/erdogan.otan_.webp\",\"contentUrl\":\"https:\/\/www.notibras.com\/site\/wp-content\/uploads\/2022\/05\/erdogan.otan_.webp\",\"width\":1920,\"height\":1079},{\"@type\":\"BreadcrumbList\",\"@id\":\"https:\/\/www.notibras.com\/site\/turquia-veta-entradas-de-suecia-e-finlandia-e-abre-crise-na-otan\/#breadcrumb\",\"itemListElement\":[{\"@type\":\"ListItem\",\"position\":1,\"name\":\"In\u00edcio\",\"item\":\"https:\/\/www.notibras.com\/site\/\"},{\"@type\":\"ListItem\",\"position\":2,\"name\":\"Turquia veta entradas de Su\u00e9cia e Finl\u00e2ndia e abre crise na Otan\"}]},{\"@type\":\"WebSite\",\"@id\":\"https:\/\/www.notibras.com\/site\/#website\",\"url\":\"https:\/\/www.notibras.com\/site\/\",\"name\":\"Notibras\",\"description\":\"Not\u00edcias de Bras\u00edlia, do Brasil e do Mundo\",\"publisher\":{\"@id\":\"https:\/\/www.notibras.com\/site\/#organization\"},\"potentialAction\":[{\"@type\":\"SearchAction\",\"target\":{\"@type\":\"EntryPoint\",\"urlTemplate\":\"https:\/\/www.notibras.com\/site\/?s={search_term_string}\"},\"query-input\":{\"@type\":\"PropertyValueSpecification\",\"valueRequired\":true,\"valueName\":\"search_term_string\"}}],\"inLanguage\":\"pt-BR\"},{\"@type\":\"Organization\",\"@id\":\"https:\/\/www.notibras.com\/site\/#organization\",\"name\":\"Grupo Notibras de Comunica\u00e7\u00e3o\",\"url\":\"https:\/\/www.notibras.com\/site\/\",\"logo\":{\"@type\":\"ImageObject\",\"inLanguage\":\"pt-BR\",\"@id\":\"https:\/\/www.notibras.com\/site\/#\/schema\/logo\/image\/\",\"url\":\"https:\/\/www.notibras.com\/site\/wp-content\/uploads\/2023\/01\/notibras23.png\",\"contentUrl\":\"https:\/\/www.notibras.com\/site\/wp-content\/uploads\/2023\/01\/notibras23.png\",\"width\":350,\"height\":87,\"caption\":\"Grupo Notibras de Comunica\u00e7\u00e3o\"},\"image\":{\"@id\":\"https:\/\/www.notibras.com\/site\/#\/schema\/logo\/image\/\"},\"sameAs\":[\"https:\/\/www.facebook.com\/notibras\/\",\"https:\/\/x.com\/Notibras\",\"https:\/\/www.instagram.com\/notibras\/\"]},{\"@type\":\"Person\",\"@id\":\"https:\/\/www.notibras.com\/site\/#\/schema\/person\/36ab0979449956132d3e5b517ea76ac8\",\"name\":\"Reda\u00e7\u00e3o\",\"image\":{\"@type\":\"ImageObject\",\"inLanguage\":\"pt-BR\",\"@id\":\"https:\/\/secure.gravatar.com\/avatar\/e0a867bdedb85fd243eadf09663511f96fc81e0720a4a42581f334ad4303aa6b?s=96&d=mm&r=g\",\"url\":\"https:\/\/secure.gravatar.com\/avatar\/e0a867bdedb85fd243eadf09663511f96fc81e0720a4a42581f334ad4303aa6b?s=96&d=mm&r=g\",\"contentUrl\":\"https:\/\/secure.gravatar.com\/avatar\/e0a867bdedb85fd243eadf09663511f96fc81e0720a4a42581f334ad4303aa6b?s=96&d=mm&r=g\",\"caption\":\"Reda\u00e7\u00e3o\"}}]}<\/script>\n<!-- \/ Yoast SEO plugin. -->","yoast_head_json":{"title":"Turquia veta entradas de Su\u00e9cia e Finl\u00e2ndia e abre crise na Otan - Notibras","robots":{"index":"index","follow":"follow","max-snippet":"max-snippet:-1","max-image-preview":"max-image-preview:large","max-video-preview":"max-video-preview:-1"},"canonical":"https:\/\/www.notibras.com\/site\/turquia-veta-entradas-de-suecia-e-finlandia-e-abre-crise-na-otan\/","og_locale":"pt_BR","og_type":"article","og_title":"Turquia veta entradas de Su\u00e9cia e Finl\u00e2ndia e abre crise na Otan - Notibras","og_description":"A Otan (organiza\u00e7\u00e3o de defesa militar que re\u00fane os principais da Europa, al\u00e9m de Estados Unidos e Canad\u00e1) est\u00e1 \u00e0 beira de sua maior crise. Motivo: o ingresso da Finl\u00e2ndia e da Su\u00e9cia no grupo, em meio \u00e0 guerra da R\u00fassia contra a Ucr\u00e2nia. Nesta segunda, 16, a Turquia bateu na mesa e vetou a [&hellip;]","og_url":"https:\/\/www.notibras.com\/site\/turquia-veta-entradas-de-suecia-e-finlandia-e-abre-crise-na-otan\/","og_site_name":"Notibras","article_publisher":"https:\/\/www.facebook.com\/notibras\/","article_published_time":"2022-05-16T17:14:21+00:00","article_modified_time":"2022-05-16T18:24:47+00:00","og_image":[{"width":1920,"height":1079,"url":"https:\/\/www.notibras.com\/site\/wp-content\/uploads\/2022\/05\/erdogan.otan_.webp","type":"image\/webp"}],"author":"Reda\u00e7\u00e3o","twitter_card":"summary_large_image","twitter_creator":"@Notibras","twitter_site":"@Notibras","twitter_misc":{"Escrito por":"Reda\u00e7\u00e3o","Est. tempo de leitura":"3 minutos"},"schema":{"@context":"https:\/\/schema.org","@graph":[{"@type":"Article","@id":"https:\/\/www.notibras.com\/site\/turquia-veta-entradas-de-suecia-e-finlandia-e-abre-crise-na-otan\/#article","isPartOf":{"@id":"https:\/\/www.notibras.com\/site\/turquia-veta-entradas-de-suecia-e-finlandia-e-abre-crise-na-otan\/"},"author":{"name":"Reda\u00e7\u00e3o","@id":"https:\/\/www.notibras.com\/site\/#\/schema\/person\/36ab0979449956132d3e5b517ea76ac8"},"headline":"Turquia veta entradas de Su\u00e9cia e Finl\u00e2ndia e abre crise na Otan","datePublished":"2022-05-16T17:14:21+00:00","dateModified":"2022-05-16T18:24:47+00:00","mainEntityOfPage":{"@id":"https:\/\/www.notibras.com\/site\/turquia-veta-entradas-de-suecia-e-finlandia-e-abre-crise-na-otan\/"},"wordCount":600,"publisher":{"@id":"https:\/\/www.notibras.com\/site\/#organization"},"image":{"@id":"https:\/\/www.notibras.com\/site\/turquia-veta-entradas-de-suecia-e-finlandia-e-abre-crise-na-otan\/#primaryimage"},"thumbnailUrl":"https:\/\/www.notibras.com\/site\/wp-content\/uploads\/2022\/05\/erdogan.otan_.webp","keywords":["capa"],"articleSection":["Apocalipse"],"inLanguage":"pt-BR"},{"@type":"WebPage","@id":"https:\/\/www.notibras.com\/site\/turquia-veta-entradas-de-suecia-e-finlandia-e-abre-crise-na-otan\/","url":"https:\/\/www.notibras.com\/site\/turquia-veta-entradas-de-suecia-e-finlandia-e-abre-crise-na-otan\/","name":"Turquia veta entradas de Su\u00e9cia e Finl\u00e2ndia e abre crise na Otan - Notibras","isPartOf":{"@id":"https:\/\/www.notibras.com\/site\/#website"},"primaryImageOfPage":{"@id":"https:\/\/www.notibras.com\/site\/turquia-veta-entradas-de-suecia-e-finlandia-e-abre-crise-na-otan\/#primaryimage"},"image":{"@id":"https:\/\/www.notibras.com\/site\/turquia-veta-entradas-de-suecia-e-finlandia-e-abre-crise-na-otan\/#primaryimage"},"thumbnailUrl":"https:\/\/www.notibras.com\/site\/wp-content\/uploads\/2022\/05\/erdogan.otan_.webp","datePublished":"2022-05-16T17:14:21+00:00","dateModified":"2022-05-16T18:24:47+00:00","breadcrumb":{"@id":"https:\/\/www.notibras.com\/site\/turquia-veta-entradas-de-suecia-e-finlandia-e-abre-crise-na-otan\/#breadcrumb"},"inLanguage":"pt-BR","potentialAction":[{"@type":"ReadAction","target":["https:\/\/www.notibras.com\/site\/turquia-veta-entradas-de-suecia-e-finlandia-e-abre-crise-na-otan\/"]}]},{"@type":"ImageObject","inLanguage":"pt-BR","@id":"https:\/\/www.notibras.com\/site\/turquia-veta-entradas-de-suecia-e-finlandia-e-abre-crise-na-otan\/#primaryimage","url":"https:\/\/www.notibras.com\/site\/wp-content\/uploads\/2022\/05\/erdogan.otan_.webp","contentUrl":"https:\/\/www.notibras.com\/site\/wp-content\/uploads\/2022\/05\/erdogan.otan_.webp","width":1920,"height":1079},{"@type":"BreadcrumbList","@id":"https:\/\/www.notibras.com\/site\/turquia-veta-entradas-de-suecia-e-finlandia-e-abre-crise-na-otan\/#breadcrumb","itemListElement":[{"@type":"ListItem","position":1,"name":"In\u00edcio","item":"https:\/\/www.notibras.com\/site\/"},{"@type":"ListItem","position":2,"name":"Turquia veta entradas de Su\u00e9cia e Finl\u00e2ndia e abre crise na Otan"}]},{"@type":"WebSite","@id":"https:\/\/www.notibras.com\/site\/#website","url":"https:\/\/www.notibras.com\/site\/","name":"Notibras","description":"Not\u00edcias de Bras\u00edlia, do Brasil e do Mundo","publisher":{"@id":"https:\/\/www.notibras.com\/site\/#organization"},"potentialAction":[{"@type":"SearchAction","target":{"@type":"EntryPoint","urlTemplate":"https:\/\/www.notibras.com\/site\/?s={search_term_string}"},"query-input":{"@type":"PropertyValueSpecification","valueRequired":true,"valueName":"search_term_string"}}],"inLanguage":"pt-BR"},{"@type":"Organization","@id":"https:\/\/www.notibras.com\/site\/#organization","name":"Grupo Notibras de Comunica\u00e7\u00e3o","url":"https:\/\/www.notibras.com\/site\/","logo":{"@type":"ImageObject","inLanguage":"pt-BR","@id":"https:\/\/www.notibras.com\/site\/#\/schema\/logo\/image\/","url":"https:\/\/www.notibras.com\/site\/wp-content\/uploads\/2023\/01\/notibras23.png","contentUrl":"https:\/\/www.notibras.com\/site\/wp-content\/uploads\/2023\/01\/notibras23.png","width":350,"height":87,"caption":"Grupo Notibras de Comunica\u00e7\u00e3o"},"image":{"@id":"https:\/\/www.notibras.com\/site\/#\/schema\/logo\/image\/"},"sameAs":["https:\/\/www.facebook.com\/notibras\/","https:\/\/x.com\/Notibras","https:\/\/www.instagram.com\/notibras\/"]},{"@type":"Person","@id":"https:\/\/www.notibras.com\/site\/#\/schema\/person\/36ab0979449956132d3e5b517ea76ac8","name":"Reda\u00e7\u00e3o","image":{"@type":"ImageObject","inLanguage":"pt-BR","@id":"https:\/\/secure.gravatar.com\/avatar\/e0a867bdedb85fd243eadf09663511f96fc81e0720a4a42581f334ad4303aa6b?s=96&d=mm&r=g","url":"https:\/\/secure.gravatar.com\/avatar\/e0a867bdedb85fd243eadf09663511f96fc81e0720a4a42581f334ad4303aa6b?s=96&d=mm&r=g","contentUrl":"https:\/\/secure.gravatar.com\/avatar\/e0a867bdedb85fd243eadf09663511f96fc81e0720a4a42581f334ad4303aa6b?s=96&d=mm&r=g","caption":"Reda\u00e7\u00e3o"}}]}},"amp_enabled":true,"_links":{"self":[{"href":"https:\/\/www.notibras.com\/site\/wp-json\/wp\/v2\/posts\/285634","targetHints":{"allow":["GET"]}}],"collection":[{"href":"https:\/\/www.notibras.com\/site\/wp-json\/wp\/v2\/posts"}],"about":[{"href":"https:\/\/www.notibras.com\/site\/wp-json\/wp\/v2\/types\/post"}],"author":[{"embeddable":true,"href":"https:\/\/www.notibras.com\/site\/wp-json\/wp\/v2\/users\/2"}],"replies":[{"embeddable":true,"href":"https:\/\/www.notibras.com\/site\/wp-json\/wp\/v2\/comments?post=285634"}],"version-history":[{"count":3,"href":"https:\/\/www.notibras.com\/site\/wp-json\/wp\/v2\/posts\/285634\/revisions"}],"predecessor-version":[{"id":285638,"href":"https:\/\/www.notibras.com\/site\/wp-json\/wp\/v2\/posts\/285634\/revisions\/285638"}],"wp:featuredmedia":[{"embeddable":true,"href":"https:\/\/www.notibras.com\/site\/wp-json\/wp\/v2\/media\/285635"}],"wp:attachment":[{"href":"https:\/\/www.notibras.com\/site\/wp-json\/wp\/v2\/media?parent=285634"}],"wp:term":[{"taxonomy":"category","embeddable":true,"href":"https:\/\/www.notibras.com\/site\/wp-json\/wp\/v2\/categories?post=285634"},{"taxonomy":"post_tag","embeddable":true,"href":"https:\/\/www.notibras.com\/site\/wp-json\/wp\/v2\/tags?post=285634"}],"curies":[{"name":"wp","href":"https:\/\/api.w.org\/{rel}","templated":true}]}}